{"id":1157,"date":"2021-03-24T13:56:25","date_gmt":"2021-03-24T12:56:25","guid":{"rendered":"http:\/\/www.mbp.chrzanow.pl\/akademiaslowa\/?p=1157"},"modified":"2021-04-16T12:41:38","modified_gmt":"2021-04-16T10:41:38","slug":"felieton-olgi-nowickiej-luty-2021","status":"publish","type":"post","link":"https:\/\/www.mbp.chrzanow.pl\/akademiaslowa\/index.php\/2021\/03\/24\/felieton-olgi-nowickiej-luty-2021\/","title":{"rendered":"Felieton Olgi Nowickiej &#8211; luty 2021"},"content":{"rendered":"\t\t<div data-elementor-type=\"wp-post\" data-elementor-id=\"1157\" class=\"elementor elementor-1157\">\n\t\t\t\t\t\t<section class=\"elementor-section elementor-top-section elementor-element elementor-element-b675589 elementor-section-boxed elementor-section-height-default elementor-section-height-default\" data-id=\"b675589\" data-element_type=\"section\" data-e-type=\"section\">\n\t\t\t\t\t\t<div class=\"elementor-container elementor-column-gap-default\">\n\t\t\t\t\t<div class=\"elementor-column elementor-col-100 elementor-top-column elementor-element elementor-element-5a8777c3\" data-id=\"5a8777c3\" data-element_type=\"column\" data-e-type=\"column\">\n\t\t\t<div class=\"elementor-widget-wrap elementor-element-populated\">\n\t\t\t\t\t\t<div class=\"elementor-element elementor-element-5c09ca6a elementor-widget elementor-widget-text-editor\" data-id=\"5c09ca6a\" data-element_type=\"widget\" data-e-type=\"widget\" data-widget_type=\"text-editor.default\">\n\t\t\t\t<div class=\"elementor-widget-container\">\n\t\t\t\t\t\t\t\t\t<p><strong>Lemoriada, czyli my\u015bli gwiazdowe\u2026 <\/strong><\/p>\t\t\t\t\t\t\t\t<\/div>\n\t\t\t\t<\/div>\n\t\t\t\t\t<\/div>\n\t\t<\/div>\n\t\t\t\t\t<\/div>\n\t\t<\/section>\n\t\t\t\t<section class=\"elementor-section elementor-top-section elementor-element elementor-element-5dac9951 elementor-section-boxed elementor-section-height-default elementor-section-height-default\" data-id=\"5dac9951\" data-element_type=\"section\" data-e-type=\"section\">\n\t\t\t\t\t\t<div class=\"elementor-container elementor-column-gap-default\">\n\t\t\t\t\t<div class=\"elementor-column elementor-col-100 elementor-top-column elementor-element elementor-element-45f00533\" data-id=\"45f00533\" data-element_type=\"column\" data-e-type=\"column\">\n\t\t\t<div class=\"elementor-widget-wrap elementor-element-populated\">\n\t\t\t\t\t\t<div class=\"elementor-element elementor-element-2b065f64 elementor-widget elementor-widget-text-editor\" data-id=\"2b065f64\" data-element_type=\"widget\" data-e-type=\"widget\" data-widget_type=\"text-editor.default\">\n\t\t\t\t<div class=\"elementor-widget-container\">\n\t\t\t\t\t\t\t\t\t<p>W poprzednim felietonie zdradzi\u0142am Pa\u0144stwu, \u017ce oczekujemy w mojej macierzystej bibliotece ca\u0142\u0105 grup\u0105 klubowicz\u00f3w DKK \u2013 Dyskusyjnego Klubu Ksi\u0105\u017cki na literacki cud narodzin. &nbsp;A poniewa\u017c jeszcze si\u0119 nie urodzi\u0142o (co nast\u0105pi terminowo jeszcze w styczniu), to do tematu powr\u00f3c\u0119, gdy tymczasem rzecz b\u0119dzie o Lemie. Mamy oto bowiem Rok Stanis\u0142awa Lema i chocia\u017c dopiero we wrze\u015bniu przypada 100. rocznica urodzin tego najwybitniejszego przedstawiciela polskiej fantastyki i jednego z najpoczytniejszych pisarzy science-fiction, my\u015bl\u0119, \u017ce&nbsp; warto ju\u017c na pocz\u0105tku roku skre\u015bli\u0107 s\u0142\u00f3w kilka. Jego powie\u015bci i opowiadania, zaliczane s\u0105 do kanonu literatury \u015bwiatowej.&nbsp; &#8222;Solaris&#8221;, &#8222;Cyberiada&#8221;,&nbsp; &#8222;Filozofia przypadku&#8221;, &#8222;Dzienniki gwiazdowe&#8221; czy &#8222;Bajki robot\u00f3w&#8221; \u2013 nieustannie inspiruj\u0105 tw\u00f3rc\u00f3w sztuk wszelakich, a motywy z tw\u00f3rczo\u015bci Lema zadomowi\u0142y si\u0119 na sta\u0142e w kulturze masowej.&nbsp;&nbsp;<\/p>\n<p>Stare cyganki mawiaj\u0105 &#8211; &nbsp;karta prawd\u0119 Ci powie\u2026 a sami cz\u0119sto swojej przysz\u0142o\u015bci szukamy w gwiazdach. Gdy zastanawiamy si\u0119 tak globalnie nad przysz\u0142o\u015bci\u0105, to wydaje si\u0119 nam, \u017ce pewne rzeczy s\u0105 wieczne. Na przyk\u0142ad Ziemia czy te\u017c nasza najbli\u017csza gwiazda &#8211; <a href=\"http:\/\/pl.wikipedia.org\/wiki\/s%C5%82o%C5%84ce\">S\u0142o\u0144ce<\/a>. Tymczasem ka\u017cdy z tych obiekt\u00f3w ma sko\u0144czony czas \u017cycia. Jaka przysz\u0142o\u015b\u0107 czeka nasz\u0105 planet\u0119, nasz\u0105 gwiazd\u0119 i nasz\u0105 <a href=\"http:\/\/pl.wikipedia.org\/wiki\/galaktyka\">Galaktyk\u0119<\/a>? To pytanie kt\u00f3re \u015bwiadomych ludzi nurtuje obecnie coraz cz\u0119\u015bciej,&nbsp; a stawia\u0142 je ju\u017c przecie\u017c w swojej tw\u00f3rczo\u015bci kilkadziesi\u0105t lat temu Stanis\u0142aw Lem.<\/p>\n<p>I tak oto by\u0142 &nbsp;kiedy\u015b Ptolemeusz (II w. n. e.) i jego geocentryczny uk\u0142ad \u015bwiata, poparty nawet autorytetem ko\u015bcio\u0142a , bez wi\u0119kszych zmian przetrwa\u0142 do czas\u00f3w naszego wielkiego astronoma Miko\u0142aja Kopernika. Po nim kolejni, min. &nbsp;Kepler, Galileo, Newton&nbsp; i nawet Einstein, kt\u00f3rego<strong> o<\/strong>lbrzymi\u0105 zas\u0142ug\u0105 jest wk\u0142ad jaki wni\u00f3s\u0142 w dziedzinie astrofizyki i mechaniki nieba. Na takich oto podwalinach &#8211; czas a mo\u017ce los , a mo\u017ce w\u0142a\u015bnie gwiazdy\u2026 podarowa\u0142y&nbsp; \u015bwiatu Stanis\u0142awa Lema \u2013 filozofa, pisarza, futurologa, eseist\u0119, satyryka i wizjonera.&nbsp; Czy\u017c to nie On &nbsp;wiele lat &nbsp;temu &nbsp;toczy\u0142 rozwa\u017cania nad kondycj\u0105 wsp\u00f3\u0142czesnego cz\u0142owieka, skutkami post\u0119pu technicznego i cywilizacyjnego?&nbsp; Czy\u017c to nie On w swoich opowie\u015bciach nie przestrzega\u0142 przed negatywnymi skutkami technicznego rozwoju cywilizacji? \u2026 i cokolwiek by nie m\u00f3wi\u0107, pewne jest, \u017ce swoimi utworami definiowanie miejsce ludzko\u015bci we wszech\u015bwiecie i prognozowa\u0142 jej los\u2026<\/p>\n<p>Nie jestem specjalistk\u0105 od science-fictiona i tw\u00f3rczo\u015bci Lema nie znam dok\u0142adnie, dlatego chcia\u0142abym si\u0119 skupi\u0107 oto na kilku moich osobistych, lekko gwiazdowych przemy\u015bleniach, kt\u00f3re przybli\u017c\u0105\u2026 no w\u0142a\u015bnie dla jednych wielkiego dla innych nie tak do ko\u0144ca pisarza. I tak oto w r\u00f3\u017cnych \u017ar\u00f3d\u0142ach i materia\u0142ach zarzucano mu, \u017ce czytelnika rozczarowuje. Owszem m\u00f3g\u0142 rozczarowywa\u0107, ale jak mawiaj\u0105 specjali\u015bci \u2013 wtedy, kiedy zacz\u0119\u0142o si\u0119 Go czyta\u0107 np. od kt\u00f3rej\u015b gorszej Jego ksi\u0105\u017cki (a i takie wg krytyk\u00f3w mia\u0142), i jak czytelnik szuka\u0142 w tre\u015bci osza\u0142amiaj\u0105cych i niewiarygodnych &nbsp;przyg\u00f3d lub wiedzy naukowej zgodnej z najnowszym stanem bada\u0144. Nie o to chyba chodzi\u0142o Lemowi\u2026 On chcia\u0142 pokaza\u0107 ciekawe \u015bwiaty, z historiami w nieco refleksyjnym stylu, kt\u00f3re pozosta\u0107 mia\u0142y nam w g\u0142owach i postawi\u0107 pytanie &#8211; &nbsp;co by by\u0142o gdyby\u2026 a dla tych bardziej wtajemniczonych \u2013 pozostawia\u0142 naukowe \u017carciki, kt\u00f3re tylko oni &nbsp;potrafili lub potrafi\u0105 dzi\u015b odczyta\u0107.<\/p>\n<p>A wi\u0119c czy &nbsp;Stanis\u0142aw Lem \u201ewielkim pisarzem by\u0142\u201d? Dla mnie jest jedyny w swoim rodzaju, &nbsp;mimo i\u017c rzadko czytuje ten rodzaj literatury. Ale te\u017c r\u00f3\u017cnie do jego wielko\u015bci si\u0119 podchodzi.<\/p>\n<p>Znawcy podaj\u0105, \u017ce po pierwsze je\u015bli czytelnik m\u00f3wi: <em>Nie lubi\u0119 Lema<\/em>, to pow\u00f3d nr 1 wynika\u0107 mo\u017ce z niew\u0142a\u015bciwego przez lata doboru tekst\u00f3w Lema w kanonie lektur szkolnych \u2013 dlatego te\u017c &nbsp;zmuszeni do lektury Lema uczniowie mogli zrazi\u0107 si\u0119 i do samego pisarza, i do fantastyki jako takiej. &nbsp;O ile pami\u0119tam serwowano nam wtedy \u201e Bajki robot\u00f3w\u201d \u2013 mnie osobi\u015bcie si\u0119 podoba\u0142y.<\/p>\n<p>Po drugie \u201eczepianie si\u0119 Lema\u201d wynika cz\u0119sto z argumentu, \u017ce pisarz po macoszemu traktowa\u0142 w swych ksi\u0105\u017ckach pewne tematy, np. &nbsp;w\u0105tek duchowy, a pomijanie w\u0105tk\u00f3w religijnych to, pomini\u0119cie cz\u0119\u015bci ludzkich do\u015bwiadcze\u0144. No c\u00f3\u017c mam na to powiedzie\u0107 \u2013 dla mnie to nie problem. Jestem po stronie tych, dla kt\u00f3rych g\u0142\u00f3wna warto\u015b\u0107 tw\u00f3rczo\u015bci Lema to zdecydowanie wiara w nauk\u0119 i oczywi\u015bcie Jego j\u0119zyk, kt\u00f3ry tworzy\u0142 niewyobra\u017caln\u0105 &nbsp;poetyk\u0119 tej literatury <em>science fiction<\/em>. Nikt przed nim nie dokona\u0142 r\u00f3wnie misternego po\u0142\u0105czenia tematyki futurologicznej z ba\u015bni\u0105 i powiastk\u0105 filozoficzn\u0105, gdzie w miejsce biologicznego rozrodu wkracza kreatywna in\u017cynieria.<\/p>\n<p>Przeczyta\u0142am r\u00f3wnie\u017c kiedy\u015b, \u017ce w tw\u00f3rczo\u015bci Lema ma\u0142o jest uczucia i daje si\u0119 zauwa\u017cy\u0107 niedob\u00f3r postaci kobiecych. Na co, kto\u015b s\u0142usznie zauwa\u017cy\u0142, \u017ce nic by to nie da\u0142o, gdyby by\u0142o odwrotnie, a to ze wzgl\u0119du na filozofi\u0119, kt\u00f3rej w swoich ksi\u0105\u017ckach ho\u0142dowa\u0142 Lem, kt\u00f3ry by\u0142 &nbsp;pesymist\u0105 i mizantropem w starym, o\u015bwieceniowym stylu, a o cz\u0142owieku mia\u0142 generalnie bardzo z\u0142e zdanie \u2013 my\u015bla\u0142 o nim jako o ma\u0142pie, kt\u00f3ra dostaje coraz wi\u0119ksz\u0105 brzytw\u0119 i robi przy jej pomocy coraz wi\u0119ksze szkody. Czy\u017c nie spos\u00f3b si\u0119 tutaj nie zgodzi\u0107 z t\u0105 opini\u0105\u2026 a jednak\u2026 dawa\u0142o i daje do my\u015blenia.<\/p>\n<p>Musimy mie\u0107 na uwadze jeszcze czasy w kt\u00f3rych Lem tworzy\u0142 \u2013 okres PRL-u, kiedy ludzie \u0142akn\u0119li pewnej przygody, czego\u015b innego, czego\u015b extra &#8211; &nbsp;wtedy dla nich te opowie\u015bci takie by\u0142y i &nbsp;tak by\u0142y czytane. Dzisiaj zdecydowanie inaczej czyta si\u0119 Lema (i jest to zdecydowanie elitarna grupa czytelnicza) &#8211; zwraca si\u0119 uwag\u0119 nie na rozrywk\u0119 ale na&nbsp; refleksj\u0119. Por\u00f3wnuj\u0105c obecnie literatur\u0119 lemowsk\u0105 do (poza wyj\u0105tkami) wszechobecnej &nbsp;\u201efantastycznej\u201d&nbsp; breji, mo\u017cemy bez obaw stwierdzi\u0107 &nbsp;\u2013 Lem &nbsp;to literatura oryginalna.<\/p>\n<p>Czy by\u0142 wizjonerem i prorokiem? Po cz\u0119\u015bci tak. &nbsp;Przeczyta\u0142am kilka warto\u015bciowych artyku\u0142\u00f3w na stronach mi\u0142o\u015bnik\u00f3w fantastyki. Spodoba\u0142o mi si\u0119 takie oto uj\u0119cie tego tematu. Co za tym proroctwem przemawia? Owszem mo\u017cna mie\u0107 takie wra\u017cenie, \u017ce Lem przewidywa\u0142 pewne zjawiska: wszechmocniki (sztuczne inteligencje), fantomatyka (wirtualna rzeczywisto\u015b\u0107), nekrosfera (nanotechnologia). Czy to proroctwo, bardziej chyba intuicja. I tutaj nie powinni\u015bmy ju\u017c mie\u0107 w\u0105tpliwo\u015bci, \u017ce co by o Lemie nie powiedzie\u0107 krytycznego, z pewno\u015bci\u0105 by\u0142 on tw\u00f3rc\u0105 opisuj\u0105cym oryginalne i sp\u00f3jne \u015bwiaty, kt\u00f3re kolejne pokolenia&nbsp; mog\u0105 odczytywa\u0107 na nowe sposoby. W tej literaturze jest&nbsp;&nbsp;i d\u0142ugo jeszcze b\u0119dzie kosmiczny wr\u0119cz potencja\u0142.<\/p>\t\t\t\t\t\t\t\t<\/div>\n\t\t\t\t<\/div>\n\t\t\t\t\t<\/div>\n\t\t<\/div>\n\t\t\t\t\t<\/div>\n\t\t<\/section>\n\t\t\t\t<section class=\"elementor-section elementor-top-section elementor-element elementor-element-a354d94 elementor-section-boxed elementor-section-height-default elementor-section-height-default\" data-id=\"a354d94\" data-element_type=\"section\" data-e-type=\"section\">\n\t\t\t\t\t\t<div class=\"elementor-container elementor-column-gap-default\">\n\t\t\t\t\t<div class=\"elementor-column elementor-col-100 elementor-top-column elementor-element elementor-element-81134c8\" data-id=\"81134c8\" data-element_type=\"column\" data-e-type=\"column\">\n\t\t\t<div class=\"elementor-widget-wrap elementor-element-populated\">\n\t\t\t\t\t\t<div class=\"elementor-element elementor-element-f86b17b elementor-widget elementor-widget-text-editor\" data-id=\"f86b17b\" data-element_type=\"widget\" data-e-type=\"widget\" data-widget_type=\"text-editor.default\">\n\t\t\t\t<div class=\"elementor-widget-container\">\n\t\t\t\t\t\t\t\t\t<p><strong>Felieton publikowany w Poradnik Bibliotekarza nr 2\/2021.<\/strong><\/p>\t\t\t\t\t\t\t\t<\/div>\n\t\t\t\t<\/div>\n\t\t\t\t\t<\/div>\n\t\t<\/div>\n\t\t\t\t\t<\/div>\n\t\t<\/section>\n\t\t\t\t<section class=\"elementor-section elementor-top-section elementor-element elementor-element-6524815d elementor-section-boxed elementor-section-height-default elementor-section-height-default\" data-id=\"6524815d\" data-element_type=\"section\" data-e-type=\"section\">\n\t\t\t\t\t\t<div class=\"elementor-container elementor-column-gap-default\">\n\t\t\t\t\t<div class=\"elementor-column elementor-col-100 elementor-top-column elementor-element elementor-element-36e20615\" data-id=\"36e20615\" data-element_type=\"column\" data-e-type=\"column\">\n\t\t\t<div class=\"elementor-widget-wrap elementor-element-populated\">\n\t\t\t\t\t\t<div class=\"elementor-element elementor-element-61a16baf elementor-widget elementor-widget-text-editor\" data-id=\"61a16baf\" data-element_type=\"widget\" data-e-type=\"widget\" data-widget_type=\"text-editor.default\">\n\t\t\t\t<div class=\"elementor-widget-container\">\n\t\t\t\t\t\t\t\t\t<p><strong>Olga Nowicka<br \/><\/strong><\/p>\t\t\t\t\t\t\t\t<\/div>\n\t\t\t\t<\/div>\n\t\t\t\t\t<\/div>\n\t\t<\/div>\n\t\t\t\t\t<\/div>\n\t\t<\/section>\n\t\t\t\t<section class=\"elementor-section elementor-inner-section elementor-element elementor-element-714cc8f8 elementor-section-boxed elementor-section-height-default elementor-section-height-default\" data-id=\"714cc8f8\" data-element_type=\"section\" data-e-type=\"section\">\n\t\t\t\t\t\t<div class=\"elementor-container elementor-column-gap-default\">\n\t\t\t\t\t<div class=\"elementor-column elementor-col-25 elementor-inner-column elementor-element elementor-element-1eaf73\" data-id=\"1eaf73\" data-element_type=\"column\" data-e-type=\"column\">\n\t\t\t<div class=\"elementor-widget-wrap\">\n\t\t\t\t\t\t\t<\/div>\n\t\t<\/div>\n\t\t\t\t<div class=\"elementor-column elementor-col-25 elementor-inner-column elementor-element elementor-element-7f01f4ca\" data-id=\"7f01f4ca\" data-element_type=\"column\" data-e-type=\"column\">\n\t\t\t<div class=\"elementor-widget-wrap elementor-element-populated\">\n\t\t\t\t\t\t<div class=\"elementor-element elementor-element-3b8ea162 elementor-align-center elementor-icon-list--layout-traditional elementor-list-item-link-full_width elementor-widget elementor-widget-icon-list\" data-id=\"3b8ea162\" data-element_type=\"widget\" data-e-type=\"widget\" data-widget_type=\"icon-list.default\">\n\t\t\t\t<div class=\"elementor-widget-container\">\n\t\t\t\t\t\t\t<ul class=\"elementor-icon-list-items\">\n\t\t\t\t\t\t\t<li class=\"elementor-icon-list-item\">\n\t\t\t\t\t\t\t\t\t\t\t<a href=\"https:\/\/www.facebook.com\/mbp.chrzanow\/\" target=\"_blank\">\n\n\t\t\t\t\t\t\t\t\t\t\t\t<span class=\"elementor-icon-list-icon\">\n\t\t\t\t\t\t\t<i aria-hidden=\"true\" class=\"fab fa-facebook-square\"><\/i>\t\t\t\t\t\t<\/span>\n\t\t\t\t\t\t\t\t\t\t<span class=\"elementor-icon-list-text\"><\/span>\n\t\t\t\t\t\t\t\t\t\t\t<\/a>\n\t\t\t\t\t\t\t\t\t<\/li>\n\t\t\t\t\t\t<\/ul>\n\t\t\t\t\t\t<\/div>\n\t\t\t\t<\/div>\n\t\t\t\t\t<\/div>\n\t\t<\/div>\n\t\t\t\t<div class=\"elementor-column elementor-col-25 elementor-inner-column elementor-element elementor-element-17d6852f\" data-id=\"17d6852f\" data-element_type=\"column\" data-e-type=\"column\">\n\t\t\t<div class=\"elementor-widget-wrap elementor-element-populated\">\n\t\t\t\t\t\t<div class=\"elementor-element elementor-element-7793a9cc elementor-align-center elementor-icon-list--layout-traditional elementor-list-item-link-full_width elementor-widget elementor-widget-icon-list\" data-id=\"7793a9cc\" data-element_type=\"widget\" data-e-type=\"widget\" data-widget_type=\"icon-list.default\">\n\t\t\t\t<div class=\"elementor-widget-container\">\n\t\t\t\t\t\t\t<ul class=\"elementor-icon-list-items\">\n\t\t\t\t\t\t\t<li class=\"elementor-icon-list-item\">\n\t\t\t\t\t\t\t\t\t\t\t<a href=\"https:\/\/www.instagram.com\/mbp_chrzanow\/\" target=\"_blank\">\n\n\t\t\t\t\t\t\t\t\t\t\t\t<span class=\"elementor-icon-list-icon\">\n\t\t\t\t\t\t\t<i aria-hidden=\"true\" class=\"fab fa-instagram\"><\/i>\t\t\t\t\t\t<\/span>\n\t\t\t\t\t\t\t\t\t\t<span class=\"elementor-icon-list-text\"><\/span>\n\t\t\t\t\t\t\t\t\t\t\t<\/a>\n\t\t\t\t\t\t\t\t\t<\/li>\n\t\t\t\t\t\t<\/ul>\n\t\t\t\t\t\t<\/div>\n\t\t\t\t<\/div>\n\t\t\t\t\t<\/div>\n\t\t<\/div>\n\t\t\t\t<div class=\"elementor-column elementor-col-25 elementor-inner-column elementor-element elementor-element-48badff6\" data-id=\"48badff6\" data-element_type=\"column\" data-e-type=\"column\">\n\t\t\t<div class=\"elementor-widget-wrap elementor-element-populated\">\n\t\t\t\t\t\t<div class=\"elementor-element elementor-element-78ac322a elementor-align-center elementor-icon-list--layout-traditional elementor-list-item-link-full_width elementor-widget elementor-widget-icon-list\" data-id=\"78ac322a\" data-element_type=\"widget\" data-e-type=\"widget\" data-widget_type=\"icon-list.default\">\n\t\t\t\t<div class=\"elementor-widget-container\">\n\t\t\t\t\t\t\t<ul class=\"elementor-icon-list-items\">\n\t\t\t\t\t\t\t<li class=\"elementor-icon-list-item\">\n\t\t\t\t\t\t\t\t\t\t\t<a href=\"https:\/\/www.youtube.com\/user\/MBPChrzanow\" target=\"_blank\">\n\n\t\t\t\t\t\t\t\t\t\t\t\t<span class=\"elementor-icon-list-icon\">\n\t\t\t\t\t\t\t<i aria-hidden=\"true\" class=\"fab fa-youtube\"><\/i>\t\t\t\t\t\t<\/span>\n\t\t\t\t\t\t\t\t\t\t<span class=\"elementor-icon-list-text\"><\/span>\n\t\t\t\t\t\t\t\t\t\t\t<\/a>\n\t\t\t\t\t\t\t\t\t<\/li>\n\t\t\t\t\t\t<\/ul>\n\t\t\t\t\t\t<\/div>\n\t\t\t\t<\/div>\n\t\t\t\t\t<\/div>\n\t\t<\/div>\n\t\t\t\t\t<\/div>\n\t\t<\/section>\n\t\t\t\t<\/div>\n\t\t","protected":false},"excerpt":{"rendered":"<p> [&hellip;]<\/p>\n","protected":false},"author":3,"featured_media":0,"comment_status":"open","ping_status":"open","sticky":false,"template":"","format":"standard","meta":{"footnotes":""},"categories":[11],"tags":[],"class_list":["post-1157","post","type-post","status-publish","format-standard","hentry","category-felietony"],"yoast_head":"<!-- This site is optimized with the Yoast SEO plugin v27.5 - https:\/\/yoast.com\/product\/yoast-seo-wordpress\/ -->\n<title>Felieton Olgi Nowickiej - luty 2021 - Akademia S\u0142owa - Chrzan\u00f3w<\/title>\n<meta name=\"robots\" content=\"index, follow, max-snippet:-1, max-image-preview:large, max-video-preview:-1\" \/>\n<link rel=\"canonical\" href=\"https:\/\/www.mbp.chrzanow.pl\/akademiaslowa\/index.php\/2021\/03\/24\/felieton-olgi-nowickiej-luty-2021\/\" \/>\n<meta property=\"og:locale\" content=\"pl_PL\" \/>\n<meta property=\"og:type\" content=\"article\" \/>\n<meta property=\"og:title\" content=\"Felieton Olgi Nowickiej - luty 2021 - Akademia S\u0142owa - Chrzan\u00f3w\" \/>\n<meta property=\"og:description\" content=\"[&hellip;]\" \/>\n<meta property=\"og:url\" content=\"https:\/\/www.mbp.chrzanow.pl\/akademiaslowa\/index.php\/2021\/03\/24\/felieton-olgi-nowickiej-luty-2021\/\" \/>\n<meta property=\"og:site_name\" content=\"Akademia S\u0142owa - Chrzan\u00f3w\" \/>\n<meta property=\"article:published_time\" content=\"2021-03-24T12:56:25+00:00\" \/>\n<meta property=\"article:modified_time\" content=\"2021-04-16T10:41:38+00:00\" \/>\n<meta name=\"author\" content=\"Prom\" \/>\n<meta name=\"twitter:card\" content=\"summary_large_image\" \/>\n<meta name=\"twitter:label1\" content=\"Napisane przez\" \/>\n\t<meta name=\"twitter:data1\" content=\"Prom\" \/>\n\t<meta name=\"twitter:label2\" content=\"Szacowany czas czytania\" \/>\n\t<meta name=\"twitter:data2\" content=\"6 minut\" \/>\n<script type=\"application\/ld+json\" class=\"yoast-schema-graph\">{\"@context\":\"https:\\\/\\\/schema.org\",\"@graph\":[{\"@type\":\"Article\",\"@id\":\"https:\\\/\\\/www.mbp.chrzanow.pl\\\/akademiaslowa\\\/index.php\\\/2021\\\/03\\\/24\\\/felieton-olgi-nowickiej-luty-2021\\\/#article\",\"isPartOf\":{\"@id\":\"https:\\\/\\\/www.mbp.chrzanow.pl\\\/akademiaslowa\\\/index.php\\\/2021\\\/03\\\/24\\\/felieton-olgi-nowickiej-luty-2021\\\/\"},\"author\":{\"name\":\"Prom\",\"@id\":\"https:\\\/\\\/www.mbp.chrzanow.pl\\\/akademiaslowa\\\/#\\\/schema\\\/person\\\/fe7a35ef0376d4e76846aeae319d9fd8\"},\"headline\":\"Felieton Olgi Nowickiej &#8211; luty 2021\",\"datePublished\":\"2021-03-24T12:56:25+00:00\",\"dateModified\":\"2021-04-16T10:41:38+00:00\",\"mainEntityOfPage\":{\"@id\":\"https:\\\/\\\/www.mbp.chrzanow.pl\\\/akademiaslowa\\\/index.php\\\/2021\\\/03\\\/24\\\/felieton-olgi-nowickiej-luty-2021\\\/\"},\"wordCount\":1157,\"commentCount\":0,\"publisher\":{\"@id\":\"https:\\\/\\\/www.mbp.chrzanow.pl\\\/akademiaslowa\\\/#organization\"},\"articleSection\":[\"Felietony\"],\"inLanguage\":\"pl-PL\",\"potentialAction\":[{\"@type\":\"CommentAction\",\"name\":\"Comment\",\"target\":[\"https:\\\/\\\/www.mbp.chrzanow.pl\\\/akademiaslowa\\\/index.php\\\/2021\\\/03\\\/24\\\/felieton-olgi-nowickiej-luty-2021\\\/#respond\"]}]},{\"@type\":\"WebPage\",\"@id\":\"https:\\\/\\\/www.mbp.chrzanow.pl\\\/akademiaslowa\\\/index.php\\\/2021\\\/03\\\/24\\\/felieton-olgi-nowickiej-luty-2021\\\/\",\"url\":\"https:\\\/\\\/www.mbp.chrzanow.pl\\\/akademiaslowa\\\/index.php\\\/2021\\\/03\\\/24\\\/felieton-olgi-nowickiej-luty-2021\\\/\",\"name\":\"Felieton Olgi Nowickiej - luty 2021 - Akademia S\u0142owa - Chrzan\u00f3w\",\"isPartOf\":{\"@id\":\"https:\\\/\\\/www.mbp.chrzanow.pl\\\/akademiaslowa\\\/#website\"},\"datePublished\":\"2021-03-24T12:56:25+00:00\",\"dateModified\":\"2021-04-16T10:41:38+00:00\",\"breadcrumb\":{\"@id\":\"https:\\\/\\\/www.mbp.chrzanow.pl\\\/akademiaslowa\\\/index.php\\\/2021\\\/03\\\/24\\\/felieton-olgi-nowickiej-luty-2021\\\/#breadcrumb\"},\"inLanguage\":\"pl-PL\",\"potentialAction\":[{\"@type\":\"ReadAction\",\"target\":[\"https:\\\/\\\/www.mbp.chrzanow.pl\\\/akademiaslowa\\\/index.php\\\/2021\\\/03\\\/24\\\/felieton-olgi-nowickiej-luty-2021\\\/\"]}]},{\"@type\":\"BreadcrumbList\",\"@id\":\"https:\\\/\\\/www.mbp.chrzanow.pl\\\/akademiaslowa\\\/index.php\\\/2021\\\/03\\\/24\\\/felieton-olgi-nowickiej-luty-2021\\\/#breadcrumb\",\"itemListElement\":[{\"@type\":\"ListItem\",\"position\":1,\"name\":\"Strona g\u0142\u00f3wna\",\"item\":\"https:\\\/\\\/www.mbp.chrzanow.pl\\\/akademiaslowa\\\/\"},{\"@type\":\"ListItem\",\"position\":2,\"name\":\"Felieton Olgi Nowickiej &#8211; luty 2021\"}]},{\"@type\":\"WebSite\",\"@id\":\"https:\\\/\\\/www.mbp.chrzanow.pl\\\/akademiaslowa\\\/#website\",\"url\":\"https:\\\/\\\/www.mbp.chrzanow.pl\\\/akademiaslowa\\\/\",\"name\":\"Akademia S\u0142owa - Chrzan\u00f3w\",\"description\":\"Czym poezja...\",\"publisher\":{\"@id\":\"https:\\\/\\\/www.mbp.chrzanow.pl\\\/akademiaslowa\\\/#organization\"},\"potentialAction\":[{\"@type\":\"SearchAction\",\"target\":{\"@type\":\"EntryPoint\",\"urlTemplate\":\"https:\\\/\\\/www.mbp.chrzanow.pl\\\/akademiaslowa\\\/?s={search_term_string}\"},\"query-input\":{\"@type\":\"PropertyValueSpecification\",\"valueRequired\":true,\"valueName\":\"search_term_string\"}}],\"inLanguage\":\"pl-PL\"},{\"@type\":\"Organization\",\"@id\":\"https:\\\/\\\/www.mbp.chrzanow.pl\\\/akademiaslowa\\\/#organization\",\"name\":\"Akademia S\u0142owa Chrzan\u00f3w\",\"url\":\"https:\\\/\\\/www.mbp.chrzanow.pl\\\/akademiaslowa\\\/\",\"logo\":{\"@type\":\"ImageObject\",\"inLanguage\":\"pl-PL\",\"@id\":\"https:\\\/\\\/www.mbp.chrzanow.pl\\\/akademiaslowa\\\/#\\\/schema\\\/logo\\\/image\\\/\",\"url\":\"https:\\\/\\\/www.mbp.chrzanow.pl\\\/akademiaslowa\\\/wp-content\\\/uploads\\\/2017\\\/12\\\/AkademiaSlowa_www.jpg\",\"contentUrl\":\"https:\\\/\\\/www.mbp.chrzanow.pl\\\/akademiaslowa\\\/wp-content\\\/uploads\\\/2017\\\/12\\\/AkademiaSlowa_www.jpg\",\"width\":500,\"height\":79,\"caption\":\"Akademia S\u0142owa Chrzan\u00f3w\"},\"image\":{\"@id\":\"https:\\\/\\\/www.mbp.chrzanow.pl\\\/akademiaslowa\\\/#\\\/schema\\\/logo\\\/image\\\/\"}},{\"@type\":\"Person\",\"@id\":\"https:\\\/\\\/www.mbp.chrzanow.pl\\\/akademiaslowa\\\/#\\\/schema\\\/person\\\/fe7a35ef0376d4e76846aeae319d9fd8\",\"name\":\"Prom\",\"image\":{\"@type\":\"ImageObject\",\"inLanguage\":\"pl-PL\",\"@id\":\"https:\\\/\\\/secure.gravatar.com\\\/avatar\\\/f60fbd4aa9e3207ab0785fd91859281f74f6e854743680d402cbd83a1b744580?s=96&d=mm&r=g\",\"url\":\"https:\\\/\\\/secure.gravatar.com\\\/avatar\\\/f60fbd4aa9e3207ab0785fd91859281f74f6e854743680d402cbd83a1b744580?s=96&d=mm&r=g\",\"contentUrl\":\"https:\\\/\\\/secure.gravatar.com\\\/avatar\\\/f60fbd4aa9e3207ab0785fd91859281f74f6e854743680d402cbd83a1b744580?s=96&d=mm&r=g\",\"caption\":\"Prom\"},\"url\":\"https:\\\/\\\/www.mbp.chrzanow.pl\\\/akademiaslowa\\\/index.php\\\/author\\\/promocja\\\/\"}]}<\/script>\n<!-- \/ Yoast SEO plugin. -->","yoast_head_json":{"title":"Felieton Olgi Nowickiej - luty 2021 - Akademia S\u0142owa - Chrzan\u00f3w","robots":{"index":"index","follow":"follow","max-snippet":"max-snippet:-1","max-image-preview":"max-image-preview:large","max-video-preview":"max-video-preview:-1"},"canonical":"https:\/\/www.mbp.chrzanow.pl\/akademiaslowa\/index.php\/2021\/03\/24\/felieton-olgi-nowickiej-luty-2021\/","og_locale":"pl_PL","og_type":"article","og_title":"Felieton Olgi Nowickiej - luty 2021 - Akademia S\u0142owa - Chrzan\u00f3w","og_description":"[&hellip;]","og_url":"https:\/\/www.mbp.chrzanow.pl\/akademiaslowa\/index.php\/2021\/03\/24\/felieton-olgi-nowickiej-luty-2021\/","og_site_name":"Akademia S\u0142owa - Chrzan\u00f3w","article_published_time":"2021-03-24T12:56:25+00:00","article_modified_time":"2021-04-16T10:41:38+00:00","author":"Prom","twitter_card":"summary_large_image","twitter_misc":{"Napisane przez":"Prom","Szacowany czas czytania":"6 minut"},"schema":{"@context":"https:\/\/schema.org","@graph":[{"@type":"Article","@id":"https:\/\/www.mbp.chrzanow.pl\/akademiaslowa\/index.php\/2021\/03\/24\/felieton-olgi-nowickiej-luty-2021\/#article","isPartOf":{"@id":"https:\/\/www.mbp.chrzanow.pl\/akademiaslowa\/index.php\/2021\/03\/24\/felieton-olgi-nowickiej-luty-2021\/"},"author":{"name":"Prom","@id":"https:\/\/www.mbp.chrzanow.pl\/akademiaslowa\/#\/schema\/person\/fe7a35ef0376d4e76846aeae319d9fd8"},"headline":"Felieton Olgi Nowickiej &#8211; luty 2021","datePublished":"2021-03-24T12:56:25+00:00","dateModified":"2021-04-16T10:41:38+00:00","mainEntityOfPage":{"@id":"https:\/\/www.mbp.chrzanow.pl\/akademiaslowa\/index.php\/2021\/03\/24\/felieton-olgi-nowickiej-luty-2021\/"},"wordCount":1157,"commentCount":0,"publisher":{"@id":"https:\/\/www.mbp.chrzanow.pl\/akademiaslowa\/#organization"},"articleSection":["Felietony"],"inLanguage":"pl-PL","potentialAction":[{"@type":"CommentAction","name":"Comment","target":["https:\/\/www.mbp.chrzanow.pl\/akademiaslowa\/index.php\/2021\/03\/24\/felieton-olgi-nowickiej-luty-2021\/#respond"]}]},{"@type":"WebPage","@id":"https:\/\/www.mbp.chrzanow.pl\/akademiaslowa\/index.php\/2021\/03\/24\/felieton-olgi-nowickiej-luty-2021\/","url":"https:\/\/www.mbp.chrzanow.pl\/akademiaslowa\/index.php\/2021\/03\/24\/felieton-olgi-nowickiej-luty-2021\/","name":"Felieton Olgi Nowickiej - luty 2021 - Akademia S\u0142owa - Chrzan\u00f3w","isPartOf":{"@id":"https:\/\/www.mbp.chrzanow.pl\/akademiaslowa\/#website"},"datePublished":"2021-03-24T12:56:25+00:00","dateModified":"2021-04-16T10:41:38+00:00","breadcrumb":{"@id":"https:\/\/www.mbp.chrzanow.pl\/akademiaslowa\/index.php\/2021\/03\/24\/felieton-olgi-nowickiej-luty-2021\/#breadcrumb"},"inLanguage":"pl-PL","potentialAction":[{"@type":"ReadAction","target":["https:\/\/www.mbp.chrzanow.pl\/akademiaslowa\/index.php\/2021\/03\/24\/felieton-olgi-nowickiej-luty-2021\/"]}]},{"@type":"BreadcrumbList","@id":"https:\/\/www.mbp.chrzanow.pl\/akademiaslowa\/index.php\/2021\/03\/24\/felieton-olgi-nowickiej-luty-2021\/#breadcrumb","itemListElement":[{"@type":"ListItem","position":1,"name":"Strona g\u0142\u00f3wna","item":"https:\/\/www.mbp.chrzanow.pl\/akademiaslowa\/"},{"@type":"ListItem","position":2,"name":"Felieton Olgi Nowickiej &#8211; luty 2021"}]},{"@type":"WebSite","@id":"https:\/\/www.mbp.chrzanow.pl\/akademiaslowa\/#website","url":"https:\/\/www.mbp.chrzanow.pl\/akademiaslowa\/","name":"Akademia S\u0142owa - Chrzan\u00f3w","description":"Czym poezja...","publisher":{"@id":"https:\/\/www.mbp.chrzanow.pl\/akademiaslowa\/#organization"},"potentialAction":[{"@type":"SearchAction","target":{"@type":"EntryPoint","urlTemplate":"https:\/\/www.mbp.chrzanow.pl\/akademiaslowa\/?s={search_term_string}"},"query-input":{"@type":"PropertyValueSpecification","valueRequired":true,"valueName":"search_term_string"}}],"inLanguage":"pl-PL"},{"@type":"Organization","@id":"https:\/\/www.mbp.chrzanow.pl\/akademiaslowa\/#organization","name":"Akademia S\u0142owa Chrzan\u00f3w","url":"https:\/\/www.mbp.chrzanow.pl\/akademiaslowa\/","logo":{"@type":"ImageObject","inLanguage":"pl-PL","@id":"https:\/\/www.mbp.chrzanow.pl\/akademiaslowa\/#\/schema\/logo\/image\/","url":"https:\/\/www.mbp.chrzanow.pl\/akademiaslowa\/wp-content\/uploads\/2017\/12\/AkademiaSlowa_www.jpg","contentUrl":"https:\/\/www.mbp.chrzanow.pl\/akademiaslowa\/wp-content\/uploads\/2017\/12\/AkademiaSlowa_www.jpg","width":500,"height":79,"caption":"Akademia S\u0142owa Chrzan\u00f3w"},"image":{"@id":"https:\/\/www.mbp.chrzanow.pl\/akademiaslowa\/#\/schema\/logo\/image\/"}},{"@type":"Person","@id":"https:\/\/www.mbp.chrzanow.pl\/akademiaslowa\/#\/schema\/person\/fe7a35ef0376d4e76846aeae319d9fd8","name":"Prom","image":{"@type":"ImageObject","inLanguage":"pl-PL","@id":"https:\/\/secure.gravatar.com\/avatar\/f60fbd4aa9e3207ab0785fd91859281f74f6e854743680d402cbd83a1b744580?s=96&d=mm&r=g","url":"https:\/\/secure.gravatar.com\/avatar\/f60fbd4aa9e3207ab0785fd91859281f74f6e854743680d402cbd83a1b744580?s=96&d=mm&r=g","contentUrl":"https:\/\/secure.gravatar.com\/avatar\/f60fbd4aa9e3207ab0785fd91859281f74f6e854743680d402cbd83a1b744580?s=96&d=mm&r=g","caption":"Prom"},"url":"https:\/\/www.mbp.chrzanow.pl\/akademiaslowa\/index.php\/author\/promocja\/"}]}},"_links":{"self":[{"href":"https:\/\/www.mbp.chrzanow.pl\/akademiaslowa\/index.php\/wp-json\/wp\/v2\/posts\/1157","targetHints":{"allow":["GET"]}}],"collection":[{"href":"https:\/\/www.mbp.chrzanow.pl\/akademiaslowa\/index.php\/wp-json\/wp\/v2\/posts"}],"about":[{"href":"https:\/\/www.mbp.chrzanow.pl\/akademiaslowa\/index.php\/wp-json\/wp\/v2\/types\/post"}],"author":[{"embeddable":true,"href":"https:\/\/www.mbp.chrzanow.pl\/akademiaslowa\/index.php\/wp-json\/wp\/v2\/users\/3"}],"replies":[{"embeddable":true,"href":"https:\/\/www.mbp.chrzanow.pl\/akademiaslowa\/index.php\/wp-json\/wp\/v2\/comments?post=1157"}],"version-history":[{"count":4,"href":"https:\/\/www.mbp.chrzanow.pl\/akademiaslowa\/index.php\/wp-json\/wp\/v2\/posts\/1157\/revisions"}],"predecessor-version":[{"id":1164,"href":"https:\/\/www.mbp.chrzanow.pl\/akademiaslowa\/index.php\/wp-json\/wp\/v2\/posts\/1157\/revisions\/1164"}],"wp:attachment":[{"href":"https:\/\/www.mbp.chrzanow.pl\/akademiaslowa\/index.php\/wp-json\/wp\/v2\/media?parent=1157"}],"wp:term":[{"taxonomy":"category","embeddable":true,"href":"https:\/\/www.mbp.chrzanow.pl\/akademiaslowa\/index.php\/wp-json\/wp\/v2\/categories?post=1157"},{"taxonomy":"post_tag","embeddable":true,"href":"https:\/\/www.mbp.chrzanow.pl\/akademiaslowa\/index.php\/wp-json\/wp\/v2\/tags?post=1157"}],"curies":[{"name":"wp","href":"https:\/\/api.w.org\/{rel}","templated":true}]}}