{"id":1285,"date":"2021-08-14T12:00:00","date_gmt":"2021-08-14T10:00:00","guid":{"rendered":"https:\/\/www.mbp.chrzanow.pl\/akademiaslowa\/?p=1285"},"modified":"2021-08-10T10:10:47","modified_gmt":"2021-08-10T08:10:47","slug":"smak-recenzji-byla-sobie-rzeka","status":"publish","type":"post","link":"https:\/\/www.mbp.chrzanow.pl\/akademiaslowa\/index.php\/2021\/08\/14\/smak-recenzji-byla-sobie-rzeka\/","title":{"rendered":"SMAK RECENZJI: By\u0142a sobie rzeka"},"content":{"rendered":"\t\t<div data-elementor-type=\"wp-post\" data-elementor-id=\"1285\" class=\"elementor elementor-1285\">\n\t\t\t\t\t\t<section class=\"elementor-section elementor-top-section elementor-element elementor-element-2c4cb0d0 elementor-section-boxed elementor-section-height-default elementor-section-height-default\" data-id=\"2c4cb0d0\" data-element_type=\"section\" data-e-type=\"section\">\n\t\t\t\t\t\t<div class=\"elementor-container elementor-column-gap-default\">\n\t\t\t\t\t<div class=\"elementor-column elementor-col-50 elementor-top-column elementor-element elementor-element-56ceb92b\" data-id=\"56ceb92b\" data-element_type=\"column\" data-e-type=\"column\">\n\t\t\t<div class=\"elementor-widget-wrap elementor-element-populated\">\n\t\t\t\t\t\t<div class=\"elementor-element elementor-element-2f7f5c00 elementor-view-default elementor-widget elementor-widget-icon\" data-id=\"2f7f5c00\" data-element_type=\"widget\" data-e-type=\"widget\" data-widget_type=\"icon.default\">\n\t\t\t\t<div class=\"elementor-widget-container\">\n\t\t\t\t\t\t\t<div class=\"elementor-icon-wrapper\">\n\t\t\t<div class=\"elementor-icon\">\n\t\t\t<i aria-hidden=\"true\" class=\"far fa-calendar-alt\"><\/i>\t\t\t<\/div>\n\t\t<\/div>\n\t\t\t\t\t\t<\/div>\n\t\t\t\t<\/div>\n\t\t\t\t\t<\/div>\n\t\t<\/div>\n\t\t\t\t<div class=\"elementor-column elementor-col-50 elementor-top-column elementor-element elementor-element-52fc5a4\" data-id=\"52fc5a4\" data-element_type=\"column\" data-e-type=\"column\">\n\t\t\t<div class=\"elementor-widget-wrap elementor-element-populated\">\n\t\t\t\t\t\t<div class=\"elementor-element elementor-element-ef9f042 elementor-widget elementor-widget-text-editor\" data-id=\"ef9f042\" data-element_type=\"widget\" data-e-type=\"widget\" data-widget_type=\"text-editor.default\">\n\t\t\t\t<div class=\"elementor-widget-container\">\n\t\t\t\t\t\t\t\t\t<p>14.08.2020<\/p>\t\t\t\t\t\t\t\t<\/div>\n\t\t\t\t<\/div>\n\t\t\t\t\t<\/div>\n\t\t<\/div>\n\t\t\t\t\t<\/div>\n\t\t<\/section>\n\t\t\t\t<section class=\"elementor-section elementor-top-section elementor-element elementor-element-1ed8d920 elementor-section-boxed elementor-section-height-default elementor-section-height-default\" data-id=\"1ed8d920\" data-element_type=\"section\" data-e-type=\"section\">\n\t\t\t\t\t\t<div class=\"elementor-container elementor-column-gap-default\">\n\t\t\t\t\t<div class=\"elementor-column elementor-col-100 elementor-top-column elementor-element elementor-element-7d8cd968\" data-id=\"7d8cd968\" data-element_type=\"column\" data-e-type=\"column\">\n\t\t\t<div class=\"elementor-widget-wrap elementor-element-populated\">\n\t\t\t\t\t\t<div class=\"elementor-element elementor-element-673edbd3 elementor-widget elementor-widget-text-editor\" data-id=\"673edbd3\" data-element_type=\"widget\" data-e-type=\"widget\" data-widget_type=\"text-editor.default\">\n\t\t\t\t<div class=\"elementor-widget-container\">\n\t\t\t\t\t\t\t\t\t<p><\/p><p><\/p><p><strong>\u00a0<\/strong><\/p><p><strong>Poleca: <\/strong><strong>MK<sup>2<\/sup> (mol ksi\u0105\u017ckowy do kwadratu<\/strong><strong>)<br \/><\/strong><strong>Diane Setterfield, <\/strong><strong><em>By\u0142a sobie rzeka<\/em>, Wydawnictwo Albatros 2020<\/strong><\/p><p><strong>\u00a0<\/strong><\/p><p>\u201eS\u0105 historie, kt\u00f3re mo\u017cna opowiada\u0107 na g\u0142os, i takie, o kt\u00f3rych si\u0119 m\u00f3wi szeptem, lecz s\u0105 i takie, kt\u00f3re pomija si\u0119 milczeniem\u201d. Tak te\u017c dzieje si\u0119 w przypadku powie\u015bci Diane Setterfield \u201eBy\u0142a sobie rzeka\u201d.\u00a0 T\u0119 powie\u015b\u0107 czyta si\u0119 troch\u0119 jak ba\u015b\u0144 &#8211; ba\u015b\u0144 dla doros\u0142ych. Czytelnik krok po kroku odkrywa histori\u0119 pewnej spo\u0142eczno\u015bci, piel\u0119gnowane przez ni\u0105 wierzenia, mity. Pami\u0119\u0107 o dramatach staje si\u0119 kanw\u0105 do snucia opowie\u015bci \u0142\u0105cz\u0105cych prawd\u0119 ze zmy\u015bleniem.<\/p><p>Podczas najd\u0142u\u017cszej nocy w roku wszystko mo\u017ce si\u0119 zdarzy\u0107. Wierz\u0105 w to stali bywalcy ober\u017cy \u201ePod \u0141ab\u0119dziem\u201d nad Tamiz\u0105. W zimowe wieczory biesiadnicy zbieraj\u0105 si\u0119 tu, aby przy kuflach pe\u0142nych piwa pos\u0142ucha\u0107 opowiadanych historii. Gaw\u0119dziarze snuj\u0105 opowie\u015bci \u0142\u0105cz\u0105ce to, co realne, z tym, co fikcyjne. Zimowe bajania to nie tylko spos\u00f3b na sp\u0119dzenie wolnego czasu, ale i forma zaklinania rzeczywisto\u015bci, wprowadzania do niej elementu magicznego. Te wieczorne spotkania przy kominku, w kt\u00f3rym trzeszczy ogie\u0144, to czas magii. Granice mi\u0119dzy dniem i noc\u0105 rozci\u0105gaj\u0105 si\u0119 i zacieraj\u0105. Tak samo dzieje si\u0119 z granicami mi\u0119dzy \u015bwiatami. \u201eSny i opowie\u015bci mieszaj\u0105 si\u0119 z rzeczywisto\u015bci\u0105. \u017bywi i umarli ocieraj\u0105 si\u0119 o siebie, przychodz\u0105c i odchodz\u0105c. Przesz\u0142o\u015b\u0107 zbiega si\u0119 i miesza z tera\u017aniejszo\u015bci\u0105\u201d. Bajarze czuj\u0105, \u017ce im g\u0142\u0119bsza noc, tym wi\u0119ksze prawdopodobie\u0144stwo, \u017ce wydarzy si\u0119 co\u015b niesamowitego. I tak te\u017c si\u0119 dzieje. \u00a0Pewnej zimowej nocy w starej karczmie \u201ePod \u0141ab\u0119dziem\u201d dochodzi do cudu. Nagle pojawia si\u0119 tu ranny m\u0119\u017cczyzna trzymaj\u0105cy w ramionach martw\u0105 dziewczynk\u0119. Nikt nie wie, kim jest przybysz, dlaczego jest ranny, jakim cudem dotar\u0142 do ober\u017cy. Przybycie go\u015bcia zak\u0142\u00f3ca codzienny rytm wieczornych baja\u0144. Wprowadza element zaciekawienia. Wywraca do g\u00f3ry nogami racjonalny \u015bwiat, wnosz\u0105c powiew magii w \u017cycie mieszka\u0144c\u00f3w miasteczka Radcot. Rodz\u0105 si\u0119 przypuszczenia. I nagle staje si\u0119 co\u015b niemo\u017cliwego. Cud. Martwa dziewczynka zmartwychwstaje. Niewielka spo\u0142eczno\u015b\u0107 prze\u015bciga si\u0119 w spekulacjach i domys\u0142ach. Rodzi si\u0119 coraz wi\u0119cej pyta\u0144, a \u017cadna z odpowiedzi nie wyja\u015bnia istoty zjawiska. Nie udziela jej r\u00f3wnie\u017c dziewczynka, poniewa\u017c jest niema. Wie\u015b\u0107 o niesamowitym wydarzeniu rozchodzi si\u0119 po okolicy. Dociera do \u017cony zamo\u017cnego przedsi\u0119biorcy, s\u0142u\u017c\u0105cej proboszcza i farmera. Ka\u017cda z os\u00f3b rozpoznaje w dziewczynce blisk\u0105 sobie osob\u0119. Pogr\u0105\u017cona w \u017ca\u0142obie matka chce wierzy\u0107, \u017ce dziewczynka jest jej porwan\u0105 przed laty c\u00f3rk\u0105. S\u0142u\u017c\u0105ca widzi w niej sw\u0105 siostr\u0119. Za\u015b farmer jest pewien, i\u017c czterolatka to dziecko jego wyrodnego syna. Ka\u017cda z tych os\u00f3b ma w\u0142asn\u0105 histori\u0119, kt\u00f3rej granice mi\u0119dzy rzeczywisto\u015bci\u0105 a fantazj\u0105 ulegaj\u0105 zatarciu. Potrzeba sporej uwagi, by dryfowa\u0107 w kierunku zako\u0144czenia.<\/p><p>Jednak powie\u015b\u0107 \u201eBy\u0142a sobie rzeka\u201d to nie tylko t\u0119tni\u0105ca elementem magicznym ba\u015b\u0144. Po powierzchni\u0105 onirycznej fabu\u0142y kryje si\u0119 niezwykle powa\u017cna, m\u0105drze zarysowana problematyka. Lektura na\u015bwietla dramat \u017ca\u0142oby i radzenia sobie ze strat\u0105, dzieci\u0119ce traumy, samotno\u015b\u0107 i dobrowoln\u0105 izolacj\u0119, niewdzi\u0119czno\u015b\u0107, okrucie\u0144stwo, natur\u0119 z\u0142a. W powie\u015bci nie brak rozwa\u017ca\u0144 o charakterze antropologicznym i egzystencjalnym. Powie\u015bciopisarka zastanawia si\u0119 nad rol\u0105 opowie\u015bci w ludzkim \u017cyciu. Intryguje j\u0105, jak zas\u0142yszane czy opowiadane historie kszta\u0142tuj\u0105 postrzeganie rzeczywisto\u015bci i zaspokajaj\u0105 pragnienie zrozumienia mechanizm\u00f3w rz\u0105dz\u0105cych \u015bwiatem.<\/p><p>W powie\u015bci Diane Setterfield na uwag\u0119 zas\u0142uguje narracja. Jest ona jak rzeka. Akcja powie\u015bci rozlewa si\u0119 w r\u00f3\u017cne strony. Poszczeg\u00f3lne w\u0105tki wyp\u0142ywaj\u0105 z jednego \u017ar\u00f3d\u0142a, by potem niczym rzeczne zakola p\u0142yn\u0105\u0107 w innym, sobie tylko wiadomym kierunku. W\u0105tki akcji sun\u0105 swobodnie, by na ko\u0144cu powr\u00f3ci\u0107 do g\u0142\u00f3wnego nurtu, po\u0142\u0105czy\u0107 si\u0119 ze sob\u0105 i spokojnie dotrze\u0107 do celu. Subtelnie kre\u015blona opowie\u015b\u0107 pulsuje w\u0142asnym, spokojnym rytmem.<\/p><p>Diane Setterfield przekonuje, i\u017c takie historie lepiej opowiada\u0107 nad rzek\u0105, gdzie powietrze niesie opowie\u015b\u0107, a ka\u017cde wypowiedziane zdanie odp\u0142ywa i robi miejsce dla nast\u0119pnego.<\/p><p>\u00a0<\/p><p>MK<sup>2<\/sup><\/p><p><\/p><p><\/p><p><\/p><p><\/p><p><\/p><p><\/p><p><\/p><p><\/p><p><\/p><p><\/p>\t\t\t\t\t\t\t\t<\/div>\n\t\t\t\t<\/div>\n\t\t\t\t\t<\/div>\n\t\t<\/div>\n\t\t\t\t\t<\/div>\n\t\t<\/section>\n\t\t\t\t<section class=\"elementor-section elementor-top-section elementor-element elementor-element-643730f1 elementor-section-boxed elementor-section-height-default elementor-section-height-default\" data-id=\"643730f1\" data-element_type=\"section\" data-e-type=\"section\">\n\t\t\t\t\t\t<div class=\"elementor-container elementor-column-gap-default\">\n\t\t\t\t\t<div class=\"elementor-column elementor-col-100 elementor-top-column elementor-element elementor-element-7bae0aee\" data-id=\"7bae0aee\" data-element_type=\"column\" data-e-type=\"column\">\n\t\t\t<div class=\"elementor-widget-wrap elementor-element-populated\">\n\t\t\t\t\t\t<div class=\"elementor-element elementor-element-1a7e4e52 elementor-widget elementor-widget-image\" data-id=\"1a7e4e52\" data-element_type=\"widget\" data-e-type=\"widget\" data-widget_type=\"image.default\">\n\t\t\t\t<div class=\"elementor-widget-container\">\n\t\t\t\t\t\t\t\t\t\t\t\t\t\t\t<img fetchpriority=\"high\" decoding=\"async\" width=\"652\" height=\"920\" src=\"https:\/\/www.mbp.chrzanow.pl\/akademiaslowa\/wp-content\/uploads\/2021\/08\/NAKLADKA-WWW_byla-sobie-rzeka.jpg\" class=\"attachment-large size-large wp-image-1287\" alt=\"\" srcset=\"https:\/\/www.mbp.chrzanow.pl\/akademiaslowa\/wp-content\/uploads\/2021\/08\/NAKLADKA-WWW_byla-sobie-rzeka.jpg 652w, https:\/\/www.mbp.chrzanow.pl\/akademiaslowa\/wp-content\/uploads\/2021\/08\/NAKLADKA-WWW_byla-sobie-rzeka-213x300.jpg 213w\" sizes=\"(max-width: 652px) 100vw, 652px\" \/>\t\t\t\t\t\t\t\t\t\t\t\t\t\t\t<\/div>\n\t\t\t\t<\/div>\n\t\t\t\t\t<\/div>\n\t\t<\/div>\n\t\t\t\t\t<\/div>\n\t\t<\/section>\n\t\t\t\t<section class=\"elementor-section elementor-inner-section elementor-element elementor-element-22e6cb30 elementor-section-boxed elementor-section-height-default elementor-section-height-default\" data-id=\"22e6cb30\" data-element_type=\"section\" data-e-type=\"section\">\n\t\t\t\t\t\t<div class=\"elementor-container elementor-column-gap-default\">\n\t\t\t\t\t<div class=\"elementor-column elementor-col-25 elementor-inner-column elementor-element elementor-element-3ec1264a\" data-id=\"3ec1264a\" data-element_type=\"column\" data-e-type=\"column\">\n\t\t\t<div class=\"elementor-widget-wrap\">\n\t\t\t\t\t\t\t<\/div>\n\t\t<\/div>\n\t\t\t\t<div class=\"elementor-column elementor-col-25 elementor-inner-column elementor-element elementor-element-5e61b4aa\" data-id=\"5e61b4aa\" data-element_type=\"column\" data-e-type=\"column\">\n\t\t\t<div class=\"elementor-widget-wrap elementor-element-populated\">\n\t\t\t\t\t\t<div class=\"elementor-element elementor-element-50847c9f elementor-align-center elementor-icon-list--layout-traditional elementor-list-item-link-full_width elementor-widget elementor-widget-icon-list\" data-id=\"50847c9f\" data-element_type=\"widget\" data-e-type=\"widget\" data-widget_type=\"icon-list.default\">\n\t\t\t\t<div class=\"elementor-widget-container\">\n\t\t\t\t\t\t\t<ul class=\"elementor-icon-list-items\">\n\t\t\t\t\t\t\t<li class=\"elementor-icon-list-item\">\n\t\t\t\t\t\t\t\t\t\t\t<a href=\"https:\/\/www.facebook.com\/mbp.chrzanow\/\" target=\"_blank\">\n\n\t\t\t\t\t\t\t\t\t\t\t\t<span class=\"elementor-icon-list-icon\">\n\t\t\t\t\t\t\t<i aria-hidden=\"true\" class=\"fab fa-facebook-square\"><\/i>\t\t\t\t\t\t<\/span>\n\t\t\t\t\t\t\t\t\t\t<span class=\"elementor-icon-list-text\"><\/span>\n\t\t\t\t\t\t\t\t\t\t\t<\/a>\n\t\t\t\t\t\t\t\t\t<\/li>\n\t\t\t\t\t\t<\/ul>\n\t\t\t\t\t\t<\/div>\n\t\t\t\t<\/div>\n\t\t\t\t\t<\/div>\n\t\t<\/div>\n\t\t\t\t<div class=\"elementor-column elementor-col-25 elementor-inner-column elementor-element elementor-element-4f6d53ec\" data-id=\"4f6d53ec\" data-element_type=\"column\" data-e-type=\"column\">\n\t\t\t<div class=\"elementor-widget-wrap elementor-element-populated\">\n\t\t\t\t\t\t<div class=\"elementor-element elementor-element-10ac7d3e elementor-align-center elementor-icon-list--layout-traditional elementor-list-item-link-full_width elementor-widget elementor-widget-icon-list\" data-id=\"10ac7d3e\" data-element_type=\"widget\" data-e-type=\"widget\" data-widget_type=\"icon-list.default\">\n\t\t\t\t<div class=\"elementor-widget-container\">\n\t\t\t\t\t\t\t<ul class=\"elementor-icon-list-items\">\n\t\t\t\t\t\t\t<li class=\"elementor-icon-list-item\">\n\t\t\t\t\t\t\t\t\t\t\t<a href=\"https:\/\/www.instagram.com\/mbp_chrzanow\/\" target=\"_blank\">\n\n\t\t\t\t\t\t\t\t\t\t\t\t<span class=\"elementor-icon-list-icon\">\n\t\t\t\t\t\t\t<i aria-hidden=\"true\" class=\"fab fa-instagram\"><\/i>\t\t\t\t\t\t<\/span>\n\t\t\t\t\t\t\t\t\t\t<span class=\"elementor-icon-list-text\"><\/span>\n\t\t\t\t\t\t\t\t\t\t\t<\/a>\n\t\t\t\t\t\t\t\t\t<\/li>\n\t\t\t\t\t\t<\/ul>\n\t\t\t\t\t\t<\/div>\n\t\t\t\t<\/div>\n\t\t\t\t\t<\/div>\n\t\t<\/div>\n\t\t\t\t<div class=\"elementor-column elementor-col-25 elementor-inner-column elementor-element elementor-element-39c429b3\" data-id=\"39c429b3\" data-element_type=\"column\" data-e-type=\"column\">\n\t\t\t<div class=\"elementor-widget-wrap elementor-element-populated\">\n\t\t\t\t\t\t<div class=\"elementor-element elementor-element-7f7531ff elementor-align-center elementor-icon-list--layout-traditional elementor-list-item-link-full_width elementor-widget elementor-widget-icon-list\" data-id=\"7f7531ff\" data-element_type=\"widget\" data-e-type=\"widget\" data-widget_type=\"icon-list.default\">\n\t\t\t\t<div class=\"elementor-widget-container\">\n\t\t\t\t\t\t\t<ul class=\"elementor-icon-list-items\">\n\t\t\t\t\t\t\t<li class=\"elementor-icon-list-item\">\n\t\t\t\t\t\t\t\t\t\t\t<a href=\"https:\/\/www.youtube.com\/user\/MBPChrzanow\" target=\"_blank\">\n\n\t\t\t\t\t\t\t\t\t\t\t\t<span class=\"elementor-icon-list-icon\">\n\t\t\t\t\t\t\t<i aria-hidden=\"true\" class=\"fab fa-youtube\"><\/i>\t\t\t\t\t\t<\/span>\n\t\t\t\t\t\t\t\t\t\t<span class=\"elementor-icon-list-text\"><\/span>\n\t\t\t\t\t\t\t\t\t\t\t<\/a>\n\t\t\t\t\t\t\t\t\t<\/li>\n\t\t\t\t\t\t<\/ul>\n\t\t\t\t\t\t<\/div>\n\t\t\t\t<\/div>\n\t\t\t\t\t<\/div>\n\t\t<\/div>\n\t\t\t\t\t<\/div>\n\t\t<\/section>\n\t\t\t\t<\/div>\n\t\t","protected":false},"excerpt":{"rendered":"<p> [&hellip;]<\/p>\n","protected":false},"author":3,"featured_media":0,"comment_status":"open","ping_status":"open","sticky":false,"template":"","format":"standard","meta":{"footnotes":""},"categories":[10],"tags":[17,25,24],"class_list":["post-1285","post","type-post","status-publish","format-standard","hentry","category-recenzje","tag-akademia-slowa","tag-anna-kasprzyk","tag-recenzje2021"],"yoast_head":"<!-- This site is optimized with the Yoast SEO plugin v27.5 - https:\/\/yoast.com\/product\/yoast-seo-wordpress\/ -->\n<title>SMAK RECENZJI: By\u0142a sobie rzeka - Akademia S\u0142owa - Chrzan\u00f3w<\/title>\n<meta name=\"robots\" content=\"index, follow, max-snippet:-1, max-image-preview:large, max-video-preview:-1\" \/>\n<link rel=\"canonical\" href=\"https:\/\/www.mbp.chrzanow.pl\/akademiaslowa\/index.php\/2021\/08\/14\/smak-recenzji-byla-sobie-rzeka\/\" \/>\n<meta property=\"og:locale\" content=\"pl_PL\" \/>\n<meta property=\"og:type\" content=\"article\" \/>\n<meta property=\"og:title\" content=\"SMAK RECENZJI: By\u0142a sobie rzeka - Akademia S\u0142owa - Chrzan\u00f3w\" \/>\n<meta property=\"og:description\" content=\"[&hellip;]\" \/>\n<meta property=\"og:url\" content=\"https:\/\/www.mbp.chrzanow.pl\/akademiaslowa\/index.php\/2021\/08\/14\/smak-recenzji-byla-sobie-rzeka\/\" \/>\n<meta property=\"og:site_name\" content=\"Akademia S\u0142owa - Chrzan\u00f3w\" \/>\n<meta property=\"article:published_time\" content=\"2021-08-14T10:00:00+00:00\" \/>\n<meta property=\"og:image\" content=\"http:\/\/www.mbp.chrzanow.pl\/akademiaslowa\/wp-content\/uploads\/2021\/08\/NAKLADKA-WWW_byla-sobie-rzeka.jpg\" \/>\n<meta name=\"author\" content=\"Prom\" \/>\n<meta name=\"twitter:card\" content=\"summary_large_image\" \/>\n<meta name=\"twitter:label1\" content=\"Napisane przez\" \/>\n\t<meta name=\"twitter:data1\" content=\"Prom\" \/>\n\t<meta name=\"twitter:label2\" content=\"Szacowany czas czytania\" \/>\n\t<meta name=\"twitter:data2\" content=\"1 minuta\" \/>\n<script type=\"application\/ld+json\" class=\"yoast-schema-graph\">{\"@context\":\"https:\\\/\\\/schema.org\",\"@graph\":[{\"@type\":\"Article\",\"@id\":\"https:\\\/\\\/www.mbp.chrzanow.pl\\\/akademiaslowa\\\/index.php\\\/2021\\\/08\\\/14\\\/smak-recenzji-byla-sobie-rzeka\\\/#article\",\"isPartOf\":{\"@id\":\"https:\\\/\\\/www.mbp.chrzanow.pl\\\/akademiaslowa\\\/index.php\\\/2021\\\/08\\\/14\\\/smak-recenzji-byla-sobie-rzeka\\\/\"},\"author\":{\"name\":\"Prom\",\"@id\":\"https:\\\/\\\/www.mbp.chrzanow.pl\\\/akademiaslowa\\\/#\\\/schema\\\/person\\\/fe7a35ef0376d4e76846aeae319d9fd8\"},\"headline\":\"SMAK RECENZJI: By\u0142a sobie rzeka\",\"datePublished\":\"2021-08-14T10:00:00+00:00\",\"mainEntityOfPage\":{\"@id\":\"https:\\\/\\\/www.mbp.chrzanow.pl\\\/akademiaslowa\\\/index.php\\\/2021\\\/08\\\/14\\\/smak-recenzji-byla-sobie-rzeka\\\/\"},\"wordCount\":697,\"commentCount\":0,\"publisher\":{\"@id\":\"https:\\\/\\\/www.mbp.chrzanow.pl\\\/akademiaslowa\\\/#organization\"},\"image\":{\"@id\":\"https:\\\/\\\/www.mbp.chrzanow.pl\\\/akademiaslowa\\\/index.php\\\/2021\\\/08\\\/14\\\/smak-recenzji-byla-sobie-rzeka\\\/#primaryimage\"},\"thumbnailUrl\":\"http:\\\/\\\/www.mbp.chrzanow.pl\\\/akademiaslowa\\\/wp-content\\\/uploads\\\/2021\\\/08\\\/NAKLADKA-WWW_byla-sobie-rzeka.jpg\",\"keywords\":[\"Akademia S\u0142owa\",\"Anna Kasprzyk\",\"Recenzje2021\"],\"articleSection\":[\"Recenzje\"],\"inLanguage\":\"pl-PL\",\"potentialAction\":[{\"@type\":\"CommentAction\",\"name\":\"Comment\",\"target\":[\"https:\\\/\\\/www.mbp.chrzanow.pl\\\/akademiaslowa\\\/index.php\\\/2021\\\/08\\\/14\\\/smak-recenzji-byla-sobie-rzeka\\\/#respond\"]}]},{\"@type\":\"WebPage\",\"@id\":\"https:\\\/\\\/www.mbp.chrzanow.pl\\\/akademiaslowa\\\/index.php\\\/2021\\\/08\\\/14\\\/smak-recenzji-byla-sobie-rzeka\\\/\",\"url\":\"https:\\\/\\\/www.mbp.chrzanow.pl\\\/akademiaslowa\\\/index.php\\\/2021\\\/08\\\/14\\\/smak-recenzji-byla-sobie-rzeka\\\/\",\"name\":\"SMAK RECENZJI: By\u0142a sobie rzeka - Akademia S\u0142owa - Chrzan\u00f3w\",\"isPartOf\":{\"@id\":\"https:\\\/\\\/www.mbp.chrzanow.pl\\\/akademiaslowa\\\/#website\"},\"primaryImageOfPage\":{\"@id\":\"https:\\\/\\\/www.mbp.chrzanow.pl\\\/akademiaslowa\\\/index.php\\\/2021\\\/08\\\/14\\\/smak-recenzji-byla-sobie-rzeka\\\/#primaryimage\"},\"image\":{\"@id\":\"https:\\\/\\\/www.mbp.chrzanow.pl\\\/akademiaslowa\\\/index.php\\\/2021\\\/08\\\/14\\\/smak-recenzji-byla-sobie-rzeka\\\/#primaryimage\"},\"thumbnailUrl\":\"http:\\\/\\\/www.mbp.chrzanow.pl\\\/akademiaslowa\\\/wp-content\\\/uploads\\\/2021\\\/08\\\/NAKLADKA-WWW_byla-sobie-rzeka.jpg\",\"datePublished\":\"2021-08-14T10:00:00+00:00\",\"breadcrumb\":{\"@id\":\"https:\\\/\\\/www.mbp.chrzanow.pl\\\/akademiaslowa\\\/index.php\\\/2021\\\/08\\\/14\\\/smak-recenzji-byla-sobie-rzeka\\\/#breadcrumb\"},\"inLanguage\":\"pl-PL\",\"potentialAction\":[{\"@type\":\"ReadAction\",\"target\":[\"https:\\\/\\\/www.mbp.chrzanow.pl\\\/akademiaslowa\\\/index.php\\\/2021\\\/08\\\/14\\\/smak-recenzji-byla-sobie-rzeka\\\/\"]}]},{\"@type\":\"ImageObject\",\"inLanguage\":\"pl-PL\",\"@id\":\"https:\\\/\\\/www.mbp.chrzanow.pl\\\/akademiaslowa\\\/index.php\\\/2021\\\/08\\\/14\\\/smak-recenzji-byla-sobie-rzeka\\\/#primaryimage\",\"url\":\"https:\\\/\\\/www.mbp.chrzanow.pl\\\/akademiaslowa\\\/wp-content\\\/uploads\\\/2021\\\/08\\\/NAKLADKA-WWW_byla-sobie-rzeka.jpg\",\"contentUrl\":\"https:\\\/\\\/www.mbp.chrzanow.pl\\\/akademiaslowa\\\/wp-content\\\/uploads\\\/2021\\\/08\\\/NAKLADKA-WWW_byla-sobie-rzeka.jpg\",\"width\":652,\"height\":920},{\"@type\":\"BreadcrumbList\",\"@id\":\"https:\\\/\\\/www.mbp.chrzanow.pl\\\/akademiaslowa\\\/index.php\\\/2021\\\/08\\\/14\\\/smak-recenzji-byla-sobie-rzeka\\\/#breadcrumb\",\"itemListElement\":[{\"@type\":\"ListItem\",\"position\":1,\"name\":\"Strona g\u0142\u00f3wna\",\"item\":\"https:\\\/\\\/www.mbp.chrzanow.pl\\\/akademiaslowa\\\/\"},{\"@type\":\"ListItem\",\"position\":2,\"name\":\"SMAK RECENZJI: By\u0142a sobie rzeka\"}]},{\"@type\":\"WebSite\",\"@id\":\"https:\\\/\\\/www.mbp.chrzanow.pl\\\/akademiaslowa\\\/#website\",\"url\":\"https:\\\/\\\/www.mbp.chrzanow.pl\\\/akademiaslowa\\\/\",\"name\":\"Akademia S\u0142owa - Chrzan\u00f3w\",\"description\":\"Czym poezja...\",\"publisher\":{\"@id\":\"https:\\\/\\\/www.mbp.chrzanow.pl\\\/akademiaslowa\\\/#organization\"},\"potentialAction\":[{\"@type\":\"SearchAction\",\"target\":{\"@type\":\"EntryPoint\",\"urlTemplate\":\"https:\\\/\\\/www.mbp.chrzanow.pl\\\/akademiaslowa\\\/?s={search_term_string}\"},\"query-input\":{\"@type\":\"PropertyValueSpecification\",\"valueRequired\":true,\"valueName\":\"search_term_string\"}}],\"inLanguage\":\"pl-PL\"},{\"@type\":\"Organization\",\"@id\":\"https:\\\/\\\/www.mbp.chrzanow.pl\\\/akademiaslowa\\\/#organization\",\"name\":\"Akademia S\u0142owa Chrzan\u00f3w\",\"url\":\"https:\\\/\\\/www.mbp.chrzanow.pl\\\/akademiaslowa\\\/\",\"logo\":{\"@type\":\"ImageObject\",\"inLanguage\":\"pl-PL\",\"@id\":\"https:\\\/\\\/www.mbp.chrzanow.pl\\\/akademiaslowa\\\/#\\\/schema\\\/logo\\\/image\\\/\",\"url\":\"https:\\\/\\\/www.mbp.chrzanow.pl\\\/akademiaslowa\\\/wp-content\\\/uploads\\\/2017\\\/12\\\/AkademiaSlowa_www.jpg\",\"contentUrl\":\"https:\\\/\\\/www.mbp.chrzanow.pl\\\/akademiaslowa\\\/wp-content\\\/uploads\\\/2017\\\/12\\\/AkademiaSlowa_www.jpg\",\"width\":500,\"height\":79,\"caption\":\"Akademia S\u0142owa Chrzan\u00f3w\"},\"image\":{\"@id\":\"https:\\\/\\\/www.mbp.chrzanow.pl\\\/akademiaslowa\\\/#\\\/schema\\\/logo\\\/image\\\/\"}},{\"@type\":\"Person\",\"@id\":\"https:\\\/\\\/www.mbp.chrzanow.pl\\\/akademiaslowa\\\/#\\\/schema\\\/person\\\/fe7a35ef0376d4e76846aeae319d9fd8\",\"name\":\"Prom\",\"image\":{\"@type\":\"ImageObject\",\"inLanguage\":\"pl-PL\",\"@id\":\"https:\\\/\\\/secure.gravatar.com\\\/avatar\\\/f60fbd4aa9e3207ab0785fd91859281f74f6e854743680d402cbd83a1b744580?s=96&d=mm&r=g\",\"url\":\"https:\\\/\\\/secure.gravatar.com\\\/avatar\\\/f60fbd4aa9e3207ab0785fd91859281f74f6e854743680d402cbd83a1b744580?s=96&d=mm&r=g\",\"contentUrl\":\"https:\\\/\\\/secure.gravatar.com\\\/avatar\\\/f60fbd4aa9e3207ab0785fd91859281f74f6e854743680d402cbd83a1b744580?s=96&d=mm&r=g\",\"caption\":\"Prom\"},\"url\":\"https:\\\/\\\/www.mbp.chrzanow.pl\\\/akademiaslowa\\\/index.php\\\/author\\\/promocja\\\/\"}]}<\/script>\n<!-- \/ Yoast SEO plugin. -->","yoast_head_json":{"title":"SMAK RECENZJI: By\u0142a sobie rzeka - Akademia S\u0142owa - Chrzan\u00f3w","robots":{"index":"index","follow":"follow","max-snippet":"max-snippet:-1","max-image-preview":"max-image-preview:large","max-video-preview":"max-video-preview:-1"},"canonical":"https:\/\/www.mbp.chrzanow.pl\/akademiaslowa\/index.php\/2021\/08\/14\/smak-recenzji-byla-sobie-rzeka\/","og_locale":"pl_PL","og_type":"article","og_title":"SMAK RECENZJI: By\u0142a sobie rzeka - Akademia S\u0142owa - Chrzan\u00f3w","og_description":"[&hellip;]","og_url":"https:\/\/www.mbp.chrzanow.pl\/akademiaslowa\/index.php\/2021\/08\/14\/smak-recenzji-byla-sobie-rzeka\/","og_site_name":"Akademia S\u0142owa - Chrzan\u00f3w","article_published_time":"2021-08-14T10:00:00+00:00","og_image":[{"url":"http:\/\/www.mbp.chrzanow.pl\/akademiaslowa\/wp-content\/uploads\/2021\/08\/NAKLADKA-WWW_byla-sobie-rzeka.jpg","type":"","width":"","height":""}],"author":"Prom","twitter_card":"summary_large_image","twitter_misc":{"Napisane przez":"Prom","Szacowany czas czytania":"1 minuta"},"schema":{"@context":"https:\/\/schema.org","@graph":[{"@type":"Article","@id":"https:\/\/www.mbp.chrzanow.pl\/akademiaslowa\/index.php\/2021\/08\/14\/smak-recenzji-byla-sobie-rzeka\/#article","isPartOf":{"@id":"https:\/\/www.mbp.chrzanow.pl\/akademiaslowa\/index.php\/2021\/08\/14\/smak-recenzji-byla-sobie-rzeka\/"},"author":{"name":"Prom","@id":"https:\/\/www.mbp.chrzanow.pl\/akademiaslowa\/#\/schema\/person\/fe7a35ef0376d4e76846aeae319d9fd8"},"headline":"SMAK RECENZJI: By\u0142a sobie rzeka","datePublished":"2021-08-14T10:00:00+00:00","mainEntityOfPage":{"@id":"https:\/\/www.mbp.chrzanow.pl\/akademiaslowa\/index.php\/2021\/08\/14\/smak-recenzji-byla-sobie-rzeka\/"},"wordCount":697,"commentCount":0,"publisher":{"@id":"https:\/\/www.mbp.chrzanow.pl\/akademiaslowa\/#organization"},"image":{"@id":"https:\/\/www.mbp.chrzanow.pl\/akademiaslowa\/index.php\/2021\/08\/14\/smak-recenzji-byla-sobie-rzeka\/#primaryimage"},"thumbnailUrl":"http:\/\/www.mbp.chrzanow.pl\/akademiaslowa\/wp-content\/uploads\/2021\/08\/NAKLADKA-WWW_byla-sobie-rzeka.jpg","keywords":["Akademia S\u0142owa","Anna Kasprzyk","Recenzje2021"],"articleSection":["Recenzje"],"inLanguage":"pl-PL","potentialAction":[{"@type":"CommentAction","name":"Comment","target":["https:\/\/www.mbp.chrzanow.pl\/akademiaslowa\/index.php\/2021\/08\/14\/smak-recenzji-byla-sobie-rzeka\/#respond"]}]},{"@type":"WebPage","@id":"https:\/\/www.mbp.chrzanow.pl\/akademiaslowa\/index.php\/2021\/08\/14\/smak-recenzji-byla-sobie-rzeka\/","url":"https:\/\/www.mbp.chrzanow.pl\/akademiaslowa\/index.php\/2021\/08\/14\/smak-recenzji-byla-sobie-rzeka\/","name":"SMAK RECENZJI: By\u0142a sobie rzeka - Akademia S\u0142owa - Chrzan\u00f3w","isPartOf":{"@id":"https:\/\/www.mbp.chrzanow.pl\/akademiaslowa\/#website"},"primaryImageOfPage":{"@id":"https:\/\/www.mbp.chrzanow.pl\/akademiaslowa\/index.php\/2021\/08\/14\/smak-recenzji-byla-sobie-rzeka\/#primaryimage"},"image":{"@id":"https:\/\/www.mbp.chrzanow.pl\/akademiaslowa\/index.php\/2021\/08\/14\/smak-recenzji-byla-sobie-rzeka\/#primaryimage"},"thumbnailUrl":"http:\/\/www.mbp.chrzanow.pl\/akademiaslowa\/wp-content\/uploads\/2021\/08\/NAKLADKA-WWW_byla-sobie-rzeka.jpg","datePublished":"2021-08-14T10:00:00+00:00","breadcrumb":{"@id":"https:\/\/www.mbp.chrzanow.pl\/akademiaslowa\/index.php\/2021\/08\/14\/smak-recenzji-byla-sobie-rzeka\/#breadcrumb"},"inLanguage":"pl-PL","potentialAction":[{"@type":"ReadAction","target":["https:\/\/www.mbp.chrzanow.pl\/akademiaslowa\/index.php\/2021\/08\/14\/smak-recenzji-byla-sobie-rzeka\/"]}]},{"@type":"ImageObject","inLanguage":"pl-PL","@id":"https:\/\/www.mbp.chrzanow.pl\/akademiaslowa\/index.php\/2021\/08\/14\/smak-recenzji-byla-sobie-rzeka\/#primaryimage","url":"https:\/\/www.mbp.chrzanow.pl\/akademiaslowa\/wp-content\/uploads\/2021\/08\/NAKLADKA-WWW_byla-sobie-rzeka.jpg","contentUrl":"https:\/\/www.mbp.chrzanow.pl\/akademiaslowa\/wp-content\/uploads\/2021\/08\/NAKLADKA-WWW_byla-sobie-rzeka.jpg","width":652,"height":920},{"@type":"BreadcrumbList","@id":"https:\/\/www.mbp.chrzanow.pl\/akademiaslowa\/index.php\/2021\/08\/14\/smak-recenzji-byla-sobie-rzeka\/#breadcrumb","itemListElement":[{"@type":"ListItem","position":1,"name":"Strona g\u0142\u00f3wna","item":"https:\/\/www.mbp.chrzanow.pl\/akademiaslowa\/"},{"@type":"ListItem","position":2,"name":"SMAK RECENZJI: By\u0142a sobie rzeka"}]},{"@type":"WebSite","@id":"https:\/\/www.mbp.chrzanow.pl\/akademiaslowa\/#website","url":"https:\/\/www.mbp.chrzanow.pl\/akademiaslowa\/","name":"Akademia S\u0142owa - Chrzan\u00f3w","description":"Czym poezja...","publisher":{"@id":"https:\/\/www.mbp.chrzanow.pl\/akademiaslowa\/#organization"},"potentialAction":[{"@type":"SearchAction","target":{"@type":"EntryPoint","urlTemplate":"https:\/\/www.mbp.chrzanow.pl\/akademiaslowa\/?s={search_term_string}"},"query-input":{"@type":"PropertyValueSpecification","valueRequired":true,"valueName":"search_term_string"}}],"inLanguage":"pl-PL"},{"@type":"Organization","@id":"https:\/\/www.mbp.chrzanow.pl\/akademiaslowa\/#organization","name":"Akademia S\u0142owa Chrzan\u00f3w","url":"https:\/\/www.mbp.chrzanow.pl\/akademiaslowa\/","logo":{"@type":"ImageObject","inLanguage":"pl-PL","@id":"https:\/\/www.mbp.chrzanow.pl\/akademiaslowa\/#\/schema\/logo\/image\/","url":"https:\/\/www.mbp.chrzanow.pl\/akademiaslowa\/wp-content\/uploads\/2017\/12\/AkademiaSlowa_www.jpg","contentUrl":"https:\/\/www.mbp.chrzanow.pl\/akademiaslowa\/wp-content\/uploads\/2017\/12\/AkademiaSlowa_www.jpg","width":500,"height":79,"caption":"Akademia S\u0142owa Chrzan\u00f3w"},"image":{"@id":"https:\/\/www.mbp.chrzanow.pl\/akademiaslowa\/#\/schema\/logo\/image\/"}},{"@type":"Person","@id":"https:\/\/www.mbp.chrzanow.pl\/akademiaslowa\/#\/schema\/person\/fe7a35ef0376d4e76846aeae319d9fd8","name":"Prom","image":{"@type":"ImageObject","inLanguage":"pl-PL","@id":"https:\/\/secure.gravatar.com\/avatar\/f60fbd4aa9e3207ab0785fd91859281f74f6e854743680d402cbd83a1b744580?s=96&d=mm&r=g","url":"https:\/\/secure.gravatar.com\/avatar\/f60fbd4aa9e3207ab0785fd91859281f74f6e854743680d402cbd83a1b744580?s=96&d=mm&r=g","contentUrl":"https:\/\/secure.gravatar.com\/avatar\/f60fbd4aa9e3207ab0785fd91859281f74f6e854743680d402cbd83a1b744580?s=96&d=mm&r=g","caption":"Prom"},"url":"https:\/\/www.mbp.chrzanow.pl\/akademiaslowa\/index.php\/author\/promocja\/"}]}},"_links":{"self":[{"href":"https:\/\/www.mbp.chrzanow.pl\/akademiaslowa\/index.php\/wp-json\/wp\/v2\/posts\/1285","targetHints":{"allow":["GET"]}}],"collection":[{"href":"https:\/\/www.mbp.chrzanow.pl\/akademiaslowa\/index.php\/wp-json\/wp\/v2\/posts"}],"about":[{"href":"https:\/\/www.mbp.chrzanow.pl\/akademiaslowa\/index.php\/wp-json\/wp\/v2\/types\/post"}],"author":[{"embeddable":true,"href":"https:\/\/www.mbp.chrzanow.pl\/akademiaslowa\/index.php\/wp-json\/wp\/v2\/users\/3"}],"replies":[{"embeddable":true,"href":"https:\/\/www.mbp.chrzanow.pl\/akademiaslowa\/index.php\/wp-json\/wp\/v2\/comments?post=1285"}],"version-history":[{"count":8,"href":"https:\/\/www.mbp.chrzanow.pl\/akademiaslowa\/index.php\/wp-json\/wp\/v2\/posts\/1285\/revisions"}],"predecessor-version":[{"id":1294,"href":"https:\/\/www.mbp.chrzanow.pl\/akademiaslowa\/index.php\/wp-json\/wp\/v2\/posts\/1285\/revisions\/1294"}],"wp:attachment":[{"href":"https:\/\/www.mbp.chrzanow.pl\/akademiaslowa\/index.php\/wp-json\/wp\/v2\/media?parent=1285"}],"wp:term":[{"taxonomy":"category","embeddable":true,"href":"https:\/\/www.mbp.chrzanow.pl\/akademiaslowa\/index.php\/wp-json\/wp\/v2\/categories?post=1285"},{"taxonomy":"post_tag","embeddable":true,"href":"https:\/\/www.mbp.chrzanow.pl\/akademiaslowa\/index.php\/wp-json\/wp\/v2\/tags?post=1285"}],"curies":[{"name":"wp","href":"https:\/\/api.w.org\/{rel}","templated":true}]}}