{"id":1324,"date":"2021-09-13T14:54:20","date_gmt":"2021-09-13T12:54:20","guid":{"rendered":"https:\/\/www.mbp.chrzanow.pl\/akademiaslowa\/?p=1324"},"modified":"2021-09-22T10:55:22","modified_gmt":"2021-09-22T08:55:22","slug":"felieton-olgi-nowickiej-wrzesien-2021","status":"publish","type":"post","link":"https:\/\/www.mbp.chrzanow.pl\/akademiaslowa\/index.php\/2021\/09\/13\/felieton-olgi-nowickiej-wrzesien-2021\/","title":{"rendered":"Felieton Olgi Nowickiej &#8211; wrzesie\u0144 2021"},"content":{"rendered":"\t\t<div data-elementor-type=\"wp-post\" data-elementor-id=\"1324\" class=\"elementor elementor-1324\">\n\t\t\t\t\t\t<section class=\"elementor-section elementor-top-section elementor-element elementor-element-59137a1c elementor-section-boxed elementor-section-height-default elementor-section-height-default\" data-id=\"59137a1c\" data-element_type=\"section\" data-e-type=\"section\">\n\t\t\t\t\t\t<div class=\"elementor-container elementor-column-gap-default\">\n\t\t\t\t\t<div class=\"elementor-column elementor-col-100 elementor-top-column elementor-element elementor-element-117dcc50\" data-id=\"117dcc50\" data-element_type=\"column\" data-e-type=\"column\">\n\t\t\t<div class=\"elementor-widget-wrap elementor-element-populated\">\n\t\t\t\t\t\t<div class=\"elementor-element elementor-element-55352826 elementor-widget elementor-widget-text-editor\" data-id=\"55352826\" data-element_type=\"widget\" data-e-type=\"widget\" data-widget_type=\"text-editor.default\">\n\t\t\t\t<div class=\"elementor-widget-container\">\n\t\t\t\t\t\t\t\t\t<p><strong>Wakacyjne MUST-READ<\/strong><\/p>\t\t\t\t\t\t\t\t<\/div>\n\t\t\t\t<\/div>\n\t\t\t\t\t<\/div>\n\t\t<\/div>\n\t\t\t\t\t<\/div>\n\t\t<\/section>\n\t\t\t\t<section class=\"elementor-section elementor-top-section elementor-element elementor-element-1cae218f elementor-section-boxed elementor-section-height-default elementor-section-height-default\" data-id=\"1cae218f\" data-element_type=\"section\" data-e-type=\"section\">\n\t\t\t\t\t\t<div class=\"elementor-container elementor-column-gap-default\">\n\t\t\t\t\t<div class=\"elementor-column elementor-col-100 elementor-top-column elementor-element elementor-element-113cf100\" data-id=\"113cf100\" data-element_type=\"column\" data-e-type=\"column\">\n\t\t\t<div class=\"elementor-widget-wrap elementor-element-populated\">\n\t\t\t\t\t\t<div class=\"elementor-element elementor-element-5c6366a elementor-widget elementor-widget-text-editor\" data-id=\"5c6366a\" data-element_type=\"widget\" data-e-type=\"widget\" data-widget_type=\"text-editor.default\">\n\t\t\t\t<div class=\"elementor-widget-container\">\n\t\t\t\t\t\t\t\t\t<p>Kto powiedzia\u0142, \u017ce w wakacje czytamy same \u201elekkie\u201d ksi\u0105\u017cki? Mo\u017ce powinno by\u0107\u00a0 na odwr\u00f3t. Przez ca\u0142y rok harujemy, nasza kreatywno\u015b\u0107 si\u0119ga zenitu, praca-dom-praca, nauka, ci\u0105g\u0142y ko\u0142owrotek, zabieganie ponad norm\u0119,\u00a0 wi\u0119c dla relaksu wtedy mo\u017ce powinni\u015bmy czyta\u0107 literatur\u0119 z gatunku \u201e\u0142atwe i przyjemne\u201d \u2013 czyli nie do ko\u0144ca na wielkie my\u015blenie. To oczywi\u015bcie hipoteza, bo raczej s\u0142yszy si\u0119 od czytelnika przed urlopem : poprosz\u0119 co\u015b lekkiego na wakacje! Jasne, \u017ce s\u0105 tacy, co te \u201elekkie\u201d czytaj\u0105 non stop, bez wyj\u0105tku na por\u0119 i okoliczno\u015bci, ale s\u0105 i tacy, co poni\u017cej pewnego poziomu czytelniczego nie schodz\u0105 i bynajmniej nie z pogardy do literatury popularnej, ale z racji literackiego wyrobienia. A przecie\u017c r\u00f3wna\u0107 powinno si\u0119\u2026 zawsze w g\u00f3r\u0119 i do najlepszych.<\/p><p>No, ale powiedzmy, \u017ce ka\u017cdy ma swoj\u0105 strategi\u0119 czytania wakacyjnego. Ja z perspektywy czasu i po zastanowieniu, sk\u0142ania\u0142abym si\u0119 do opcji czytaj\u0105cych wakacyjnie te trudne vel ambitniejsze lektury, bo g\u0142owa wtedy bardziej przecie\u017c wolna\u2026 Ale te\u017c nie do ko\u0144ca, bo wszystko, jak zawsze, \u00a0zale\u017cy od sytuacji, czasu, stanu ducha, mo\u017cliwo\u015bci, etc.<\/p><p>Wakacje. Lato. Urlop. Odpoczynek. Najlepszy czas na czytanie. G\u0142owa uwolniona od rutyny, pracuje na w\u0142asny rachunek. Oznacza to, \u017ce mamy wi\u0119cej czasu ni\u017c zwykle na nadrobienie ksi\u0105\u017ckowych zaleg\u0142o\u015bci. Tytu\u0142\u00f3w, kt\u00f3re mo\u017cna wpisa\u0107 na list\u0119 wakacyjnych tzw. \u201emust read\u00f3w\u201d, jest naprawd\u0119 du\u017co. Zreszt\u0105 u ka\u017cdego ta lista wygl\u0105da inaczej, ale z ca\u0142ego wielkiego morza nieprzeczytanych dot\u0105d ksi\u0105\u017cek wy\u0142owi\u0107 nale\u017cy te, po kt\u00f3re warto si\u0119gn\u0105\u0107? Nie wa\u017cne czy w g\u00f3rach, nad morzem, na \u0142\u0105ce \u2013 na le\u017caku, czy te\u017c w zaciszu domowej kanapy \u2026 \u017beby u\u0142atwi\u0107 to by\u0107 mo\u017ce trudne czasami zadanie, przedstawi\u0119 moj\u0105 osobist\u0105 propozycj\u0119, a je\u015bli kto\u015b z niej skorzysta i wpisze na swoj\u0105 list\u0119 \u2013 kolokwialnie powiem: Bingo!<\/p><p>A wi\u0119c, je\u015bli w wakacje czytamy w spokoju\u2026 wi\u0119c zach\u0119cam aby r\u00f3wnie\u017c m\u0105drze. Co dla mnie znaczy m\u0105drze? Ostatnio \u2013 reporta\u017ce. Rozkocha\u0142am si\u0119 po prostu w\u2026 Mariuszu Szczygle. Ale\u017c ten facet pisze\u2026<\/p><p>Przyczynkiem do mojego 2. tygodniowego maratonu z pisarzem (kiedy\u015b czyta\u0142am <em>Gottland<\/em>, a teraz doczyta\u0142am wszystko, opr\u00f3cz\u00a0 trzytomowej <em>Antologii polskiego reporta\u017cu XX wieku, <\/em>kt\u00f3r\u0105 na razie przegl\u0105dn\u0119\u0142am), by\u0142o majowe spotkanie autorskie, kt\u00f3re mia\u0142am przyjemno\u015b\u0107 prowadzi\u0107. C\u00f3\u017c, samo spotkanie \u201eface to face\u201d z autorem tej klasy i rozmowa z klubowiczami DKK, da\u0142a wszystkim mn\u00f3stwo pozytywnych emocji (autor zostawi\u0142 nas z dobrym s\u0142owem: Mog\u0119 tu wr\u00f3ci\u0107!). Nie mog\u0142o by\u0107 inaczej, bo sam Mariusz Szczygie\u0142 to niezwykle (powt\u00f3rz\u0119 to s\u0142owo) pozytywny cz\u0142owiek, min. przez to, \u017ce przyznaje si\u0119 do swoich s\u0142abo\u015bci i niewiary w sw\u00f3j talent. Co do tej niewiary \u2013 to absolutnie si\u0119 z Nim zgodzi\u0107 nie mog\u0119 (co te\u017c mu powiedzia\u0142am), jak i zapewne wi\u0119kszo\u015b\u0107 Jego czytelnik\u00f3w, ale Prosz\u0119 Pa\u0144stwa \u2013 pomy\u015blcie &#8211; co to za pokora wobec siebie i \u015bwiata, szczeg\u00f3lnie po wydaniu kilkunastu ksi\u0105\u017cek, niezliczonej ilo\u015bci artyku\u0142\u00f3w, po nominacjach do nagr\u00f3d literackich i ich otrzymaniu\u2026 Niespotykane, doprawdy.<\/p><p>Ale odchodz\u0119 czym pr\u0119dzej od cech osobowych autora, bowiem nie w tym rzecz i przechodz\u0119 do meritum sprawy. Szczygie\u0142 jako reporter i pisarz &#8211; to cz\u0142owiek na w\u0142a\u015bciwym miejscu i na najwy\u017cszej p\u00f3\u0142ce). Je\u015bli kto\u015b nie czyta\u0142 Jego reporta\u017cy, to absolutnie musi zacz\u0105\u0107 i czym pr\u0119dzej nale\u017cy go wpisa\u0107 na list\u0119 wakacyjnej \u201emust- read\u201d. Proponowa\u0142abym zacz\u0105\u0107 od genialnego: <em>Gottlandu <\/em>(\u201e<a href=\"https:\/\/pl.wikipedia.org\/wiki\/Le_Figaro\">Le Figaro<\/a>\u201d napisa\u0142: \u201eTo nie jest ksi\u0105\u017cka, to klejnot\u201d\/ <a href=\"https:\/\/pl.wikipedia.org\/wiki\/Europejska_Nagroda_Ksi%C4%85%C5%BCkowa\">Europejska Nagroda Ksi\u0105\u017ckowa<\/a> 2009), \u00a0a potem r\u0119cz\u0119, \u017ce ju\u017c poleci\u2026 z kilkunastu wspomn\u0119\u2026 \u015bwietne: <em>Projekt Prawda<\/em>, <em>Zr\u00f3b sobie raj, Niedziela, kt\u00f3ra zdarzy\u0142a si\u0119 w \u015brod\u0119, Laska nebeska<\/em>, male\u0144stwo \u2013 ale cudo: <em>Kaprysik<\/em>, osobisty teraz r\u00f3wnie\u017c dla mnie: <em>Osobisty przewodnik po Pradze<\/em> i ale\u017c m\u0105dre i emocjonalne: <em>Nie ma<\/em> \u2013 nagrodzone w 2019r. Literack\u0105 Nagrod\u0105 NIKE.<\/p><p>Czyta\u0107, czyta\u0107 i jeszcze raz czyta\u0107 Szczyg\u0142a\u2026 na tegorocznych wakacjach. W mi\u0119dzyczasie warto si\u0119gn\u0105\u0107 do wywiad\u00f3w z autorem i Jego \u201erozbudowanych my\u015bli\u201d na FB, kt\u00f3re tak naprawd\u0119 s\u0105 mini &#8211; felietonami.<\/p><p>\u00a0<\/p><p>Stawiam wi\u0119c tego lata na reporta\u017ce\u2026W czym tkwi jego tajemnica i co takiego ma w sobie dobrze skrojony reporta\u017c? Przeczyta\u0142am gdzie\u015b, \u017ce <em>s<\/em><strong><em>ztuk\u0105 jest zrobienie z reporta\u017cu literatury, kt\u00f3ra swym bohaterom odda g\u0142os, a zachowa poetyk\u0119 reportera i jeszcze zostawi mu miejsce na w\u0142asny szept. <\/em><\/strong><strong>Co\u015b w tym stylu i zgadzam si\u0119 z tym absolutnie.<\/strong><\/p><p><strong>\u00a0<\/strong><\/p><p><strong>Do letniej \u201emust- read\u201d (lektury obowi\u0105zkowej) polecam dobra\u0107 sobie jeszcze kilka innych tytu\u0142\u00f3w, tak aby nie by\u0107 monotematycznym w kwestii autora, ale nadal pozosta\u0107 wiernym gatunkowi. Mo\u017ce np. co\u015b z 10. nominowanych obecnie reporta\u017cy do <\/strong>tegorocznej Nagrody im. Kapu\u015bci\u0144skiego (wi\u0119cej info <a href=\"https:\/\/wyborcza.pl\/7,75517,27098186,nagroda-im-kapuscinskiego-ktora-z-tych-ksiazek-bedzie-reportazem.html\">TUTAJ<\/a>).<\/p><p>A dla przypomnienia wspomn\u0119, \u017ce Nagroda im. Ryszarda Kapu\u015bci\u0144skiego przyznawana jest od 2010 r., jako forma wyr\u00f3\u017cnienia warto\u015bciowych ksi\u0105\u017cek reporterskich, podejmuj\u0105cych wa\u017cne problemy wsp\u00f3\u0142czesno\u015bci\u2026 I z t\u0105 my\u015bl\u0105 powa\u017cn\u0105, acz otwart\u0105 na \u015bwiat i ludzi, nawet a mo\u017ce w szczeg\u00f3lno\u015bci w okresie wakacyjnym, zostawiam czytelnika\/czytacza do rozwagi. Decyzja nale\u017cy do Ciebie!<\/p><p>P.S Mam nadziej\u0119, \u017ce uda\u0142o mi si\u0119 rozwia\u0107 kogo\u015b ewentualne w\u0105tpliwo\u015bci, dotycz\u0105ce wakacyjnej listy ksi\u0105\u017cek oraz, \u017ce cho\u0107 troch\u0119 u\u0142atwi\u0142am podj\u0119cie decyzji, od jakiego tytu\u0142u rozpocz\u0105\u0107 tegoroczne wakacje i jakie ksi\u0105\u017cki zapakowa\u0107 do walizki lub plecaka na letni wyjazd. Mi\u0142ej (i warto\u015bciowej &#8211; w moim subiektywnym wyborze) lektury!&#8230; jak mawiaj\u0105 bibliotekarze.<\/p>\t\t\t\t\t\t\t\t<\/div>\n\t\t\t\t<\/div>\n\t\t\t\t\t<\/div>\n\t\t<\/div>\n\t\t\t\t\t<\/div>\n\t\t<\/section>\n\t\t\t\t<section class=\"elementor-section elementor-top-section elementor-element elementor-element-603cbd7b elementor-section-boxed elementor-section-height-default elementor-section-height-default\" data-id=\"603cbd7b\" data-element_type=\"section\" data-e-type=\"section\">\n\t\t\t\t\t\t<div class=\"elementor-container elementor-column-gap-default\">\n\t\t\t\t\t<div class=\"elementor-column elementor-col-100 elementor-top-column elementor-element elementor-element-6ad75817\" data-id=\"6ad75817\" data-element_type=\"column\" data-e-type=\"column\">\n\t\t\t<div class=\"elementor-widget-wrap elementor-element-populated\">\n\t\t\t\t\t\t<div class=\"elementor-element elementor-element-5170b66a elementor-widget elementor-widget-text-editor\" data-id=\"5170b66a\" data-element_type=\"widget\" data-e-type=\"widget\" data-widget_type=\"text-editor.default\">\n\t\t\t\t<div class=\"elementor-widget-container\">\n\t\t\t\t\t\t\t\t\t<p><strong>Olga Nowicka<br \/><\/strong><\/p>\t\t\t\t\t\t\t\t<\/div>\n\t\t\t\t<\/div>\n\t\t\t\t\t<\/div>\n\t\t<\/div>\n\t\t\t\t\t<\/div>\n\t\t<\/section>\n\t\t\t\t<section class=\"elementor-section elementor-top-section elementor-element elementor-element-d4ac260 elementor-section-boxed elementor-section-height-default elementor-section-height-default\" data-id=\"d4ac260\" data-element_type=\"section\" data-e-type=\"section\">\n\t\t\t\t\t\t<div class=\"elementor-container elementor-column-gap-default\">\n\t\t\t\t\t<div class=\"elementor-column elementor-col-100 elementor-top-column elementor-element elementor-element-3d6d0f6\" data-id=\"3d6d0f6\" data-element_type=\"column\" data-e-type=\"column\">\n\t\t\t<div class=\"elementor-widget-wrap elementor-element-populated\">\n\t\t\t\t\t\t<div class=\"elementor-element elementor-element-9cad29b elementor-widget elementor-widget-text-editor\" data-id=\"9cad29b\" data-element_type=\"widget\" data-e-type=\"widget\" data-widget_type=\"text-editor.default\">\n\t\t\t\t<div class=\"elementor-widget-container\">\n\t\t\t\t\t\t\t\t\t<p>Tekst opublikowany w <a href=\"https:\/\/wydawnictwo.sbp.pl\/poradnik-bibliotekarza-7-8-2021,66,32.html\">Poradniku Bibliotekarza Nr 7-8\/2021<\/a><\/p>\t\t\t\t\t\t\t\t<\/div>\n\t\t\t\t<\/div>\n\t\t\t\t\t<\/div>\n\t\t<\/div>\n\t\t\t\t\t<\/div>\n\t\t<\/section>\n\t\t\t\t<section class=\"elementor-section elementor-top-section elementor-element elementor-element-da25ca9 elementor-section-boxed elementor-section-height-default elementor-section-height-default\" data-id=\"da25ca9\" data-element_type=\"section\" data-e-type=\"section\">\n\t\t\t\t\t\t<div class=\"elementor-container elementor-column-gap-default\">\n\t\t\t\t\t<div class=\"elementor-column elementor-col-100 elementor-top-column elementor-element elementor-element-492f8d5\" data-id=\"492f8d5\" data-element_type=\"column\" data-e-type=\"column\">\n\t\t\t<div class=\"elementor-widget-wrap elementor-element-populated\">\n\t\t\t\t\t\t<div class=\"elementor-element elementor-element-9faea37 elementor-widget elementor-widget-image\" data-id=\"9faea37\" data-element_type=\"widget\" data-e-type=\"widget\" data-widget_type=\"image.default\">\n\t\t\t\t<div class=\"elementor-widget-container\">\n\t\t\t\t\t\t\t\t\t\t\t\t\t\t\t<img fetchpriority=\"high\" decoding=\"async\" width=\"652\" height=\"920\" src=\"https:\/\/www.mbp.chrzanow.pl\/akademiaslowa\/wp-content\/uploads\/2021\/09\/NAKLADKA-WWW_FELETON-Wakacyjne-MUST-READ.jpg\" class=\"attachment-large size-large wp-image-1330\" alt=\"\" srcset=\"https:\/\/www.mbp.chrzanow.pl\/akademiaslowa\/wp-content\/uploads\/2021\/09\/NAKLADKA-WWW_FELETON-Wakacyjne-MUST-READ.jpg 652w, https:\/\/www.mbp.chrzanow.pl\/akademiaslowa\/wp-content\/uploads\/2021\/09\/NAKLADKA-WWW_FELETON-Wakacyjne-MUST-READ-213x300.jpg 213w\" sizes=\"(max-width: 652px) 100vw, 652px\" \/>\t\t\t\t\t\t\t\t\t\t\t\t\t\t\t<\/div>\n\t\t\t\t<\/div>\n\t\t\t\t\t<\/div>\n\t\t<\/div>\n\t\t\t\t\t<\/div>\n\t\t<\/section>\n\t\t\t\t<section class=\"elementor-section elementor-inner-section elementor-element elementor-element-26a552c3 elementor-section-boxed elementor-section-height-default elementor-section-height-default\" data-id=\"26a552c3\" data-element_type=\"section\" data-e-type=\"section\">\n\t\t\t\t\t\t<div class=\"elementor-container elementor-column-gap-default\">\n\t\t\t\t\t<div class=\"elementor-column elementor-col-25 elementor-inner-column elementor-element elementor-element-47a8033d\" data-id=\"47a8033d\" data-element_type=\"column\" data-e-type=\"column\">\n\t\t\t<div class=\"elementor-widget-wrap\">\n\t\t\t\t\t\t\t<\/div>\n\t\t<\/div>\n\t\t\t\t<div class=\"elementor-column elementor-col-25 elementor-inner-column elementor-element elementor-element-41c348ce\" data-id=\"41c348ce\" data-element_type=\"column\" data-e-type=\"column\">\n\t\t\t<div class=\"elementor-widget-wrap elementor-element-populated\">\n\t\t\t\t\t\t<div class=\"elementor-element elementor-element-726c3422 elementor-align-center elementor-icon-list--layout-traditional elementor-list-item-link-full_width elementor-widget elementor-widget-icon-list\" data-id=\"726c3422\" data-element_type=\"widget\" data-e-type=\"widget\" data-widget_type=\"icon-list.default\">\n\t\t\t\t<div class=\"elementor-widget-container\">\n\t\t\t\t\t\t\t<ul class=\"elementor-icon-list-items\">\n\t\t\t\t\t\t\t<li class=\"elementor-icon-list-item\">\n\t\t\t\t\t\t\t\t\t\t\t<a href=\"https:\/\/www.facebook.com\/mbp.chrzanow\/\" target=\"_blank\">\n\n\t\t\t\t\t\t\t\t\t\t\t\t<span class=\"elementor-icon-list-icon\">\n\t\t\t\t\t\t\t<i aria-hidden=\"true\" class=\"fab fa-facebook-square\"><\/i>\t\t\t\t\t\t<\/span>\n\t\t\t\t\t\t\t\t\t\t<span class=\"elementor-icon-list-text\"><\/span>\n\t\t\t\t\t\t\t\t\t\t\t<\/a>\n\t\t\t\t\t\t\t\t\t<\/li>\n\t\t\t\t\t\t<\/ul>\n\t\t\t\t\t\t<\/div>\n\t\t\t\t<\/div>\n\t\t\t\t\t<\/div>\n\t\t<\/div>\n\t\t\t\t<div class=\"elementor-column elementor-col-25 elementor-inner-column elementor-element elementor-element-5fbb593e\" data-id=\"5fbb593e\" data-element_type=\"column\" data-e-type=\"column\">\n\t\t\t<div class=\"elementor-widget-wrap elementor-element-populated\">\n\t\t\t\t\t\t<div class=\"elementor-element elementor-element-35f9fbae elementor-align-center elementor-icon-list--layout-traditional elementor-list-item-link-full_width elementor-widget elementor-widget-icon-list\" data-id=\"35f9fbae\" data-element_type=\"widget\" data-e-type=\"widget\" data-widget_type=\"icon-list.default\">\n\t\t\t\t<div class=\"elementor-widget-container\">\n\t\t\t\t\t\t\t<ul class=\"elementor-icon-list-items\">\n\t\t\t\t\t\t\t<li class=\"elementor-icon-list-item\">\n\t\t\t\t\t\t\t\t\t\t\t<a href=\"https:\/\/www.instagram.com\/mbp_chrzanow\/\" target=\"_blank\">\n\n\t\t\t\t\t\t\t\t\t\t\t\t<span class=\"elementor-icon-list-icon\">\n\t\t\t\t\t\t\t<i aria-hidden=\"true\" class=\"fab fa-instagram\"><\/i>\t\t\t\t\t\t<\/span>\n\t\t\t\t\t\t\t\t\t\t<span class=\"elementor-icon-list-text\"><\/span>\n\t\t\t\t\t\t\t\t\t\t\t<\/a>\n\t\t\t\t\t\t\t\t\t<\/li>\n\t\t\t\t\t\t<\/ul>\n\t\t\t\t\t\t<\/div>\n\t\t\t\t<\/div>\n\t\t\t\t\t<\/div>\n\t\t<\/div>\n\t\t\t\t<div class=\"elementor-column elementor-col-25 elementor-inner-column elementor-element elementor-element-b122d03\" data-id=\"b122d03\" data-element_type=\"column\" data-e-type=\"column\">\n\t\t\t<div class=\"elementor-widget-wrap elementor-element-populated\">\n\t\t\t\t\t\t<div class=\"elementor-element elementor-element-339d0565 elementor-align-center elementor-icon-list--layout-traditional elementor-list-item-link-full_width elementor-widget elementor-widget-icon-list\" data-id=\"339d0565\" data-element_type=\"widget\" data-e-type=\"widget\" data-widget_type=\"icon-list.default\">\n\t\t\t\t<div class=\"elementor-widget-container\">\n\t\t\t\t\t\t\t<ul class=\"elementor-icon-list-items\">\n\t\t\t\t\t\t\t<li class=\"elementor-icon-list-item\">\n\t\t\t\t\t\t\t\t\t\t\t<a href=\"https:\/\/www.youtube.com\/user\/MBPChrzanow\" target=\"_blank\">\n\n\t\t\t\t\t\t\t\t\t\t\t\t<span class=\"elementor-icon-list-icon\">\n\t\t\t\t\t\t\t<i aria-hidden=\"true\" class=\"fab fa-youtube\"><\/i>\t\t\t\t\t\t<\/span>\n\t\t\t\t\t\t\t\t\t\t<span class=\"elementor-icon-list-text\"><\/span>\n\t\t\t\t\t\t\t\t\t\t\t<\/a>\n\t\t\t\t\t\t\t\t\t<\/li>\n\t\t\t\t\t\t<\/ul>\n\t\t\t\t\t\t<\/div>\n\t\t\t\t<\/div>\n\t\t\t\t\t<\/div>\n\t\t<\/div>\n\t\t\t\t\t<\/div>\n\t\t<\/section>\n\t\t\t\t<\/div>\n\t\t","protected":false},"excerpt":{"rendered":"<p> [&hellip;]<\/p>\n","protected":false},"author":3,"featured_media":0,"comment_status":"open","ping_status":"open","sticky":false,"template":"","format":"standard","meta":{"footnotes":""},"categories":[11],"tags":[23,27,28],"class_list":["post-1324","post","type-post","status-publish","format-standard","hentry","category-felietony","tag-23","tag-felieton","tag-olga-nowicka"],"yoast_head":"<!-- This site is optimized with the Yoast SEO plugin v27.5 - https:\/\/yoast.com\/product\/yoast-seo-wordpress\/ -->\n<title>Felieton Olgi Nowickiej - wrzesie\u0144 2021 - Akademia S\u0142owa - Chrzan\u00f3w<\/title>\n<meta name=\"robots\" content=\"index, follow, max-snippet:-1, max-image-preview:large, max-video-preview:-1\" \/>\n<link rel=\"canonical\" href=\"https:\/\/www.mbp.chrzanow.pl\/akademiaslowa\/index.php\/2021\/09\/13\/felieton-olgi-nowickiej-wrzesien-2021\/\" \/>\n<meta property=\"og:locale\" content=\"pl_PL\" \/>\n<meta property=\"og:type\" content=\"article\" \/>\n<meta property=\"og:title\" content=\"Felieton Olgi Nowickiej - wrzesie\u0144 2021 - Akademia S\u0142owa - Chrzan\u00f3w\" \/>\n<meta property=\"og:description\" content=\"[&hellip;]\" \/>\n<meta property=\"og:url\" content=\"https:\/\/www.mbp.chrzanow.pl\/akademiaslowa\/index.php\/2021\/09\/13\/felieton-olgi-nowickiej-wrzesien-2021\/\" \/>\n<meta property=\"og:site_name\" content=\"Akademia S\u0142owa - Chrzan\u00f3w\" \/>\n<meta property=\"article:published_time\" content=\"2021-09-13T12:54:20+00:00\" \/>\n<meta property=\"article:modified_time\" content=\"2021-09-22T08:55:22+00:00\" \/>\n<meta property=\"og:image\" content=\"http:\/\/www.mbp.chrzanow.pl\/akademiaslowa\/wp-content\/uploads\/2021\/09\/NAKLADKA-WWW_FELETON-Wakacyjne-MUST-READ.jpg\" \/>\n<meta name=\"author\" content=\"Prom\" \/>\n<meta name=\"twitter:card\" content=\"summary_large_image\" \/>\n<meta name=\"twitter:label1\" content=\"Napisane przez\" \/>\n\t<meta name=\"twitter:data1\" content=\"Prom\" \/>\n\t<meta name=\"twitter:label2\" content=\"Szacowany czas czytania\" \/>\n\t<meta name=\"twitter:data2\" content=\"5 minut\" \/>\n<script type=\"application\/ld+json\" class=\"yoast-schema-graph\">{\"@context\":\"https:\\\/\\\/schema.org\",\"@graph\":[{\"@type\":\"Article\",\"@id\":\"https:\\\/\\\/www.mbp.chrzanow.pl\\\/akademiaslowa\\\/index.php\\\/2021\\\/09\\\/13\\\/felieton-olgi-nowickiej-wrzesien-2021\\\/#article\",\"isPartOf\":{\"@id\":\"https:\\\/\\\/www.mbp.chrzanow.pl\\\/akademiaslowa\\\/index.php\\\/2021\\\/09\\\/13\\\/felieton-olgi-nowickiej-wrzesien-2021\\\/\"},\"author\":{\"name\":\"Prom\",\"@id\":\"https:\\\/\\\/www.mbp.chrzanow.pl\\\/akademiaslowa\\\/#\\\/schema\\\/person\\\/fe7a35ef0376d4e76846aeae319d9fd8\"},\"headline\":\"Felieton Olgi Nowickiej &#8211; wrzesie\u0144 2021\",\"datePublished\":\"2021-09-13T12:54:20+00:00\",\"dateModified\":\"2021-09-22T08:55:22+00:00\",\"mainEntityOfPage\":{\"@id\":\"https:\\\/\\\/www.mbp.chrzanow.pl\\\/akademiaslowa\\\/index.php\\\/2021\\\/09\\\/13\\\/felieton-olgi-nowickiej-wrzesien-2021\\\/\"},\"wordCount\":978,\"commentCount\":0,\"publisher\":{\"@id\":\"https:\\\/\\\/www.mbp.chrzanow.pl\\\/akademiaslowa\\\/#organization\"},\"image\":{\"@id\":\"https:\\\/\\\/www.mbp.chrzanow.pl\\\/akademiaslowa\\\/index.php\\\/2021\\\/09\\\/13\\\/felieton-olgi-nowickiej-wrzesien-2021\\\/#primaryimage\"},\"thumbnailUrl\":\"http:\\\/\\\/www.mbp.chrzanow.pl\\\/akademiaslowa\\\/wp-content\\\/uploads\\\/2021\\\/09\\\/NAKLADKA-WWW_FELETON-Wakacyjne-MUST-READ.jpg\",\"keywords\":[\"2021\",\"Felieton\",\"Olga Nowicka\"],\"articleSection\":[\"Felietony\"],\"inLanguage\":\"pl-PL\",\"potentialAction\":[{\"@type\":\"CommentAction\",\"name\":\"Comment\",\"target\":[\"https:\\\/\\\/www.mbp.chrzanow.pl\\\/akademiaslowa\\\/index.php\\\/2021\\\/09\\\/13\\\/felieton-olgi-nowickiej-wrzesien-2021\\\/#respond\"]}]},{\"@type\":\"WebPage\",\"@id\":\"https:\\\/\\\/www.mbp.chrzanow.pl\\\/akademiaslowa\\\/index.php\\\/2021\\\/09\\\/13\\\/felieton-olgi-nowickiej-wrzesien-2021\\\/\",\"url\":\"https:\\\/\\\/www.mbp.chrzanow.pl\\\/akademiaslowa\\\/index.php\\\/2021\\\/09\\\/13\\\/felieton-olgi-nowickiej-wrzesien-2021\\\/\",\"name\":\"Felieton Olgi Nowickiej - wrzesie\u0144 2021 - Akademia S\u0142owa - Chrzan\u00f3w\",\"isPartOf\":{\"@id\":\"https:\\\/\\\/www.mbp.chrzanow.pl\\\/akademiaslowa\\\/#website\"},\"primaryImageOfPage\":{\"@id\":\"https:\\\/\\\/www.mbp.chrzanow.pl\\\/akademiaslowa\\\/index.php\\\/2021\\\/09\\\/13\\\/felieton-olgi-nowickiej-wrzesien-2021\\\/#primaryimage\"},\"image\":{\"@id\":\"https:\\\/\\\/www.mbp.chrzanow.pl\\\/akademiaslowa\\\/index.php\\\/2021\\\/09\\\/13\\\/felieton-olgi-nowickiej-wrzesien-2021\\\/#primaryimage\"},\"thumbnailUrl\":\"http:\\\/\\\/www.mbp.chrzanow.pl\\\/akademiaslowa\\\/wp-content\\\/uploads\\\/2021\\\/09\\\/NAKLADKA-WWW_FELETON-Wakacyjne-MUST-READ.jpg\",\"datePublished\":\"2021-09-13T12:54:20+00:00\",\"dateModified\":\"2021-09-22T08:55:22+00:00\",\"breadcrumb\":{\"@id\":\"https:\\\/\\\/www.mbp.chrzanow.pl\\\/akademiaslowa\\\/index.php\\\/2021\\\/09\\\/13\\\/felieton-olgi-nowickiej-wrzesien-2021\\\/#breadcrumb\"},\"inLanguage\":\"pl-PL\",\"potentialAction\":[{\"@type\":\"ReadAction\",\"target\":[\"https:\\\/\\\/www.mbp.chrzanow.pl\\\/akademiaslowa\\\/index.php\\\/2021\\\/09\\\/13\\\/felieton-olgi-nowickiej-wrzesien-2021\\\/\"]}]},{\"@type\":\"ImageObject\",\"inLanguage\":\"pl-PL\",\"@id\":\"https:\\\/\\\/www.mbp.chrzanow.pl\\\/akademiaslowa\\\/index.php\\\/2021\\\/09\\\/13\\\/felieton-olgi-nowickiej-wrzesien-2021\\\/#primaryimage\",\"url\":\"https:\\\/\\\/www.mbp.chrzanow.pl\\\/akademiaslowa\\\/wp-content\\\/uploads\\\/2021\\\/09\\\/NAKLADKA-WWW_FELETON-Wakacyjne-MUST-READ.jpg\",\"contentUrl\":\"https:\\\/\\\/www.mbp.chrzanow.pl\\\/akademiaslowa\\\/wp-content\\\/uploads\\\/2021\\\/09\\\/NAKLADKA-WWW_FELETON-Wakacyjne-MUST-READ.jpg\",\"width\":652,\"height\":920},{\"@type\":\"BreadcrumbList\",\"@id\":\"https:\\\/\\\/www.mbp.chrzanow.pl\\\/akademiaslowa\\\/index.php\\\/2021\\\/09\\\/13\\\/felieton-olgi-nowickiej-wrzesien-2021\\\/#breadcrumb\",\"itemListElement\":[{\"@type\":\"ListItem\",\"position\":1,\"name\":\"Strona g\u0142\u00f3wna\",\"item\":\"https:\\\/\\\/www.mbp.chrzanow.pl\\\/akademiaslowa\\\/\"},{\"@type\":\"ListItem\",\"position\":2,\"name\":\"Felieton Olgi Nowickiej &#8211; wrzesie\u0144 2021\"}]},{\"@type\":\"WebSite\",\"@id\":\"https:\\\/\\\/www.mbp.chrzanow.pl\\\/akademiaslowa\\\/#website\",\"url\":\"https:\\\/\\\/www.mbp.chrzanow.pl\\\/akademiaslowa\\\/\",\"name\":\"Akademia S\u0142owa - Chrzan\u00f3w\",\"description\":\"Czym poezja...\",\"publisher\":{\"@id\":\"https:\\\/\\\/www.mbp.chrzanow.pl\\\/akademiaslowa\\\/#organization\"},\"potentialAction\":[{\"@type\":\"SearchAction\",\"target\":{\"@type\":\"EntryPoint\",\"urlTemplate\":\"https:\\\/\\\/www.mbp.chrzanow.pl\\\/akademiaslowa\\\/?s={search_term_string}\"},\"query-input\":{\"@type\":\"PropertyValueSpecification\",\"valueRequired\":true,\"valueName\":\"search_term_string\"}}],\"inLanguage\":\"pl-PL\"},{\"@type\":\"Organization\",\"@id\":\"https:\\\/\\\/www.mbp.chrzanow.pl\\\/akademiaslowa\\\/#organization\",\"name\":\"Akademia S\u0142owa Chrzan\u00f3w\",\"url\":\"https:\\\/\\\/www.mbp.chrzanow.pl\\\/akademiaslowa\\\/\",\"logo\":{\"@type\":\"ImageObject\",\"inLanguage\":\"pl-PL\",\"@id\":\"https:\\\/\\\/www.mbp.chrzanow.pl\\\/akademiaslowa\\\/#\\\/schema\\\/logo\\\/image\\\/\",\"url\":\"https:\\\/\\\/www.mbp.chrzanow.pl\\\/akademiaslowa\\\/wp-content\\\/uploads\\\/2017\\\/12\\\/AkademiaSlowa_www.jpg\",\"contentUrl\":\"https:\\\/\\\/www.mbp.chrzanow.pl\\\/akademiaslowa\\\/wp-content\\\/uploads\\\/2017\\\/12\\\/AkademiaSlowa_www.jpg\",\"width\":500,\"height\":79,\"caption\":\"Akademia S\u0142owa Chrzan\u00f3w\"},\"image\":{\"@id\":\"https:\\\/\\\/www.mbp.chrzanow.pl\\\/akademiaslowa\\\/#\\\/schema\\\/logo\\\/image\\\/\"}},{\"@type\":\"Person\",\"@id\":\"https:\\\/\\\/www.mbp.chrzanow.pl\\\/akademiaslowa\\\/#\\\/schema\\\/person\\\/fe7a35ef0376d4e76846aeae319d9fd8\",\"name\":\"Prom\",\"image\":{\"@type\":\"ImageObject\",\"inLanguage\":\"pl-PL\",\"@id\":\"https:\\\/\\\/secure.gravatar.com\\\/avatar\\\/f60fbd4aa9e3207ab0785fd91859281f74f6e854743680d402cbd83a1b744580?s=96&d=mm&r=g\",\"url\":\"https:\\\/\\\/secure.gravatar.com\\\/avatar\\\/f60fbd4aa9e3207ab0785fd91859281f74f6e854743680d402cbd83a1b744580?s=96&d=mm&r=g\",\"contentUrl\":\"https:\\\/\\\/secure.gravatar.com\\\/avatar\\\/f60fbd4aa9e3207ab0785fd91859281f74f6e854743680d402cbd83a1b744580?s=96&d=mm&r=g\",\"caption\":\"Prom\"},\"url\":\"https:\\\/\\\/www.mbp.chrzanow.pl\\\/akademiaslowa\\\/index.php\\\/author\\\/promocja\\\/\"}]}<\/script>\n<!-- \/ Yoast SEO plugin. -->","yoast_head_json":{"title":"Felieton Olgi Nowickiej - wrzesie\u0144 2021 - Akademia S\u0142owa - Chrzan\u00f3w","robots":{"index":"index","follow":"follow","max-snippet":"max-snippet:-1","max-image-preview":"max-image-preview:large","max-video-preview":"max-video-preview:-1"},"canonical":"https:\/\/www.mbp.chrzanow.pl\/akademiaslowa\/index.php\/2021\/09\/13\/felieton-olgi-nowickiej-wrzesien-2021\/","og_locale":"pl_PL","og_type":"article","og_title":"Felieton Olgi Nowickiej - wrzesie\u0144 2021 - Akademia S\u0142owa - Chrzan\u00f3w","og_description":"[&hellip;]","og_url":"https:\/\/www.mbp.chrzanow.pl\/akademiaslowa\/index.php\/2021\/09\/13\/felieton-olgi-nowickiej-wrzesien-2021\/","og_site_name":"Akademia S\u0142owa - Chrzan\u00f3w","article_published_time":"2021-09-13T12:54:20+00:00","article_modified_time":"2021-09-22T08:55:22+00:00","og_image":[{"url":"http:\/\/www.mbp.chrzanow.pl\/akademiaslowa\/wp-content\/uploads\/2021\/09\/NAKLADKA-WWW_FELETON-Wakacyjne-MUST-READ.jpg","type":"","width":"","height":""}],"author":"Prom","twitter_card":"summary_large_image","twitter_misc":{"Napisane przez":"Prom","Szacowany czas czytania":"5 minut"},"schema":{"@context":"https:\/\/schema.org","@graph":[{"@type":"Article","@id":"https:\/\/www.mbp.chrzanow.pl\/akademiaslowa\/index.php\/2021\/09\/13\/felieton-olgi-nowickiej-wrzesien-2021\/#article","isPartOf":{"@id":"https:\/\/www.mbp.chrzanow.pl\/akademiaslowa\/index.php\/2021\/09\/13\/felieton-olgi-nowickiej-wrzesien-2021\/"},"author":{"name":"Prom","@id":"https:\/\/www.mbp.chrzanow.pl\/akademiaslowa\/#\/schema\/person\/fe7a35ef0376d4e76846aeae319d9fd8"},"headline":"Felieton Olgi Nowickiej &#8211; wrzesie\u0144 2021","datePublished":"2021-09-13T12:54:20+00:00","dateModified":"2021-09-22T08:55:22+00:00","mainEntityOfPage":{"@id":"https:\/\/www.mbp.chrzanow.pl\/akademiaslowa\/index.php\/2021\/09\/13\/felieton-olgi-nowickiej-wrzesien-2021\/"},"wordCount":978,"commentCount":0,"publisher":{"@id":"https:\/\/www.mbp.chrzanow.pl\/akademiaslowa\/#organization"},"image":{"@id":"https:\/\/www.mbp.chrzanow.pl\/akademiaslowa\/index.php\/2021\/09\/13\/felieton-olgi-nowickiej-wrzesien-2021\/#primaryimage"},"thumbnailUrl":"http:\/\/www.mbp.chrzanow.pl\/akademiaslowa\/wp-content\/uploads\/2021\/09\/NAKLADKA-WWW_FELETON-Wakacyjne-MUST-READ.jpg","keywords":["2021","Felieton","Olga Nowicka"],"articleSection":["Felietony"],"inLanguage":"pl-PL","potentialAction":[{"@type":"CommentAction","name":"Comment","target":["https:\/\/www.mbp.chrzanow.pl\/akademiaslowa\/index.php\/2021\/09\/13\/felieton-olgi-nowickiej-wrzesien-2021\/#respond"]}]},{"@type":"WebPage","@id":"https:\/\/www.mbp.chrzanow.pl\/akademiaslowa\/index.php\/2021\/09\/13\/felieton-olgi-nowickiej-wrzesien-2021\/","url":"https:\/\/www.mbp.chrzanow.pl\/akademiaslowa\/index.php\/2021\/09\/13\/felieton-olgi-nowickiej-wrzesien-2021\/","name":"Felieton Olgi Nowickiej - wrzesie\u0144 2021 - Akademia S\u0142owa - Chrzan\u00f3w","isPartOf":{"@id":"https:\/\/www.mbp.chrzanow.pl\/akademiaslowa\/#website"},"primaryImageOfPage":{"@id":"https:\/\/www.mbp.chrzanow.pl\/akademiaslowa\/index.php\/2021\/09\/13\/felieton-olgi-nowickiej-wrzesien-2021\/#primaryimage"},"image":{"@id":"https:\/\/www.mbp.chrzanow.pl\/akademiaslowa\/index.php\/2021\/09\/13\/felieton-olgi-nowickiej-wrzesien-2021\/#primaryimage"},"thumbnailUrl":"http:\/\/www.mbp.chrzanow.pl\/akademiaslowa\/wp-content\/uploads\/2021\/09\/NAKLADKA-WWW_FELETON-Wakacyjne-MUST-READ.jpg","datePublished":"2021-09-13T12:54:20+00:00","dateModified":"2021-09-22T08:55:22+00:00","breadcrumb":{"@id":"https:\/\/www.mbp.chrzanow.pl\/akademiaslowa\/index.php\/2021\/09\/13\/felieton-olgi-nowickiej-wrzesien-2021\/#breadcrumb"},"inLanguage":"pl-PL","potentialAction":[{"@type":"ReadAction","target":["https:\/\/www.mbp.chrzanow.pl\/akademiaslowa\/index.php\/2021\/09\/13\/felieton-olgi-nowickiej-wrzesien-2021\/"]}]},{"@type":"ImageObject","inLanguage":"pl-PL","@id":"https:\/\/www.mbp.chrzanow.pl\/akademiaslowa\/index.php\/2021\/09\/13\/felieton-olgi-nowickiej-wrzesien-2021\/#primaryimage","url":"https:\/\/www.mbp.chrzanow.pl\/akademiaslowa\/wp-content\/uploads\/2021\/09\/NAKLADKA-WWW_FELETON-Wakacyjne-MUST-READ.jpg","contentUrl":"https:\/\/www.mbp.chrzanow.pl\/akademiaslowa\/wp-content\/uploads\/2021\/09\/NAKLADKA-WWW_FELETON-Wakacyjne-MUST-READ.jpg","width":652,"height":920},{"@type":"BreadcrumbList","@id":"https:\/\/www.mbp.chrzanow.pl\/akademiaslowa\/index.php\/2021\/09\/13\/felieton-olgi-nowickiej-wrzesien-2021\/#breadcrumb","itemListElement":[{"@type":"ListItem","position":1,"name":"Strona g\u0142\u00f3wna","item":"https:\/\/www.mbp.chrzanow.pl\/akademiaslowa\/"},{"@type":"ListItem","position":2,"name":"Felieton Olgi Nowickiej &#8211; wrzesie\u0144 2021"}]},{"@type":"WebSite","@id":"https:\/\/www.mbp.chrzanow.pl\/akademiaslowa\/#website","url":"https:\/\/www.mbp.chrzanow.pl\/akademiaslowa\/","name":"Akademia S\u0142owa - Chrzan\u00f3w","description":"Czym poezja...","publisher":{"@id":"https:\/\/www.mbp.chrzanow.pl\/akademiaslowa\/#organization"},"potentialAction":[{"@type":"SearchAction","target":{"@type":"EntryPoint","urlTemplate":"https:\/\/www.mbp.chrzanow.pl\/akademiaslowa\/?s={search_term_string}"},"query-input":{"@type":"PropertyValueSpecification","valueRequired":true,"valueName":"search_term_string"}}],"inLanguage":"pl-PL"},{"@type":"Organization","@id":"https:\/\/www.mbp.chrzanow.pl\/akademiaslowa\/#organization","name":"Akademia S\u0142owa Chrzan\u00f3w","url":"https:\/\/www.mbp.chrzanow.pl\/akademiaslowa\/","logo":{"@type":"ImageObject","inLanguage":"pl-PL","@id":"https:\/\/www.mbp.chrzanow.pl\/akademiaslowa\/#\/schema\/logo\/image\/","url":"https:\/\/www.mbp.chrzanow.pl\/akademiaslowa\/wp-content\/uploads\/2017\/12\/AkademiaSlowa_www.jpg","contentUrl":"https:\/\/www.mbp.chrzanow.pl\/akademiaslowa\/wp-content\/uploads\/2017\/12\/AkademiaSlowa_www.jpg","width":500,"height":79,"caption":"Akademia S\u0142owa Chrzan\u00f3w"},"image":{"@id":"https:\/\/www.mbp.chrzanow.pl\/akademiaslowa\/#\/schema\/logo\/image\/"}},{"@type":"Person","@id":"https:\/\/www.mbp.chrzanow.pl\/akademiaslowa\/#\/schema\/person\/fe7a35ef0376d4e76846aeae319d9fd8","name":"Prom","image":{"@type":"ImageObject","inLanguage":"pl-PL","@id":"https:\/\/secure.gravatar.com\/avatar\/f60fbd4aa9e3207ab0785fd91859281f74f6e854743680d402cbd83a1b744580?s=96&d=mm&r=g","url":"https:\/\/secure.gravatar.com\/avatar\/f60fbd4aa9e3207ab0785fd91859281f74f6e854743680d402cbd83a1b744580?s=96&d=mm&r=g","contentUrl":"https:\/\/secure.gravatar.com\/avatar\/f60fbd4aa9e3207ab0785fd91859281f74f6e854743680d402cbd83a1b744580?s=96&d=mm&r=g","caption":"Prom"},"url":"https:\/\/www.mbp.chrzanow.pl\/akademiaslowa\/index.php\/author\/promocja\/"}]}},"_links":{"self":[{"href":"https:\/\/www.mbp.chrzanow.pl\/akademiaslowa\/index.php\/wp-json\/wp\/v2\/posts\/1324","targetHints":{"allow":["GET"]}}],"collection":[{"href":"https:\/\/www.mbp.chrzanow.pl\/akademiaslowa\/index.php\/wp-json\/wp\/v2\/posts"}],"about":[{"href":"https:\/\/www.mbp.chrzanow.pl\/akademiaslowa\/index.php\/wp-json\/wp\/v2\/types\/post"}],"author":[{"embeddable":true,"href":"https:\/\/www.mbp.chrzanow.pl\/akademiaslowa\/index.php\/wp-json\/wp\/v2\/users\/3"}],"replies":[{"embeddable":true,"href":"https:\/\/www.mbp.chrzanow.pl\/akademiaslowa\/index.php\/wp-json\/wp\/v2\/comments?post=1324"}],"version-history":[{"count":10,"href":"https:\/\/www.mbp.chrzanow.pl\/akademiaslowa\/index.php\/wp-json\/wp\/v2\/posts\/1324\/revisions"}],"predecessor-version":[{"id":1336,"href":"https:\/\/www.mbp.chrzanow.pl\/akademiaslowa\/index.php\/wp-json\/wp\/v2\/posts\/1324\/revisions\/1336"}],"wp:attachment":[{"href":"https:\/\/www.mbp.chrzanow.pl\/akademiaslowa\/index.php\/wp-json\/wp\/v2\/media?parent=1324"}],"wp:term":[{"taxonomy":"category","embeddable":true,"href":"https:\/\/www.mbp.chrzanow.pl\/akademiaslowa\/index.php\/wp-json\/wp\/v2\/categories?post=1324"},{"taxonomy":"post_tag","embeddable":true,"href":"https:\/\/www.mbp.chrzanow.pl\/akademiaslowa\/index.php\/wp-json\/wp\/v2\/tags?post=1324"}],"curies":[{"name":"wp","href":"https:\/\/api.w.org\/{rel}","templated":true}]}}