{"id":1341,"date":"2021-09-28T10:00:38","date_gmt":"2021-09-28T08:00:38","guid":{"rendered":"https:\/\/www.mbp.chrzanow.pl\/akademiaslowa\/?p=1341"},"modified":"2021-10-05T08:40:24","modified_gmt":"2021-10-05T06:40:24","slug":"felieton-olgi-nowickiej-wrzesien-2021-2","status":"publish","type":"post","link":"https:\/\/www.mbp.chrzanow.pl\/akademiaslowa\/index.php\/2021\/09\/28\/felieton-olgi-nowickiej-wrzesien-2021-2\/","title":{"rendered":"Felieton Olgi Nowickiej &#8211; wrzesie\u0144 2021"},"content":{"rendered":"\t\t<div data-elementor-type=\"wp-post\" data-elementor-id=\"1341\" class=\"elementor elementor-1341\">\n\t\t\t\t\t\t<section class=\"elementor-section elementor-top-section elementor-element elementor-element-3e33bfee elementor-section-boxed elementor-section-height-default elementor-section-height-default\" data-id=\"3e33bfee\" data-element_type=\"section\" data-e-type=\"section\">\n\t\t\t\t\t\t<div class=\"elementor-container elementor-column-gap-default\">\n\t\t\t\t\t<div class=\"elementor-column elementor-col-100 elementor-top-column elementor-element elementor-element-45c3aa4b\" data-id=\"45c3aa4b\" data-element_type=\"column\" data-e-type=\"column\">\n\t\t\t<div class=\"elementor-widget-wrap elementor-element-populated\">\n\t\t\t\t\t\t<div class=\"elementor-element elementor-element-2cc04b85 elementor-widget elementor-widget-text-editor\" data-id=\"2cc04b85\" data-element_type=\"widget\" data-e-type=\"widget\" data-widget_type=\"text-editor.default\">\n\t\t\t\t<div class=\"elementor-widget-container\">\n\t\t\t\t\t\t\t\t\t<p><strong>S\u0142owo czy obraz &#8211; oto jest pytanie?<\/strong><\/p>\t\t\t\t\t\t\t\t<\/div>\n\t\t\t\t<\/div>\n\t\t\t\t\t<\/div>\n\t\t<\/div>\n\t\t\t\t\t<\/div>\n\t\t<\/section>\n\t\t\t\t<section class=\"elementor-section elementor-top-section elementor-element elementor-element-230bff6d elementor-section-boxed elementor-section-height-default elementor-section-height-default\" data-id=\"230bff6d\" data-element_type=\"section\" data-e-type=\"section\">\n\t\t\t\t\t\t<div class=\"elementor-container elementor-column-gap-default\">\n\t\t\t\t\t<div class=\"elementor-column elementor-col-100 elementor-top-column elementor-element elementor-element-2b86b4c9\" data-id=\"2b86b4c9\" data-element_type=\"column\" data-e-type=\"column\">\n\t\t\t<div class=\"elementor-widget-wrap elementor-element-populated\">\n\t\t\t\t\t\t<div class=\"elementor-element elementor-element-d3bf6f7 elementor-widget elementor-widget-text-editor\" data-id=\"d3bf6f7\" data-element_type=\"widget\" data-e-type=\"widget\" data-widget_type=\"text-editor.default\">\n\t\t\t\t<div class=\"elementor-widget-container\">\n\t\t\t\t\t\t\t\t\t<p>Przysz\u0142o nam \u017cy\u0107 w dobie globalizacji i unifikacji\u2026 Wi\u0119kszo\u015bci zdecydowanie bli\u017cej do obrazu ni\u017c do s\u0142owa. Nasz\u0105 specjalno\u015bci\u0105 sta\u0142o si\u0119 upraszczanie i u\u0142atwianie sobie \u017cycia. S\u0142owem\u00a0 maksymalizacja przy jak najmniejszym nak\u0142adzie. Tak aby by\u0142o szybciej i \u0142atwiej. Czy te\u017c to dobrze, czy te\u017c nie \u2013 mo\u017cna dywagowa\u0107 na r\u00f3\u017cne sposoby. Na nasz\u0105 codzienno\u015b\u0107 sk\u0142adaj\u0105 si\u0119 jednak g\u0142\u00f3wnie obrazy. Ranek wyznaczany jest kaw\u0105 z telefonem w r\u0119ku, gdy robimy <em>research <\/em>nag\u0142\u00f3wk\u00f3w &#8211; szybki przegl\u0105d co, kto i jak\u2026 skanujemy, migamy obrazkami, tre\u015bci nie doczytujemy w wi\u0119kszo\u015bci przypadk\u00f3w i owszem bywa, \u017ce kontynuujemy w tramwaju, ale te\u017c nie do ko\u0144ca.<\/p><p>Podobno a\u017c 90% informacji transmitowanej do m\u00f3zgu to jej cz\u0119\u015b\u0107 wizualna, kt\u00f3ra jest przetwarzana przez umys\u0142 60\u00a0000 razy szybciej ni\u017c tekst. A wi\u0119c zdecydowanie grafika,\u00a0 to jest to, na co w pierwszej kolejno\u015bci zwracamy uwag\u0119. Na FB czy Instagramie liczy si\u0119 obraz, a w Internecie coraz wi\u0119cej serwis\u00f3w budowanych jest wy\u0142\u0105cznie lub prawie na obrazie. Klikamy i przechodzimy dalej\u2026 \u017byjemy w skr\u00f3cie, wszystko ma by\u0107 szybkie i oczywiste. Nie mamy czasu na zastanawianie si\u0119. Szybko\u015b\u0107 komunikacji wyznacza system akronim\u00f3w i skr\u00f3t\u00f3w: Oki, XD, THX, 3M si\u0119, Pzdr \ud83d\ude42 \u2013 kt\u00f3\u017c tego nie zna, wszyscy \u0142apiemy si\u0119 na pisowni skr\u00f3conej. <strong>Jeste\u015bmy wzrokowcami i nasz\u0105 uwag\u0119 naj\u0142atwiej przyci\u0105gn\u0105\u0107 obrazem. <\/strong>Mo\u017ce by\u0107 \u0142adny i przyjemny ale te\u017c wstrz\u0105saj\u0105cy i przera\u017caj\u0105cy.<\/p><p>Tym przyd\u0142ugawym mo\u017ce wst\u0119pem chcia\u0142abym da\u0107 bodziec do zastanowienia si\u0119 w jakim kierunku zmierzamy kulturowo? My\u015bl\u0119, \u017ce historia\/kultura ko\u0142em si\u0119 toczy. Wyszli\u015bmy od rysunku naskalnego, rozwoju pisma, potem druku, a obecnie obraz ponownie odgrywa rol\u0119 znacz\u0105c\u0105. Dawno temu ludzie pierwotni uzewn\u0119trzniali swoje my\u015bli poprzez tworzenie obraz\u00f3w na \u015bcianach. Kt\u00f3\u017c by pomy\u015bla\u0142, \u017ce tak oto rozpocz\u0105\u0142 si\u0119 b\u0142yskawiczny rozw\u00f3j ludzkiej my\u015bli i komunikacji mi\u0119dzy spo\u0142eczno\u015bciami. Chaotyczne kreski, zast\u0119powane by\u0142y powoli obrazkami, kt\u00f3re przekszta\u0142ca\u0142y si\u0119 w symbole i ideogramy, na bazie kt\u00f3rych powsta\u0142y pierwsze alfabety. Pismo i druk towarzysz\u0105 nam w codziennym \u017cyciu, jednak na skutek ogromnego post\u0119pu technologicznego mamy obecnie do czynienia z zalewem informacji i eksplozj\u0105 wiedzy, przez co nasza kultura wysoko rozwini\u0119ta technicznie, staje si\u0119 kultur\u0105 obrazkow\u0105. Swoiste <em>perpetuum mobile<\/em>\u2026<\/p><p>A jak to si\u0119 ma do ksi\u0105\u017cki obrazkowej? Podobno jeden obraz wart jest wi\u0119cej ni\u017c tysi\u0105ce s\u0142\u00f3w. Zwolennicy tego stwierdzenia uwa\u017caj\u0105, \u017ce kolor, linia, kszta\u0142t czyli to co buduje obraz znacznie wi\u0119cej wywo\u0142uje skojarze\u0144 i daje mo\u017cliwo\u015b\u0107 interpretacji wi\u0119kszej ni\u017c tekst (s\u0142owa). I owszem zgadzam si\u0119 po cz\u0119\u015bci z t\u0105 tez\u0105 odno\u015bnie percepcji dzieci\u0119cej. Jak wa\u017cne s\u0105 ksi\u0105\u017ceczki obrazkowe naszych pociech wiedz\u0105 zapewne wszyscy rodziciele. Od nich bowiem zaczynamy edukacj\u0119 naszych pociech. Pokazujemy krow\u0119 i m\u00f3wimy muuuu, pokazujemy kotka i m\u00f3wimy miauuuu itd. Przy pierwszym kontakcie wzrokowym obraz nie maj\u0105 j\u0119zyka \u2013 po prostu si\u0119 go ogl\u0105da. Dopiero dodajemy do niego s\u0142owo, kt\u00f3re stanowi pewien symbol przynale\u017cny do danego j\u0119zyka. I wszystko to jest procesem, bowiem ogl\u0105danie obraz\u00f3w i rozumienie ich przekazu wymaga tak samo nauki, jak samo rozumienie tekstu pisanego. Tak wi\u0119c naturaln\u0105 bowiem rzecz\u0105 jest fakt, \u017ce u dziecka , rozwija si\u0119 umiej\u0119tno\u015b\u0107 my\u015blenia za pomoc\u0105 obraz\u00f3w.<\/p><p>W tego typu ksi\u0105\u017ceczkach tekstu jest niewiele lub nie ma go wcale. Najwa\u017cniejsz\u0105 rol\u0119 odgrywa tutaj warstwa wizualna, a tekst mo\u017ce by\u0107 tylko dodatkiem. W polskiej bibliografii brakuje podobno literatury przedmiotu po\u015bwi\u0119conej temu tematowi, przez co cz\u0119sto bywa infantylizowane. Jest to jednak nies\u0142uszne i niesprawiedliwe, bowiem geneza ksi\u0105\u017cki obrazkowej wybiega daleko, daleko wstecz.<\/p><p>Termin ksi\u0105\u017cka obrazkowa wywodzi si\u0119 od angielskiego s\u0142owa <em>picturebook<\/em>, opisuj\u0105c zjawisko kulturowe, jakim jest ksi\u0105\u017cka dla dzieci, opieraj\u0105ca si\u0119 na synergii s\u0142owa i obrazu.<\/p><p><em>Pierwsze opracowania tekstu i grafiki przeznaczone dla m\u0142odszego odbiorcy pojawi\u0142y si\u0119 w wiekach XV i XVI. By\u0142y to zazwyczaj jednokartkowe abecedariusze, z alfabetem i tekstem modlitwy, wykonane technik\u0105 drzeworytu[\u2026] Ju\u017c wtedy spe\u0142nia\u0142y funkcj\u0119 edukacyjn\u0105. Jedn\u0105 z ciekawszych ksi\u0105\u017cek przeznaczonych dla dzieci z tego okresu jest dzie\u0142o pt. Kunst und Lehrb\u00fcchlein, autorstwa Josta Ammana, szwajcarskiego rytownika, wydane w 1580 roku we<\/em><\/p><p><em>Frankfurcie nad Menem[\u2026] Kolejnym tw\u00f3rc\u0105, kt\u00f3ry odegra\u0142 znacz\u0105ca rol\u0119 w rozwoju ksi\u0105\u017cek<\/em><\/p><p><em>dla dzieci, jest Jan \u00c1mos Komensk\u00fd, czeski pedagog, filozof i reformator. W roku 1658 ukaza\u0142 si\u0119 podr\u0119cznik jego autorstwa pt. \u201eOrbis sensualium pictus\u201d, w polskim t\u0142umaczeniu znany jako \u201e\u015awiat zmys\u0142owy w obrazkach\u201d[\u2026] Mo\u017cna powiedzie\u0107, \u017ce by\u0142 obrazkowo-opisow\u0105 encyklopedi\u0105 dla najm\u0142odszych. [\u2026] W XVII i XVIII wieku ciekawym zjawiskiem by\u0142o wydawanie rycin w tonie satyrycznym, o pod\u0142o\u017cu moralizatorskim, wykonywanych<\/em><\/p><p><em>technikami graficznymi i rozprowadzanych po ca\u0142ej Europie. Jednym z najbardziej zas\u0142u\u017conych w tej dziedzinie artyst\u00f3w by\u0142 Anglik, William Hogarth[\u2026]Na tym gruncie w 1845 roku powsta\u0142a pierwsza \u2013 mo\u017cna powiedzie\u0107: kultowa \u2013 ksi\u0105\u017cka obrazkowa w kr\u0119gu kultury germa\u0144skiej, autorstwa Heinricha Hoffmanna, pod znacz\u0105cym tytu\u0142em \u201eDer Struwwelpeter\u201d (pol. \u201eSta\u015b Straszyd\u0142o lub Z\u0142ota r\u00f3\u017cd\u017cka [\u2026]\u00a0 W kulturze anglosaskiej na szczeg\u00f3lne wyr\u00f3\u017cnienie zas\u0142uguje Randolph Caldecott, przez wielu badaczy uwa\u017cany za ojca gatunku, kt\u00f3ry zdoby\u0142 s\u0142aw\u0119, przekszta\u0142caj\u0105c wiktoria\u0144sk\u0105 ksi\u0105\u017ck\u0119\u2013zabawk\u0119, w pe\u0142nowarto\u015bciow\u0105 ksi\u0105\u017ck\u0119 dla dzieci. <\/em>(<a href=\"https:\/\/rebus.us.edu.pl)%0d\">https:\/\/rebus.us.edu.pl)<\/a><\/p><p>A co w tym temacie na gruncie polskim? Pierwsza polska ksi\u0105\u017cka obrazkowa ?<em> [\u2026] Wed\u0142ug<\/em><\/p><p><em>Janiny Wierci\u0144skiej na to miano zas\u0142uguje poemat Marii Konopnickiejpt.\u201d Na jagody\u201d, wydany w roku 1902, [\u2026]\u00a0 jak i ksi\u0105\u017cka Lucjana Rydla pt.\u201d Bajka o Kasi i kr\u00f3lewiczu\u201d, wydana w 1904 roku. <\/em>( <a href=\"https:\/\/rebus.us.edu.pl)%0d\">https:\/\/rebus.us.edu.pl)<\/a><\/p><p>I tak a\u017c do czas\u00f3w obecnych, gdzie obraz ponownie \u015bwi\u0119ci swoje triumfy, ale w zupe\u0142nie innych uwarunkowaniach. Pewne jest, \u017ce funkcj\u0105 ksi\u0105\u017cek obrazkowych jest rozwijanie wra\u017cliwo\u015bci estetycznej dzieci, rozbudzanie wyobra\u017ani, kszta\u0142towanie abstrakcyjnego my\u015blenia, wprowadzanie poj\u0119\u0107 oraz szeroko rozumiana edukacja. Ale tu\u017c za ksi\u0105\u017ck\u0105 &#8211; obrazkiem musi pod\u0105\u017ca\u0107 ksi\u0105\u017cka \u2013 s\u0142owo. Bo to kolejny element uk\u0142adanki zwanej edukacj\u0105.<\/p><p>\u2026 i dalej mo\u017cna by historycznie rzecz ujmowa\u0107, ale nie o to chodzi. Moje rozwa\u017cania to raczej przyczynek do zadania pytania w obecnych warunk\u00f3w kulturowych: dok\u0105d pod\u0105\u017ca \u015bwiat w telegraficznym coraz bardziej skr\u00f3cie, skupionym na wsp\u00f3lnym mianowniku \u2013 telewidzeniu? Co jest wa\u017cniejsze s\u0142owo czy obraz? Moim zdaniem, je\u015bli kto\u015b wybra\u0142by kt\u00f3r\u0105\u015b opcj\u0119, z mety uznam go za ignoranta. Te dwa \u015bwiaty musz\u0105 przecie\u017c \u017cy\u0107 obok siebie i wzajemnie si\u0119 inspirowa\u0107. S\u0142owo nie jest wa\u017cniejsze od Obrazu. Obraz nie znaczy wi\u0119cej ni\u017c S\u0142owo. Sztuk\u0105 jest wzajemne przenikanie.<\/p><p>A jak ju\u017c te dwa \u015bwiaty \u201epo swojemu\u201d i w odpowiednich\u00a0 proporcjach adaptowa\u0107 do swojego \u017cycia w XXIw.? Zostawiam Pa\u0144stwa z tym pytaniem niczym z hamletowskim dylematem\u2026<\/p>\t\t\t\t\t\t\t\t<\/div>\n\t\t\t\t<\/div>\n\t\t\t\t\t<\/div>\n\t\t<\/div>\n\t\t\t\t\t<\/div>\n\t\t<\/section>\n\t\t\t\t<section class=\"elementor-section elementor-top-section elementor-element elementor-element-6295c69b elementor-section-boxed elementor-section-height-default elementor-section-height-default\" data-id=\"6295c69b\" data-element_type=\"section\" data-e-type=\"section\">\n\t\t\t\t\t\t<div class=\"elementor-container elementor-column-gap-default\">\n\t\t\t\t\t<div class=\"elementor-column elementor-col-100 elementor-top-column elementor-element elementor-element-55fa7b5c\" data-id=\"55fa7b5c\" data-element_type=\"column\" data-e-type=\"column\">\n\t\t\t<div class=\"elementor-widget-wrap elementor-element-populated\">\n\t\t\t\t\t\t<div class=\"elementor-element elementor-element-27528dbe elementor-widget elementor-widget-text-editor\" data-id=\"27528dbe\" data-element_type=\"widget\" data-e-type=\"widget\" data-widget_type=\"text-editor.default\">\n\t\t\t\t<div class=\"elementor-widget-container\">\n\t\t\t\t\t\t\t\t\t<p><strong>Olga Nowicka<br \/><\/strong><\/p>\t\t\t\t\t\t\t\t<\/div>\n\t\t\t\t<\/div>\n\t\t\t\t\t<\/div>\n\t\t<\/div>\n\t\t\t\t\t<\/div>\n\t\t<\/section>\n\t\t\t\t<section class=\"elementor-section elementor-top-section elementor-element elementor-element-08504fe elementor-section-boxed elementor-section-height-default elementor-section-height-default\" data-id=\"08504fe\" data-element_type=\"section\" data-e-type=\"section\">\n\t\t\t\t\t\t<div class=\"elementor-container elementor-column-gap-default\">\n\t\t\t\t\t<div class=\"elementor-column elementor-col-100 elementor-top-column elementor-element elementor-element-4dfb67c\" data-id=\"4dfb67c\" data-element_type=\"column\" data-e-type=\"column\">\n\t\t\t<div class=\"elementor-widget-wrap elementor-element-populated\">\n\t\t\t\t\t\t<div class=\"elementor-element elementor-element-3ab14e5 elementor-widget elementor-widget-text-editor\" data-id=\"3ab14e5\" data-element_type=\"widget\" data-e-type=\"widget\" data-widget_type=\"text-editor.default\">\n\t\t\t\t<div class=\"elementor-widget-container\">\n\t\t\t\t\t\t\t\t\t<p>Tekst opublikowany w <a href=\"https:\/\/wydawnictwo.sbp.pl\/poradnik-bibliotekarza-9-2021,66,33.html\">Poradniku Bibliotekarza Nr 9\/2021<\/a><\/p>\t\t\t\t\t\t\t\t<\/div>\n\t\t\t\t<\/div>\n\t\t\t\t\t<\/div>\n\t\t<\/div>\n\t\t\t\t\t<\/div>\n\t\t<\/section>\n\t\t\t\t<section class=\"elementor-section elementor-top-section elementor-element elementor-element-2027d35 elementor-section-boxed elementor-section-height-default elementor-section-height-default\" data-id=\"2027d35\" data-element_type=\"section\" data-e-type=\"section\">\n\t\t\t\t\t\t<div class=\"elementor-container elementor-column-gap-default\">\n\t\t\t\t\t<div class=\"elementor-column elementor-col-100 elementor-top-column elementor-element elementor-element-cdc49e3\" data-id=\"cdc49e3\" data-element_type=\"column\" data-e-type=\"column\">\n\t\t\t<div class=\"elementor-widget-wrap elementor-element-populated\">\n\t\t\t\t\t\t<div class=\"elementor-element elementor-element-aa7cb96 elementor-widget elementor-widget-image\" data-id=\"aa7cb96\" data-element_type=\"widget\" data-e-type=\"widget\" data-widget_type=\"image.default\">\n\t\t\t\t<div class=\"elementor-widget-container\">\n\t\t\t\t\t\t\t\t\t\t\t\t\t\t\t<img fetchpriority=\"high\" decoding=\"async\" width=\"652\" height=\"920\" src=\"https:\/\/www.mbp.chrzanow.pl\/akademiaslowa\/wp-content\/uploads\/2021\/09\/nakladka_www_slowo-czy-obraz.jpg\" class=\"attachment-large size-large wp-image-1362\" alt=\"\" srcset=\"https:\/\/www.mbp.chrzanow.pl\/akademiaslowa\/wp-content\/uploads\/2021\/09\/nakladka_www_slowo-czy-obraz.jpg 652w, https:\/\/www.mbp.chrzanow.pl\/akademiaslowa\/wp-content\/uploads\/2021\/09\/nakladka_www_slowo-czy-obraz-213x300.jpg 213w\" sizes=\"(max-width: 652px) 100vw, 652px\" \/>\t\t\t\t\t\t\t\t\t\t\t\t\t\t\t<\/div>\n\t\t\t\t<\/div>\n\t\t\t\t\t<\/div>\n\t\t<\/div>\n\t\t\t\t\t<\/div>\n\t\t<\/section>\n\t\t\t\t<section class=\"elementor-section elementor-inner-section elementor-element elementor-element-3956acae elementor-section-boxed elementor-section-height-default elementor-section-height-default\" data-id=\"3956acae\" data-element_type=\"section\" data-e-type=\"section\">\n\t\t\t\t\t\t<div class=\"elementor-container elementor-column-gap-default\">\n\t\t\t\t\t<div class=\"elementor-column elementor-col-25 elementor-inner-column elementor-element elementor-element-7d767196\" data-id=\"7d767196\" data-element_type=\"column\" data-e-type=\"column\">\n\t\t\t<div class=\"elementor-widget-wrap\">\n\t\t\t\t\t\t\t<\/div>\n\t\t<\/div>\n\t\t\t\t<div class=\"elementor-column elementor-col-25 elementor-inner-column elementor-element elementor-element-4cf4d913\" data-id=\"4cf4d913\" data-element_type=\"column\" data-e-type=\"column\">\n\t\t\t<div class=\"elementor-widget-wrap elementor-element-populated\">\n\t\t\t\t\t\t<div class=\"elementor-element elementor-element-5b077c33 elementor-align-center elementor-icon-list--layout-traditional elementor-list-item-link-full_width elementor-widget elementor-widget-icon-list\" data-id=\"5b077c33\" data-element_type=\"widget\" data-e-type=\"widget\" data-widget_type=\"icon-list.default\">\n\t\t\t\t<div class=\"elementor-widget-container\">\n\t\t\t\t\t\t\t<ul class=\"elementor-icon-list-items\">\n\t\t\t\t\t\t\t<li class=\"elementor-icon-list-item\">\n\t\t\t\t\t\t\t\t\t\t\t<a href=\"https:\/\/www.facebook.com\/mbp.chrzanow\/\" target=\"_blank\">\n\n\t\t\t\t\t\t\t\t\t\t\t\t<span class=\"elementor-icon-list-icon\">\n\t\t\t\t\t\t\t<i aria-hidden=\"true\" class=\"fab fa-facebook-square\"><\/i>\t\t\t\t\t\t<\/span>\n\t\t\t\t\t\t\t\t\t\t<span class=\"elementor-icon-list-text\"><\/span>\n\t\t\t\t\t\t\t\t\t\t\t<\/a>\n\t\t\t\t\t\t\t\t\t<\/li>\n\t\t\t\t\t\t<\/ul>\n\t\t\t\t\t\t<\/div>\n\t\t\t\t<\/div>\n\t\t\t\t\t<\/div>\n\t\t<\/div>\n\t\t\t\t<div class=\"elementor-column elementor-col-25 elementor-inner-column elementor-element elementor-element-2c08f212\" data-id=\"2c08f212\" data-element_type=\"column\" data-e-type=\"column\">\n\t\t\t<div class=\"elementor-widget-wrap elementor-element-populated\">\n\t\t\t\t\t\t<div class=\"elementor-element elementor-element-76ff31e0 elementor-align-center elementor-icon-list--layout-traditional elementor-list-item-link-full_width elementor-widget elementor-widget-icon-list\" data-id=\"76ff31e0\" data-element_type=\"widget\" data-e-type=\"widget\" data-widget_type=\"icon-list.default\">\n\t\t\t\t<div class=\"elementor-widget-container\">\n\t\t\t\t\t\t\t<ul class=\"elementor-icon-list-items\">\n\t\t\t\t\t\t\t<li class=\"elementor-icon-list-item\">\n\t\t\t\t\t\t\t\t\t\t\t<a href=\"https:\/\/www.instagram.com\/mbp_chrzanow\/\" target=\"_blank\">\n\n\t\t\t\t\t\t\t\t\t\t\t\t<span class=\"elementor-icon-list-icon\">\n\t\t\t\t\t\t\t<i aria-hidden=\"true\" class=\"fab fa-instagram\"><\/i>\t\t\t\t\t\t<\/span>\n\t\t\t\t\t\t\t\t\t\t<span class=\"elementor-icon-list-text\"><\/span>\n\t\t\t\t\t\t\t\t\t\t\t<\/a>\n\t\t\t\t\t\t\t\t\t<\/li>\n\t\t\t\t\t\t<\/ul>\n\t\t\t\t\t\t<\/div>\n\t\t\t\t<\/div>\n\t\t\t\t\t<\/div>\n\t\t<\/div>\n\t\t\t\t<div class=\"elementor-column elementor-col-25 elementor-inner-column elementor-element elementor-element-e3fd3f5\" data-id=\"e3fd3f5\" data-element_type=\"column\" data-e-type=\"column\">\n\t\t\t<div class=\"elementor-widget-wrap elementor-element-populated\">\n\t\t\t\t\t\t<div class=\"elementor-element elementor-element-16367b1e elementor-align-center elementor-icon-list--layout-traditional elementor-list-item-link-full_width elementor-widget elementor-widget-icon-list\" data-id=\"16367b1e\" data-element_type=\"widget\" data-e-type=\"widget\" data-widget_type=\"icon-list.default\">\n\t\t\t\t<div class=\"elementor-widget-container\">\n\t\t\t\t\t\t\t<ul class=\"elementor-icon-list-items\">\n\t\t\t\t\t\t\t<li class=\"elementor-icon-list-item\">\n\t\t\t\t\t\t\t\t\t\t\t<a href=\"https:\/\/www.youtube.com\/user\/MBPChrzanow\" target=\"_blank\">\n\n\t\t\t\t\t\t\t\t\t\t\t\t<span class=\"elementor-icon-list-icon\">\n\t\t\t\t\t\t\t<i aria-hidden=\"true\" class=\"fab fa-youtube\"><\/i>\t\t\t\t\t\t<\/span>\n\t\t\t\t\t\t\t\t\t\t<span class=\"elementor-icon-list-text\"><\/span>\n\t\t\t\t\t\t\t\t\t\t\t<\/a>\n\t\t\t\t\t\t\t\t\t<\/li>\n\t\t\t\t\t\t<\/ul>\n\t\t\t\t\t\t<\/div>\n\t\t\t\t<\/div>\n\t\t\t\t\t<\/div>\n\t\t<\/div>\n\t\t\t\t\t<\/div>\n\t\t<\/section>\n\t\t\t\t<\/div>\n\t\t","protected":false},"excerpt":{"rendered":"<p> [&hellip;]<\/p>\n","protected":false},"author":3,"featured_media":0,"comment_status":"open","ping_status":"open","sticky":false,"template":"","format":"standard","meta":{"footnotes":""},"categories":[11],"tags":[23,27,28],"class_list":["post-1341","post","type-post","status-publish","format-standard","hentry","category-felietony","tag-23","tag-felieton","tag-olga-nowicka"],"yoast_head":"<!-- This site is optimized with the Yoast SEO plugin v27.5 - https:\/\/yoast.com\/product\/yoast-seo-wordpress\/ -->\n<title>Felieton Olgi Nowickiej - wrzesie\u0144 2021 - Akademia S\u0142owa - Chrzan\u00f3w<\/title>\n<meta name=\"robots\" content=\"index, follow, max-snippet:-1, max-image-preview:large, max-video-preview:-1\" \/>\n<link rel=\"canonical\" href=\"https:\/\/www.mbp.chrzanow.pl\/akademiaslowa\/index.php\/2021\/09\/28\/felieton-olgi-nowickiej-wrzesien-2021-2\/\" \/>\n<meta property=\"og:locale\" content=\"pl_PL\" \/>\n<meta property=\"og:type\" content=\"article\" \/>\n<meta property=\"og:title\" content=\"Felieton Olgi Nowickiej - wrzesie\u0144 2021 - Akademia S\u0142owa - Chrzan\u00f3w\" \/>\n<meta property=\"og:description\" content=\"[&hellip;]\" \/>\n<meta property=\"og:url\" content=\"https:\/\/www.mbp.chrzanow.pl\/akademiaslowa\/index.php\/2021\/09\/28\/felieton-olgi-nowickiej-wrzesien-2021-2\/\" \/>\n<meta property=\"og:site_name\" content=\"Akademia S\u0142owa - Chrzan\u00f3w\" \/>\n<meta property=\"article:published_time\" content=\"2021-09-28T08:00:38+00:00\" \/>\n<meta property=\"article:modified_time\" content=\"2021-10-05T06:40:24+00:00\" \/>\n<meta property=\"og:image\" content=\"http:\/\/www.mbp.chrzanow.pl\/akademiaslowa\/wp-content\/uploads\/2021\/09\/nakladka_www_slowo-czy-obraz.jpg\" \/>\n<meta name=\"author\" content=\"Prom\" \/>\n<meta name=\"twitter:card\" content=\"summary_large_image\" \/>\n<meta name=\"twitter:label1\" content=\"Napisane przez\" \/>\n\t<meta name=\"twitter:data1\" content=\"Prom\" \/>\n\t<meta name=\"twitter:label2\" content=\"Szacowany czas czytania\" \/>\n\t<meta name=\"twitter:data2\" content=\"5 minut\" \/>\n<script type=\"application\/ld+json\" class=\"yoast-schema-graph\">{\"@context\":\"https:\\\/\\\/schema.org\",\"@graph\":[{\"@type\":\"Article\",\"@id\":\"https:\\\/\\\/www.mbp.chrzanow.pl\\\/akademiaslowa\\\/index.php\\\/2021\\\/09\\\/28\\\/felieton-olgi-nowickiej-wrzesien-2021-2\\\/#article\",\"isPartOf\":{\"@id\":\"https:\\\/\\\/www.mbp.chrzanow.pl\\\/akademiaslowa\\\/index.php\\\/2021\\\/09\\\/28\\\/felieton-olgi-nowickiej-wrzesien-2021-2\\\/\"},\"author\":{\"name\":\"Prom\",\"@id\":\"https:\\\/\\\/www.mbp.chrzanow.pl\\\/akademiaslowa\\\/#\\\/schema\\\/person\\\/fe7a35ef0376d4e76846aeae319d9fd8\"},\"headline\":\"Felieton Olgi Nowickiej &#8211; wrzesie\u0144 2021\",\"datePublished\":\"2021-09-28T08:00:38+00:00\",\"dateModified\":\"2021-10-05T06:40:24+00:00\",\"mainEntityOfPage\":{\"@id\":\"https:\\\/\\\/www.mbp.chrzanow.pl\\\/akademiaslowa\\\/index.php\\\/2021\\\/09\\\/28\\\/felieton-olgi-nowickiej-wrzesien-2021-2\\\/\"},\"wordCount\":1205,\"commentCount\":0,\"publisher\":{\"@id\":\"https:\\\/\\\/www.mbp.chrzanow.pl\\\/akademiaslowa\\\/#organization\"},\"image\":{\"@id\":\"https:\\\/\\\/www.mbp.chrzanow.pl\\\/akademiaslowa\\\/index.php\\\/2021\\\/09\\\/28\\\/felieton-olgi-nowickiej-wrzesien-2021-2\\\/#primaryimage\"},\"thumbnailUrl\":\"http:\\\/\\\/www.mbp.chrzanow.pl\\\/akademiaslowa\\\/wp-content\\\/uploads\\\/2021\\\/09\\\/nakladka_www_slowo-czy-obraz.jpg\",\"keywords\":[\"2021\",\"Felieton\",\"Olga Nowicka\"],\"articleSection\":[\"Felietony\"],\"inLanguage\":\"pl-PL\",\"potentialAction\":[{\"@type\":\"CommentAction\",\"name\":\"Comment\",\"target\":[\"https:\\\/\\\/www.mbp.chrzanow.pl\\\/akademiaslowa\\\/index.php\\\/2021\\\/09\\\/28\\\/felieton-olgi-nowickiej-wrzesien-2021-2\\\/#respond\"]}]},{\"@type\":\"WebPage\",\"@id\":\"https:\\\/\\\/www.mbp.chrzanow.pl\\\/akademiaslowa\\\/index.php\\\/2021\\\/09\\\/28\\\/felieton-olgi-nowickiej-wrzesien-2021-2\\\/\",\"url\":\"https:\\\/\\\/www.mbp.chrzanow.pl\\\/akademiaslowa\\\/index.php\\\/2021\\\/09\\\/28\\\/felieton-olgi-nowickiej-wrzesien-2021-2\\\/\",\"name\":\"Felieton Olgi Nowickiej - wrzesie\u0144 2021 - Akademia S\u0142owa - Chrzan\u00f3w\",\"isPartOf\":{\"@id\":\"https:\\\/\\\/www.mbp.chrzanow.pl\\\/akademiaslowa\\\/#website\"},\"primaryImageOfPage\":{\"@id\":\"https:\\\/\\\/www.mbp.chrzanow.pl\\\/akademiaslowa\\\/index.php\\\/2021\\\/09\\\/28\\\/felieton-olgi-nowickiej-wrzesien-2021-2\\\/#primaryimage\"},\"image\":{\"@id\":\"https:\\\/\\\/www.mbp.chrzanow.pl\\\/akademiaslowa\\\/index.php\\\/2021\\\/09\\\/28\\\/felieton-olgi-nowickiej-wrzesien-2021-2\\\/#primaryimage\"},\"thumbnailUrl\":\"http:\\\/\\\/www.mbp.chrzanow.pl\\\/akademiaslowa\\\/wp-content\\\/uploads\\\/2021\\\/09\\\/nakladka_www_slowo-czy-obraz.jpg\",\"datePublished\":\"2021-09-28T08:00:38+00:00\",\"dateModified\":\"2021-10-05T06:40:24+00:00\",\"breadcrumb\":{\"@id\":\"https:\\\/\\\/www.mbp.chrzanow.pl\\\/akademiaslowa\\\/index.php\\\/2021\\\/09\\\/28\\\/felieton-olgi-nowickiej-wrzesien-2021-2\\\/#breadcrumb\"},\"inLanguage\":\"pl-PL\",\"potentialAction\":[{\"@type\":\"ReadAction\",\"target\":[\"https:\\\/\\\/www.mbp.chrzanow.pl\\\/akademiaslowa\\\/index.php\\\/2021\\\/09\\\/28\\\/felieton-olgi-nowickiej-wrzesien-2021-2\\\/\"]}]},{\"@type\":\"ImageObject\",\"inLanguage\":\"pl-PL\",\"@id\":\"https:\\\/\\\/www.mbp.chrzanow.pl\\\/akademiaslowa\\\/index.php\\\/2021\\\/09\\\/28\\\/felieton-olgi-nowickiej-wrzesien-2021-2\\\/#primaryimage\",\"url\":\"https:\\\/\\\/www.mbp.chrzanow.pl\\\/akademiaslowa\\\/wp-content\\\/uploads\\\/2021\\\/09\\\/nakladka_www_slowo-czy-obraz.jpg\",\"contentUrl\":\"https:\\\/\\\/www.mbp.chrzanow.pl\\\/akademiaslowa\\\/wp-content\\\/uploads\\\/2021\\\/09\\\/nakladka_www_slowo-czy-obraz.jpg\",\"width\":652,\"height\":920},{\"@type\":\"BreadcrumbList\",\"@id\":\"https:\\\/\\\/www.mbp.chrzanow.pl\\\/akademiaslowa\\\/index.php\\\/2021\\\/09\\\/28\\\/felieton-olgi-nowickiej-wrzesien-2021-2\\\/#breadcrumb\",\"itemListElement\":[{\"@type\":\"ListItem\",\"position\":1,\"name\":\"Strona g\u0142\u00f3wna\",\"item\":\"https:\\\/\\\/www.mbp.chrzanow.pl\\\/akademiaslowa\\\/\"},{\"@type\":\"ListItem\",\"position\":2,\"name\":\"Felieton Olgi Nowickiej &#8211; wrzesie\u0144 2021\"}]},{\"@type\":\"WebSite\",\"@id\":\"https:\\\/\\\/www.mbp.chrzanow.pl\\\/akademiaslowa\\\/#website\",\"url\":\"https:\\\/\\\/www.mbp.chrzanow.pl\\\/akademiaslowa\\\/\",\"name\":\"Akademia S\u0142owa - Chrzan\u00f3w\",\"description\":\"Czym poezja...\",\"publisher\":{\"@id\":\"https:\\\/\\\/www.mbp.chrzanow.pl\\\/akademiaslowa\\\/#organization\"},\"potentialAction\":[{\"@type\":\"SearchAction\",\"target\":{\"@type\":\"EntryPoint\",\"urlTemplate\":\"https:\\\/\\\/www.mbp.chrzanow.pl\\\/akademiaslowa\\\/?s={search_term_string}\"},\"query-input\":{\"@type\":\"PropertyValueSpecification\",\"valueRequired\":true,\"valueName\":\"search_term_string\"}}],\"inLanguage\":\"pl-PL\"},{\"@type\":\"Organization\",\"@id\":\"https:\\\/\\\/www.mbp.chrzanow.pl\\\/akademiaslowa\\\/#organization\",\"name\":\"Akademia S\u0142owa Chrzan\u00f3w\",\"url\":\"https:\\\/\\\/www.mbp.chrzanow.pl\\\/akademiaslowa\\\/\",\"logo\":{\"@type\":\"ImageObject\",\"inLanguage\":\"pl-PL\",\"@id\":\"https:\\\/\\\/www.mbp.chrzanow.pl\\\/akademiaslowa\\\/#\\\/schema\\\/logo\\\/image\\\/\",\"url\":\"https:\\\/\\\/www.mbp.chrzanow.pl\\\/akademiaslowa\\\/wp-content\\\/uploads\\\/2017\\\/12\\\/AkademiaSlowa_www.jpg\",\"contentUrl\":\"https:\\\/\\\/www.mbp.chrzanow.pl\\\/akademiaslowa\\\/wp-content\\\/uploads\\\/2017\\\/12\\\/AkademiaSlowa_www.jpg\",\"width\":500,\"height\":79,\"caption\":\"Akademia S\u0142owa Chrzan\u00f3w\"},\"image\":{\"@id\":\"https:\\\/\\\/www.mbp.chrzanow.pl\\\/akademiaslowa\\\/#\\\/schema\\\/logo\\\/image\\\/\"}},{\"@type\":\"Person\",\"@id\":\"https:\\\/\\\/www.mbp.chrzanow.pl\\\/akademiaslowa\\\/#\\\/schema\\\/person\\\/fe7a35ef0376d4e76846aeae319d9fd8\",\"name\":\"Prom\",\"image\":{\"@type\":\"ImageObject\",\"inLanguage\":\"pl-PL\",\"@id\":\"https:\\\/\\\/secure.gravatar.com\\\/avatar\\\/f60fbd4aa9e3207ab0785fd91859281f74f6e854743680d402cbd83a1b744580?s=96&d=mm&r=g\",\"url\":\"https:\\\/\\\/secure.gravatar.com\\\/avatar\\\/f60fbd4aa9e3207ab0785fd91859281f74f6e854743680d402cbd83a1b744580?s=96&d=mm&r=g\",\"contentUrl\":\"https:\\\/\\\/secure.gravatar.com\\\/avatar\\\/f60fbd4aa9e3207ab0785fd91859281f74f6e854743680d402cbd83a1b744580?s=96&d=mm&r=g\",\"caption\":\"Prom\"},\"url\":\"https:\\\/\\\/www.mbp.chrzanow.pl\\\/akademiaslowa\\\/index.php\\\/author\\\/promocja\\\/\"}]}<\/script>\n<!-- \/ Yoast SEO plugin. -->","yoast_head_json":{"title":"Felieton Olgi Nowickiej - wrzesie\u0144 2021 - Akademia S\u0142owa - Chrzan\u00f3w","robots":{"index":"index","follow":"follow","max-snippet":"max-snippet:-1","max-image-preview":"max-image-preview:large","max-video-preview":"max-video-preview:-1"},"canonical":"https:\/\/www.mbp.chrzanow.pl\/akademiaslowa\/index.php\/2021\/09\/28\/felieton-olgi-nowickiej-wrzesien-2021-2\/","og_locale":"pl_PL","og_type":"article","og_title":"Felieton Olgi Nowickiej - wrzesie\u0144 2021 - Akademia S\u0142owa - Chrzan\u00f3w","og_description":"[&hellip;]","og_url":"https:\/\/www.mbp.chrzanow.pl\/akademiaslowa\/index.php\/2021\/09\/28\/felieton-olgi-nowickiej-wrzesien-2021-2\/","og_site_name":"Akademia S\u0142owa - Chrzan\u00f3w","article_published_time":"2021-09-28T08:00:38+00:00","article_modified_time":"2021-10-05T06:40:24+00:00","og_image":[{"url":"http:\/\/www.mbp.chrzanow.pl\/akademiaslowa\/wp-content\/uploads\/2021\/09\/nakladka_www_slowo-czy-obraz.jpg","type":"","width":"","height":""}],"author":"Prom","twitter_card":"summary_large_image","twitter_misc":{"Napisane przez":"Prom","Szacowany czas czytania":"5 minut"},"schema":{"@context":"https:\/\/schema.org","@graph":[{"@type":"Article","@id":"https:\/\/www.mbp.chrzanow.pl\/akademiaslowa\/index.php\/2021\/09\/28\/felieton-olgi-nowickiej-wrzesien-2021-2\/#article","isPartOf":{"@id":"https:\/\/www.mbp.chrzanow.pl\/akademiaslowa\/index.php\/2021\/09\/28\/felieton-olgi-nowickiej-wrzesien-2021-2\/"},"author":{"name":"Prom","@id":"https:\/\/www.mbp.chrzanow.pl\/akademiaslowa\/#\/schema\/person\/fe7a35ef0376d4e76846aeae319d9fd8"},"headline":"Felieton Olgi Nowickiej &#8211; wrzesie\u0144 2021","datePublished":"2021-09-28T08:00:38+00:00","dateModified":"2021-10-05T06:40:24+00:00","mainEntityOfPage":{"@id":"https:\/\/www.mbp.chrzanow.pl\/akademiaslowa\/index.php\/2021\/09\/28\/felieton-olgi-nowickiej-wrzesien-2021-2\/"},"wordCount":1205,"commentCount":0,"publisher":{"@id":"https:\/\/www.mbp.chrzanow.pl\/akademiaslowa\/#organization"},"image":{"@id":"https:\/\/www.mbp.chrzanow.pl\/akademiaslowa\/index.php\/2021\/09\/28\/felieton-olgi-nowickiej-wrzesien-2021-2\/#primaryimage"},"thumbnailUrl":"http:\/\/www.mbp.chrzanow.pl\/akademiaslowa\/wp-content\/uploads\/2021\/09\/nakladka_www_slowo-czy-obraz.jpg","keywords":["2021","Felieton","Olga Nowicka"],"articleSection":["Felietony"],"inLanguage":"pl-PL","potentialAction":[{"@type":"CommentAction","name":"Comment","target":["https:\/\/www.mbp.chrzanow.pl\/akademiaslowa\/index.php\/2021\/09\/28\/felieton-olgi-nowickiej-wrzesien-2021-2\/#respond"]}]},{"@type":"WebPage","@id":"https:\/\/www.mbp.chrzanow.pl\/akademiaslowa\/index.php\/2021\/09\/28\/felieton-olgi-nowickiej-wrzesien-2021-2\/","url":"https:\/\/www.mbp.chrzanow.pl\/akademiaslowa\/index.php\/2021\/09\/28\/felieton-olgi-nowickiej-wrzesien-2021-2\/","name":"Felieton Olgi Nowickiej - wrzesie\u0144 2021 - Akademia S\u0142owa - Chrzan\u00f3w","isPartOf":{"@id":"https:\/\/www.mbp.chrzanow.pl\/akademiaslowa\/#website"},"primaryImageOfPage":{"@id":"https:\/\/www.mbp.chrzanow.pl\/akademiaslowa\/index.php\/2021\/09\/28\/felieton-olgi-nowickiej-wrzesien-2021-2\/#primaryimage"},"image":{"@id":"https:\/\/www.mbp.chrzanow.pl\/akademiaslowa\/index.php\/2021\/09\/28\/felieton-olgi-nowickiej-wrzesien-2021-2\/#primaryimage"},"thumbnailUrl":"http:\/\/www.mbp.chrzanow.pl\/akademiaslowa\/wp-content\/uploads\/2021\/09\/nakladka_www_slowo-czy-obraz.jpg","datePublished":"2021-09-28T08:00:38+00:00","dateModified":"2021-10-05T06:40:24+00:00","breadcrumb":{"@id":"https:\/\/www.mbp.chrzanow.pl\/akademiaslowa\/index.php\/2021\/09\/28\/felieton-olgi-nowickiej-wrzesien-2021-2\/#breadcrumb"},"inLanguage":"pl-PL","potentialAction":[{"@type":"ReadAction","target":["https:\/\/www.mbp.chrzanow.pl\/akademiaslowa\/index.php\/2021\/09\/28\/felieton-olgi-nowickiej-wrzesien-2021-2\/"]}]},{"@type":"ImageObject","inLanguage":"pl-PL","@id":"https:\/\/www.mbp.chrzanow.pl\/akademiaslowa\/index.php\/2021\/09\/28\/felieton-olgi-nowickiej-wrzesien-2021-2\/#primaryimage","url":"https:\/\/www.mbp.chrzanow.pl\/akademiaslowa\/wp-content\/uploads\/2021\/09\/nakladka_www_slowo-czy-obraz.jpg","contentUrl":"https:\/\/www.mbp.chrzanow.pl\/akademiaslowa\/wp-content\/uploads\/2021\/09\/nakladka_www_slowo-czy-obraz.jpg","width":652,"height":920},{"@type":"BreadcrumbList","@id":"https:\/\/www.mbp.chrzanow.pl\/akademiaslowa\/index.php\/2021\/09\/28\/felieton-olgi-nowickiej-wrzesien-2021-2\/#breadcrumb","itemListElement":[{"@type":"ListItem","position":1,"name":"Strona g\u0142\u00f3wna","item":"https:\/\/www.mbp.chrzanow.pl\/akademiaslowa\/"},{"@type":"ListItem","position":2,"name":"Felieton Olgi Nowickiej &#8211; wrzesie\u0144 2021"}]},{"@type":"WebSite","@id":"https:\/\/www.mbp.chrzanow.pl\/akademiaslowa\/#website","url":"https:\/\/www.mbp.chrzanow.pl\/akademiaslowa\/","name":"Akademia S\u0142owa - Chrzan\u00f3w","description":"Czym poezja...","publisher":{"@id":"https:\/\/www.mbp.chrzanow.pl\/akademiaslowa\/#organization"},"potentialAction":[{"@type":"SearchAction","target":{"@type":"EntryPoint","urlTemplate":"https:\/\/www.mbp.chrzanow.pl\/akademiaslowa\/?s={search_term_string}"},"query-input":{"@type":"PropertyValueSpecification","valueRequired":true,"valueName":"search_term_string"}}],"inLanguage":"pl-PL"},{"@type":"Organization","@id":"https:\/\/www.mbp.chrzanow.pl\/akademiaslowa\/#organization","name":"Akademia S\u0142owa Chrzan\u00f3w","url":"https:\/\/www.mbp.chrzanow.pl\/akademiaslowa\/","logo":{"@type":"ImageObject","inLanguage":"pl-PL","@id":"https:\/\/www.mbp.chrzanow.pl\/akademiaslowa\/#\/schema\/logo\/image\/","url":"https:\/\/www.mbp.chrzanow.pl\/akademiaslowa\/wp-content\/uploads\/2017\/12\/AkademiaSlowa_www.jpg","contentUrl":"https:\/\/www.mbp.chrzanow.pl\/akademiaslowa\/wp-content\/uploads\/2017\/12\/AkademiaSlowa_www.jpg","width":500,"height":79,"caption":"Akademia S\u0142owa Chrzan\u00f3w"},"image":{"@id":"https:\/\/www.mbp.chrzanow.pl\/akademiaslowa\/#\/schema\/logo\/image\/"}},{"@type":"Person","@id":"https:\/\/www.mbp.chrzanow.pl\/akademiaslowa\/#\/schema\/person\/fe7a35ef0376d4e76846aeae319d9fd8","name":"Prom","image":{"@type":"ImageObject","inLanguage":"pl-PL","@id":"https:\/\/secure.gravatar.com\/avatar\/f60fbd4aa9e3207ab0785fd91859281f74f6e854743680d402cbd83a1b744580?s=96&d=mm&r=g","url":"https:\/\/secure.gravatar.com\/avatar\/f60fbd4aa9e3207ab0785fd91859281f74f6e854743680d402cbd83a1b744580?s=96&d=mm&r=g","contentUrl":"https:\/\/secure.gravatar.com\/avatar\/f60fbd4aa9e3207ab0785fd91859281f74f6e854743680d402cbd83a1b744580?s=96&d=mm&r=g","caption":"Prom"},"url":"https:\/\/www.mbp.chrzanow.pl\/akademiaslowa\/index.php\/author\/promocja\/"}]}},"_links":{"self":[{"href":"https:\/\/www.mbp.chrzanow.pl\/akademiaslowa\/index.php\/wp-json\/wp\/v2\/posts\/1341","targetHints":{"allow":["GET"]}}],"collection":[{"href":"https:\/\/www.mbp.chrzanow.pl\/akademiaslowa\/index.php\/wp-json\/wp\/v2\/posts"}],"about":[{"href":"https:\/\/www.mbp.chrzanow.pl\/akademiaslowa\/index.php\/wp-json\/wp\/v2\/types\/post"}],"author":[{"embeddable":true,"href":"https:\/\/www.mbp.chrzanow.pl\/akademiaslowa\/index.php\/wp-json\/wp\/v2\/users\/3"}],"replies":[{"embeddable":true,"href":"https:\/\/www.mbp.chrzanow.pl\/akademiaslowa\/index.php\/wp-json\/wp\/v2\/comments?post=1341"}],"version-history":[{"count":15,"href":"https:\/\/www.mbp.chrzanow.pl\/akademiaslowa\/index.php\/wp-json\/wp\/v2\/posts\/1341\/revisions"}],"predecessor-version":[{"id":1366,"href":"https:\/\/www.mbp.chrzanow.pl\/akademiaslowa\/index.php\/wp-json\/wp\/v2\/posts\/1341\/revisions\/1366"}],"wp:attachment":[{"href":"https:\/\/www.mbp.chrzanow.pl\/akademiaslowa\/index.php\/wp-json\/wp\/v2\/media?parent=1341"}],"wp:term":[{"taxonomy":"category","embeddable":true,"href":"https:\/\/www.mbp.chrzanow.pl\/akademiaslowa\/index.php\/wp-json\/wp\/v2\/categories?post=1341"},{"taxonomy":"post_tag","embeddable":true,"href":"https:\/\/www.mbp.chrzanow.pl\/akademiaslowa\/index.php\/wp-json\/wp\/v2\/tags?post=1341"}],"curies":[{"name":"wp","href":"https:\/\/api.w.org\/{rel}","templated":true}]}}