{"id":1461,"date":"2021-12-15T15:00:49","date_gmt":"2021-12-15T14:00:49","guid":{"rendered":"https:\/\/www.mbp.chrzanow.pl\/akademiaslowa\/?p=1461"},"modified":"2022-03-09T16:25:49","modified_gmt":"2022-03-09T15:25:49","slug":"felieton-olgi-nowickiej-grudzien-2021","status":"publish","type":"post","link":"https:\/\/www.mbp.chrzanow.pl\/akademiaslowa\/index.php\/2021\/12\/15\/felieton-olgi-nowickiej-grudzien-2021\/","title":{"rendered":"Felieton Olgi Nowickiej &#8211; grudzie\u0144 2021"},"content":{"rendered":"\t\t<div data-elementor-type=\"wp-post\" data-elementor-id=\"1461\" class=\"elementor elementor-1461\">\n\t\t\t\t\t\t<section class=\"elementor-section elementor-top-section elementor-element elementor-element-5e2242a9 elementor-section-boxed elementor-section-height-default elementor-section-height-default\" data-id=\"5e2242a9\" data-element_type=\"section\" data-e-type=\"section\">\n\t\t\t\t\t\t<div class=\"elementor-container elementor-column-gap-default\">\n\t\t\t\t\t<div class=\"elementor-column elementor-col-100 elementor-top-column elementor-element elementor-element-2df04cf7\" data-id=\"2df04cf7\" data-element_type=\"column\" data-e-type=\"column\">\n\t\t\t<div class=\"elementor-widget-wrap elementor-element-populated\">\n\t\t\t\t\t\t<div class=\"elementor-element elementor-element-e6120f2 elementor-widget elementor-widget-text-editor\" data-id=\"e6120f2\" data-element_type=\"widget\" data-e-type=\"widget\" data-widget_type=\"text-editor.default\">\n\t\t\t\t<div class=\"elementor-widget-container\">\n\t\t\t\t\t\t\t\t\t<p><strong>Powr\u00f3t do Lema<\/strong><\/p>\t\t\t\t\t\t\t\t<\/div>\n\t\t\t\t<\/div>\n\t\t\t\t\t<\/div>\n\t\t<\/div>\n\t\t\t\t\t<\/div>\n\t\t<\/section>\n\t\t\t\t<section class=\"elementor-section elementor-top-section elementor-element elementor-element-6f53c50b elementor-section-boxed elementor-section-height-default elementor-section-height-default\" data-id=\"6f53c50b\" data-element_type=\"section\" data-e-type=\"section\">\n\t\t\t\t\t\t<div class=\"elementor-container elementor-column-gap-default\">\n\t\t\t\t\t<div class=\"elementor-column elementor-col-100 elementor-top-column elementor-element elementor-element-7eb31db9\" data-id=\"7eb31db9\" data-element_type=\"column\" data-e-type=\"column\">\n\t\t\t<div class=\"elementor-widget-wrap elementor-element-populated\">\n\t\t\t\t\t\t<div class=\"elementor-element elementor-element-4ed0c7f elementor-widget elementor-widget-text-editor\" data-id=\"4ed0c7f\" data-element_type=\"widget\" data-e-type=\"widget\" data-widget_type=\"text-editor.default\">\n\t\t\t\t<div class=\"elementor-widget-container\">\n\t\t\t\t\t\t\t\t\t<p>Jak znale\u017a\u0107 spos\u00f3b, aby nowe pokolenia zacz\u0119\u0142y czyta\u0107 na nowo Lema? Szko\u0142a ju\u017c Go nie rekomenduje (spad\u0142 na pozycj\u0119 lektur uzupe\u0142niaj\u0105cych i oczywi\u015bcie we fragmentach), cho\u0107 kanon zawsze by\u0142 s\u0142abym bod\u017acem, ale jednak by\u0142. Statystyczny Polak \u2013 rodzic \u2013 wiadomo czyta niewiele, a jak zna\u0142 kiedy\u015b Lema \u2013 to ju\u017c na pewno o nim zapomnia\u0142.\u00a0 Nasze pociechy (bez generalizowania \u2013 znaczna ich wi\u0119kszo\u015b\u0107) zatraci\u0142a si\u0119 w nierealnej rzeczywisto\u015bci gier<br \/>i u\u0142udnych mediach spo\u0142eczno\u015bciowych\u2026 i o dziwo!, w tym obszarze tli si\u0119 oto iskierka nadziei. Zaraz t\u0142umacz\u0119 dlaczego? Czy to zatracenie mo\u017ce ich naprowadzi\u0107 na wielki powr\u00f3t do czytania Lema? Ot\u00f3\u017c, \u015bmiem postawi\u0107 tak\u0105 oto hipotez\u0119\u2026Kosmiczno- cybernetyczny \u015bwiat Pana Lema i imaginatywna \u201erzeczywisto\u015b\u0107\u201d dziatwy naszej wsp\u00f3\u0142czesnej ma wsp\u00f3lny mianownik &#8211; VR \u2013 czyli wirtualn\u0105 rzeczywisto\u015b\u0107 (ang. virtual reality).\u00a0 Dzisiejsza VR to nic innego jak Fantomatyka \u2013 termin u\u017cywany przez pisarza \u2013 ups! \u2013 ju\u017c kilkadziesi\u0105t lat temu! Poj\u0119cie to pojawi\u0142o si\u0119 po raz pierwszy w 1964 roku w eseju \u201eSumma Technologiae\u201d, co Lem t\u0142umaczy\u0142\u00a0 jako \u201etechnik\u0119 wytwarzania w umy\u015ble ludzkim iluzji istnienia sztucznej rzeczywisto\u015bci\u201d. Bingo! Mamy wi\u0119c ju\u017c jaki\u015b zaczyn, zach\u0119t\u0119, wabik, przyn\u0119t\u0119 etc., aby zainteresowa\u0107 naszych \u201em\u0142odych gniewnych na czytanie\u201d pewnym oto Panem, kt\u00f3ry mia\u0142 wizj\u0119 przysz\u0142o\u015bci i o dziwo ta wizja zmieni\u0142a status na &gt;here and now&lt; czyli &gt;tu i teraz&lt;. Ten rok jest po to, aby m\u00f3wi\u0107, a raczej tr\u0105bi\u0107 g\u0142o\u015bno, o Lemie &#8211; literackim prekursorze obecnej technologii informatycznej.<\/p><p>Zagwozdka jest tylko taka, \u017ce m\u0142odzie\u017c rzadko si\u0119ga w ty\u0142, woli bowiem prze\u0107 do przodu p\u0119dem niewyobra\u017calnego odrzutowca. I nie ma w tym w sumie nic z\u0142ego ale dla r\u00f3wnowagi warto si\u0119 przecie\u017c czasem zatrzyma\u0107 i obejrze\u0107 do ty\u0142u. Nadzieja jest taka, \u017ce zwolni\u0105 i zainteresuj\u0105 si\u0119 niebywa\u0142\u0105 \u201emoc\u0105\u201d Pana Lema.<br \/>I oto me \u00a0pytanie jak ich zach\u0119ci\u0107? Ksi\u0105\u017cka b\u0119dzie dopiero konsekwencj\u0105 pewnych dzia\u0142a\u0144 \u2013 sorry \u2013 taki mamy klimat! A jakie\u017c maj\u0105 by\u0107 a mo\u017ce s\u0105 ju\u017c te dzia\u0142ania? R\u00f3\u017cne, r\u00f3\u017cniste i im bardziej szalone, tym lepiej. Zrobi\u0119 teraz taki szybki przegl\u0105d Lema ale nie od strony literackiej ale tak po prostu &#8211; Lem jako cz\u0142owiek. Przyznam, \u017ce zach\u0119t do czytania Lema jest w tym roku sporo i chocia\u017c sam pisarz powtarza\u0142: <em>Nikt nie czyta; je\u015bli czyta, nic nie rozumie; je\u015bli rozumie, natychmiast zapomina<\/em> \u2013 owe stwierdzenie nie zwalnia nas oczywi\u015bcie \u00a0z potrzeby czytania, bowiem w\u00a0 tym zdaniu przewrotno\u015b\u0107 ma pobudzi\u0107 a nie u\u015bpi\u0107.\u00a0 Oto ca\u0142y Lem , po prostu.<\/p><p>Stanis\u0142aw Lem \u2013 od\u00a0czego zacz\u0105\u0107? Niech b\u0119d\u0105 CIEKAWOSTKI:<strong><br \/>NARODZINY.<\/strong> Czego mo\u017cemy nie wiedzie\u0107 o Lemie? Ano tego, \u017ce data jego urodzin jest zak\u0142amana. Swoj\u0105 egzystencj\u0119 rozpocz\u0105\u0142 z przytupem, bowiem w dokumentach jako data jego urodzin widnieje 12 wrze\u015bnia, ale faktycznie przyszed\u0142 na \u015bwiat dzie\u0144 p\u00f3\u017aniej, 13 wrze\u015bnia. Jak sam pisa\u0142 po latach w li\u015bcie do swojego przyjaciela, rodzice podali inn\u0105 dat\u0119 jego narodzin, by\u2026 unikn\u0105\u0107 pecha. <strong>WR\u00d3G PRZES\u0104D\u00d3W<\/strong>. Dziwne mo\u017ce si\u0119 wydawa\u0107 w przypadku autora literatury fantastycznej &#8211; Lem by\u0142 cz\u0142owiekiem twardo st\u0105paj\u0105cym po ziemi. Nie dowierza\u0142 \u017cadnym dziedzinom pseudonaukowym, kpi\u0142 z\u00a0 parapsychologii.\u00a0 R\u00f3wnocze\u015bnie oburza\u0142 si\u0119, gdy okre\u015blano go mianem ateisty i cho\u0107 krytyczny mia\u0142 stosunek do religii, nie zaprzecza\u0142 istnieniu transcendencji. <strong>LIKIERKOWI \u2013 M\u00d3WI\u0141 TAK.<\/strong> By\u0142 na nie- w kwestii u\u017cywek. Przyznawa\u0142 jednak, \u017ce w trakcie swoich \u201emaraton\u00f3w\u201d pisarskich (od \u00a05.00 rano do 24.00 w nocy) umila\u0142 sobie prac\u0119 \u0142ykami <em>Chartreuse<\/em> \u2013 ulubionego francuskiego likieru zio\u0142owego. I nie by\u0142oby w tym nic a\u017c tak bardzo zdro\u017cnego, gdyby nie pewien fakt:\u00a0 pewnego razu zszed\u0142 do piwnicy i znalaz\u0142 tam stos butelek po owym likierze u\u0142o\u017conych przez jego te\u015bciow\u0105. Wtedy dopiero odkry\u0142, \u017ce ilo\u015b\u0107 przyjmowanego przez niego trunku nie by\u0142a wcale taka ma\u0142a. W wieku podesz\u0142ym likier zamieni\u0142 jednak na\u2026barszcz.<\/p><p><strong>NA HAJU? <\/strong>Pewnego dnia zgodzi\u0142 si\u0119 wzi\u0105\u0107 udzia\u0142 w eksperymencie i pod opiek\u0105 psychiatry, za\u017cy\u0142 psylocybin\u0119 (\u015brodek silnie halucynogenny). Okre\u015bli\u0142 swoje wra\u017cenie jako \u201eciekawe\u201d, ale gdy zaproponowano mu powt\u00f3rzenie eksperymentu, nie skorzysta\u0142 z tego. Znajomi z Jugos\u0142awii przywie\u017ali mu tak\u017ce w prezencie skr\u0119ty z marihuany, ale, jak sam stwierdzi\u0142, nigdy ich nie u\u017cy\u0142, a\u017c rozpad\u0142y si\u0119 one w ko\u0144cu w s\u0142oiku. Stwierdzi\u0142, \u017ce jego trze\u017awy m\u00f3zg raczy go najciekawszymi wizjami i nie potrzebuje innych stymulant\u00f3w.<strong> LEM W KOSMOSIE.<\/strong><br \/>Sam pisarz nigdy nie polecia\u0142 w kosmos, jednak w przestrzeni kosmicznej znalaz\u0142o si\u0119 kilka obiekt\u00f3w zwi\u0105zanych z Lemem. \u00a0Jednym z nich jest planetoida nr 3836, \u00a0nast\u0119pnie sztuczny polski satelita naukowy ochrzczony imieniem \u201eLem\u201d oraz planetoida &#8211; <em>Ilijontichy<\/em>, kt\u00f3rej nazwa pochodzi od imienia i\u00a0nazwiska bohatera kilku jego powie\u015bci. <strong>IRYTACJE.<\/strong> Z nieukrywan\u0105 z\u0142o\u015bci\u0105 opowiada\u0142 o popycie na roboty imituj\u0105ce psy i koty. Twierdzi\u0142:\u00a0 <em>to dobre dla dzieci do 10 roku \u017cycia<\/em> [\u2026] <em>ja bym \u017cadnej ilo\u015bci ps\u00f3w nie zamieni\u0142 na takiego elektronicznego ba\u0142wana, kt\u00f3ry udaje, \u017ce szczeka.<\/em> <strong>WOJNA NA INFORMACJE.<\/strong> Pisarz przewidzia\u0142, \u017ce w narastaj\u0105cym zalewie danych i coraz wi\u0119kszej mo\u017cliwo\u015bci ich przekazywania, kolejne wojny b\u0119d\u0105 toczy\u0107 si\u0119 m.in. na przekazywane informacje. Czy w dobie obecnych fake news\u00f3w, nie powiemy, \u00a0\u017ce jego wizja si\u0119 spe\u0142ni\u0142a? <strong>BY\u0106\u00a0 JASNOWIDZEM.<\/strong> Mia\u0142 dar opisywania i\u00a0prognozowania przysz\u0142o\u015bci. Jednym z\u00a0najg\u0142o\u015bniejszych przyk\u0142ad\u00f3w jest przewidzenie powstania czytnik\u00f3w ebook\u00f3w, o\u00a0kt\u00f3rych wspomina\u0142 w\u00a01961r.w \u201ePowrocie z\u00a0gwiazd\u201d. W \u201eCybieriadzie\u201d pisa\u0142 za\u015b o\u00a0czym\u015b, co do z\u0142udzenia przypomina \u201eSimsy\u201d \u2013 alternatywne \u015bwiaty, w\u00a0kt\u00f3rych bohaterowie tworz\u0105 symulacje \u017cycia. <strong>FAN CZTERECH KO\u0141EK.<\/strong> Lem by\u0142 wielkim mi\u0142o\u015bnikiem motoryzacji. Posiada\u0142 kilka unikatowych modeli \u2013 m.in. AWZ P70, Wartburga 1000, Fiata 1800, Fiata 125p i\u00a0Mercedesa W201, a\u00a0powszechnie wiadomo, \u017ce w czasach PRL-u nie by\u0142o o\u00a0to tak \u0142atwo jak dzisiaj. <strong>S\u0141ODYCZE MOJA MI\u0141O\u015a\u0106.<\/strong> Mia\u0142 , oj mia\u0142 Pan Stanis\u0142aw s\u0142abo\u015b\u0107 do s\u0142odyczy i\u00a0jada\u0142 je nawet po tym, gdy dowiedzia\u0142 si\u0119, \u017ce choruje na cukrzyc\u0119. Uwielbia\u0142 marcepan i\u00a0cha\u0142w\u0119, kt\u00f3rymi si\u0119 zajada\u0142 na zmian\u0119 z paleniem tylko i wy\u0142\u0105cznie papieros\u00f3w mentolowych.<\/p><p>Na drugi rzut niech id\u0105 INFORMACJE LEMOWSKIE, czyli co si\u0119 dzia\u0142o w temacie Lema na przestrzeni lat? <strong>LEMOWE GOOGLE DOODLE .<\/strong>W 2011r., w\u00a060. rocznic\u0119 wydania pierwszej ksi\u0105\u017cki Lema, <a href=\"https:\/\/www.google.com\/doodles\/60th-anniversary-of-stanislaw-lems-first-publication\">g\u0142\u00f3wna strona Google<\/a> zosta\u0142a po\u015bwi\u0119cona pisarzowi. By\u0142a to kr\u00f3tka gra, inspirowana fabu\u0142\u0105 \u201eCyberiady\u201d. Doodle by\u0142o widoczne w\u00a0ca\u0142ej Europie Zachodniej i\u00a0Rosji. <strong>WIZERUNEK.<\/strong> Pisarz doczeka\u0142 si\u0119 serii koszulek ze swoj\u0105 podobizn\u0105, a swoje prawa do wizerunku zdecydowa\u0142 si\u0119 przekaza\u0107 Polskiej Akcji Humanitarnej, oczywi\u015bcie bez pobierania op\u0142aty licencyjnej. 10% warto\u015bci ceny nominalnej ka\u017cdej koszulki jest przelewane na konto PAH. <strong>NIEPRAWDZIWY LEM. <\/strong>Ameryka\u0144ski pisarz Philip K. Dick by\u0142 przekonany, \u017ce Stanis\u0142aw Lem nie istnieje, a\u00a0nawet je\u015bli jest prawdziwy, to nie jest jedn\u0105 osob\u0105. Oskar\u017ca\u0142 on Lema o\u00a0bycie radzieckim agentem. No c\u00f3\u017c, powszechnie wiadomo, \u017ce Dick tworzy\u0142 pod wp\u0142ywem narkotyk\u00f3w i alkoholu i by\u0107 mo\u017ce to w\u0142a\u015bnie wp\u0142yn\u0119\u0142o na jego dziwne tezy. <strong>WIRTUALNY POGRZEB. <\/strong>|A czy wiecie, \u017ce w 11. rocznic\u0119 \u015bmierci Stanis\u0142awa Lema turecki grafik Polat Yarisci w\u00a0ramach ho\u0142du, stworzy\u0142 animacj\u0119 osadzon\u0105 w\u00a0\u015bwiecie \u201eCyberiady\u201d. Kr\u00f3tki film przedstawia\u0142 pogrzeb pisarza, kt\u00f3rego dokonuj\u0105 roboty z\u00a0kart jednej z\u00a0jego najbardziej znanych ksi\u0105\u017cek.<strong> LICZNE TYTU\u0141Y. <\/strong>Pisarz by\u0142 wielokrotnie nagradzany i\u00a0wyr\u00f3\u017cniany. Otrzyma\u0142: Order Or\u0142a Bia\u0142ego, Order Polonia Restituta, Krzy\u017c Zas\u0142ugi, Z\u0142oty Medal \u201eZas\u0142u\u017cony Kulturze Gloria Artis\u201d, doktorat <em>honoris causa<\/em> kilku uczelni, min. UJ oraz \u00a0tytu\u0142 honorowego obywatela Miasta Krakowa, w\u00a0kt\u00f3rym sp\u0119dzi\u0142 wi\u0119kszo\u015b\u0107 \u017cycia.<strong> ADAPTACJE.<\/strong> Na podstawie ksi\u0105\u017cek Lema powsta\u0142o wiele film\u00f3w i\u00a0produkcji telewizyjnych, nie wszystkie zd\u0105\u017cy\u0142 zobaczy\u0107. Po jego \u015bmierci powsta\u0142 m.in. g\u0142o\u015bny \u201eKongres\u201d. Lem wi\u0119kszo\u015b\u0107 adaptacji krytykowa\u0142, w\u00a0przypadku \u201eSolaris\u201d Tarkowskiego stara\u0142 si\u0119 nawet ingerowa\u0107 w\u00a0wizj\u0119 re\u017cysera.<\/p><p>STANIS\u0141AW LEM A LITERATURA. Przyjrzyjmy si\u0119 teraz, \u00a0co literacko Lema ukszta\u0142towa\u0142o? By\u0142o trzech pisarzy, kt\u00f3rzy wywarli wp\u0142yw na jego tw\u00f3rczo\u015b\u0107. Ale zanim do tego dosz\u0142o za m\u0142odu wykrada\u0142 z biblioteczki ojca &#8211; lekarza klasyk\u0119 literatury polskiej (Fredro, Mickiewicz, Sienkiewicz) i ksi\u0105\u017cki przygodowe (London, Verne, May), kt\u00f3re po prostu ch\u0142on\u0105\u0142. Zapami\u0119tale wertowa\u0142 r\u00f3wnie\u017c wydawnictwa popularnonaukowe, mi\u0119dzy innymi 30 tom\u00f3w serii &#8222;Biblioteka Wiedzy&#8221; Wyd. Trzaska, Evert i Michalski. To z nich Lem czerpa\u0142 pierwsze wiadomo\u015bci o wszech\u015bwiecie, o projektach miast przysz\u0142o\u015bci, budowie gwiazd i atom\u00f3w. \u00a0Z zagranicznych autor\u00f3w prym wiedli H.G. Wells oraz Edgar Allan Poe. Opowiadaj\u0105c o m\u0142odzie\u0144czych fascynacjach, wymienia\u0142 r\u00f3wnie\u017c trzech polskich autor\u00f3w, prekursor\u00f3w fantastyki na lokalnym gruncie: Stefan Grabi\u0144ski, <em>Demon ruchu<\/em>, Jerzy \u017bu\u0142awski, <em>Rozczarowanie<\/em> <em>Ksi\u0119\u017cycem<\/em> \u00a0oraz W\u0142adys\u0142aw Umi\u0144ski, <em>Cz\u0142owiek, kt\u00f3ry nazwa\u0142 samolot.<\/em> Na tym gruncie pojawi\u0142 si\u0119 Stanis\u0142aw Lem \u2013 pisarz.<br \/><a href=\"http:\/\/ebooki.swiatczytnikow.pl\/autor\/Stanis%C5%82aw%20Lem?sort=2&amp;mode=default\">Ksi\u0105\u017cki\u00a0Stanis\u0142awa Lema<\/a> pojawiaj\u0105 si\u0119 do\u015b\u0107 regularnie w\u00a0promocjach ksi\u0119garni. Jak podpowiedzie\u0107 m\u0142odym, od kt\u00f3rych pozycji powinni zacz\u0105\u0107 czyta\u0107 Lema? \u00a0Serwisy w\u00a0 Internecie stawiaj\u0105 r\u00f3\u017cne rankingi. \u00a0Np.\u00a0\u00a0ranking\u00a0w <a href=\"http:\/\/www.biblionetka.pl\/author.aspx?id=27&amp;order=avgrating\">Biblionetce<\/a>\u00a0\u2013 stawia na \u201eSolaris\u201d, \u201eDzienniki gwiazdowe\u201d i\u00a0\u201eNiezwyci\u0119\u017cony\u201d. \u00a0Podobno sam Lem nie poleca\u0142 zaczyn\u0105\u0107 czyta\u0107 jego ksi\u0105\u017cek od: \u201eAstronaut\u00f3w\u201d, \u201eCz\u0142owieka z Marsa\u201d i \u201eOpowie\u015bci o piloci Pirxie\u201d. Wida\u0107, by\u0142 do\u015b\u0107 krytycznie nastawiony do swojej wczesnej tw\u00f3rczo\u015bci.<\/p><p>No i w ko\u0144cu mamy ROK 2021- OG\u0141OSZONY ROKIEM STANIS\u0141AWA LEMA. Biblioteki przypomnia\u0142y sobie o pisarzu, wydawnictwa te\u017c, chocia\u017c w mniejszym stopniu, ale si\u0119 dzieje tu i tam\u2026<strong>EVENTY<\/strong>. Muzeum In\u017cynierii Miejskiej w Krakowie prezentuje niepublikowany do tej pory wywiad ze Stanis\u0142awem Lemem nagrany przez Kazimierza Bihuna w roku 1997 w domu pisarza w Krakowie przy ulicy Narvik. Emisja premiery filmu \u201eInternet \u2013 dziedzina zachwyce\u0144 i zagro\u017ce\u0144\u201d mia\u0142a miejsce 12.09 na platformie Vod Play Krak\u00f3w. <strong>WYSTAWY<\/strong>.\u00a0 Na uwag\u0119 na pewno zas\u0142uguje Ekspozycja w \u00a0Bibliotece Krak\u00f3w \u201eLem inspiracje\u201d, na kt\u00f3r\u0105 z\u0142o\u017cy\u0142y si\u0119 \u00a0reprodukcje obraz\u00f3w \u2013 inspirowanych\u00a0\u201ePowrotem z gwiazd\u201d \u2013 uznanej krakowskiej malarki i ilustratorki Joanny Karpowicz. <strong>FESTIWALE.<\/strong> 10.09 wystartowa\u0142 <em>Festiwal Bomba Megabitowa<\/em>, kt\u00f3rego organizatorami byli:<strong> Miasto Krak\u00f3w, Krakowskie Biuro Festiwalowe \u2013 operator programu Krak\u00f3w Miasto Literatury UNESCO oraz Instytut Polska Przysz\u0142o\u015bci im. Stanis\u0142awa Lema. <\/strong>Spotkania, premiery ksi\u0105\u017ckowe, debaty, warsztaty dla ma\u0142ych i du\u017cych, czytania z muzyk\u0105 na \u017cywo, koncerty, pokazy filmowe, spektakle teatralne, oraz improwizacje sceniczne. Wydarzeniem\u00a0 w Centrum Kongresowym ICE Krak\u00f3w by\u0142a pierwsza edycja <em>Nagr\u00f3d Planety Lema<\/em> za wybitne osi\u0105gni\u0119cia w dziedzinie kultury, nauki i technologii. <strong>LEM W OCZACH INNYCH.<\/strong> By\u0142 niezwyk\u0142\u0105 osobowo\u015bci\u0105, w jego przypadku dzie\u0142o wsp\u00f3\u0142brzmia\u0142o z cz\u0142owiekiem. . <em>M\u00f3wi\u0142 barwnie, ciekawie, elastycznie<\/em><em> \u2013 <\/em>wyzna\u0142 prof. Jerzy Jarz\u0119bski (UJ) [\u2026] <em>odkry\u0142em, \u017ce on jakby m\u00f3wi swoj\u0105 proz\u0105, \u017ce ta sama wynalazczo\u015b\u0107 j\u0119zykowa, konstruowanie nieprawdopodobnych po\u0142\u0105cze\u0144, neologizm\u00f3w, archaizm\u00f3w, kt\u00f3ra jest w szeregu jego ksi\u0105\u017cek, dzieje si\u0119 tak\u017ce podczas rozmowy z nim<\/em> &#8211; opowiada\u0142 Tomasz Fia\u0142kowski [\u2026] <em>Wzywa\u0142 mnie do swojego pokoju bez wzgl\u0119du na pogod\u0119 za oknem. Sadza\u0142 mnie przy swoim wielkim biurku i zaczyna\u0142 mi dyktowa\u0107<\/em><em>.<\/em><em> Robi\u0142 to szybko i nie mo\u017cna by\u0142o prosi\u0107 o powt\u00f3rzenie, bo chodzi\u0142o o to, bym pisa\u0142 bez zastanowienia<\/em> &#8211; opowiada\u0142 Micha\u0142 Zych, siostrzeniec pisarza, kt\u00f3ry pisa\u0142 u niego dyktanda. [\u2026] <em>To by\u0142 najwspanialszy wujek \u00a0\u015bwiata, przynosi\u0142 ksi\u0105\u017cki i m\u00f3wi\u0142 mi: to straszne bzdury, ale ci\u0119 to na pewnie zainteresuje<\/em><em>. <\/em>Sam Lem pisa\u0142 w \u201e\u015awiecie na kraw\u0119dzi\u201d<em>: Kiedy m\u00f3j syn studiowa\u0142 fizyk\u0119 w Princeton (\u2026) utrzymywa\u0142em z nim do\u015b\u0107 intensywn\u0105 korespondencj\u0119. I on skar\u017cy\u0142 si\u0119 matce w li\u015bcie, \u017ce ojciec zamiast pisa\u0107 o swoim \u017cyciu wewn\u0119trznym, albo pyta\u0107 o jego nastroje, pisze o galaktykach, o czarnych dziurach, o zakrzywieniu przestrzeni. \u017bona moja odpowiedzia\u0142a (\u2026):\u00a0 \u017cyciem wewn\u0119trznym twojego ojca s\u0105 w\u0142a\u015bnie czarne dziury i galaktyki.<\/em><em><br \/><\/em><\/p><p>I tak w ca\u0142ej Polsce\u2026w roku 2021 \u201elemowszczyzna\u201d kwitnie. Czy rozbudzi si\u0119 po tym czasie na nowo i pozyska kolejne grono czytelnik\u00f3w? Czy doceni si\u0119 ponownie \u00a0wymagaj\u0105c\u0105 intelektualnie tw\u00f3rczo\u015b\u0107 Stanis\u0142awa Lema, w kt\u00f3rej autor opr\u00f3cz wizji futurologicznych tak \u00a0umiej\u0119tnie kamuflowa\u0142 \u00a0najwy\u017cszej pr\u00f3by czarny humor oraz niezwykle ci\u0119ty dowcip, i to zar\u00f3wno w powie\u015bciach, eseistyce, jak i w listach. \u00a0Je\u015bli ten tekst w minimalnym stopniu si\u0119 do tego przyczyni to &#8211; Chwa\u0142a!&#8230; i dla Lema,\u00a0 i dla nowych odbiorc\u00f3w tej niezwyk\u0142ej literatury. A g\u00f3r\u0105 niech b\u0119dzie wsp\u00f3lny mianownik \u2013 pisarza i m\u0142odego pokolenia &#8211; \u00a0VR \u2013 czyli wirtualna rzeczywisto\u015b\u0107.<\/p><p>\u00a0<\/p><p>W tek\u015bcie wykorzystano fragmenty ze \u017ar\u00f3de\u0142: T. Lem, Awantury na tle powszechnego ci\u0105\u017cenia, WL 2009, <a href=\"https:\/\/roklema.pl\/\">https:\/\/roklema.pl\/<\/a>, <a href=\"https:\/\/lem.pl\/\">https:\/\/lem.pl\/<\/a>, <a href=\"https:\/\/solaris.lem.pl\/o-lemie\/ksiazki-o-lemie\">https:\/\/solaris.lem.pl\/o-lemie\/ksiazki-o-lemie<\/a>, <a href=\"https:\/\/culture.pl\/pl\/artykul\/13-przepowiedni-lema-ktore-sie-sprawdzily\">https:\/\/culture.pl\/pl\/artykul\/13-przepowiedni-lema-ktore-sie-sprawdzily<\/a>, <a href=\"https:\/\/swiatczytnikow.pl\/stanislaw-lem-od-czego-zaczac\/\">https:\/\/swiatczytnikow.pl\/stanislaw-lem-od-czego-zaczac\/<\/a>, <a href=\"https:\/\/playkrakow.com\/vods\/vod.1514\">https:\/\/playkrakow.com\/vods\/vod.1514<\/a>, <a href=\"https:\/\/www.biblioteka.krakow.pl\/na-urodziny-lema-wystawa-obrazow-w-bibliotece-krakow\/\">https:\/\/www.biblioteka.krakow.pl\/na-urodziny-lema-wystawa-obrazow-w-bibliotece-krakow<\/a><\/p>\t\t\t\t\t\t\t\t<\/div>\n\t\t\t\t<\/div>\n\t\t\t\t\t<\/div>\n\t\t<\/div>\n\t\t\t\t\t<\/div>\n\t\t<\/section>\n\t\t\t\t<section class=\"elementor-section elementor-top-section elementor-element elementor-element-13012e40 elementor-section-boxed elementor-section-height-default elementor-section-height-default\" data-id=\"13012e40\" data-element_type=\"section\" data-e-type=\"section\">\n\t\t\t\t\t\t<div class=\"elementor-container elementor-column-gap-default\">\n\t\t\t\t\t<div class=\"elementor-column elementor-col-100 elementor-top-column elementor-element elementor-element-3c23692c\" data-id=\"3c23692c\" data-element_type=\"column\" data-e-type=\"column\">\n\t\t\t<div class=\"elementor-widget-wrap elementor-element-populated\">\n\t\t\t\t\t\t<div class=\"elementor-element elementor-element-13f681ed elementor-widget elementor-widget-text-editor\" data-id=\"13f681ed\" data-element_type=\"widget\" data-e-type=\"widget\" data-widget_type=\"text-editor.default\">\n\t\t\t\t<div class=\"elementor-widget-container\">\n\t\t\t\t\t\t\t\t\t<p><strong>Olga Nowicka<br \/><\/strong><\/p>\t\t\t\t\t\t\t\t<\/div>\n\t\t\t\t<\/div>\n\t\t\t\t\t<\/div>\n\t\t<\/div>\n\t\t\t\t\t<\/div>\n\t\t<\/section>\n\t\t\t\t<section class=\"elementor-section elementor-top-section elementor-element elementor-element-8bcd3bc elementor-section-boxed elementor-section-height-default elementor-section-height-default\" data-id=\"8bcd3bc\" data-element_type=\"section\" data-e-type=\"section\">\n\t\t\t\t\t\t<div class=\"elementor-container elementor-column-gap-default\">\n\t\t\t\t\t<div class=\"elementor-column elementor-col-100 elementor-top-column elementor-element elementor-element-832b880\" data-id=\"832b880\" data-element_type=\"column\" data-e-type=\"column\">\n\t\t\t<div class=\"elementor-widget-wrap elementor-element-populated\">\n\t\t\t\t\t\t<div class=\"elementor-element elementor-element-90ae885 elementor-widget elementor-widget-image\" data-id=\"90ae885\" data-element_type=\"widget\" data-e-type=\"widget\" data-widget_type=\"image.default\">\n\t\t\t\t<div class=\"elementor-widget-container\">\n\t\t\t\t\t\t\t\t\t\t\t\t\t\t\t<img fetchpriority=\"high\" decoding=\"async\" width=\"652\" height=\"920\" src=\"https:\/\/www.mbp.chrzanow.pl\/akademiaslowa\/wp-content\/uploads\/2021\/12\/NAKLADKA-WWW_Powrot-do-Lema_felieton_2.jpg\" class=\"attachment-large size-large wp-image-1463\" alt=\"\" srcset=\"https:\/\/www.mbp.chrzanow.pl\/akademiaslowa\/wp-content\/uploads\/2021\/12\/NAKLADKA-WWW_Powrot-do-Lema_felieton_2.jpg 652w, https:\/\/www.mbp.chrzanow.pl\/akademiaslowa\/wp-content\/uploads\/2021\/12\/NAKLADKA-WWW_Powrot-do-Lema_felieton_2-213x300.jpg 213w\" sizes=\"(max-width: 652px) 100vw, 652px\" \/>\t\t\t\t\t\t\t\t\t\t\t\t\t\t\t<\/div>\n\t\t\t\t<\/div>\n\t\t\t\t\t<\/div>\n\t\t<\/div>\n\t\t\t\t\t<\/div>\n\t\t<\/section>\n\t\t\t\t<section class=\"elementor-section elementor-inner-section elementor-element elementor-element-21f8633f elementor-section-boxed elementor-section-height-default elementor-section-height-default\" data-id=\"21f8633f\" data-element_type=\"section\" data-e-type=\"section\">\n\t\t\t\t\t\t<div class=\"elementor-container elementor-column-gap-default\">\n\t\t\t\t\t<div class=\"elementor-column elementor-col-25 elementor-inner-column elementor-element elementor-element-5fb3dfc6\" data-id=\"5fb3dfc6\" data-element_type=\"column\" data-e-type=\"column\">\n\t\t\t<div class=\"elementor-widget-wrap\">\n\t\t\t\t\t\t\t<\/div>\n\t\t<\/div>\n\t\t\t\t<div class=\"elementor-column elementor-col-25 elementor-inner-column elementor-element elementor-element-47ca4f3\" data-id=\"47ca4f3\" data-element_type=\"column\" data-e-type=\"column\">\n\t\t\t<div class=\"elementor-widget-wrap elementor-element-populated\">\n\t\t\t\t\t\t<div class=\"elementor-element elementor-element-5eb3da3 elementor-align-center elementor-icon-list--layout-traditional elementor-list-item-link-full_width elementor-widget elementor-widget-icon-list\" data-id=\"5eb3da3\" data-element_type=\"widget\" data-e-type=\"widget\" data-widget_type=\"icon-list.default\">\n\t\t\t\t<div class=\"elementor-widget-container\">\n\t\t\t\t\t\t\t<ul class=\"elementor-icon-list-items\">\n\t\t\t\t\t\t\t<li class=\"elementor-icon-list-item\">\n\t\t\t\t\t\t\t\t\t\t\t<a href=\"https:\/\/www.facebook.com\/mbp.chrzanow\/\" target=\"_blank\">\n\n\t\t\t\t\t\t\t\t\t\t\t\t<span class=\"elementor-icon-list-icon\">\n\t\t\t\t\t\t\t<i aria-hidden=\"true\" class=\"fab fa-facebook-square\"><\/i>\t\t\t\t\t\t<\/span>\n\t\t\t\t\t\t\t\t\t\t<span class=\"elementor-icon-list-text\"><\/span>\n\t\t\t\t\t\t\t\t\t\t\t<\/a>\n\t\t\t\t\t\t\t\t\t<\/li>\n\t\t\t\t\t\t<\/ul>\n\t\t\t\t\t\t<\/div>\n\t\t\t\t<\/div>\n\t\t\t\t\t<\/div>\n\t\t<\/div>\n\t\t\t\t<div class=\"elementor-column elementor-col-25 elementor-inner-column elementor-element elementor-element-2601bf7b\" data-id=\"2601bf7b\" data-element_type=\"column\" data-e-type=\"column\">\n\t\t\t<div class=\"elementor-widget-wrap elementor-element-populated\">\n\t\t\t\t\t\t<div class=\"elementor-element elementor-element-53b93e45 elementor-align-center elementor-icon-list--layout-traditional elementor-list-item-link-full_width elementor-widget elementor-widget-icon-list\" data-id=\"53b93e45\" data-element_type=\"widget\" data-e-type=\"widget\" data-widget_type=\"icon-list.default\">\n\t\t\t\t<div class=\"elementor-widget-container\">\n\t\t\t\t\t\t\t<ul class=\"elementor-icon-list-items\">\n\t\t\t\t\t\t\t<li class=\"elementor-icon-list-item\">\n\t\t\t\t\t\t\t\t\t\t\t<a href=\"https:\/\/www.instagram.com\/mbp_chrzanow\/\" target=\"_blank\">\n\n\t\t\t\t\t\t\t\t\t\t\t\t<span class=\"elementor-icon-list-icon\">\n\t\t\t\t\t\t\t<i aria-hidden=\"true\" class=\"fab fa-instagram\"><\/i>\t\t\t\t\t\t<\/span>\n\t\t\t\t\t\t\t\t\t\t<span class=\"elementor-icon-list-text\"><\/span>\n\t\t\t\t\t\t\t\t\t\t\t<\/a>\n\t\t\t\t\t\t\t\t\t<\/li>\n\t\t\t\t\t\t<\/ul>\n\t\t\t\t\t\t<\/div>\n\t\t\t\t<\/div>\n\t\t\t\t\t<\/div>\n\t\t<\/div>\n\t\t\t\t<div class=\"elementor-column elementor-col-25 elementor-inner-column elementor-element elementor-element-2a897033\" data-id=\"2a897033\" data-element_type=\"column\" data-e-type=\"column\">\n\t\t\t<div class=\"elementor-widget-wrap elementor-element-populated\">\n\t\t\t\t\t\t<div class=\"elementor-element elementor-element-30f1e0aa elementor-align-center elementor-icon-list--layout-traditional elementor-list-item-link-full_width elementor-widget elementor-widget-icon-list\" data-id=\"30f1e0aa\" data-element_type=\"widget\" data-e-type=\"widget\" data-widget_type=\"icon-list.default\">\n\t\t\t\t<div class=\"elementor-widget-container\">\n\t\t\t\t\t\t\t<ul class=\"elementor-icon-list-items\">\n\t\t\t\t\t\t\t<li class=\"elementor-icon-list-item\">\n\t\t\t\t\t\t\t\t\t\t\t<a href=\"https:\/\/www.youtube.com\/user\/MBPChrzanow\" target=\"_blank\">\n\n\t\t\t\t\t\t\t\t\t\t\t\t<span class=\"elementor-icon-list-icon\">\n\t\t\t\t\t\t\t<i aria-hidden=\"true\" class=\"fab fa-youtube\"><\/i>\t\t\t\t\t\t<\/span>\n\t\t\t\t\t\t\t\t\t\t<span class=\"elementor-icon-list-text\"><\/span>\n\t\t\t\t\t\t\t\t\t\t\t<\/a>\n\t\t\t\t\t\t\t\t\t<\/li>\n\t\t\t\t\t\t<\/ul>\n\t\t\t\t\t\t<\/div>\n\t\t\t\t<\/div>\n\t\t\t\t\t<\/div>\n\t\t<\/div>\n\t\t\t\t\t<\/div>\n\t\t<\/section>\n\t\t\t\t<\/div>\n\t\t","protected":false},"excerpt":{"rendered":"<p> [&hellip;]<\/p>\n","protected":false},"author":3,"featured_media":0,"comment_status":"open","ping_status":"open","sticky":false,"template":"","format":"standard","meta":{"footnotes":""},"categories":[11],"tags":[23,27,28],"class_list":["post-1461","post","type-post","status-publish","format-standard","hentry","category-felietony","tag-23","tag-felieton","tag-olga-nowicka"],"yoast_head":"<!-- This site is optimized with the Yoast SEO plugin v27.5 - https:\/\/yoast.com\/product\/yoast-seo-wordpress\/ -->\n<title>Felieton Olgi Nowickiej - grudzie\u0144 2021 - Akademia S\u0142owa - Chrzan\u00f3w<\/title>\n<meta name=\"robots\" content=\"index, follow, max-snippet:-1, max-image-preview:large, max-video-preview:-1\" \/>\n<link rel=\"canonical\" href=\"https:\/\/www.mbp.chrzanow.pl\/akademiaslowa\/index.php\/2021\/12\/15\/felieton-olgi-nowickiej-grudzien-2021\/\" \/>\n<meta property=\"og:locale\" content=\"pl_PL\" \/>\n<meta property=\"og:type\" content=\"article\" \/>\n<meta property=\"og:title\" content=\"Felieton Olgi Nowickiej - grudzie\u0144 2021 - Akademia S\u0142owa - Chrzan\u00f3w\" \/>\n<meta property=\"og:description\" content=\"[&hellip;]\" \/>\n<meta property=\"og:url\" content=\"https:\/\/www.mbp.chrzanow.pl\/akademiaslowa\/index.php\/2021\/12\/15\/felieton-olgi-nowickiej-grudzien-2021\/\" \/>\n<meta property=\"og:site_name\" content=\"Akademia S\u0142owa - Chrzan\u00f3w\" \/>\n<meta property=\"article:published_time\" content=\"2021-12-15T14:00:49+00:00\" \/>\n<meta property=\"article:modified_time\" content=\"2022-03-09T15:25:49+00:00\" \/>\n<meta property=\"og:image\" content=\"http:\/\/www.mbp.chrzanow.pl\/akademiaslowa\/wp-content\/uploads\/2021\/12\/NAKLADKA-WWW_Powrot-do-Lema_felieton_2.jpg\" \/>\n<meta name=\"author\" content=\"Prom\" \/>\n<meta name=\"twitter:card\" content=\"summary_large_image\" \/>\n<meta name=\"twitter:label1\" content=\"Napisane przez\" \/>\n\t<meta name=\"twitter:data1\" content=\"Prom\" \/>\n<script type=\"application\/ld+json\" class=\"yoast-schema-graph\">{\"@context\":\"https:\\\/\\\/schema.org\",\"@graph\":[{\"@type\":\"Article\",\"@id\":\"https:\\\/\\\/www.mbp.chrzanow.pl\\\/akademiaslowa\\\/index.php\\\/2021\\\/12\\\/15\\\/felieton-olgi-nowickiej-grudzien-2021\\\/#article\",\"isPartOf\":{\"@id\":\"https:\\\/\\\/www.mbp.chrzanow.pl\\\/akademiaslowa\\\/index.php\\\/2021\\\/12\\\/15\\\/felieton-olgi-nowickiej-grudzien-2021\\\/\"},\"author\":{\"name\":\"Prom\",\"@id\":\"https:\\\/\\\/www.mbp.chrzanow.pl\\\/akademiaslowa\\\/#\\\/schema\\\/person\\\/fe7a35ef0376d4e76846aeae319d9fd8\"},\"headline\":\"Felieton Olgi Nowickiej &#8211; grudzie\u0144 2021\",\"datePublished\":\"2021-12-15T14:00:49+00:00\",\"dateModified\":\"2022-03-09T15:25:49+00:00\",\"mainEntityOfPage\":{\"@id\":\"https:\\\/\\\/www.mbp.chrzanow.pl\\\/akademiaslowa\\\/index.php\\\/2021\\\/12\\\/15\\\/felieton-olgi-nowickiej-grudzien-2021\\\/\"},\"wordCount\":2204,\"commentCount\":0,\"publisher\":{\"@id\":\"https:\\\/\\\/www.mbp.chrzanow.pl\\\/akademiaslowa\\\/#organization\"},\"image\":{\"@id\":\"https:\\\/\\\/www.mbp.chrzanow.pl\\\/akademiaslowa\\\/index.php\\\/2021\\\/12\\\/15\\\/felieton-olgi-nowickiej-grudzien-2021\\\/#primaryimage\"},\"thumbnailUrl\":\"http:\\\/\\\/www.mbp.chrzanow.pl\\\/akademiaslowa\\\/wp-content\\\/uploads\\\/2021\\\/12\\\/NAKLADKA-WWW_Powrot-do-Lema_felieton_2.jpg\",\"keywords\":[\"2021\",\"Felieton\",\"Olga Nowicka\"],\"articleSection\":[\"Felietony\"],\"inLanguage\":\"pl-PL\",\"potentialAction\":[{\"@type\":\"CommentAction\",\"name\":\"Comment\",\"target\":[\"https:\\\/\\\/www.mbp.chrzanow.pl\\\/akademiaslowa\\\/index.php\\\/2021\\\/12\\\/15\\\/felieton-olgi-nowickiej-grudzien-2021\\\/#respond\"]}]},{\"@type\":\"WebPage\",\"@id\":\"https:\\\/\\\/www.mbp.chrzanow.pl\\\/akademiaslowa\\\/index.php\\\/2021\\\/12\\\/15\\\/felieton-olgi-nowickiej-grudzien-2021\\\/\",\"url\":\"https:\\\/\\\/www.mbp.chrzanow.pl\\\/akademiaslowa\\\/index.php\\\/2021\\\/12\\\/15\\\/felieton-olgi-nowickiej-grudzien-2021\\\/\",\"name\":\"Felieton Olgi Nowickiej - grudzie\u0144 2021 - Akademia S\u0142owa - Chrzan\u00f3w\",\"isPartOf\":{\"@id\":\"https:\\\/\\\/www.mbp.chrzanow.pl\\\/akademiaslowa\\\/#website\"},\"primaryImageOfPage\":{\"@id\":\"https:\\\/\\\/www.mbp.chrzanow.pl\\\/akademiaslowa\\\/index.php\\\/2021\\\/12\\\/15\\\/felieton-olgi-nowickiej-grudzien-2021\\\/#primaryimage\"},\"image\":{\"@id\":\"https:\\\/\\\/www.mbp.chrzanow.pl\\\/akademiaslowa\\\/index.php\\\/2021\\\/12\\\/15\\\/felieton-olgi-nowickiej-grudzien-2021\\\/#primaryimage\"},\"thumbnailUrl\":\"http:\\\/\\\/www.mbp.chrzanow.pl\\\/akademiaslowa\\\/wp-content\\\/uploads\\\/2021\\\/12\\\/NAKLADKA-WWW_Powrot-do-Lema_felieton_2.jpg\",\"datePublished\":\"2021-12-15T14:00:49+00:00\",\"dateModified\":\"2022-03-09T15:25:49+00:00\",\"breadcrumb\":{\"@id\":\"https:\\\/\\\/www.mbp.chrzanow.pl\\\/akademiaslowa\\\/index.php\\\/2021\\\/12\\\/15\\\/felieton-olgi-nowickiej-grudzien-2021\\\/#breadcrumb\"},\"inLanguage\":\"pl-PL\",\"potentialAction\":[{\"@type\":\"ReadAction\",\"target\":[\"https:\\\/\\\/www.mbp.chrzanow.pl\\\/akademiaslowa\\\/index.php\\\/2021\\\/12\\\/15\\\/felieton-olgi-nowickiej-grudzien-2021\\\/\"]}]},{\"@type\":\"ImageObject\",\"inLanguage\":\"pl-PL\",\"@id\":\"https:\\\/\\\/www.mbp.chrzanow.pl\\\/akademiaslowa\\\/index.php\\\/2021\\\/12\\\/15\\\/felieton-olgi-nowickiej-grudzien-2021\\\/#primaryimage\",\"url\":\"https:\\\/\\\/www.mbp.chrzanow.pl\\\/akademiaslowa\\\/wp-content\\\/uploads\\\/2021\\\/12\\\/NAKLADKA-WWW_Powrot-do-Lema_felieton_2.jpg\",\"contentUrl\":\"https:\\\/\\\/www.mbp.chrzanow.pl\\\/akademiaslowa\\\/wp-content\\\/uploads\\\/2021\\\/12\\\/NAKLADKA-WWW_Powrot-do-Lema_felieton_2.jpg\",\"width\":652,\"height\":920},{\"@type\":\"BreadcrumbList\",\"@id\":\"https:\\\/\\\/www.mbp.chrzanow.pl\\\/akademiaslowa\\\/index.php\\\/2021\\\/12\\\/15\\\/felieton-olgi-nowickiej-grudzien-2021\\\/#breadcrumb\",\"itemListElement\":[{\"@type\":\"ListItem\",\"position\":1,\"name\":\"Strona g\u0142\u00f3wna\",\"item\":\"https:\\\/\\\/www.mbp.chrzanow.pl\\\/akademiaslowa\\\/\"},{\"@type\":\"ListItem\",\"position\":2,\"name\":\"Felieton Olgi Nowickiej &#8211; grudzie\u0144 2021\"}]},{\"@type\":\"WebSite\",\"@id\":\"https:\\\/\\\/www.mbp.chrzanow.pl\\\/akademiaslowa\\\/#website\",\"url\":\"https:\\\/\\\/www.mbp.chrzanow.pl\\\/akademiaslowa\\\/\",\"name\":\"Akademia S\u0142owa - Chrzan\u00f3w\",\"description\":\"Czym poezja...\",\"publisher\":{\"@id\":\"https:\\\/\\\/www.mbp.chrzanow.pl\\\/akademiaslowa\\\/#organization\"},\"potentialAction\":[{\"@type\":\"SearchAction\",\"target\":{\"@type\":\"EntryPoint\",\"urlTemplate\":\"https:\\\/\\\/www.mbp.chrzanow.pl\\\/akademiaslowa\\\/?s={search_term_string}\"},\"query-input\":{\"@type\":\"PropertyValueSpecification\",\"valueRequired\":true,\"valueName\":\"search_term_string\"}}],\"inLanguage\":\"pl-PL\"},{\"@type\":\"Organization\",\"@id\":\"https:\\\/\\\/www.mbp.chrzanow.pl\\\/akademiaslowa\\\/#organization\",\"name\":\"Akademia S\u0142owa Chrzan\u00f3w\",\"url\":\"https:\\\/\\\/www.mbp.chrzanow.pl\\\/akademiaslowa\\\/\",\"logo\":{\"@type\":\"ImageObject\",\"inLanguage\":\"pl-PL\",\"@id\":\"https:\\\/\\\/www.mbp.chrzanow.pl\\\/akademiaslowa\\\/#\\\/schema\\\/logo\\\/image\\\/\",\"url\":\"https:\\\/\\\/www.mbp.chrzanow.pl\\\/akademiaslowa\\\/wp-content\\\/uploads\\\/2017\\\/12\\\/AkademiaSlowa_www.jpg\",\"contentUrl\":\"https:\\\/\\\/www.mbp.chrzanow.pl\\\/akademiaslowa\\\/wp-content\\\/uploads\\\/2017\\\/12\\\/AkademiaSlowa_www.jpg\",\"width\":500,\"height\":79,\"caption\":\"Akademia S\u0142owa Chrzan\u00f3w\"},\"image\":{\"@id\":\"https:\\\/\\\/www.mbp.chrzanow.pl\\\/akademiaslowa\\\/#\\\/schema\\\/logo\\\/image\\\/\"}},{\"@type\":\"Person\",\"@id\":\"https:\\\/\\\/www.mbp.chrzanow.pl\\\/akademiaslowa\\\/#\\\/schema\\\/person\\\/fe7a35ef0376d4e76846aeae319d9fd8\",\"name\":\"Prom\",\"image\":{\"@type\":\"ImageObject\",\"inLanguage\":\"pl-PL\",\"@id\":\"https:\\\/\\\/secure.gravatar.com\\\/avatar\\\/f60fbd4aa9e3207ab0785fd91859281f74f6e854743680d402cbd83a1b744580?s=96&d=mm&r=g\",\"url\":\"https:\\\/\\\/secure.gravatar.com\\\/avatar\\\/f60fbd4aa9e3207ab0785fd91859281f74f6e854743680d402cbd83a1b744580?s=96&d=mm&r=g\",\"contentUrl\":\"https:\\\/\\\/secure.gravatar.com\\\/avatar\\\/f60fbd4aa9e3207ab0785fd91859281f74f6e854743680d402cbd83a1b744580?s=96&d=mm&r=g\",\"caption\":\"Prom\"},\"url\":\"https:\\\/\\\/www.mbp.chrzanow.pl\\\/akademiaslowa\\\/index.php\\\/author\\\/promocja\\\/\"}]}<\/script>\n<!-- \/ Yoast SEO plugin. -->","yoast_head_json":{"title":"Felieton Olgi Nowickiej - grudzie\u0144 2021 - Akademia S\u0142owa - Chrzan\u00f3w","robots":{"index":"index","follow":"follow","max-snippet":"max-snippet:-1","max-image-preview":"max-image-preview:large","max-video-preview":"max-video-preview:-1"},"canonical":"https:\/\/www.mbp.chrzanow.pl\/akademiaslowa\/index.php\/2021\/12\/15\/felieton-olgi-nowickiej-grudzien-2021\/","og_locale":"pl_PL","og_type":"article","og_title":"Felieton Olgi Nowickiej - grudzie\u0144 2021 - Akademia S\u0142owa - Chrzan\u00f3w","og_description":"[&hellip;]","og_url":"https:\/\/www.mbp.chrzanow.pl\/akademiaslowa\/index.php\/2021\/12\/15\/felieton-olgi-nowickiej-grudzien-2021\/","og_site_name":"Akademia S\u0142owa - Chrzan\u00f3w","article_published_time":"2021-12-15T14:00:49+00:00","article_modified_time":"2022-03-09T15:25:49+00:00","og_image":[{"url":"http:\/\/www.mbp.chrzanow.pl\/akademiaslowa\/wp-content\/uploads\/2021\/12\/NAKLADKA-WWW_Powrot-do-Lema_felieton_2.jpg","type":"","width":"","height":""}],"author":"Prom","twitter_card":"summary_large_image","twitter_misc":{"Napisane przez":"Prom"},"schema":{"@context":"https:\/\/schema.org","@graph":[{"@type":"Article","@id":"https:\/\/www.mbp.chrzanow.pl\/akademiaslowa\/index.php\/2021\/12\/15\/felieton-olgi-nowickiej-grudzien-2021\/#article","isPartOf":{"@id":"https:\/\/www.mbp.chrzanow.pl\/akademiaslowa\/index.php\/2021\/12\/15\/felieton-olgi-nowickiej-grudzien-2021\/"},"author":{"name":"Prom","@id":"https:\/\/www.mbp.chrzanow.pl\/akademiaslowa\/#\/schema\/person\/fe7a35ef0376d4e76846aeae319d9fd8"},"headline":"Felieton Olgi Nowickiej &#8211; grudzie\u0144 2021","datePublished":"2021-12-15T14:00:49+00:00","dateModified":"2022-03-09T15:25:49+00:00","mainEntityOfPage":{"@id":"https:\/\/www.mbp.chrzanow.pl\/akademiaslowa\/index.php\/2021\/12\/15\/felieton-olgi-nowickiej-grudzien-2021\/"},"wordCount":2204,"commentCount":0,"publisher":{"@id":"https:\/\/www.mbp.chrzanow.pl\/akademiaslowa\/#organization"},"image":{"@id":"https:\/\/www.mbp.chrzanow.pl\/akademiaslowa\/index.php\/2021\/12\/15\/felieton-olgi-nowickiej-grudzien-2021\/#primaryimage"},"thumbnailUrl":"http:\/\/www.mbp.chrzanow.pl\/akademiaslowa\/wp-content\/uploads\/2021\/12\/NAKLADKA-WWW_Powrot-do-Lema_felieton_2.jpg","keywords":["2021","Felieton","Olga Nowicka"],"articleSection":["Felietony"],"inLanguage":"pl-PL","potentialAction":[{"@type":"CommentAction","name":"Comment","target":["https:\/\/www.mbp.chrzanow.pl\/akademiaslowa\/index.php\/2021\/12\/15\/felieton-olgi-nowickiej-grudzien-2021\/#respond"]}]},{"@type":"WebPage","@id":"https:\/\/www.mbp.chrzanow.pl\/akademiaslowa\/index.php\/2021\/12\/15\/felieton-olgi-nowickiej-grudzien-2021\/","url":"https:\/\/www.mbp.chrzanow.pl\/akademiaslowa\/index.php\/2021\/12\/15\/felieton-olgi-nowickiej-grudzien-2021\/","name":"Felieton Olgi Nowickiej - grudzie\u0144 2021 - Akademia S\u0142owa - Chrzan\u00f3w","isPartOf":{"@id":"https:\/\/www.mbp.chrzanow.pl\/akademiaslowa\/#website"},"primaryImageOfPage":{"@id":"https:\/\/www.mbp.chrzanow.pl\/akademiaslowa\/index.php\/2021\/12\/15\/felieton-olgi-nowickiej-grudzien-2021\/#primaryimage"},"image":{"@id":"https:\/\/www.mbp.chrzanow.pl\/akademiaslowa\/index.php\/2021\/12\/15\/felieton-olgi-nowickiej-grudzien-2021\/#primaryimage"},"thumbnailUrl":"http:\/\/www.mbp.chrzanow.pl\/akademiaslowa\/wp-content\/uploads\/2021\/12\/NAKLADKA-WWW_Powrot-do-Lema_felieton_2.jpg","datePublished":"2021-12-15T14:00:49+00:00","dateModified":"2022-03-09T15:25:49+00:00","breadcrumb":{"@id":"https:\/\/www.mbp.chrzanow.pl\/akademiaslowa\/index.php\/2021\/12\/15\/felieton-olgi-nowickiej-grudzien-2021\/#breadcrumb"},"inLanguage":"pl-PL","potentialAction":[{"@type":"ReadAction","target":["https:\/\/www.mbp.chrzanow.pl\/akademiaslowa\/index.php\/2021\/12\/15\/felieton-olgi-nowickiej-grudzien-2021\/"]}]},{"@type":"ImageObject","inLanguage":"pl-PL","@id":"https:\/\/www.mbp.chrzanow.pl\/akademiaslowa\/index.php\/2021\/12\/15\/felieton-olgi-nowickiej-grudzien-2021\/#primaryimage","url":"https:\/\/www.mbp.chrzanow.pl\/akademiaslowa\/wp-content\/uploads\/2021\/12\/NAKLADKA-WWW_Powrot-do-Lema_felieton_2.jpg","contentUrl":"https:\/\/www.mbp.chrzanow.pl\/akademiaslowa\/wp-content\/uploads\/2021\/12\/NAKLADKA-WWW_Powrot-do-Lema_felieton_2.jpg","width":652,"height":920},{"@type":"BreadcrumbList","@id":"https:\/\/www.mbp.chrzanow.pl\/akademiaslowa\/index.php\/2021\/12\/15\/felieton-olgi-nowickiej-grudzien-2021\/#breadcrumb","itemListElement":[{"@type":"ListItem","position":1,"name":"Strona g\u0142\u00f3wna","item":"https:\/\/www.mbp.chrzanow.pl\/akademiaslowa\/"},{"@type":"ListItem","position":2,"name":"Felieton Olgi Nowickiej &#8211; grudzie\u0144 2021"}]},{"@type":"WebSite","@id":"https:\/\/www.mbp.chrzanow.pl\/akademiaslowa\/#website","url":"https:\/\/www.mbp.chrzanow.pl\/akademiaslowa\/","name":"Akademia S\u0142owa - Chrzan\u00f3w","description":"Czym poezja...","publisher":{"@id":"https:\/\/www.mbp.chrzanow.pl\/akademiaslowa\/#organization"},"potentialAction":[{"@type":"SearchAction","target":{"@type":"EntryPoint","urlTemplate":"https:\/\/www.mbp.chrzanow.pl\/akademiaslowa\/?s={search_term_string}"},"query-input":{"@type":"PropertyValueSpecification","valueRequired":true,"valueName":"search_term_string"}}],"inLanguage":"pl-PL"},{"@type":"Organization","@id":"https:\/\/www.mbp.chrzanow.pl\/akademiaslowa\/#organization","name":"Akademia S\u0142owa Chrzan\u00f3w","url":"https:\/\/www.mbp.chrzanow.pl\/akademiaslowa\/","logo":{"@type":"ImageObject","inLanguage":"pl-PL","@id":"https:\/\/www.mbp.chrzanow.pl\/akademiaslowa\/#\/schema\/logo\/image\/","url":"https:\/\/www.mbp.chrzanow.pl\/akademiaslowa\/wp-content\/uploads\/2017\/12\/AkademiaSlowa_www.jpg","contentUrl":"https:\/\/www.mbp.chrzanow.pl\/akademiaslowa\/wp-content\/uploads\/2017\/12\/AkademiaSlowa_www.jpg","width":500,"height":79,"caption":"Akademia S\u0142owa Chrzan\u00f3w"},"image":{"@id":"https:\/\/www.mbp.chrzanow.pl\/akademiaslowa\/#\/schema\/logo\/image\/"}},{"@type":"Person","@id":"https:\/\/www.mbp.chrzanow.pl\/akademiaslowa\/#\/schema\/person\/fe7a35ef0376d4e76846aeae319d9fd8","name":"Prom","image":{"@type":"ImageObject","inLanguage":"pl-PL","@id":"https:\/\/secure.gravatar.com\/avatar\/f60fbd4aa9e3207ab0785fd91859281f74f6e854743680d402cbd83a1b744580?s=96&d=mm&r=g","url":"https:\/\/secure.gravatar.com\/avatar\/f60fbd4aa9e3207ab0785fd91859281f74f6e854743680d402cbd83a1b744580?s=96&d=mm&r=g","contentUrl":"https:\/\/secure.gravatar.com\/avatar\/f60fbd4aa9e3207ab0785fd91859281f74f6e854743680d402cbd83a1b744580?s=96&d=mm&r=g","caption":"Prom"},"url":"https:\/\/www.mbp.chrzanow.pl\/akademiaslowa\/index.php\/author\/promocja\/"}]}},"_links":{"self":[{"href":"https:\/\/www.mbp.chrzanow.pl\/akademiaslowa\/index.php\/wp-json\/wp\/v2\/posts\/1461","targetHints":{"allow":["GET"]}}],"collection":[{"href":"https:\/\/www.mbp.chrzanow.pl\/akademiaslowa\/index.php\/wp-json\/wp\/v2\/posts"}],"about":[{"href":"https:\/\/www.mbp.chrzanow.pl\/akademiaslowa\/index.php\/wp-json\/wp\/v2\/types\/post"}],"author":[{"embeddable":true,"href":"https:\/\/www.mbp.chrzanow.pl\/akademiaslowa\/index.php\/wp-json\/wp\/v2\/users\/3"}],"replies":[{"embeddable":true,"href":"https:\/\/www.mbp.chrzanow.pl\/akademiaslowa\/index.php\/wp-json\/wp\/v2\/comments?post=1461"}],"version-history":[{"count":7,"href":"https:\/\/www.mbp.chrzanow.pl\/akademiaslowa\/index.php\/wp-json\/wp\/v2\/posts\/1461\/revisions"}],"predecessor-version":[{"id":1600,"href":"https:\/\/www.mbp.chrzanow.pl\/akademiaslowa\/index.php\/wp-json\/wp\/v2\/posts\/1461\/revisions\/1600"}],"wp:attachment":[{"href":"https:\/\/www.mbp.chrzanow.pl\/akademiaslowa\/index.php\/wp-json\/wp\/v2\/media?parent=1461"}],"wp:term":[{"taxonomy":"category","embeddable":true,"href":"https:\/\/www.mbp.chrzanow.pl\/akademiaslowa\/index.php\/wp-json\/wp\/v2\/categories?post=1461"},{"taxonomy":"post_tag","embeddable":true,"href":"https:\/\/www.mbp.chrzanow.pl\/akademiaslowa\/index.php\/wp-json\/wp\/v2\/tags?post=1461"}],"curies":[{"name":"wp","href":"https:\/\/api.w.org\/{rel}","templated":true}]}}