{"id":1875,"date":"2022-12-29T11:11:12","date_gmt":"2022-12-29T10:11:12","guid":{"rendered":"https:\/\/www.mbp.chrzanow.pl\/akademiaslowa\/?p=1875"},"modified":"2023-01-18T08:53:40","modified_gmt":"2023-01-18T07:53:40","slug":"felieton-olgi-nowickiej-grudzien-2022","status":"publish","type":"post","link":"https:\/\/www.mbp.chrzanow.pl\/akademiaslowa\/index.php\/2022\/12\/29\/felieton-olgi-nowickiej-grudzien-2022\/","title":{"rendered":"Felieton Olgi Nowickiej &#8211; grudzie\u0144 2022"},"content":{"rendered":"\t\t<div data-elementor-type=\"wp-post\" data-elementor-id=\"1875\" class=\"elementor elementor-1875\">\n\t\t\t\t\t\t<section class=\"elementor-section elementor-top-section elementor-element elementor-element-745bfdcb elementor-section-boxed elementor-section-height-default elementor-section-height-default\" data-id=\"745bfdcb\" data-element_type=\"section\" data-e-type=\"section\">\n\t\t\t\t\t\t<div class=\"elementor-container elementor-column-gap-default\">\n\t\t\t\t\t<div class=\"elementor-column elementor-col-100 elementor-top-column elementor-element elementor-element-161a85b3\" data-id=\"161a85b3\" data-element_type=\"column\" data-e-type=\"column\">\n\t\t\t<div class=\"elementor-widget-wrap elementor-element-populated\">\n\t\t\t\t\t\t<div class=\"elementor-element elementor-element-4cb92aba elementor-widget elementor-widget-text-editor\" data-id=\"4cb92aba\" data-element_type=\"widget\" data-e-type=\"widget\" data-widget_type=\"text-editor.default\">\n\t\t\t\t<div class=\"elementor-widget-container\">\n\t\t\t\t\t\t\t\t\t<p><strong>Poezja na&#8230; koniec roku<\/strong><\/p>\t\t\t\t\t\t\t\t<\/div>\n\t\t\t\t<\/div>\n\t\t\t\t\t<\/div>\n\t\t<\/div>\n\t\t\t\t\t<\/div>\n\t\t<\/section>\n\t\t\t\t<section class=\"elementor-section elementor-top-section elementor-element elementor-element-6ed2e5af elementor-section-boxed elementor-section-height-default elementor-section-height-default\" data-id=\"6ed2e5af\" data-element_type=\"section\" data-e-type=\"section\">\n\t\t\t\t\t\t<div class=\"elementor-container elementor-column-gap-default\">\n\t\t\t\t\t<div class=\"elementor-column elementor-col-100 elementor-top-column elementor-element elementor-element-28a105f0\" data-id=\"28a105f0\" data-element_type=\"column\" data-e-type=\"column\">\n\t\t\t<div class=\"elementor-widget-wrap elementor-element-populated\">\n\t\t\t\t\t\t<div class=\"elementor-element elementor-element-7ad1cabe elementor-widget elementor-widget-text-editor\" data-id=\"7ad1cabe\" data-element_type=\"widget\" data-e-type=\"widget\" data-widget_type=\"text-editor.default\">\n\t\t\t\t<div class=\"elementor-widget-container\">\n\t\t\t\t\t\t\t\t\t<p style=\"border: 0px; font-size: 14px; margin-bottom: 1.6em; outline: 0px; padding: 0px; vertical-align: baseline; color: #000000; font-family: 'Open Sans', sans-serif; text-align: left;\"><em style=\"border: 0px; font-weight: inherit; margin: 0px; outline: 0px; padding: 0px; vertical-align: baseline;\">Niekt\u00f3rzy \u2013<br \/>czyli nie\u00a0wszyscy.<br \/>Nawet nie\u00a0wi\u0119kszo\u015b\u0107 wszystkich, ale\u00a0mniejszo\u015b\u0107.<br \/>Nie\u00a0licz\u0105c szk\u00f3\u0142, gdzie si\u0119 musi,<br \/>i\u00a0samych poet\u00f3w,<br \/>b\u0119dzie tych os\u00f3b chyba dwie na\u00a0tysi\u0105c<\/em>&#8230;\u00a0<\/p><p style=\"border: 0px; font-size: 14px; margin-bottom: 1.6em; outline: 0px; padding: 0px; vertical-align: baseline; color: #000000; font-family: 'Open Sans', sans-serif; text-align: left;\">tak pisa\u0142a Wis\u0142awa Szymborska w wierszu\u00a0<em style=\"border: 0px; font-weight: inherit; margin: 0px; outline: 0px; padding: 0px; vertical-align: baseline;\">Niekt\u00f3rzy lubi\u0105 poezj\u0119.\u00a0<\/em>I po prawdzie przecie\u017c, bo tak rzeczywi\u015bcie jest. Nie wszyscy&#8230; jak twierdz\u0105 literaturoznawcy poezj\u0119 czyta si\u0119 tylko trzy razy w \u017cyciu: w szkole &#8211; pod przymusem, w wieku m\u0142odzie\u0144czym &#8211; z w\u0142asnej woli, pod wp\u0142ywem mi\u0142o\u015bci oraz w wieku dojrza\u0142ym \u2013 do\u015bwiadczaj\u0105c np. jakiego\u015b nieszcz\u0119\u015bcia narodowego, np. wojny. I jakkolwiek by\u0142oby to mo\u017ce pewnym uproszczeniem to r\u00f3wnie\u017c du\u017co prawdy w tym jest.<\/p><p style=\"border: 0px; font-size: 14px; margin-bottom: 1.6em; outline: 0px; padding: 0px; vertical-align: baseline; color: #000000; font-family: 'Open Sans', sans-serif; text-align: left;\">Czytanie wierszy w szkole powinno mie\u0107 dwa cele: \u00a0instrumentalny i motywacyjny ( id\u0105c dalej za badaczami&#8230; Pierwszy odnosi si\u0119 do wiedzy przedmiotowej czyli lektury i jej odbioru, aby wyposa\u017cy\u0107 ucznia w taki zas\u00f3b wiedzy, by\u00a0 da\u0107 mu szanse na przysz\u0142o\u015b\u0107&#8230; \u00a0uczy\u0107 opisu, analizy,<br \/>interpretacji i warto\u015bciowania utwor\u00f3w poetyckich. Drugi cel &#8211; motywacyjny &#8211; ma spe\u0142ni\u0107 jedno zasadnicze zadanie &#8211; po prostu zach\u0119ca\u0107 do obcowania z poezj\u0105, albo poprzez zabaw, wykonania artystyczne albo poprzez w\u0142asne praktykowanie w tym obszarze czyli pisanie wierszy.<\/p><p style=\"border: 0px; font-size: 14px; margin-bottom: 1.6em; outline: 0px; padding: 0px; vertical-align: baseline; color: #000000; font-family: 'Open Sans', sans-serif; text-align: left;\">Instrumentalnie mo\u017cna szybko zniech\u0119ci\u0107, je\u015bli nauczyciel jest nieudolny czy inaczej nie ma tzw. \u201eikry bo\u017cej\u201d w tym obszarze. Motywacyjnie \u2013 oj tutaj jest pole do popisu, trzeba si\u0119 tylko porozgl\u0105da\u0107 dooko\u0142a&#8230; sama lubi\u0119 patrze\u0107, szuka\u0107&#8230; i oto wynalaz\u0142am&#8230;<\/p><p style=\"border: 0px; font-size: 14px; margin-bottom: 1.6em; outline: 0px; padding: 0px; vertical-align: baseline; color: #000000; font-family: 'Open Sans', sans-serif; text-align: left;\">Do poezji czasami dochodzi si\u0119, mo\u017cna by rzec dziwnymi drogami. Tak\u0105 drog\u0119 motywacyjnie \u015bwiadomie czy te\u017c nie wskaza\u0142a ostatnio\u00a0<span style=\"border: 0px; font-style: inherit; font-weight: bold; margin: 0px; outline: 0px; padding: 0px; vertical-align: baseline;\">Sanah<\/span>\u00a0&#8211; piosenkarka, skrzypaczka, autorka tekst\u00f3w i\u00a0kompozytorka, wykonuj\u0105ca muzyk\u0119 z pogranicza indie pop i art pop, a tak\u017ce pop cyfrowy.<\/p><p style=\"border: 0px; font-size: 14px; margin-bottom: 1.6em; outline: 0px; padding: 0px; vertical-align: baseline; color: #000000; font-family: 'Open Sans', sans-serif; text-align: left;\">Kiedy\u015b zacz\u0119\u0142a od lekkiego przeboju \u201e<em style=\"border: 0px; font-weight: inherit; margin: 0px; outline: 0px; padding: 0px; vertical-align: baseline;\">Szampan\u201d&#8230; wylewa si\u0119, toast mog\u0119 wznie\u015b\u0107, a ten go\u015b\u0107 m\u00f3wi co\u015b &#8211; o co mu chodzi?,\u00a0<\/em>potem zacz\u0119\u0142o si\u0119 sypa\u0107 jak z r\u0119kawa&#8230; hit z Vito Bambino, Dawidem Podsiad\u0142o i\u00a0innymi<em style=\"border: 0px; font-weight: inherit; margin: 0px; outline: 0px; padding: 0px; vertical-align: baseline;\">&#8230;\u00a0<\/em>a ostatnio zabra\u0142a si\u0119 za utwory poetyckie w muzycznych aran\u017cacjach. Ekscentryczna, manieryczna, dziwna vel naturalna, wra\u017cliwa, zdolna? No w\u0142a\u015bnie albo si\u0119 j\u0105 kocha albo nienawidzi. Jestem zdecydowanie w tej drugiej grupie i uwa\u017cam, J\u0105 za jedn\u0105 z najciekawszych muzycznych objawie\u0144 polskiej sceny muzycznej ostatnich lat.\u00a0<em style=\"border: 0px; font-weight: inherit; margin: 0px; outline: 0px; padding: 0px; vertical-align: baseline;\">Chapeau bas\u00a0<\/em>&#8211; zrobi\u0142a co\u015b niesamowicie motywacyjnego i moim zdaniem zdecydowanie \u201edobrze\u201d dla poezji, kt\u00f3rej si\u0119 tak ma\u0142o czyta&#8230; udowodni\u0142a, \u017ce poezja nie\u00a0musi by\u0107 s\u0142u\u017cebna&#8230; a teksty wieszcz\u00f3w cz\u0119sto niezrozumia\u0142e lub tzw. trudnych poet\u00f3w, nabieraj\u0105 nowego wymiaru i trafiaj\u0105, i tekstowo, i muzycznie w serducho \u2013 no nie ka\u017cdego z nas \u2013 rzecz jasna &#8211; ale jest szansa \u017ce do potencjalnej du\u017cej cz\u0119\u015bci odbiorc\u00f3w, kt\u00f3rzy z poezja na co dzie\u0144 s\u0105 na bakier.<\/p><p style=\"border: 0px; font-size: 14px; margin-bottom: 1.6em; outline: 0px; padding: 0px; vertical-align: baseline; color: #000000; font-family: 'Open Sans', sans-serif; text-align: left;\">I ju\u017c wyja\u015bniam w czym rzecz&#8230; jaki\u015b czas temu w serwisach streamingowych i na\u00a0 YouTube pojawi\u0142o si\u0119 dziesi\u0119\u0107 nowych utwor\u00f3w! Poezyje &#8211; Sanah za\u015bpiewa\u0142a teksty polskich poet\u00f3w oraz jednego zagranicznego. Pi\u0119knie i z wdzi\u0119kiem wzi\u0119\u0142a na warsztat tw\u00f3rczo\u015b\u0107 Adama Asnyka (\u00a0<em style=\"border: 0px; font-weight: inherit; margin: 0px; outline: 0px; padding: 0px; vertical-align: baseline;\">Da B\u00f3g zasi\u0105\u015b\u0107 w\u00a0Polsce wolnej<\/em>,\u00a0<em style=\"border: 0px; font-weight: inherit; margin: 0px; outline: 0px; padding: 0px; vertical-align: baseline;\">Kamie\u0144<\/em>), Wis\u0142awy Szymborskiej (<em style=\"border: 0px; font-weight: inherit; margin: 0px; outline: 0px; padding: 0px; vertical-align: baseline;\">Nic dwa razy<\/em>), Juliana Tuwima (<em style=\"border: 0px; font-weight: inherit; margin: 0px; outline: 0px; padding: 0px; vertical-align: baseline;\">Warszawa<\/em>), Juliusza S\u0142owackiego (<em style=\"border: 0px; font-weight: inherit; margin: 0px; outline: 0px; padding: 0px; vertical-align: baseline;\">Hymn<\/em>), Jacka Cygana (<em style=\"border: 0px; font-weight: inherit; margin: 0px; outline: 0px; padding: 0px; vertical-align: baseline;\">Rozwijaj\u0105c Rilkego<\/em>), Adama Mickiewicza (<em style=\"border: 0px; font-weight: inherit; margin: 0px; outline: 0px; padding: 0px; vertical-align: baseline;\">Do * w\u00a0sztambuch<\/em>) oraz Krzysztofa Kamila Baczy\u0144skiego (<em style=\"border: 0px; font-weight: inherit; margin: 0px; outline: 0px; padding: 0px; vertical-align: baseline;\">Bajka<\/em>). Do tego grona do\u0142\u0105czy\u0142a jeszcze Edgara Allana Poego\u00a0<em style=\"border: 0px; font-weight: inherit; margin: 0px; outline: 0px; padding: 0px; vertical-align: baseline;\">(Eldorado)<\/em><\/p><p style=\"border: 0px; font-size: 14px; margin-bottom: 1.6em; outline: 0px; padding: 0px; vertical-align: baseline; color: #000000; font-family: 'Open Sans', sans-serif; text-align: left;\"><em style=\"border: 0px; font-weight: inherit; margin: 0px; outline: 0px; padding: 0px; vertical-align: baseline;\">Desery podano. Polska poezja for evermore. Prezent ode mnie. Dzi\u0119kuj\u0119\u00a0<\/em>\u2013 napisa\u0142a artystka w mediach spo\u0142eczno\u015bciowych. Bingo! Tak w\u0142a\u015bnie zach\u0119ca si\u0119 do czytania poezji. Mnie by\u0142o nietrudno zach\u0119ci\u0107, bo ja dziwna ju\u017c by\u0142am w podstaw\u00f3wce, kiedy jako nieliczna a chyba i jedyna w klasie zachwyca\u0142am si\u0119 Panem Tadeuszem \u2013 tam wszystko mi ju\u017c wtedy gra\u0142o i fabularnie, i muzycznie, bo czytaj\u0105c czu\u0142am rytm ka\u017cdego wiersza z osobna&#8230; ten fakt nie oznacza wcale, \u017ce zosta\u0142am wielk\u0105 mi\u0142o\u015bniczk\u0105 poezji, ale Mickiewicz uwra\u017cliwi\u0142 mnie na ca\u0142e lata i chyba do ko\u0144ca \u017cycia.<\/p><p style=\"border: 0px; font-size: 14px; margin-bottom: 1.6em; outline: 0px; padding: 0px; vertical-align: baseline; color: #000000; font-family: 'Open Sans', sans-serif; text-align: left;\">Przypominam sobie teraz co powiedzia\u0142\u00a0<em style=\"border: 0px; font-weight: inherit; margin: 0px; outline: 0px; padding: 0px; vertical-align: baseline;\">Jerzy Jarniewicz &#8211; tegoroczny zdobywca Nagrody Literackiej NIKE, kiedy o<\/em>dbieraj\u0105c jedn\u0105 z\u00a0najwa\u017cniejszych nagr\u00f3d literackich w\u00a0Polsce za tomik poetycki\u00a0<em style=\"border: 0px; font-weight: inherit; margin: 0px; outline: 0px; padding: 0px; vertical-align: baseline;\">Mondo cane,<\/em>\u00a0za\u017cartowa\u0142, \u017ce\u00a0czytelnik\u00f3w poezji jest tylu, \u201eco poleg\u0142ych pod\u00a0Termopilami\u201d. Poeta zadeklarowa\u0142, \u017ce\u00a0przyjmuje t\u0119 nagrod\u0119 jako nagrod\u0119 dla poezji, kt\u00f3ra\u00a0jest nisz\u0105 nisz&#8230;\u00a0<\/p><p style=\"border: 0px; font-size: 14px; margin-bottom: 1.6em; outline: 0px; padding: 0px; vertical-align: baseline; color: #000000; font-family: 'Open Sans', sans-serif; text-align: left;\">Jak wyj\u015b\u0107 z tej niszy? Jedni pisz\u0105 i udowadniaj\u0105, \u017ce poezja trwa i jest nieodzownym elementem \u017cycia \u2013 nie wcale nie wszystkich &#8211; bo nie o to chodzi przecie\u017c (jak nie o to r\u00f3wnie\u017c chodzi\u0142o Oldze Tokarczuk, \u017ceby kogokolwiek obra\u017ca\u0107, m\u00f3wi\u0105c, \u017ce jej ksi\u0105\u017cki pod strzechy wszystkich nie musz\u0105 trafi\u0107). Sens i\u00a0muzycznych interpretacji wierszy i takich nagr\u00f3d jak dla Jarniewicza i takich wypowiedzi Noblistki, maj\u0105 wskaza\u0107 drog\u0119 w wyborze wra\u017cliwo\u015bci, przecie\u017c \u017ceby czyta\u0107 i poezj\u0119, i w og\u00f3le ksi\u0105\u017cki trzeba mie\u0107 jak\u0105\u015b kompetencj\u0119 i pewne rozeznanie z kulturze. I tutaj ponownie k\u0142ania si\u0119 nam motywacja.<\/p><p style=\"border: 0px; font-size: 14px; margin-bottom: 1.6em; outline: 0px; padding: 0px; vertical-align: baseline; color: #000000; font-family: 'Open Sans', sans-serif; text-align: left;\">Sanah przecie\u017c nie dokonuje tymi interpretacjami jakiej\u015b rewolucji&#8230; ale to ju\u017c by\u0142o&#8230;chcia\u0142oby si\u0119 rzec&#8230; i dobrze&#8230; niech by\u0142o \u2013 ca\u0142e szcz\u0119\u015bcie. Sanah jak w sinusoidzie na nowo uwra\u017cliwia i motywuje do poszukiwa\u0144&#8230; np. poezji. I to jest pi\u0119kne. Poezja \u015bpiewana ma przecie\u017c bogat\u0105 tradycj\u0119&#8230; od czas\u00f3w antycznych, jeszcze przed Homerem (oko\u0142o 900\u2013700 roku p.n.e.). Wyczyta\u0142am, \u017ce pierwszymi tw\u00f3rcami tego gatunku byli Aojdowie, czyli \u015bpiewacy na dworach w\u0142adc\u00f3w, kt\u00f3rzy pisali teksty s\u0142awi\u0105ce heros\u00f3w i wykonywali je, akompaniuj\u0105c sobie na formindze lub kitarze. Potem oczywi\u015bcie staro\u017cytny Rzym, ale tam pe\u0142ni\u0142a g\u0142\u00f3wnie funkcje utylitarne&#8230; tak historycznie rzecz ujmuj\u0105c.<\/p><p style=\"border: 0px; font-size: 14px; margin-bottom: 1.6em; outline: 0px; padding: 0px; vertical-align: baseline; color: #000000; font-family: 'Open Sans', sans-serif; text-align: left;\">Wracaj\u0105c do polskiej poezji \u015bpiewanej (nie myl\u0105c z piosenk\u0105 poetyck\u0105) mieli\u015bmy wielkich&#8230; wspomn\u0119 chocia\u017cby Marka Grechut\u0119 (<em style=\"border: 0px; font-weight: inherit; margin: 0px; outline: 0px; padding: 0px; vertical-align: baseline;\">Ocali\u0107 od zapomnienia<\/em>\u00a0\/ Konstanty Ildefons Ga\u0142czy\u0144ski), Ewa Demarczyk (Karuzela z madonnami\/ Miron Bia\u0142oszewski)\u2026 i oczywi\u015bcie Grzegorz Turnau, kt\u00f3ry min. z Sanah wy\u015bpiewa\u0142 cudownie\u00a0<em style=\"border: 0px; font-weight: inherit; margin: 0px; outline: 0px; padding: 0px; vertical-align: baseline;\">Sen we \u015bnie\u00a0<\/em>E. A. Poe.<\/p><p style=\"border: 0px; font-size: 14px; margin-bottom: 1.6em; outline: 0px; padding: 0px; vertical-align: baseline; color: #000000; font-family: 'Open Sans', sans-serif; text-align: left;\">Takie oto sytuacje&#8230; do kt\u00f3rych swoj\u0105 \u201ecegie\u0142k\u0119\u201d wrzuci\u0142a ta m\u0142oda polska wokalistka. Sie\u0107 szaleje&#8230; milionowe ods\u0142ony i r\u00f3\u017cne oczywi\u015bcie opinie. Dla mnie \u015bwietna robota emocjonalnie i\u00a0muzycznie \u2013 czysty i pi\u0119kny przekaz poezji. Skandal? bo piosenkarka pop wzi\u0119\u0142a si\u0119 za S\u0142owackiego, Asnyka, Szymborsk\u0105? A mo\u017ce szansa na przypomnienie, \u017ce poezja istnieje? A taki np. S\u0142owacki wyszed\u0142 oto z dusznej sali lekcyjnej. Co wy na to? Ja jestem za.<\/p><p style=\"border: 0px; font-size: 14px; margin-bottom: 1.6em; outline: 0px; padding: 0px; vertical-align: baseline; color: #000000; font-family: 'Open Sans', sans-serif; text-align: left;\">Oczywi\u015bcie do ca\u0142ego tego projektu muzyczno-poetyckiego mo\u017cna podej\u015b\u0107 z niech\u0119ci\u0105. No bo jak to? Dziewczyna od \u201ehardkorowo pada deszcz\u201d z Szymborsk\u0105 na ustach? Takich rzeczy si\u0119 nie robi&#8230; czytamy w Internecie. Takie opinie te\u017c znajdziemy. Jednak pozytyw najwi\u0119kszy to fakt, \u017ce wokalistka otworzy\u0142a przed m\u0142odymi s\u0142uchaczami na nowo drzwi do pokoju z poezj\u0105 \u015bpiewan\u0105.<\/p><p style=\"border: 0px; font-size: 14px; margin-bottom: 1.6em; outline: 0px; padding: 0px; vertical-align: baseline; color: #000000; font-family: 'Open Sans', sans-serif; text-align: left;\">W komentarzach znajdziemy te\u017c opinie, \u017ce poezja powinna na sta\u0142e zago\u015bci\u0107 w muzyce popularnej. Mnie osobi\u015bcie \u201eserce uros\u0142o\u201d ta jak jednemu z internaut\u00f3w, kt\u00f3ry napisa\u0142:\u00a0<em style=\"border: 0px; font-weight: inherit; margin: 0px; outline: 0px; padding: 0px; vertical-align: baseline;\">Poezj\u0119 w od\u015bwie\u017conej wersji doceniaj\u0105 nie tylko m\u0142odzi[&#8230;] Sko\u0144czy\u0142em 50 lat. My\u015bla\u0142em, \u017ce wiem wszystko o polskiej literaturze i\u00a0poezji i nic mnie nie zadziwi. Tak\u017ce w temacie naszego m\u0142odego pokolenia. Ten utw\u00f3r us\u0142ysza\u0142em na Spotify, kt\u00f3ry zainstalowa\u0142 mi m\u00f3j syn. S\u0142ucham polskiej m\u0142odej alternatywy od miesi\u0105ca i serce mi ro\u015bnie. S\u0142uchaj\u0105c tego wykonania po raz pierwszy, z oczu pociek\u0142y mi \u0142zy. Tak d\u0142ugo przysz\u0142o nam czeka\u0107 od czas\u00f3w Czes\u0142awa Niemena. Dziwne rzeczy dziej\u0105 si\u0119 na \u015bwiecie.<\/em><\/p><p style=\"border: 0px; font-size: 14px; margin-bottom: 1.6em; outline: 0px; padding: 0px; vertical-align: baseline; color: #000000; font-family: 'Open Sans', sans-serif; text-align: left;\">Nie &#8211; nie dziwne \u2013 prosz\u0119 Pana, ale czarowne. Poezja mo\u017ce zachwyca\u0107 i\u00a0zmienia\u0107 \u015bwiat, ale\u00a0tylko\u00a0\u015bwiat tego jednego cz\u0142owieka. Nie od razu wszystkich. I naraz okazuje si\u0119 , \u017ce czaruje i Ciebie, i Ciebie, i\u00a0Ciebie&#8230; O! Jest nas wi\u0119cej! Tego \u017cycz\u0119 pod koniec roku i Tobie, i Tobie, i Tobie&#8230; odkrywajcie na nowo poezj\u0119 i koniecznie zakupcie pod choink\u0119- na gwiazdk\u0119 p\u0142yt\u0119 \u201eSanah \u015bpiewa Poezyje\u201d &#8211; (preorder CD z\u00a0autografem\/premiera 25.11.2022), Szukajcie&#8230; na pewno znajdziecie.<\/p><p style=\"border: 0px; font-size: 14px; margin-bottom: 1.6em; outline: 0px; padding: 0px; vertical-align: baseline; color: #000000; font-family: 'Open Sans', sans-serif; text-align: left;\">Poetyckich \u015bwi\u0105t!<\/p>\t\t\t\t\t\t\t\t<\/div>\n\t\t\t\t<\/div>\n\t\t\t\t\t<\/div>\n\t\t<\/div>\n\t\t\t\t\t<\/div>\n\t\t<\/section>\n\t\t\t\t<section class=\"elementor-section elementor-top-section elementor-element elementor-element-7269f0b9 elementor-section-boxed elementor-section-height-default elementor-section-height-default\" data-id=\"7269f0b9\" data-element_type=\"section\" data-e-type=\"section\">\n\t\t\t\t\t\t<div class=\"elementor-container elementor-column-gap-default\">\n\t\t\t\t\t<div class=\"elementor-column elementor-col-100 elementor-top-column elementor-element elementor-element-1ec7fdc2\" data-id=\"1ec7fdc2\" data-element_type=\"column\" data-e-type=\"column\">\n\t\t\t<div class=\"elementor-widget-wrap elementor-element-populated\">\n\t\t\t\t\t\t<div class=\"elementor-element elementor-element-5cfb45f elementor-widget elementor-widget-text-editor\" data-id=\"5cfb45f\" data-element_type=\"widget\" data-e-type=\"widget\" data-widget_type=\"text-editor.default\">\n\t\t\t\t<div class=\"elementor-widget-container\">\n\t\t\t\t\t\t\t\t\t<p><strong>Felieton publikowany w\u00a0<a href=\"http:\/\/poradnikbibliotekarza.pl\/\">Poradniku Bibliotekarza nr 12\/2022\u00a0<\/a><\/strong><\/p>\t\t\t\t\t\t\t\t<\/div>\n\t\t\t\t<\/div>\n\t\t\t\t<div class=\"elementor-element elementor-element-2b32b2ee elementor-widget elementor-widget-text-editor\" data-id=\"2b32b2ee\" data-element_type=\"widget\" data-e-type=\"widget\" data-widget_type=\"text-editor.default\">\n\t\t\t\t<div class=\"elementor-widget-container\">\n\t\t\t\t\t\t\t\t\t<p><strong>Olga Nowicka<br><\/strong><\/p>\t\t\t\t\t\t\t\t<\/div>\n\t\t\t\t<\/div>\n\t\t\t\t\t<\/div>\n\t\t<\/div>\n\t\t\t\t\t<\/div>\n\t\t<\/section>\n\t\t\t\t<section class=\"elementor-section elementor-top-section elementor-element elementor-element-31b4453 elementor-section-boxed elementor-section-height-default elementor-section-height-default\" data-id=\"31b4453\" data-element_type=\"section\" data-e-type=\"section\">\n\t\t\t\t\t\t<div class=\"elementor-container elementor-column-gap-default\">\n\t\t\t\t\t<div class=\"elementor-column elementor-col-100 elementor-top-column elementor-element elementor-element-b6ee222\" data-id=\"b6ee222\" data-element_type=\"column\" data-e-type=\"column\">\n\t\t\t<div class=\"elementor-widget-wrap elementor-element-populated\">\n\t\t\t\t\t\t<div class=\"elementor-element elementor-element-eb6e8e6 elementor-widget elementor-widget-image\" data-id=\"eb6e8e6\" data-element_type=\"widget\" data-e-type=\"widget\" data-widget_type=\"image.default\">\n\t\t\t\t<div class=\"elementor-widget-container\">\n\t\t\t\t\t\t\t\t\t\t\t\t\t\t\t\t<a href=\"https:\/\/www.mbp.chrzanow.pl\/wp-content\/uploads\/2022\/12\/poezja-na-koniec-roku-nakladka-felieton.jpg\" data-elementor-open-lightbox=\"yes\" data-e-action-hash=\"#elementor-action%3Aaction%3Dlightbox%26settings%3DeyJpZCI6NTk3NzYsInVybCI6ZmFsc2V9\">\n\t\t\t\t\t\t\t<img decoding=\"async\" src=\"https:\/\/www.mbp.chrzanow.pl\/wp-content\/uploads\/2022\/12\/poezja-na-koniec-roku-nakladka-felieton.jpg\" title=\"\" alt=\"\" loading=\"lazy\" \/>\t\t\t\t\t\t\t\t<\/a>\n\t\t\t\t\t\t\t\t\t\t\t\t\t\t\t<\/div>\n\t\t\t\t<\/div>\n\t\t\t\t\t<\/div>\n\t\t<\/div>\n\t\t\t\t\t<\/div>\n\t\t<\/section>\n\t\t\t\t<section class=\"elementor-section elementor-inner-section elementor-element elementor-element-71ddcfa8 elementor-section-boxed elementor-section-height-default elementor-section-height-default\" data-id=\"71ddcfa8\" data-element_type=\"section\" data-e-type=\"section\">\n\t\t\t\t\t\t<div class=\"elementor-container elementor-column-gap-default\">\n\t\t\t\t\t<div class=\"elementor-column elementor-col-25 elementor-inner-column elementor-element elementor-element-28f3e45f\" data-id=\"28f3e45f\" data-element_type=\"column\" data-e-type=\"column\">\n\t\t\t<div class=\"elementor-widget-wrap\">\n\t\t\t\t\t\t\t<\/div>\n\t\t<\/div>\n\t\t\t\t<div class=\"elementor-column elementor-col-25 elementor-inner-column elementor-element elementor-element-2193697a\" data-id=\"2193697a\" data-element_type=\"column\" data-e-type=\"column\">\n\t\t\t<div class=\"elementor-widget-wrap elementor-element-populated\">\n\t\t\t\t\t\t<div class=\"elementor-element elementor-element-2c121797 elementor-align-center elementor-icon-list--layout-traditional elementor-list-item-link-full_width elementor-widget elementor-widget-icon-list\" data-id=\"2c121797\" data-element_type=\"widget\" data-e-type=\"widget\" data-widget_type=\"icon-list.default\">\n\t\t\t\t<div class=\"elementor-widget-container\">\n\t\t\t\t\t\t\t<ul class=\"elementor-icon-list-items\">\n\t\t\t\t\t\t\t<li class=\"elementor-icon-list-item\">\n\t\t\t\t\t\t\t\t\t\t\t<a href=\"https:\/\/www.facebook.com\/mbp.chrzanow\/\" target=\"_blank\">\n\n\t\t\t\t\t\t\t\t\t\t\t\t<span class=\"elementor-icon-list-icon\">\n\t\t\t\t\t\t\t<i aria-hidden=\"true\" class=\"fab fa-facebook-square\"><\/i>\t\t\t\t\t\t<\/span>\n\t\t\t\t\t\t\t\t\t\t<span class=\"elementor-icon-list-text\"><\/span>\n\t\t\t\t\t\t\t\t\t\t\t<\/a>\n\t\t\t\t\t\t\t\t\t<\/li>\n\t\t\t\t\t\t<\/ul>\n\t\t\t\t\t\t<\/div>\n\t\t\t\t<\/div>\n\t\t\t\t\t<\/div>\n\t\t<\/div>\n\t\t\t\t<div class=\"elementor-column elementor-col-25 elementor-inner-column elementor-element elementor-element-5ee7b579\" data-id=\"5ee7b579\" data-element_type=\"column\" data-e-type=\"column\">\n\t\t\t<div class=\"elementor-widget-wrap elementor-element-populated\">\n\t\t\t\t\t\t<div class=\"elementor-element elementor-element-59dbf0d6 elementor-align-center elementor-icon-list--layout-traditional elementor-list-item-link-full_width elementor-widget elementor-widget-icon-list\" data-id=\"59dbf0d6\" data-element_type=\"widget\" data-e-type=\"widget\" data-widget_type=\"icon-list.default\">\n\t\t\t\t<div class=\"elementor-widget-container\">\n\t\t\t\t\t\t\t<ul class=\"elementor-icon-list-items\">\n\t\t\t\t\t\t\t<li class=\"elementor-icon-list-item\">\n\t\t\t\t\t\t\t\t\t\t\t<a href=\"https:\/\/www.instagram.com\/mbp_chrzanow\/\" target=\"_blank\">\n\n\t\t\t\t\t\t\t\t\t\t\t\t<span class=\"elementor-icon-list-icon\">\n\t\t\t\t\t\t\t<i aria-hidden=\"true\" class=\"fab fa-instagram\"><\/i>\t\t\t\t\t\t<\/span>\n\t\t\t\t\t\t\t\t\t\t<span class=\"elementor-icon-list-text\"><\/span>\n\t\t\t\t\t\t\t\t\t\t\t<\/a>\n\t\t\t\t\t\t\t\t\t<\/li>\n\t\t\t\t\t\t<\/ul>\n\t\t\t\t\t\t<\/div>\n\t\t\t\t<\/div>\n\t\t\t\t\t<\/div>\n\t\t<\/div>\n\t\t\t\t<div class=\"elementor-column elementor-col-25 elementor-inner-column elementor-element elementor-element-811054d\" data-id=\"811054d\" data-element_type=\"column\" data-e-type=\"column\">\n\t\t\t<div class=\"elementor-widget-wrap elementor-element-populated\">\n\t\t\t\t\t\t<div class=\"elementor-element elementor-element-76a5eeba elementor-align-center elementor-icon-list--layout-traditional elementor-list-item-link-full_width elementor-widget elementor-widget-icon-list\" data-id=\"76a5eeba\" data-element_type=\"widget\" data-e-type=\"widget\" data-widget_type=\"icon-list.default\">\n\t\t\t\t<div class=\"elementor-widget-container\">\n\t\t\t\t\t\t\t<ul class=\"elementor-icon-list-items\">\n\t\t\t\t\t\t\t<li class=\"elementor-icon-list-item\">\n\t\t\t\t\t\t\t\t\t\t\t<a href=\"https:\/\/www.youtube.com\/user\/MBPChrzanow\" target=\"_blank\">\n\n\t\t\t\t\t\t\t\t\t\t\t\t<span class=\"elementor-icon-list-icon\">\n\t\t\t\t\t\t\t<i aria-hidden=\"true\" class=\"fab fa-youtube\"><\/i>\t\t\t\t\t\t<\/span>\n\t\t\t\t\t\t\t\t\t\t<span class=\"elementor-icon-list-text\"><\/span>\n\t\t\t\t\t\t\t\t\t\t\t<\/a>\n\t\t\t\t\t\t\t\t\t<\/li>\n\t\t\t\t\t\t<\/ul>\n\t\t\t\t\t\t<\/div>\n\t\t\t\t<\/div>\n\t\t\t\t\t<\/div>\n\t\t<\/div>\n\t\t\t\t\t<\/div>\n\t\t<\/section>\n\t\t\t\t<\/div>\n\t\t","protected":false},"excerpt":{"rendered":"<p> [&hellip;]<\/p>\n","protected":false},"author":3,"featured_media":0,"comment_status":"open","ping_status":"open","sticky":false,"template":"","format":"standard","meta":{"footnotes":""},"categories":[11],"tags":[31,27,28],"class_list":["post-1875","post","type-post","status-publish","format-standard","hentry","category-felietony","tag-31","tag-felieton","tag-olga-nowicka"],"yoast_head":"<!-- This site is optimized with the Yoast SEO plugin v27.5 - https:\/\/yoast.com\/product\/yoast-seo-wordpress\/ -->\n<title>Felieton Olgi Nowickiej - grudzie\u0144 2022 - Akademia S\u0142owa - Chrzan\u00f3w<\/title>\n<meta name=\"robots\" content=\"index, follow, max-snippet:-1, max-image-preview:large, max-video-preview:-1\" \/>\n<link rel=\"canonical\" href=\"https:\/\/www.mbp.chrzanow.pl\/akademiaslowa\/index.php\/2022\/12\/29\/felieton-olgi-nowickiej-grudzien-2022\/\" \/>\n<meta property=\"og:locale\" content=\"pl_PL\" \/>\n<meta property=\"og:type\" content=\"article\" \/>\n<meta property=\"og:title\" content=\"Felieton Olgi Nowickiej - grudzie\u0144 2022 - Akademia S\u0142owa - Chrzan\u00f3w\" \/>\n<meta property=\"og:description\" content=\"[&hellip;]\" \/>\n<meta property=\"og:url\" content=\"https:\/\/www.mbp.chrzanow.pl\/akademiaslowa\/index.php\/2022\/12\/29\/felieton-olgi-nowickiej-grudzien-2022\/\" \/>\n<meta property=\"og:site_name\" content=\"Akademia S\u0142owa - Chrzan\u00f3w\" \/>\n<meta property=\"article:published_time\" content=\"2022-12-29T10:11:12+00:00\" \/>\n<meta property=\"article:modified_time\" content=\"2023-01-18T07:53:40+00:00\" \/>\n<meta property=\"og:image\" content=\"https:\/\/www.mbp.chrzanow.pl\/wp-content\/uploads\/2022\/12\/poezja-na-koniec-roku-nakladka-felieton.jpg\" \/>\n<meta name=\"author\" content=\"Prom\" \/>\n<meta name=\"twitter:card\" content=\"summary_large_image\" \/>\n<meta name=\"twitter:label1\" content=\"Napisane przez\" \/>\n\t<meta name=\"twitter:data1\" content=\"Prom\" \/>\n\t<meta name=\"twitter:label2\" content=\"Szacowany czas czytania\" \/>\n\t<meta name=\"twitter:data2\" content=\"8 minut\" \/>\n<script type=\"application\/ld+json\" class=\"yoast-schema-graph\">{\"@context\":\"https:\\\/\\\/schema.org\",\"@graph\":[{\"@type\":\"Article\",\"@id\":\"https:\\\/\\\/www.mbp.chrzanow.pl\\\/akademiaslowa\\\/index.php\\\/2022\\\/12\\\/29\\\/felieton-olgi-nowickiej-grudzien-2022\\\/#article\",\"isPartOf\":{\"@id\":\"https:\\\/\\\/www.mbp.chrzanow.pl\\\/akademiaslowa\\\/index.php\\\/2022\\\/12\\\/29\\\/felieton-olgi-nowickiej-grudzien-2022\\\/\"},\"author\":{\"name\":\"Prom\",\"@id\":\"https:\\\/\\\/www.mbp.chrzanow.pl\\\/akademiaslowa\\\/#\\\/schema\\\/person\\\/fe7a35ef0376d4e76846aeae319d9fd8\"},\"headline\":\"Felieton Olgi Nowickiej &#8211; grudzie\u0144 2022\",\"datePublished\":\"2022-12-29T10:11:12+00:00\",\"dateModified\":\"2023-01-18T07:53:40+00:00\",\"mainEntityOfPage\":{\"@id\":\"https:\\\/\\\/www.mbp.chrzanow.pl\\\/akademiaslowa\\\/index.php\\\/2022\\\/12\\\/29\\\/felieton-olgi-nowickiej-grudzien-2022\\\/\"},\"wordCount\":1399,\"commentCount\":0,\"publisher\":{\"@id\":\"https:\\\/\\\/www.mbp.chrzanow.pl\\\/akademiaslowa\\\/#organization\"},\"image\":{\"@id\":\"https:\\\/\\\/www.mbp.chrzanow.pl\\\/akademiaslowa\\\/index.php\\\/2022\\\/12\\\/29\\\/felieton-olgi-nowickiej-grudzien-2022\\\/#primaryimage\"},\"thumbnailUrl\":\"https:\\\/\\\/www.mbp.chrzanow.pl\\\/wp-content\\\/uploads\\\/2022\\\/12\\\/poezja-na-koniec-roku-nakladka-felieton.jpg\",\"keywords\":[\"2022\",\"Felieton\",\"Olga Nowicka\"],\"articleSection\":[\"Felietony\"],\"inLanguage\":\"pl-PL\",\"potentialAction\":[{\"@type\":\"CommentAction\",\"name\":\"Comment\",\"target\":[\"https:\\\/\\\/www.mbp.chrzanow.pl\\\/akademiaslowa\\\/index.php\\\/2022\\\/12\\\/29\\\/felieton-olgi-nowickiej-grudzien-2022\\\/#respond\"]}]},{\"@type\":\"WebPage\",\"@id\":\"https:\\\/\\\/www.mbp.chrzanow.pl\\\/akademiaslowa\\\/index.php\\\/2022\\\/12\\\/29\\\/felieton-olgi-nowickiej-grudzien-2022\\\/\",\"url\":\"https:\\\/\\\/www.mbp.chrzanow.pl\\\/akademiaslowa\\\/index.php\\\/2022\\\/12\\\/29\\\/felieton-olgi-nowickiej-grudzien-2022\\\/\",\"name\":\"Felieton Olgi Nowickiej - grudzie\u0144 2022 - Akademia S\u0142owa - Chrzan\u00f3w\",\"isPartOf\":{\"@id\":\"https:\\\/\\\/www.mbp.chrzanow.pl\\\/akademiaslowa\\\/#website\"},\"primaryImageOfPage\":{\"@id\":\"https:\\\/\\\/www.mbp.chrzanow.pl\\\/akademiaslowa\\\/index.php\\\/2022\\\/12\\\/29\\\/felieton-olgi-nowickiej-grudzien-2022\\\/#primaryimage\"},\"image\":{\"@id\":\"https:\\\/\\\/www.mbp.chrzanow.pl\\\/akademiaslowa\\\/index.php\\\/2022\\\/12\\\/29\\\/felieton-olgi-nowickiej-grudzien-2022\\\/#primaryimage\"},\"thumbnailUrl\":\"https:\\\/\\\/www.mbp.chrzanow.pl\\\/wp-content\\\/uploads\\\/2022\\\/12\\\/poezja-na-koniec-roku-nakladka-felieton.jpg\",\"datePublished\":\"2022-12-29T10:11:12+00:00\",\"dateModified\":\"2023-01-18T07:53:40+00:00\",\"breadcrumb\":{\"@id\":\"https:\\\/\\\/www.mbp.chrzanow.pl\\\/akademiaslowa\\\/index.php\\\/2022\\\/12\\\/29\\\/felieton-olgi-nowickiej-grudzien-2022\\\/#breadcrumb\"},\"inLanguage\":\"pl-PL\",\"potentialAction\":[{\"@type\":\"ReadAction\",\"target\":[\"https:\\\/\\\/www.mbp.chrzanow.pl\\\/akademiaslowa\\\/index.php\\\/2022\\\/12\\\/29\\\/felieton-olgi-nowickiej-grudzien-2022\\\/\"]}]},{\"@type\":\"ImageObject\",\"inLanguage\":\"pl-PL\",\"@id\":\"https:\\\/\\\/www.mbp.chrzanow.pl\\\/akademiaslowa\\\/index.php\\\/2022\\\/12\\\/29\\\/felieton-olgi-nowickiej-grudzien-2022\\\/#primaryimage\",\"url\":\"https:\\\/\\\/www.mbp.chrzanow.pl\\\/wp-content\\\/uploads\\\/2022\\\/12\\\/poezja-na-koniec-roku-nakladka-felieton.jpg\",\"contentUrl\":\"https:\\\/\\\/www.mbp.chrzanow.pl\\\/wp-content\\\/uploads\\\/2022\\\/12\\\/poezja-na-koniec-roku-nakladka-felieton.jpg\"},{\"@type\":\"BreadcrumbList\",\"@id\":\"https:\\\/\\\/www.mbp.chrzanow.pl\\\/akademiaslowa\\\/index.php\\\/2022\\\/12\\\/29\\\/felieton-olgi-nowickiej-grudzien-2022\\\/#breadcrumb\",\"itemListElement\":[{\"@type\":\"ListItem\",\"position\":1,\"name\":\"Strona g\u0142\u00f3wna\",\"item\":\"https:\\\/\\\/www.mbp.chrzanow.pl\\\/akademiaslowa\\\/\"},{\"@type\":\"ListItem\",\"position\":2,\"name\":\"Felieton Olgi Nowickiej &#8211; grudzie\u0144 2022\"}]},{\"@type\":\"WebSite\",\"@id\":\"https:\\\/\\\/www.mbp.chrzanow.pl\\\/akademiaslowa\\\/#website\",\"url\":\"https:\\\/\\\/www.mbp.chrzanow.pl\\\/akademiaslowa\\\/\",\"name\":\"Akademia S\u0142owa - Chrzan\u00f3w\",\"description\":\"Czym poezja...\",\"publisher\":{\"@id\":\"https:\\\/\\\/www.mbp.chrzanow.pl\\\/akademiaslowa\\\/#organization\"},\"potentialAction\":[{\"@type\":\"SearchAction\",\"target\":{\"@type\":\"EntryPoint\",\"urlTemplate\":\"https:\\\/\\\/www.mbp.chrzanow.pl\\\/akademiaslowa\\\/?s={search_term_string}\"},\"query-input\":{\"@type\":\"PropertyValueSpecification\",\"valueRequired\":true,\"valueName\":\"search_term_string\"}}],\"inLanguage\":\"pl-PL\"},{\"@type\":\"Organization\",\"@id\":\"https:\\\/\\\/www.mbp.chrzanow.pl\\\/akademiaslowa\\\/#organization\",\"name\":\"Akademia S\u0142owa Chrzan\u00f3w\",\"url\":\"https:\\\/\\\/www.mbp.chrzanow.pl\\\/akademiaslowa\\\/\",\"logo\":{\"@type\":\"ImageObject\",\"inLanguage\":\"pl-PL\",\"@id\":\"https:\\\/\\\/www.mbp.chrzanow.pl\\\/akademiaslowa\\\/#\\\/schema\\\/logo\\\/image\\\/\",\"url\":\"https:\\\/\\\/www.mbp.chrzanow.pl\\\/akademiaslowa\\\/wp-content\\\/uploads\\\/2017\\\/12\\\/AkademiaSlowa_www.jpg\",\"contentUrl\":\"https:\\\/\\\/www.mbp.chrzanow.pl\\\/akademiaslowa\\\/wp-content\\\/uploads\\\/2017\\\/12\\\/AkademiaSlowa_www.jpg\",\"width\":500,\"height\":79,\"caption\":\"Akademia S\u0142owa Chrzan\u00f3w\"},\"image\":{\"@id\":\"https:\\\/\\\/www.mbp.chrzanow.pl\\\/akademiaslowa\\\/#\\\/schema\\\/logo\\\/image\\\/\"}},{\"@type\":\"Person\",\"@id\":\"https:\\\/\\\/www.mbp.chrzanow.pl\\\/akademiaslowa\\\/#\\\/schema\\\/person\\\/fe7a35ef0376d4e76846aeae319d9fd8\",\"name\":\"Prom\",\"image\":{\"@type\":\"ImageObject\",\"inLanguage\":\"pl-PL\",\"@id\":\"https:\\\/\\\/secure.gravatar.com\\\/avatar\\\/f60fbd4aa9e3207ab0785fd91859281f74f6e854743680d402cbd83a1b744580?s=96&d=mm&r=g\",\"url\":\"https:\\\/\\\/secure.gravatar.com\\\/avatar\\\/f60fbd4aa9e3207ab0785fd91859281f74f6e854743680d402cbd83a1b744580?s=96&d=mm&r=g\",\"contentUrl\":\"https:\\\/\\\/secure.gravatar.com\\\/avatar\\\/f60fbd4aa9e3207ab0785fd91859281f74f6e854743680d402cbd83a1b744580?s=96&d=mm&r=g\",\"caption\":\"Prom\"},\"url\":\"https:\\\/\\\/www.mbp.chrzanow.pl\\\/akademiaslowa\\\/index.php\\\/author\\\/promocja\\\/\"}]}<\/script>\n<!-- \/ Yoast SEO plugin. -->","yoast_head_json":{"title":"Felieton Olgi Nowickiej - grudzie\u0144 2022 - Akademia S\u0142owa - Chrzan\u00f3w","robots":{"index":"index","follow":"follow","max-snippet":"max-snippet:-1","max-image-preview":"max-image-preview:large","max-video-preview":"max-video-preview:-1"},"canonical":"https:\/\/www.mbp.chrzanow.pl\/akademiaslowa\/index.php\/2022\/12\/29\/felieton-olgi-nowickiej-grudzien-2022\/","og_locale":"pl_PL","og_type":"article","og_title":"Felieton Olgi Nowickiej - grudzie\u0144 2022 - Akademia S\u0142owa - Chrzan\u00f3w","og_description":"[&hellip;]","og_url":"https:\/\/www.mbp.chrzanow.pl\/akademiaslowa\/index.php\/2022\/12\/29\/felieton-olgi-nowickiej-grudzien-2022\/","og_site_name":"Akademia S\u0142owa - Chrzan\u00f3w","article_published_time":"2022-12-29T10:11:12+00:00","article_modified_time":"2023-01-18T07:53:40+00:00","og_image":[{"url":"https:\/\/www.mbp.chrzanow.pl\/wp-content\/uploads\/2022\/12\/poezja-na-koniec-roku-nakladka-felieton.jpg","type":"","width":"","height":""}],"author":"Prom","twitter_card":"summary_large_image","twitter_misc":{"Napisane przez":"Prom","Szacowany czas czytania":"8 minut"},"schema":{"@context":"https:\/\/schema.org","@graph":[{"@type":"Article","@id":"https:\/\/www.mbp.chrzanow.pl\/akademiaslowa\/index.php\/2022\/12\/29\/felieton-olgi-nowickiej-grudzien-2022\/#article","isPartOf":{"@id":"https:\/\/www.mbp.chrzanow.pl\/akademiaslowa\/index.php\/2022\/12\/29\/felieton-olgi-nowickiej-grudzien-2022\/"},"author":{"name":"Prom","@id":"https:\/\/www.mbp.chrzanow.pl\/akademiaslowa\/#\/schema\/person\/fe7a35ef0376d4e76846aeae319d9fd8"},"headline":"Felieton Olgi Nowickiej &#8211; grudzie\u0144 2022","datePublished":"2022-12-29T10:11:12+00:00","dateModified":"2023-01-18T07:53:40+00:00","mainEntityOfPage":{"@id":"https:\/\/www.mbp.chrzanow.pl\/akademiaslowa\/index.php\/2022\/12\/29\/felieton-olgi-nowickiej-grudzien-2022\/"},"wordCount":1399,"commentCount":0,"publisher":{"@id":"https:\/\/www.mbp.chrzanow.pl\/akademiaslowa\/#organization"},"image":{"@id":"https:\/\/www.mbp.chrzanow.pl\/akademiaslowa\/index.php\/2022\/12\/29\/felieton-olgi-nowickiej-grudzien-2022\/#primaryimage"},"thumbnailUrl":"https:\/\/www.mbp.chrzanow.pl\/wp-content\/uploads\/2022\/12\/poezja-na-koniec-roku-nakladka-felieton.jpg","keywords":["2022","Felieton","Olga Nowicka"],"articleSection":["Felietony"],"inLanguage":"pl-PL","potentialAction":[{"@type":"CommentAction","name":"Comment","target":["https:\/\/www.mbp.chrzanow.pl\/akademiaslowa\/index.php\/2022\/12\/29\/felieton-olgi-nowickiej-grudzien-2022\/#respond"]}]},{"@type":"WebPage","@id":"https:\/\/www.mbp.chrzanow.pl\/akademiaslowa\/index.php\/2022\/12\/29\/felieton-olgi-nowickiej-grudzien-2022\/","url":"https:\/\/www.mbp.chrzanow.pl\/akademiaslowa\/index.php\/2022\/12\/29\/felieton-olgi-nowickiej-grudzien-2022\/","name":"Felieton Olgi Nowickiej - grudzie\u0144 2022 - Akademia S\u0142owa - Chrzan\u00f3w","isPartOf":{"@id":"https:\/\/www.mbp.chrzanow.pl\/akademiaslowa\/#website"},"primaryImageOfPage":{"@id":"https:\/\/www.mbp.chrzanow.pl\/akademiaslowa\/index.php\/2022\/12\/29\/felieton-olgi-nowickiej-grudzien-2022\/#primaryimage"},"image":{"@id":"https:\/\/www.mbp.chrzanow.pl\/akademiaslowa\/index.php\/2022\/12\/29\/felieton-olgi-nowickiej-grudzien-2022\/#primaryimage"},"thumbnailUrl":"https:\/\/www.mbp.chrzanow.pl\/wp-content\/uploads\/2022\/12\/poezja-na-koniec-roku-nakladka-felieton.jpg","datePublished":"2022-12-29T10:11:12+00:00","dateModified":"2023-01-18T07:53:40+00:00","breadcrumb":{"@id":"https:\/\/www.mbp.chrzanow.pl\/akademiaslowa\/index.php\/2022\/12\/29\/felieton-olgi-nowickiej-grudzien-2022\/#breadcrumb"},"inLanguage":"pl-PL","potentialAction":[{"@type":"ReadAction","target":["https:\/\/www.mbp.chrzanow.pl\/akademiaslowa\/index.php\/2022\/12\/29\/felieton-olgi-nowickiej-grudzien-2022\/"]}]},{"@type":"ImageObject","inLanguage":"pl-PL","@id":"https:\/\/www.mbp.chrzanow.pl\/akademiaslowa\/index.php\/2022\/12\/29\/felieton-olgi-nowickiej-grudzien-2022\/#primaryimage","url":"https:\/\/www.mbp.chrzanow.pl\/wp-content\/uploads\/2022\/12\/poezja-na-koniec-roku-nakladka-felieton.jpg","contentUrl":"https:\/\/www.mbp.chrzanow.pl\/wp-content\/uploads\/2022\/12\/poezja-na-koniec-roku-nakladka-felieton.jpg"},{"@type":"BreadcrumbList","@id":"https:\/\/www.mbp.chrzanow.pl\/akademiaslowa\/index.php\/2022\/12\/29\/felieton-olgi-nowickiej-grudzien-2022\/#breadcrumb","itemListElement":[{"@type":"ListItem","position":1,"name":"Strona g\u0142\u00f3wna","item":"https:\/\/www.mbp.chrzanow.pl\/akademiaslowa\/"},{"@type":"ListItem","position":2,"name":"Felieton Olgi Nowickiej &#8211; grudzie\u0144 2022"}]},{"@type":"WebSite","@id":"https:\/\/www.mbp.chrzanow.pl\/akademiaslowa\/#website","url":"https:\/\/www.mbp.chrzanow.pl\/akademiaslowa\/","name":"Akademia S\u0142owa - Chrzan\u00f3w","description":"Czym poezja...","publisher":{"@id":"https:\/\/www.mbp.chrzanow.pl\/akademiaslowa\/#organization"},"potentialAction":[{"@type":"SearchAction","target":{"@type":"EntryPoint","urlTemplate":"https:\/\/www.mbp.chrzanow.pl\/akademiaslowa\/?s={search_term_string}"},"query-input":{"@type":"PropertyValueSpecification","valueRequired":true,"valueName":"search_term_string"}}],"inLanguage":"pl-PL"},{"@type":"Organization","@id":"https:\/\/www.mbp.chrzanow.pl\/akademiaslowa\/#organization","name":"Akademia S\u0142owa Chrzan\u00f3w","url":"https:\/\/www.mbp.chrzanow.pl\/akademiaslowa\/","logo":{"@type":"ImageObject","inLanguage":"pl-PL","@id":"https:\/\/www.mbp.chrzanow.pl\/akademiaslowa\/#\/schema\/logo\/image\/","url":"https:\/\/www.mbp.chrzanow.pl\/akademiaslowa\/wp-content\/uploads\/2017\/12\/AkademiaSlowa_www.jpg","contentUrl":"https:\/\/www.mbp.chrzanow.pl\/akademiaslowa\/wp-content\/uploads\/2017\/12\/AkademiaSlowa_www.jpg","width":500,"height":79,"caption":"Akademia S\u0142owa Chrzan\u00f3w"},"image":{"@id":"https:\/\/www.mbp.chrzanow.pl\/akademiaslowa\/#\/schema\/logo\/image\/"}},{"@type":"Person","@id":"https:\/\/www.mbp.chrzanow.pl\/akademiaslowa\/#\/schema\/person\/fe7a35ef0376d4e76846aeae319d9fd8","name":"Prom","image":{"@type":"ImageObject","inLanguage":"pl-PL","@id":"https:\/\/secure.gravatar.com\/avatar\/f60fbd4aa9e3207ab0785fd91859281f74f6e854743680d402cbd83a1b744580?s=96&d=mm&r=g","url":"https:\/\/secure.gravatar.com\/avatar\/f60fbd4aa9e3207ab0785fd91859281f74f6e854743680d402cbd83a1b744580?s=96&d=mm&r=g","contentUrl":"https:\/\/secure.gravatar.com\/avatar\/f60fbd4aa9e3207ab0785fd91859281f74f6e854743680d402cbd83a1b744580?s=96&d=mm&r=g","caption":"Prom"},"url":"https:\/\/www.mbp.chrzanow.pl\/akademiaslowa\/index.php\/author\/promocja\/"}]}},"_links":{"self":[{"href":"https:\/\/www.mbp.chrzanow.pl\/akademiaslowa\/index.php\/wp-json\/wp\/v2\/posts\/1875","targetHints":{"allow":["GET"]}}],"collection":[{"href":"https:\/\/www.mbp.chrzanow.pl\/akademiaslowa\/index.php\/wp-json\/wp\/v2\/posts"}],"about":[{"href":"https:\/\/www.mbp.chrzanow.pl\/akademiaslowa\/index.php\/wp-json\/wp\/v2\/types\/post"}],"author":[{"embeddable":true,"href":"https:\/\/www.mbp.chrzanow.pl\/akademiaslowa\/index.php\/wp-json\/wp\/v2\/users\/3"}],"replies":[{"embeddable":true,"href":"https:\/\/www.mbp.chrzanow.pl\/akademiaslowa\/index.php\/wp-json\/wp\/v2\/comments?post=1875"}],"version-history":[{"count":5,"href":"https:\/\/www.mbp.chrzanow.pl\/akademiaslowa\/index.php\/wp-json\/wp\/v2\/posts\/1875\/revisions"}],"predecessor-version":[{"id":2048,"href":"https:\/\/www.mbp.chrzanow.pl\/akademiaslowa\/index.php\/wp-json\/wp\/v2\/posts\/1875\/revisions\/2048"}],"wp:attachment":[{"href":"https:\/\/www.mbp.chrzanow.pl\/akademiaslowa\/index.php\/wp-json\/wp\/v2\/media?parent=1875"}],"wp:term":[{"taxonomy":"category","embeddable":true,"href":"https:\/\/www.mbp.chrzanow.pl\/akademiaslowa\/index.php\/wp-json\/wp\/v2\/categories?post=1875"},{"taxonomy":"post_tag","embeddable":true,"href":"https:\/\/www.mbp.chrzanow.pl\/akademiaslowa\/index.php\/wp-json\/wp\/v2\/tags?post=1875"}],"curies":[{"name":"wp","href":"https:\/\/api.w.org\/{rel}","templated":true}]}}