{"id":2033,"date":"2022-11-29T08:38:13","date_gmt":"2022-11-29T07:38:13","guid":{"rendered":"https:\/\/www.mbp.chrzanow.pl\/akademiaslowa\/?p=2033"},"modified":"2023-01-18T08:46:07","modified_gmt":"2023-01-18T07:46:07","slug":"felieton-olgi-nowickiej-pazdziernik-2022-2","status":"publish","type":"post","link":"https:\/\/www.mbp.chrzanow.pl\/akademiaslowa\/index.php\/2022\/11\/29\/felieton-olgi-nowickiej-pazdziernik-2022-2\/","title":{"rendered":"Felieton Olgi Nowickiej \u2013 listopad 2022\u00a0"},"content":{"rendered":"\t\t<div data-elementor-type=\"wp-post\" data-elementor-id=\"2033\" class=\"elementor elementor-2033\">\n\t\t\t\t\t\t<section class=\"elementor-section elementor-top-section elementor-element elementor-element-5969fe97 elementor-section-boxed elementor-section-height-default elementor-section-height-default\" data-id=\"5969fe97\" data-element_type=\"section\" data-e-type=\"section\">\n\t\t\t\t\t\t<div class=\"elementor-container elementor-column-gap-default\">\n\t\t\t\t\t<div class=\"elementor-column elementor-col-100 elementor-top-column elementor-element elementor-element-75380f1f\" data-id=\"75380f1f\" data-element_type=\"column\" data-e-type=\"column\">\n\t\t\t<div class=\"elementor-widget-wrap elementor-element-populated\">\n\t\t\t\t\t\t<div class=\"elementor-element elementor-element-c2dd2f7 elementor-widget elementor-widget-text-editor\" data-id=\"c2dd2f7\" data-element_type=\"widget\" data-e-type=\"widget\" data-widget_type=\"text-editor.default\">\n\t\t\t\t<div class=\"elementor-widget-container\">\n\t\t\t\t\t\t\t\t\t<p><strong>To si\u0119 musi powie\u015b\u0107!<\/strong><\/p>\t\t\t\t\t\t\t\t<\/div>\n\t\t\t\t<\/div>\n\t\t\t\t\t<\/div>\n\t\t<\/div>\n\t\t\t\t\t<\/div>\n\t\t<\/section>\n\t\t\t\t<section class=\"elementor-section elementor-top-section elementor-element elementor-element-332bcbbf elementor-section-boxed elementor-section-height-default elementor-section-height-default\" data-id=\"332bcbbf\" data-element_type=\"section\" data-e-type=\"section\">\n\t\t\t\t\t\t<div class=\"elementor-container elementor-column-gap-default\">\n\t\t\t\t\t<div class=\"elementor-column elementor-col-100 elementor-top-column elementor-element elementor-element-6dc62512\" data-id=\"6dc62512\" data-element_type=\"column\" data-e-type=\"column\">\n\t\t\t<div class=\"elementor-widget-wrap elementor-element-populated\">\n\t\t\t\t\t\t<div class=\"elementor-element elementor-element-2f251b9d elementor-widget elementor-widget-text-editor\" data-id=\"2f251b9d\" data-element_type=\"widget\" data-e-type=\"widget\" data-widget_type=\"text-editor.default\">\n\t\t\t\t<div class=\"elementor-widget-container\">\n\t\t\t\t\t\t\t\t\t<p>Przeczyta\u0142am kiedy\u015b w Internecie felieton Roberta Zi\u0119bi\u0144skiego (pisarza, dziennikarza, swego czasu red. nacz. \u201ePlayboya\u201d,&nbsp; prywatnie kolegi, bo si\u0119 znamy i z jednego miasta jeste\u015bmy): &nbsp;Dlaczego warto czyta\u0107? A zaczyna\u0142 si\u0119 tak:<\/p>\n<p><em>Ta historia zdarzy\u0142a si\u0119 naprawd\u0119. Poranek niedzielny. Godzina si\u00f3dma trzydzie\u015bci. Siedz\u0119 na niezwykle niewygodnym krze\u015ble w programie porannym w Polsat News. Mam m\u00f3wi\u0107 o powie\u015bci \u201eDygot\u201d Ma\u0142eckiego. Prowadz\u0105ca, po czterdziestce, zadbana, odpicowana tak, jakby sz\u0142a na wesele, zadaje pytanie.<\/em><\/p>\n<p><em>\u2013 Panie Robercie, ale czy ta ksi\u0105\u017cka nas czego\u015b uczy?<\/em><\/p>\n<p><em>Zdr\u0119twia\u0142em. Z automatu odpowiadam:<\/em><\/p>\n<p><em>\u2013 A musi?<\/em><\/p>\n<p><em>Pani z niezm\u0105con\u0105 m\u0105dr\u0105 my\u015bl\u0105 min\u0105 oznajmia:<\/em><\/p>\n<p><em>\u2013 Oczywi\u015bcie. Ja czytam tylko ksi\u0105\u017cki, kt\u00f3re ucz\u0105. Amen.<\/em><\/p>\n<p><em>Opadam i nie wiem co powiedzie\u0107.<\/em><\/p>\n<p><em>A potem w domu zaczynam my\u015ble\u0107[\u2026]<\/em><\/p>\n<p>\u2026 i dok\u0142adnie tak samo zacz\u0119\u0142am si\u0119 zastanawia\u0107 \u2013 jak to z tym czytaniem jest i czy rzeczywi\u015bcie musi\u2026 uczy\u0107 \u2026 z rozmy\u015blaniami autora si\u0119 zgodzi\u0142am (tekst dost\u0119pny:&nbsp;<a href=\"https:\/\/www.kawerna.pl\/biblioteka\/felietony\/dlaczego-warto-czytac-felieton-roberta-ziebinskiego\/\">https:\/\/www.kawerna.pl\/biblioteka\/felietony\/dlaczego-warto-czytac-felieton-roberta-ziebinskiego\/<\/a>)&nbsp;<em>wspomaga moj\u0105 wyobra\u017ani\u0119<\/em>,&nbsp;<em>uczy ucieczki od schemat\u00f3w<\/em>,&nbsp;<em>pomaga w pisaniu<\/em>&nbsp;(i jak si\u0119 okazuje &#8211; zar\u00f3wno pisarzom jak i zwyk\u0142ym bibliotekarkom). Dalej Robert uj\u0105\u0142 to jeszcze bardziej dobitnie:<br><em>[\u2026] przecie\u017c nie ka\u017cdy chce by\u0107 pisarzem, dziennikarzem itp. To ja napisz\u0119 tak \u2013 bo to ogromna przyjemno\u015b\u0107, jak\u0105 oczy dostarczaj\u0105 m\u00f3zgowi, a m\u00f3zg reszcie cia\u0142a. Dobra powie\u015b\u0107 jest jak seks. Najpierw wci\u0105ga,&nbsp; \u017ce si\u0119 zapominamy, a potem odpr\u0119\u017ca. Po prostu [\u2026] &nbsp;<\/em><\/p>\n<p>No i napisa\u0142 jak pisarz\u2026 i po prawdzie zreszt\u0105!. Przypomnia\u0142o mi si\u0119 to, kiedy zobaczy\u0142am tegoroczne has\u0142o NOCY BIBLIOTEK:&nbsp;<strong>To si\u0119 musi powie\u015b\u0107<\/strong>. No i zacz\u0119\u0142a si\u0119 gra s\u0142\u00f3w w mojej g\u0142owie\u2026 &nbsp;pomy\u015bla\u0142am, \u017ce has\u0142o zosta\u0142o \u017ale graficznie zaprojektowane\u2026 bo powinno wygl\u0105da\u0107 tak: To si\u0119 musi POWIE\u015a\u0106!, bo jednak moje neurotransmitery, czy te\u017c neuroprzeka\u017aniki, odpowiadaj\u0105ce w moje g\u0142owie za przekazywanie informacji miedzy kom\u00f3rkami, zacz\u0119\u0142y szale\u0107 przy s\u0142owie powie\u015b\u0107\u2026 bo czy &nbsp;&gt;powie\u015b\u0107&lt;, w tym przypadku to &gt;powie\u015b\u0107 si\u0119 \/uda\u0107&lt;, czy te\u017c &gt;powie\u015b\u0107&lt; &#8211; jako gatunek literatury pi\u0119knej, utw\u00f3r narracyjny? Tak czy siak s\u0142owo POWIE\u015a\u0106 &#8211; tak powinno by\u0107 w\u0142a\u015bnie zapisane.<\/p>\n<p>Bez wzgl\u0119du jednak na rozszyfrowywanie (nie myl\u0105c: z przyczepianiem si\u0119!) &#8211; zamys\u0142 autora\/\u00f3w has\u0142a\u2026 s\u0142uszny cel posiada, bowiem ma zach\u0119ci\u0107 do \u2026&nbsp;<em>p\u00f3j\u015bcia tam, gdzie si\u0119 rodzi opowie\u015b\u0107&nbsp;<\/em>(ha! a jednak oPOWIE\u015a\u0106)<em>&nbsp;i do wsp\u00f3lnego czytania&nbsp;&nbsp;<\/em>oraz jak pisano w opisie dalej<em>&nbsp;\u2026 skierowanie \u015bwiat\u0142a na biblioteki, pokazuj\u0105c wspieraj\u0105c\u0105 moc literatury i si\u0142\u0119 lokalnej spo\u0142eczno\u015bci.&nbsp;<\/em>Ba! Dywagowa\u0107 mog\u0142abym dalej s\u0142owotw\u00f3rczo\u2026 tylko w sumie po co? \u2013wszak idziemy wsp\u00f3ln\u0105 drog\u0105\u2026 o CZYTANIE w ko\u0144cu chodzi.<\/p>\n<p>\u017beby to wszystko jednak zagra\u0142o ( to CZYTANIE ma si\u0119 rozumie\u0107), to jak klasyk mawia<em>: bo &nbsp;do<\/em>&nbsp;<em>tanga trzeba dwojga<\/em>:&nbsp; oPOWIE\u015aCI i CZYTELNIKA. No i \u201echemia\u201d musi by\u0107&nbsp; &#8211; o czym wspomina\u0142 wcze\u015bniej m\u00f3j kolega Robert (a&nbsp; przecie\u017c si\u0119 zna bo sam czytelnikiem jest piekielnie inteligentnym i&nbsp; z innymi czytelnikami flirtuje ca\u0142ymi ju\u017c latami\u2026)<\/p>\n<p>No to \u017ceby si\u0119 powiod\u0142o\u2026 &nbsp;&nbsp;<\/p>\n<p>Z jednej strony mamy wi\u0119c oPOWIE\u015a\u0106, kt\u00f3ra dla ka\u017cdego niech b\u0119dzie inna\u2026 Jedni niech czytaj\u0105&nbsp; (jak pisze Zi\u0119bi\u0144ski) Martina Heidegger i specjalizuj\u0105 si\u0119\u2026 w jego my\u015bli filozoficznej, kto\u015b inny niech studiuje np. motywy&nbsp; egzystencjonalne w tw\u00f3rczo\u015bci Lawrence\u2019a Block (jak on sam), kolejny niech daje nura w fantastyk\u0119, krymina\u0142y, romanse etc.<\/p>\n<p>&#8222;Vis-a-vis&#8221; CZYTELNIK \u2013 ale jaki?&nbsp; &#8211; kto\u015b zapyta? Ooooo! tutaj zdecydowany mamy te\u017c urodzaj. I chocia\u017c istnieje wiele typologii czytaj\u0105cych&nbsp; (na powa\u017cnie i nie), jak chocia\u017cby: PISACZ (pisze po ksi\u0105\u017ckach), TSUNDOKU (na\u0142ogowo kupuje ale nie czyta\/z j. japo\u0144skiego), ZNAWCA (wiadomo \u2013 zna si\u0119, no i w\u0105cha ksi\u0105\u017cki!), AMBITNY (czyta z min\u0105 pe\u0142n\u0105 wy\u017cszo\u015bci), WCZASOWICZ&nbsp; (ka\u017cda ksi\u0105\u017cka nie ha\u0144bi), no i KRYTYKANT (wszystko na nie)\u2026 to tak z ironi\u0105 pewn\u0105 (https:\/\/lubimyczytac.pl)&#8230;<\/p>\n<p>Ale najpi\u0119kniej wg mnie okre\u015bli\u0142a CZYTELNIKA&nbsp; Olga Tokarczuk (\u201eKsi\u0119gi Jakubowe\u201d):&nbsp;<em>[\u2026] Jest czytelnik g\u0105bka, czytelnik lejek, czytelnik cedzid\u0142o i czytelnik sito. G\u0105bka wch\u0142ania&nbsp; w siebie wszystko, jak leci, jasne jest, \u017ce potem du\u017co z tego pami\u0119ta, lecz nie umie wydoby\u0107 najwa\u017cniejszego. Lejek \u2013 przyjmuje jednym ko\u0144cem, drugim za\u015b wszystko, co przeczytane, z niego wylatuje. Cedzak przepuszcza wino, a zatrzymuje winny osad (\u2026) Sito za\u015b oddziela plewy, \u017ceby otrzyma\u0107 najlepsze ziarno.[\u2026]<\/em><\/p>\n<p>Czy czytanie musi zatem uczy\u0107? \u2013 powiedzia\u0142abym tak \u2013 mo\u017ce ale nie musi. Oby ka\u017cdy zagarnia\u0142 dla siebie to, co jest mu w danym momencie potrzebne. Niech&nbsp; poszukuje, przebiera, eksperymentuje\u2026 wybiera swoj\u0105 oPOWIE\u015a\u0106 i b\u0119dzie przy tym CZYTELKNIKIEM \u2013 SITEM. W ko\u0144cu&nbsp;&nbsp;<em>czytanie to najwspanialsza ZABAWA, jaka sobie ludzko\u015b\u0107 wymy\u015bli\u0142a<\/em>&nbsp;\u2013 cytuj\u0105c kolejn\u0105 nasz\u0105 wielk\u0105 noblistk\u0119 Wis\u0142aw\u0119 Szymborsk\u0105. No\u2026.a jak do tego co powiedzia\u0142 Robert Zi\u0119bi\u0144ski dodamy jeszcze to co powiedzia\u0142y\/napisa\u0142y dwie m\u0105dre baby\u2026&nbsp; no to przecie\u017c\u2026<br>To si\u0119 musi POWIE\u015a\u0106! (a jednak tak i jakkolwiek komukolwiek to wybrzmiewa).<\/p>\t\t\t\t\t\t\t\t<\/div>\n\t\t\t\t<\/div>\n\t\t\t\t\t<\/div>\n\t\t<\/div>\n\t\t\t\t\t<\/div>\n\t\t<\/section>\n\t\t\t\t<section class=\"elementor-section elementor-top-section elementor-element elementor-element-cf64ae3 elementor-section-boxed elementor-section-height-default elementor-section-height-default\" data-id=\"cf64ae3\" data-element_type=\"section\" data-e-type=\"section\">\n\t\t\t\t\t\t<div class=\"elementor-container elementor-column-gap-default\">\n\t\t\t\t\t<div class=\"elementor-column elementor-col-100 elementor-top-column elementor-element elementor-element-7086515\" data-id=\"7086515\" data-element_type=\"column\" data-e-type=\"column\">\n\t\t\t<div class=\"elementor-widget-wrap elementor-element-populated\">\n\t\t\t\t\t\t<div class=\"elementor-element elementor-element-d533757 elementor-widget elementor-widget-text-editor\" data-id=\"d533757\" data-element_type=\"widget\" data-e-type=\"widget\" data-widget_type=\"text-editor.default\">\n\t\t\t\t<div class=\"elementor-widget-container\">\n\t\t\t\t\t\t\t\t\t<p><strong>Felieton publikowany w <a href=\"http:\/\/poradnikbibliotekarza.pl\/\">Poradniku Bibliotekarza nr 11\/2022\u00a0<\/a><\/strong><\/p>\t\t\t\t\t\t\t\t<\/div>\n\t\t\t\t<\/div>\n\t\t\t\t\t<\/div>\n\t\t<\/div>\n\t\t\t\t\t<\/div>\n\t\t<\/section>\n\t\t\t\t<section class=\"elementor-section elementor-top-section elementor-element elementor-element-f23fbac elementor-section-boxed elementor-section-height-default elementor-section-height-default\" data-id=\"f23fbac\" data-element_type=\"section\" data-e-type=\"section\">\n\t\t\t\t\t\t<div class=\"elementor-container elementor-column-gap-default\">\n\t\t\t\t\t<div class=\"elementor-column elementor-col-100 elementor-top-column elementor-element elementor-element-65c2606e\" data-id=\"65c2606e\" data-element_type=\"column\" data-e-type=\"column\">\n\t\t\t<div class=\"elementor-widget-wrap elementor-element-populated\">\n\t\t\t\t\t\t<div class=\"elementor-element elementor-element-5943dff5 elementor-widget elementor-widget-text-editor\" data-id=\"5943dff5\" data-element_type=\"widget\" data-e-type=\"widget\" data-widget_type=\"text-editor.default\">\n\t\t\t\t<div class=\"elementor-widget-container\">\n\t\t\t\t\t\t\t\t\t<p><strong>Olga Nowicka<\/strong><strong><br \/><\/strong><\/p>\t\t\t\t\t\t\t\t<\/div>\n\t\t\t\t<\/div>\n\t\t\t\t\t<\/div>\n\t\t<\/div>\n\t\t\t\t\t<\/div>\n\t\t<\/section>\n\t\t\t\t<section class=\"elementor-section elementor-top-section elementor-element elementor-element-6056896 elementor-section-boxed elementor-section-height-default elementor-section-height-default\" data-id=\"6056896\" data-element_type=\"section\" data-e-type=\"section\">\n\t\t\t\t\t\t<div class=\"elementor-container elementor-column-gap-default\">\n\t\t\t\t\t<div class=\"elementor-column elementor-col-100 elementor-top-column elementor-element elementor-element-d665f1a\" data-id=\"d665f1a\" data-element_type=\"column\" data-e-type=\"column\">\n\t\t\t<div class=\"elementor-widget-wrap elementor-element-populated\">\n\t\t\t\t\t\t<div class=\"elementor-element elementor-element-5ee977d elementor-widget elementor-widget-image\" data-id=\"5ee977d\" data-element_type=\"widget\" data-e-type=\"widget\" data-widget_type=\"image.default\">\n\t\t\t\t<div class=\"elementor-widget-container\">\n\t\t\t\t\t\t\t\t\t\t\t\t\t\t\t\t<a href=\"https:\/\/www.mbp.chrzanow.pl\/wp-content\/uploads\/2022\/11\/nakladka_to-sie-musi_powiesc_www.jpg\" data-elementor-open-lightbox=\"yes\" data-e-action-hash=\"#elementor-action%3Aaction%3Dlightbox%26settings%3DeyJpZCI6NTgwNzUsInVybCI6ZmFsc2V9\">\n\t\t\t\t\t\t\t<img decoding=\"async\" src=\"https:\/\/www.mbp.chrzanow.pl\/wp-content\/uploads\/2022\/11\/nakladka_to-sie-musi_powiesc_www.jpg\" title=\"\" alt=\"\" loading=\"lazy\" \/>\t\t\t\t\t\t\t\t<\/a>\n\t\t\t\t\t\t\t\t\t\t\t\t\t\t\t<\/div>\n\t\t\t\t<\/div>\n\t\t\t\t\t<\/div>\n\t\t<\/div>\n\t\t\t\t\t<\/div>\n\t\t<\/section>\n\t\t\t\t<section class=\"elementor-section elementor-inner-section elementor-element elementor-element-49425458 elementor-section-boxed elementor-section-height-default elementor-section-height-default\" data-id=\"49425458\" data-element_type=\"section\" data-e-type=\"section\">\n\t\t\t\t\t\t<div class=\"elementor-container elementor-column-gap-default\">\n\t\t\t\t\t<div class=\"elementor-column elementor-col-25 elementor-inner-column elementor-element elementor-element-4c6b4cc7\" data-id=\"4c6b4cc7\" data-element_type=\"column\" data-e-type=\"column\">\n\t\t\t<div class=\"elementor-widget-wrap\">\n\t\t\t\t\t\t\t<\/div>\n\t\t<\/div>\n\t\t\t\t<div class=\"elementor-column elementor-col-25 elementor-inner-column elementor-element elementor-element-5a580676\" data-id=\"5a580676\" data-element_type=\"column\" data-e-type=\"column\">\n\t\t\t<div class=\"elementor-widget-wrap elementor-element-populated\">\n\t\t\t\t\t\t<div class=\"elementor-element elementor-element-1b9528e5 elementor-align-center elementor-icon-list--layout-traditional elementor-list-item-link-full_width elementor-widget elementor-widget-icon-list\" data-id=\"1b9528e5\" data-element_type=\"widget\" data-e-type=\"widget\" data-widget_type=\"icon-list.default\">\n\t\t\t\t<div class=\"elementor-widget-container\">\n\t\t\t\t\t\t\t<ul class=\"elementor-icon-list-items\">\n\t\t\t\t\t\t\t<li class=\"elementor-icon-list-item\">\n\t\t\t\t\t\t\t\t\t\t\t<a href=\"https:\/\/www.facebook.com\/mbp.chrzanow\/\" target=\"_blank\">\n\n\t\t\t\t\t\t\t\t\t\t\t\t<span class=\"elementor-icon-list-icon\">\n\t\t\t\t\t\t\t<i aria-hidden=\"true\" class=\"fab fa-facebook-square\"><\/i>\t\t\t\t\t\t<\/span>\n\t\t\t\t\t\t\t\t\t\t<span class=\"elementor-icon-list-text\"><\/span>\n\t\t\t\t\t\t\t\t\t\t\t<\/a>\n\t\t\t\t\t\t\t\t\t<\/li>\n\t\t\t\t\t\t<\/ul>\n\t\t\t\t\t\t<\/div>\n\t\t\t\t<\/div>\n\t\t\t\t\t<\/div>\n\t\t<\/div>\n\t\t\t\t<div class=\"elementor-column elementor-col-25 elementor-inner-column elementor-element elementor-element-411403d\" data-id=\"411403d\" data-element_type=\"column\" data-e-type=\"column\">\n\t\t\t<div class=\"elementor-widget-wrap elementor-element-populated\">\n\t\t\t\t\t\t<div class=\"elementor-element elementor-element-4bacdeb7 elementor-align-center elementor-icon-list--layout-traditional elementor-list-item-link-full_width elementor-widget elementor-widget-icon-list\" data-id=\"4bacdeb7\" data-element_type=\"widget\" data-e-type=\"widget\" data-widget_type=\"icon-list.default\">\n\t\t\t\t<div class=\"elementor-widget-container\">\n\t\t\t\t\t\t\t<ul class=\"elementor-icon-list-items\">\n\t\t\t\t\t\t\t<li class=\"elementor-icon-list-item\">\n\t\t\t\t\t\t\t\t\t\t\t<a href=\"https:\/\/www.instagram.com\/mbp_chrzanow\/\" target=\"_blank\">\n\n\t\t\t\t\t\t\t\t\t\t\t\t<span class=\"elementor-icon-list-icon\">\n\t\t\t\t\t\t\t<i aria-hidden=\"true\" class=\"fab fa-instagram\"><\/i>\t\t\t\t\t\t<\/span>\n\t\t\t\t\t\t\t\t\t\t<span class=\"elementor-icon-list-text\"><\/span>\n\t\t\t\t\t\t\t\t\t\t\t<\/a>\n\t\t\t\t\t\t\t\t\t<\/li>\n\t\t\t\t\t\t<\/ul>\n\t\t\t\t\t\t<\/div>\n\t\t\t\t<\/div>\n\t\t\t\t\t<\/div>\n\t\t<\/div>\n\t\t\t\t<div class=\"elementor-column elementor-col-25 elementor-inner-column elementor-element elementor-element-949ad56\" data-id=\"949ad56\" data-element_type=\"column\" data-e-type=\"column\">\n\t\t\t<div class=\"elementor-widget-wrap elementor-element-populated\">\n\t\t\t\t\t\t<div class=\"elementor-element elementor-element-223c4784 elementor-align-center elementor-icon-list--layout-traditional elementor-list-item-link-full_width elementor-widget elementor-widget-icon-list\" data-id=\"223c4784\" data-element_type=\"widget\" data-e-type=\"widget\" data-widget_type=\"icon-list.default\">\n\t\t\t\t<div class=\"elementor-widget-container\">\n\t\t\t\t\t\t\t<ul class=\"elementor-icon-list-items\">\n\t\t\t\t\t\t\t<li class=\"elementor-icon-list-item\">\n\t\t\t\t\t\t\t\t\t\t\t<a href=\"https:\/\/www.youtube.com\/user\/MBPChrzanow\" target=\"_blank\">\n\n\t\t\t\t\t\t\t\t\t\t\t\t<span class=\"elementor-icon-list-icon\">\n\t\t\t\t\t\t\t<i aria-hidden=\"true\" class=\"fab fa-youtube\"><\/i>\t\t\t\t\t\t<\/span>\n\t\t\t\t\t\t\t\t\t\t<span class=\"elementor-icon-list-text\"><\/span>\n\t\t\t\t\t\t\t\t\t\t\t<\/a>\n\t\t\t\t\t\t\t\t\t<\/li>\n\t\t\t\t\t\t<\/ul>\n\t\t\t\t\t\t<\/div>\n\t\t\t\t<\/div>\n\t\t\t\t\t<\/div>\n\t\t<\/div>\n\t\t\t\t\t<\/div>\n\t\t<\/section>\n\t\t\t\t<\/div>\n\t\t","protected":false},"excerpt":{"rendered":"<p> [&hellip;]<\/p>\n","protected":false},"author":3,"featured_media":0,"comment_status":"open","ping_status":"open","sticky":false,"template":"","format":"standard","meta":{"footnotes":""},"categories":[11],"tags":[31,27,28],"class_list":["post-2033","post","type-post","status-publish","format-standard","hentry","category-felietony","tag-31","tag-felieton","tag-olga-nowicka"],"yoast_head":"<!-- This site is optimized with the Yoast SEO plugin v27.5 - https:\/\/yoast.com\/product\/yoast-seo-wordpress\/ -->\n<title>Felieton Olgi Nowickiej \u2013 listopad 2022\u00a0 - Akademia S\u0142owa - Chrzan\u00f3w<\/title>\n<meta name=\"robots\" content=\"index, follow, max-snippet:-1, max-image-preview:large, max-video-preview:-1\" \/>\n<link rel=\"canonical\" href=\"https:\/\/www.mbp.chrzanow.pl\/akademiaslowa\/index.php\/2022\/11\/29\/felieton-olgi-nowickiej-pazdziernik-2022-2\/\" \/>\n<meta property=\"og:locale\" content=\"pl_PL\" \/>\n<meta property=\"og:type\" content=\"article\" \/>\n<meta property=\"og:title\" content=\"Felieton Olgi Nowickiej \u2013 listopad 2022\u00a0 - Akademia S\u0142owa - Chrzan\u00f3w\" \/>\n<meta property=\"og:description\" content=\"[&hellip;]\" \/>\n<meta property=\"og:url\" content=\"https:\/\/www.mbp.chrzanow.pl\/akademiaslowa\/index.php\/2022\/11\/29\/felieton-olgi-nowickiej-pazdziernik-2022-2\/\" \/>\n<meta property=\"og:site_name\" content=\"Akademia S\u0142owa - Chrzan\u00f3w\" \/>\n<meta property=\"article:published_time\" content=\"2022-11-29T07:38:13+00:00\" \/>\n<meta property=\"article:modified_time\" content=\"2023-01-18T07:46:07+00:00\" \/>\n<meta property=\"og:image\" content=\"https:\/\/www.mbp.chrzanow.pl\/wp-content\/uploads\/2022\/11\/nakladka_to-sie-musi_powiesc_www.jpg\" \/>\n<meta name=\"author\" content=\"Prom\" \/>\n<meta name=\"twitter:card\" content=\"summary_large_image\" \/>\n<meta name=\"twitter:label1\" content=\"Napisane przez\" \/>\n\t<meta name=\"twitter:data1\" content=\"Prom\" \/>\n\t<meta name=\"twitter:label2\" content=\"Szacowany czas czytania\" \/>\n\t<meta name=\"twitter:data2\" content=\"5 minut\" \/>\n<script type=\"application\/ld+json\" class=\"yoast-schema-graph\">{\"@context\":\"https:\\\/\\\/schema.org\",\"@graph\":[{\"@type\":\"Article\",\"@id\":\"https:\\\/\\\/www.mbp.chrzanow.pl\\\/akademiaslowa\\\/index.php\\\/2022\\\/11\\\/29\\\/felieton-olgi-nowickiej-pazdziernik-2022-2\\\/#article\",\"isPartOf\":{\"@id\":\"https:\\\/\\\/www.mbp.chrzanow.pl\\\/akademiaslowa\\\/index.php\\\/2022\\\/11\\\/29\\\/felieton-olgi-nowickiej-pazdziernik-2022-2\\\/\"},\"author\":{\"name\":\"Prom\",\"@id\":\"https:\\\/\\\/www.mbp.chrzanow.pl\\\/akademiaslowa\\\/#\\\/schema\\\/person\\\/fe7a35ef0376d4e76846aeae319d9fd8\"},\"headline\":\"Felieton Olgi Nowickiej \u2013 listopad 2022\u00a0\",\"datePublished\":\"2022-11-29T07:38:13+00:00\",\"dateModified\":\"2023-01-18T07:46:07+00:00\",\"mainEntityOfPage\":{\"@id\":\"https:\\\/\\\/www.mbp.chrzanow.pl\\\/akademiaslowa\\\/index.php\\\/2022\\\/11\\\/29\\\/felieton-olgi-nowickiej-pazdziernik-2022-2\\\/\"},\"wordCount\":914,\"commentCount\":0,\"publisher\":{\"@id\":\"https:\\\/\\\/www.mbp.chrzanow.pl\\\/akademiaslowa\\\/#organization\"},\"image\":{\"@id\":\"https:\\\/\\\/www.mbp.chrzanow.pl\\\/akademiaslowa\\\/index.php\\\/2022\\\/11\\\/29\\\/felieton-olgi-nowickiej-pazdziernik-2022-2\\\/#primaryimage\"},\"thumbnailUrl\":\"https:\\\/\\\/www.mbp.chrzanow.pl\\\/wp-content\\\/uploads\\\/2022\\\/11\\\/nakladka_to-sie-musi_powiesc_www.jpg\",\"keywords\":[\"2022\",\"Felieton\",\"Olga Nowicka\"],\"articleSection\":[\"Felietony\"],\"inLanguage\":\"pl-PL\",\"potentialAction\":[{\"@type\":\"CommentAction\",\"name\":\"Comment\",\"target\":[\"https:\\\/\\\/www.mbp.chrzanow.pl\\\/akademiaslowa\\\/index.php\\\/2022\\\/11\\\/29\\\/felieton-olgi-nowickiej-pazdziernik-2022-2\\\/#respond\"]}]},{\"@type\":\"WebPage\",\"@id\":\"https:\\\/\\\/www.mbp.chrzanow.pl\\\/akademiaslowa\\\/index.php\\\/2022\\\/11\\\/29\\\/felieton-olgi-nowickiej-pazdziernik-2022-2\\\/\",\"url\":\"https:\\\/\\\/www.mbp.chrzanow.pl\\\/akademiaslowa\\\/index.php\\\/2022\\\/11\\\/29\\\/felieton-olgi-nowickiej-pazdziernik-2022-2\\\/\",\"name\":\"Felieton Olgi Nowickiej \u2013 listopad 2022\u00a0 - Akademia S\u0142owa - Chrzan\u00f3w\",\"isPartOf\":{\"@id\":\"https:\\\/\\\/www.mbp.chrzanow.pl\\\/akademiaslowa\\\/#website\"},\"primaryImageOfPage\":{\"@id\":\"https:\\\/\\\/www.mbp.chrzanow.pl\\\/akademiaslowa\\\/index.php\\\/2022\\\/11\\\/29\\\/felieton-olgi-nowickiej-pazdziernik-2022-2\\\/#primaryimage\"},\"image\":{\"@id\":\"https:\\\/\\\/www.mbp.chrzanow.pl\\\/akademiaslowa\\\/index.php\\\/2022\\\/11\\\/29\\\/felieton-olgi-nowickiej-pazdziernik-2022-2\\\/#primaryimage\"},\"thumbnailUrl\":\"https:\\\/\\\/www.mbp.chrzanow.pl\\\/wp-content\\\/uploads\\\/2022\\\/11\\\/nakladka_to-sie-musi_powiesc_www.jpg\",\"datePublished\":\"2022-11-29T07:38:13+00:00\",\"dateModified\":\"2023-01-18T07:46:07+00:00\",\"breadcrumb\":{\"@id\":\"https:\\\/\\\/www.mbp.chrzanow.pl\\\/akademiaslowa\\\/index.php\\\/2022\\\/11\\\/29\\\/felieton-olgi-nowickiej-pazdziernik-2022-2\\\/#breadcrumb\"},\"inLanguage\":\"pl-PL\",\"potentialAction\":[{\"@type\":\"ReadAction\",\"target\":[\"https:\\\/\\\/www.mbp.chrzanow.pl\\\/akademiaslowa\\\/index.php\\\/2022\\\/11\\\/29\\\/felieton-olgi-nowickiej-pazdziernik-2022-2\\\/\"]}]},{\"@type\":\"ImageObject\",\"inLanguage\":\"pl-PL\",\"@id\":\"https:\\\/\\\/www.mbp.chrzanow.pl\\\/akademiaslowa\\\/index.php\\\/2022\\\/11\\\/29\\\/felieton-olgi-nowickiej-pazdziernik-2022-2\\\/#primaryimage\",\"url\":\"https:\\\/\\\/www.mbp.chrzanow.pl\\\/wp-content\\\/uploads\\\/2022\\\/11\\\/nakladka_to-sie-musi_powiesc_www.jpg\",\"contentUrl\":\"https:\\\/\\\/www.mbp.chrzanow.pl\\\/wp-content\\\/uploads\\\/2022\\\/11\\\/nakladka_to-sie-musi_powiesc_www.jpg\"},{\"@type\":\"BreadcrumbList\",\"@id\":\"https:\\\/\\\/www.mbp.chrzanow.pl\\\/akademiaslowa\\\/index.php\\\/2022\\\/11\\\/29\\\/felieton-olgi-nowickiej-pazdziernik-2022-2\\\/#breadcrumb\",\"itemListElement\":[{\"@type\":\"ListItem\",\"position\":1,\"name\":\"Strona g\u0142\u00f3wna\",\"item\":\"https:\\\/\\\/www.mbp.chrzanow.pl\\\/akademiaslowa\\\/\"},{\"@type\":\"ListItem\",\"position\":2,\"name\":\"Felieton Olgi Nowickiej \u2013 listopad 2022\u00a0\"}]},{\"@type\":\"WebSite\",\"@id\":\"https:\\\/\\\/www.mbp.chrzanow.pl\\\/akademiaslowa\\\/#website\",\"url\":\"https:\\\/\\\/www.mbp.chrzanow.pl\\\/akademiaslowa\\\/\",\"name\":\"Akademia S\u0142owa - Chrzan\u00f3w\",\"description\":\"Czym poezja...\",\"publisher\":{\"@id\":\"https:\\\/\\\/www.mbp.chrzanow.pl\\\/akademiaslowa\\\/#organization\"},\"potentialAction\":[{\"@type\":\"SearchAction\",\"target\":{\"@type\":\"EntryPoint\",\"urlTemplate\":\"https:\\\/\\\/www.mbp.chrzanow.pl\\\/akademiaslowa\\\/?s={search_term_string}\"},\"query-input\":{\"@type\":\"PropertyValueSpecification\",\"valueRequired\":true,\"valueName\":\"search_term_string\"}}],\"inLanguage\":\"pl-PL\"},{\"@type\":\"Organization\",\"@id\":\"https:\\\/\\\/www.mbp.chrzanow.pl\\\/akademiaslowa\\\/#organization\",\"name\":\"Akademia S\u0142owa Chrzan\u00f3w\",\"url\":\"https:\\\/\\\/www.mbp.chrzanow.pl\\\/akademiaslowa\\\/\",\"logo\":{\"@type\":\"ImageObject\",\"inLanguage\":\"pl-PL\",\"@id\":\"https:\\\/\\\/www.mbp.chrzanow.pl\\\/akademiaslowa\\\/#\\\/schema\\\/logo\\\/image\\\/\",\"url\":\"https:\\\/\\\/www.mbp.chrzanow.pl\\\/akademiaslowa\\\/wp-content\\\/uploads\\\/2017\\\/12\\\/AkademiaSlowa_www.jpg\",\"contentUrl\":\"https:\\\/\\\/www.mbp.chrzanow.pl\\\/akademiaslowa\\\/wp-content\\\/uploads\\\/2017\\\/12\\\/AkademiaSlowa_www.jpg\",\"width\":500,\"height\":79,\"caption\":\"Akademia S\u0142owa Chrzan\u00f3w\"},\"image\":{\"@id\":\"https:\\\/\\\/www.mbp.chrzanow.pl\\\/akademiaslowa\\\/#\\\/schema\\\/logo\\\/image\\\/\"}},{\"@type\":\"Person\",\"@id\":\"https:\\\/\\\/www.mbp.chrzanow.pl\\\/akademiaslowa\\\/#\\\/schema\\\/person\\\/fe7a35ef0376d4e76846aeae319d9fd8\",\"name\":\"Prom\",\"image\":{\"@type\":\"ImageObject\",\"inLanguage\":\"pl-PL\",\"@id\":\"https:\\\/\\\/secure.gravatar.com\\\/avatar\\\/f60fbd4aa9e3207ab0785fd91859281f74f6e854743680d402cbd83a1b744580?s=96&d=mm&r=g\",\"url\":\"https:\\\/\\\/secure.gravatar.com\\\/avatar\\\/f60fbd4aa9e3207ab0785fd91859281f74f6e854743680d402cbd83a1b744580?s=96&d=mm&r=g\",\"contentUrl\":\"https:\\\/\\\/secure.gravatar.com\\\/avatar\\\/f60fbd4aa9e3207ab0785fd91859281f74f6e854743680d402cbd83a1b744580?s=96&d=mm&r=g\",\"caption\":\"Prom\"},\"url\":\"https:\\\/\\\/www.mbp.chrzanow.pl\\\/akademiaslowa\\\/index.php\\\/author\\\/promocja\\\/\"}]}<\/script>\n<!-- \/ Yoast SEO plugin. -->","yoast_head_json":{"title":"Felieton Olgi Nowickiej \u2013 listopad 2022\u00a0 - Akademia S\u0142owa - Chrzan\u00f3w","robots":{"index":"index","follow":"follow","max-snippet":"max-snippet:-1","max-image-preview":"max-image-preview:large","max-video-preview":"max-video-preview:-1"},"canonical":"https:\/\/www.mbp.chrzanow.pl\/akademiaslowa\/index.php\/2022\/11\/29\/felieton-olgi-nowickiej-pazdziernik-2022-2\/","og_locale":"pl_PL","og_type":"article","og_title":"Felieton Olgi Nowickiej \u2013 listopad 2022\u00a0 - Akademia S\u0142owa - Chrzan\u00f3w","og_description":"[&hellip;]","og_url":"https:\/\/www.mbp.chrzanow.pl\/akademiaslowa\/index.php\/2022\/11\/29\/felieton-olgi-nowickiej-pazdziernik-2022-2\/","og_site_name":"Akademia S\u0142owa - Chrzan\u00f3w","article_published_time":"2022-11-29T07:38:13+00:00","article_modified_time":"2023-01-18T07:46:07+00:00","og_image":[{"url":"https:\/\/www.mbp.chrzanow.pl\/wp-content\/uploads\/2022\/11\/nakladka_to-sie-musi_powiesc_www.jpg","type":"","width":"","height":""}],"author":"Prom","twitter_card":"summary_large_image","twitter_misc":{"Napisane przez":"Prom","Szacowany czas czytania":"5 minut"},"schema":{"@context":"https:\/\/schema.org","@graph":[{"@type":"Article","@id":"https:\/\/www.mbp.chrzanow.pl\/akademiaslowa\/index.php\/2022\/11\/29\/felieton-olgi-nowickiej-pazdziernik-2022-2\/#article","isPartOf":{"@id":"https:\/\/www.mbp.chrzanow.pl\/akademiaslowa\/index.php\/2022\/11\/29\/felieton-olgi-nowickiej-pazdziernik-2022-2\/"},"author":{"name":"Prom","@id":"https:\/\/www.mbp.chrzanow.pl\/akademiaslowa\/#\/schema\/person\/fe7a35ef0376d4e76846aeae319d9fd8"},"headline":"Felieton Olgi Nowickiej \u2013 listopad 2022\u00a0","datePublished":"2022-11-29T07:38:13+00:00","dateModified":"2023-01-18T07:46:07+00:00","mainEntityOfPage":{"@id":"https:\/\/www.mbp.chrzanow.pl\/akademiaslowa\/index.php\/2022\/11\/29\/felieton-olgi-nowickiej-pazdziernik-2022-2\/"},"wordCount":914,"commentCount":0,"publisher":{"@id":"https:\/\/www.mbp.chrzanow.pl\/akademiaslowa\/#organization"},"image":{"@id":"https:\/\/www.mbp.chrzanow.pl\/akademiaslowa\/index.php\/2022\/11\/29\/felieton-olgi-nowickiej-pazdziernik-2022-2\/#primaryimage"},"thumbnailUrl":"https:\/\/www.mbp.chrzanow.pl\/wp-content\/uploads\/2022\/11\/nakladka_to-sie-musi_powiesc_www.jpg","keywords":["2022","Felieton","Olga Nowicka"],"articleSection":["Felietony"],"inLanguage":"pl-PL","potentialAction":[{"@type":"CommentAction","name":"Comment","target":["https:\/\/www.mbp.chrzanow.pl\/akademiaslowa\/index.php\/2022\/11\/29\/felieton-olgi-nowickiej-pazdziernik-2022-2\/#respond"]}]},{"@type":"WebPage","@id":"https:\/\/www.mbp.chrzanow.pl\/akademiaslowa\/index.php\/2022\/11\/29\/felieton-olgi-nowickiej-pazdziernik-2022-2\/","url":"https:\/\/www.mbp.chrzanow.pl\/akademiaslowa\/index.php\/2022\/11\/29\/felieton-olgi-nowickiej-pazdziernik-2022-2\/","name":"Felieton Olgi Nowickiej \u2013 listopad 2022\u00a0 - Akademia S\u0142owa - Chrzan\u00f3w","isPartOf":{"@id":"https:\/\/www.mbp.chrzanow.pl\/akademiaslowa\/#website"},"primaryImageOfPage":{"@id":"https:\/\/www.mbp.chrzanow.pl\/akademiaslowa\/index.php\/2022\/11\/29\/felieton-olgi-nowickiej-pazdziernik-2022-2\/#primaryimage"},"image":{"@id":"https:\/\/www.mbp.chrzanow.pl\/akademiaslowa\/index.php\/2022\/11\/29\/felieton-olgi-nowickiej-pazdziernik-2022-2\/#primaryimage"},"thumbnailUrl":"https:\/\/www.mbp.chrzanow.pl\/wp-content\/uploads\/2022\/11\/nakladka_to-sie-musi_powiesc_www.jpg","datePublished":"2022-11-29T07:38:13+00:00","dateModified":"2023-01-18T07:46:07+00:00","breadcrumb":{"@id":"https:\/\/www.mbp.chrzanow.pl\/akademiaslowa\/index.php\/2022\/11\/29\/felieton-olgi-nowickiej-pazdziernik-2022-2\/#breadcrumb"},"inLanguage":"pl-PL","potentialAction":[{"@type":"ReadAction","target":["https:\/\/www.mbp.chrzanow.pl\/akademiaslowa\/index.php\/2022\/11\/29\/felieton-olgi-nowickiej-pazdziernik-2022-2\/"]}]},{"@type":"ImageObject","inLanguage":"pl-PL","@id":"https:\/\/www.mbp.chrzanow.pl\/akademiaslowa\/index.php\/2022\/11\/29\/felieton-olgi-nowickiej-pazdziernik-2022-2\/#primaryimage","url":"https:\/\/www.mbp.chrzanow.pl\/wp-content\/uploads\/2022\/11\/nakladka_to-sie-musi_powiesc_www.jpg","contentUrl":"https:\/\/www.mbp.chrzanow.pl\/wp-content\/uploads\/2022\/11\/nakladka_to-sie-musi_powiesc_www.jpg"},{"@type":"BreadcrumbList","@id":"https:\/\/www.mbp.chrzanow.pl\/akademiaslowa\/index.php\/2022\/11\/29\/felieton-olgi-nowickiej-pazdziernik-2022-2\/#breadcrumb","itemListElement":[{"@type":"ListItem","position":1,"name":"Strona g\u0142\u00f3wna","item":"https:\/\/www.mbp.chrzanow.pl\/akademiaslowa\/"},{"@type":"ListItem","position":2,"name":"Felieton Olgi Nowickiej \u2013 listopad 2022\u00a0"}]},{"@type":"WebSite","@id":"https:\/\/www.mbp.chrzanow.pl\/akademiaslowa\/#website","url":"https:\/\/www.mbp.chrzanow.pl\/akademiaslowa\/","name":"Akademia S\u0142owa - Chrzan\u00f3w","description":"Czym poezja...","publisher":{"@id":"https:\/\/www.mbp.chrzanow.pl\/akademiaslowa\/#organization"},"potentialAction":[{"@type":"SearchAction","target":{"@type":"EntryPoint","urlTemplate":"https:\/\/www.mbp.chrzanow.pl\/akademiaslowa\/?s={search_term_string}"},"query-input":{"@type":"PropertyValueSpecification","valueRequired":true,"valueName":"search_term_string"}}],"inLanguage":"pl-PL"},{"@type":"Organization","@id":"https:\/\/www.mbp.chrzanow.pl\/akademiaslowa\/#organization","name":"Akademia S\u0142owa Chrzan\u00f3w","url":"https:\/\/www.mbp.chrzanow.pl\/akademiaslowa\/","logo":{"@type":"ImageObject","inLanguage":"pl-PL","@id":"https:\/\/www.mbp.chrzanow.pl\/akademiaslowa\/#\/schema\/logo\/image\/","url":"https:\/\/www.mbp.chrzanow.pl\/akademiaslowa\/wp-content\/uploads\/2017\/12\/AkademiaSlowa_www.jpg","contentUrl":"https:\/\/www.mbp.chrzanow.pl\/akademiaslowa\/wp-content\/uploads\/2017\/12\/AkademiaSlowa_www.jpg","width":500,"height":79,"caption":"Akademia S\u0142owa Chrzan\u00f3w"},"image":{"@id":"https:\/\/www.mbp.chrzanow.pl\/akademiaslowa\/#\/schema\/logo\/image\/"}},{"@type":"Person","@id":"https:\/\/www.mbp.chrzanow.pl\/akademiaslowa\/#\/schema\/person\/fe7a35ef0376d4e76846aeae319d9fd8","name":"Prom","image":{"@type":"ImageObject","inLanguage":"pl-PL","@id":"https:\/\/secure.gravatar.com\/avatar\/f60fbd4aa9e3207ab0785fd91859281f74f6e854743680d402cbd83a1b744580?s=96&d=mm&r=g","url":"https:\/\/secure.gravatar.com\/avatar\/f60fbd4aa9e3207ab0785fd91859281f74f6e854743680d402cbd83a1b744580?s=96&d=mm&r=g","contentUrl":"https:\/\/secure.gravatar.com\/avatar\/f60fbd4aa9e3207ab0785fd91859281f74f6e854743680d402cbd83a1b744580?s=96&d=mm&r=g","caption":"Prom"},"url":"https:\/\/www.mbp.chrzanow.pl\/akademiaslowa\/index.php\/author\/promocja\/"}]}},"_links":{"self":[{"href":"https:\/\/www.mbp.chrzanow.pl\/akademiaslowa\/index.php\/wp-json\/wp\/v2\/posts\/2033","targetHints":{"allow":["GET"]}}],"collection":[{"href":"https:\/\/www.mbp.chrzanow.pl\/akademiaslowa\/index.php\/wp-json\/wp\/v2\/posts"}],"about":[{"href":"https:\/\/www.mbp.chrzanow.pl\/akademiaslowa\/index.php\/wp-json\/wp\/v2\/types\/post"}],"author":[{"embeddable":true,"href":"https:\/\/www.mbp.chrzanow.pl\/akademiaslowa\/index.php\/wp-json\/wp\/v2\/users\/3"}],"replies":[{"embeddable":true,"href":"https:\/\/www.mbp.chrzanow.pl\/akademiaslowa\/index.php\/wp-json\/wp\/v2\/comments?post=2033"}],"version-history":[{"count":9,"href":"https:\/\/www.mbp.chrzanow.pl\/akademiaslowa\/index.php\/wp-json\/wp\/v2\/posts\/2033\/revisions"}],"predecessor-version":[{"id":2043,"href":"https:\/\/www.mbp.chrzanow.pl\/akademiaslowa\/index.php\/wp-json\/wp\/v2\/posts\/2033\/revisions\/2043"}],"wp:attachment":[{"href":"https:\/\/www.mbp.chrzanow.pl\/akademiaslowa\/index.php\/wp-json\/wp\/v2\/media?parent=2033"}],"wp:term":[{"taxonomy":"category","embeddable":true,"href":"https:\/\/www.mbp.chrzanow.pl\/akademiaslowa\/index.php\/wp-json\/wp\/v2\/categories?post=2033"},{"taxonomy":"post_tag","embeddable":true,"href":"https:\/\/www.mbp.chrzanow.pl\/akademiaslowa\/index.php\/wp-json\/wp\/v2\/tags?post=2033"}],"curies":[{"name":"wp","href":"https:\/\/api.w.org\/{rel}","templated":true}]}}