{"id":2250,"date":"2023-06-16T15:05:42","date_gmt":"2023-06-16T13:05:42","guid":{"rendered":"https:\/\/www.mbp.chrzanow.pl\/akademiaslowa\/?p=2250"},"modified":"2023-07-20T10:22:52","modified_gmt":"2023-07-20T08:22:52","slug":"felieton-olgi-nowickiej-czerwiec-2023","status":"publish","type":"post","link":"https:\/\/www.mbp.chrzanow.pl\/akademiaslowa\/index.php\/2023\/06\/16\/felieton-olgi-nowickiej-czerwiec-2023\/","title":{"rendered":"Felieton Olgi Nowickiej \u2013 czerwiec 2023"},"content":{"rendered":"\t\t<div data-elementor-type=\"wp-post\" data-elementor-id=\"2250\" class=\"elementor elementor-2250\">\n\t\t\t\t\t\t<section class=\"elementor-section elementor-top-section elementor-element elementor-element-7f20ad86 elementor-section-boxed elementor-section-height-default elementor-section-height-default\" data-id=\"7f20ad86\" data-element_type=\"section\" data-e-type=\"section\">\n\t\t\t\t\t\t<div class=\"elementor-container elementor-column-gap-default\">\n\t\t\t\t\t<div class=\"elementor-column elementor-col-100 elementor-top-column elementor-element elementor-element-1e26f055\" data-id=\"1e26f055\" data-element_type=\"column\" data-e-type=\"column\">\n\t\t\t<div class=\"elementor-widget-wrap elementor-element-populated\">\n\t\t\t\t\t\t<div class=\"elementor-element elementor-element-41c14ea8 elementor-widget elementor-widget-text-editor\" data-id=\"41c14ea8\" data-element_type=\"widget\" data-e-type=\"widget\" data-widget_type=\"text-editor.default\">\n\t\t\t\t<div class=\"elementor-widget-container\">\n\t\t\t\t\t\t\t\t\t<p><strong>Przyje\u017cd\u017ca autor do&#8230;<\/strong><\/p>\t\t\t\t\t\t\t\t<\/div>\n\t\t\t\t<\/div>\n\t\t\t\t\t<\/div>\n\t\t<\/div>\n\t\t\t\t\t<\/div>\n\t\t<\/section>\n\t\t\t\t<section class=\"elementor-section elementor-top-section elementor-element elementor-element-22595d9c elementor-section-boxed elementor-section-height-default elementor-section-height-default\" data-id=\"22595d9c\" data-element_type=\"section\" data-e-type=\"section\">\n\t\t\t\t\t\t<div class=\"elementor-container elementor-column-gap-default\">\n\t\t\t\t\t<div class=\"elementor-column elementor-col-100 elementor-top-column elementor-element elementor-element-3314f921\" data-id=\"3314f921\" data-element_type=\"column\" data-e-type=\"column\">\n\t\t\t<div class=\"elementor-widget-wrap elementor-element-populated\">\n\t\t\t\t\t\t<div class=\"elementor-element elementor-element-7bdd8aa7 elementor-widget elementor-widget-text-editor\" data-id=\"7bdd8aa7\" data-element_type=\"widget\" data-e-type=\"widget\" data-widget_type=\"text-editor.default\">\n\t\t\t\t<div class=\"elementor-widget-container\">\n\t\t\t\t\t\t\t\t\t<p><em>Pewnego razu, kiedy Dumas wr\u00f3ci\u0142 z proszonego obiadu, jego syn zapyta\u0142:<br \/><\/em><em style=\"color: var( --e-global-color-text ); font-family: var( --e-global-typography-text-font-family ), Sans-serif; font-weight: var( --e-global-typography-text-font-weight );\">&#8211; No i jak tam, weso\u0142o by\u0142o? &#8211; Bardzo &#8211; odpowiedzia\u0142 ojciec &#8211; ale gdyby mnie tam nie by\u0142o, to umar\u0142bym z nud\u00f3w<\/em><span style=\"color: var( --e-global-color-text ); font-family: var( --e-global-typography-text-font-family ), Sans-serif; font-weight: var( --e-global-typography-text-font-weight );\">\u2026 &#8211; oj chro\u0144 mnie Panie Bo\u017ce przed tak\u0105 opini\u0105 autora, kt\u00f3ry progi chrzanowskiej ksi\u0105\u017cnicy by przekroczy\u0142. Bo przecie\u017c s\u0119k w tym, abym \u201eprzed\u201d mog\u0142a z ca\u0142\u0105 pewno\u015bci\u0105 go\u015bcia w my\u015blach mych zapewni\u0107: \u201eb\u0119dzie Pan zadowolny\u201d a i \u017ceby m\u00f3j m\u00f3zg wolny by\u0142 od moralno-intelektualnego kaca\u2026 ju\u017c \u201epo\u201d. I domy\u015blacie si\u0119, \u017ce rzecz b\u0119dzie tym razem o spotkaniach autorskich. Ten kto je organizuje i prowadzi &#8211; wie doskonale, \u017ce to wcale nie takie hop-siup tralala.\u00a0 B\u0119d\u0105c dojrza\u0142\u0105 dzi\u015b bibliotekark\u0105 sporo wiem o tym zawodzie i z niejednego bibliotekarskiego pieca chleb jad\u0142am\u2026 Jednego jestem pewna, \u017ce w tej dzia\u0142ce musz\u0119 by\u0107 niczym\u201d perfekcyjna pani domu\u201d \u2013 s\u0142owem merytorycznie \u201eobryta\u201d z autora. Nigdy, przenigdy nie pozwoli\u0142abym sobie na luzackie \u201ejako\u015b to b\u0119dzie\u201d , bo i nie chcia\u0142bym aby m\u00f3j rozm\u00f3wca pomy\u015bla\u0142 w trakcie dyskursu, \u017ce rozmawia z kretynk\u0105. Ca\u0142e szcz\u0119\u015bcie moje osobiste do\u015bwiadczenia, obserwacje, reakcje i autora, i uczestnik\u00f3w w tym temacie s\u0105 pozytywne, ale przecie\u017c r\u00f3\u017cnie by\u0107 by mog\u0142o, gdybym si\u0119 nie przy\u0142o\u017cy\u0142a. Zasada jest jedna \u2013 komfort ma autor \u2013 komfort mam i ja.<\/span><\/p><p><span style=\"color: var( --e-global-color-text ); font-family: var( --e-global-typography-text-font-family ), Sans-serif; font-weight: var( --e-global-typography-text-font-weight );\">No to powspominam sobie troch\u0119\u2026 Spotka\u0144 autorskich przeprowadzi\u0142am sporo, oj naprawd\u0119 sporo\u2026 Moja zawodowa przygoda w tym temacie, zacz\u0119\u0142a si\u0119 jeszcze w latach 90.tych. Nigdy nie pokusi\u0142am si\u0119 o wieloletni\u0105 statystyk\u0119, co niebawem z czystej ciekawo\u015bci pewnie zrobi\u0119. Tymczasem si\u0119gn\u0119 pami\u0119ci\u0105 do tzw. \u201epere\u0142ek\u201d\u2026 Nowe wyzwania zawodowe bior\u0119 zazwyczaj za rogi\u2026 uchodz\u0119 za osob\u0119 kt\u00f3ra publicznie si\u0119 nie stresuje. Fakt, logistyka przychodzi mi do\u015b\u0107 \u0142atwo, strona organizacja to dla mnie pestka, ale stres jednak jest &#8211; zbli\u017ca si\u0119 zazwyczaj do mnie w momencie, kiedy merytorycznie przedzieram si\u0119 przez stosy materia\u0142u do ogarni\u0119cia \u2013 ksi\u0105\u017cki to jedno \u2013 czytam bo kocham, ale przecie\u017c musz\u0119 jeszcze sporo poszpera\u0107 w artyku\u0142ach, recenzjach, wywiadach i \u017ar\u00f3d\u0142ach wszelkiej ma\u015bci, tak i w \u015bwiecie drukowanym, jak i w mediach i social mediach. Rozmowa musi mie\u0107 charakter\u2026<br \/><\/span><span style=\"color: var( --e-global-color-text ); font-family: var( --e-global-typography-text-font-family ), Sans-serif; font-weight: var( --e-global-typography-text-font-weight );\"><br \/>Z lokalsami problemu nie mia\u0142am nigdy, bo wi\u0119kszo\u015b\u0107 os\u00f3b pisz\u0105cych zna\u0142am lub znam osobi\u015bcie i czy te\u017c jestem na Ty czy te\u017c nie, to zawsze jest proste, zazwyczaj swojsko, jak w rodzinie. Co innego gwiazdy \u2013 autorzy z tzw. g\u00f3rnej p\u00f3\u0142ki. Pierwsze du\u017ce spotkanie z \u201egwiazd\u0105\u201d prze\u017cywa\u0142am okrutnie, bo to i wojuj\u0105ca feministka i dzia\u0142aczka spo\u0142eczna, za\u0142o\u017cycielka partii, pisz\u0105ca ostro, z IQ zapewne du\u017co ponad norm\u0119\u2026 i cho\u0107 to prawda wszystko to MANUELA GRETKOWSKA nie gwiazdorzy\u0142a wcale. Nie do\u015b\u0107, \u017ce przyjecha\u0142a z rodzin\u0105 (m\u0119\u017cem i c\u00f3rk\u0105), to i wytworzy\u0142a r\u00f3wnie rodzinn\u0105 atmosfer\u0119, traktuj\u0105c nas elegancko i z empati\u0105. MICHA\u0141 RUSINEK &#8211; klasa, R\u00d3\u017bA THUN \u2013 z wielk\u0105 swad\u0105 opowiadaj\u0105ca o swoim ojcu, DANUTA GRECHUTA \u2013 normalna i ciep\u0142a, JACEK PA\u0141KIEWICZ \u2013 elegancki i z elegancj\u0105 snuj\u0105cy podr\u00f3\u017cnicze opowie\u015bci, ANNA LUTOS\u0141AWSKA-JAWORSKA (\u015b.p.)\u2013 pisz\u0105ca aktorka \u2013 cudowna do granic mo\u017cliwo\u015bci \u2013 kt\u00f3ra wielokrotnie wraca\u0142a inazywa\u0142a mnie pieszczotliwie c\u00f3re\u0144k\u0105, dzwoni\u0142a tak sobie pogada\u0107 o babskich sprawach , JACEK DEHNEL- dystyngowany erudyta, ZOFIA KUC\u00d3WNA \u2013 wpad\u0142a jak burza, za\u017c\u0105da\u0142a garderoby aby m\u00f3c w niej kr\u0119ci\u0107 sobie loki, a potem to ju\u017c tylko mi\u0142o\u015b\u0107 w oczach do teatru i \u017cycia, MARTA MAKLAKIEWICZ- c\u00f3\u017c rzec \u2013 ekscentryczna nad miar\u0119, a ARUN MILCARZ \u2013 swojak, zakr\u0119cony pozytywnie w ca\u0142ej linii, KRYSTYNA CZUB\u00d3WNA \u2013 jak nikt rewelacyjnie czyta\u0142a Swiet\u0142an\u0119 Aleksijewicz, a potem spacerowa\u0142a ze mn\u0105 do p\u00f3\u0142nocy po chrzanowskim rynku\u2026 bo <\/span><em style=\"color: var( --e-global-color-text ); font-family: var( --e-global-typography-text-font-family ), Sans-serif; font-weight: var( --e-global-typography-text-font-weight );\">tak fajnie u was&#8230;<\/em><span style=\"color: var( --e-global-color-text ); font-family: var( --e-global-typography-text-font-family ), Sans-serif; font-weight: var( --e-global-typography-text-font-weight );\"> cd\u2026 pami\u0119tam \u015bliczn\u0105 ANN\u0118 JANKO i jej s\u0142owa &#8211; <\/span><em style=\"color: var( --e-global-color-text ); font-family: var( --e-global-typography-text-font-family ), Sans-serif; font-weight: var( --e-global-typography-text-font-weight );\">to najlepsze spotkanie jakie mia\u0142am<\/em><span style=\"color: var( --e-global-color-text ); font-family: var( --e-global-typography-text-font-family ), Sans-serif; font-weight: var( --e-global-typography-text-font-weight );\">\u2026, S\u0141AWOMIR KOPER \u2013 bank wiadomo\u015bci&#8230;, acz z rezerw\u0105 i grzeczny, KATARZYNA BONDA \u2013 od strza\u0142a &#8211; r\u00f3wniara, z kt\u00f3r\u0105 jeszcze przed spotkaniem obgada\u0142y\u015bmy wszystkie modowe trendy,\u00a0 JACEK FEDOROWICZ \u2013 klasyk, jak zawsze zabawny, a DAVID UNGER \u2013 gwatemalski pisarz rodem z Nowego Yorku \u2013 spotkanie \u2013 marzenie (do Chrzanowa przyjecha\u0142 z \u017con\u0105 \u2013 znan\u0105 na Manhatanie malark\u0105), MARCIN KYDRY\u0143SKI \u2013 oj, zdecydowanie zdystansowany (nie tyle do mnie co w og\u00f3le do prowincji) ale potem mu przesz\u0142o na szcz\u0119\u015bcie&#8230; i HALINA KUNICKA \u2013 zdecydowanie wspomnieniowa\u2026 Potem JOANNA BATOR \u2013 eteryczna i kobieca, kt\u00f3ra wyjecha\u0142a z Chrzanowa z wierszem napisanym na Jej cze\u015b\u0107.<\/span><\/p><p>\u017beby nie by\u0142o za s\u0142odko, by\u0142 i taki autor, kt\u00f3ry na spotkaniu si\u0119 nie pojawi\u0142, nie uprzedzi\u0142 mi nie poinformowa\u0142 dlaczego (a sala pe\u0142na by\u0142a). Dalej \u2026 przysz\u0142a pandemia i spotkania albo online albo z ograniczon\u0105 niestety publiczno\u015bci\u0105. W tym czasie zdecydowanie \u015bwietne spotkanie z w\u0142a\u015bcicielk\u0105 Wydawnictwa Pauza ANIT\u0104 MUSIO\u0141 i owoc pospotkaniowy \u2013 wsp\u00f3lny projekt Pauzy i DKK Chrzan\u00f3w \u201eCzytamy i piszemy dla Pauzy\u201d \u2013 dzi\u0119ki kt\u00f3remu nasze blurby widniej\u0105 na ok\u0142adkach ksi\u0105\u017cek Davida Vanna \u2013 to literacka przygoda\u2026 potem spotkanie online z JAKUBEM MA\u0141ECKIM \u2013 kto czyta\u0142 to si\u0119 zgodzi \u2013 nazwali\u015bmy go strongmanem polskiej literatury. Pandemia zel\u017ca\u0142a w ko\u0144cu i zawita\u0142 MARIUSZ SZCZYGIE\u0141 \u2013 kochany przeze mnie za wszystko co napisa\u0142, bez wyj\u0105tku, uroczy, rozmowny&#8230; klasa sama w sobie, ROBERT ZI\u0118BI\u0143SKI \u2013 sw\u00f3j cz\u0142owiek, bo chrzanowianin, kochaj\u0105cy kino, specjalista od Kinga &#8211; zapraszajcie go bo \u201ez\u0119by zjad\u0142\u201d na popkulturze \u2013 warto\u2026 cd\u2026 \u0141ukasz Orbitowski i Jakub \u0106wiek \u2013 spoko go\u015bcie, jeszcze poka\u017c\u0105 na co ich sta\u0107, Jakub \u017bulczyk \u2013 podobno pyskaty i kontrowersyjny \u2013 a to bzdura wielka \u2013 to fajny facet jest i mi\u0142o\u015bnik \u017celek Haribo. W ostatnim czasie&#8230; rozmowa z FILIPEM SPRINGEREM (za chwilk\u0119 kontynuacja),\u00a0 a ju\u017c czytam wszystko ANDY ROTTENBERG (to spotkanie to wyzwaniem), no i w czerwcu ponownie JAKUB MA\u0141ECKI (tym razem w realu) i jego \u201eS\u0105siednie kolory\u201d, a w pa\u017adzierniku Wojciech Tochman \u2013Chrzan\u00f3w kocha reporta\u017c! Tyle \u201epere\u0142ek\u201d\u2026a w mi\u0119dzyczasie: pisarze i pisarki dla dzieci i m\u0142odzie\u017cy, literaturoznawcy, krytycy, wydawcy, aktorzy\/aktorki (Anna Seniuk \u2013 ob\u0142\u0119dna Madzia Karwowska z \u201eCzterdziestolatka\u201d i \u015bpiewaj\u0105ca cudnie Katarzyna \u017bak vel Solejukowa z \u201eRancza\u201d i inni specjali\u015bci w swoich dziedzinach\u2026 kt\u00f3rym z literatur\u0105 gdzie\u015b po drodze\u2026<\/p><p>Dalej w temacie&#8230; wspomn\u0119 jeszcze o publiczno\u015bci. Jedni przychodz\u0105 z wielkiej mi\u0142o\u015bci do literatury, inni z ciekawo\u015bci dla gwiazdy, jeszcze inni jako obserwatorzy, ale uwaga zdarzy si\u0119 tzw. uczestnik trudny\u2026 Mia\u0142am taki przypadek na spotkaniu z \u017bulczykiem \u2013 ot\u00f3\u017c Pan zasiad\u0142 w pierwszym rz\u0119dzie, b\u0142ysn\u0105\u0142 czerwonym butem i jako pierwszy zabra\u0142 g\u0142os. Stwierdzi\u0142, \u017ce autora nic nie czyta\u0142 i pewnie nie przeczyta, bo ca\u0142a wsp\u00f3\u0142czesna literatura jest \u201ebe\u201d i rozwodzi\u0107 si\u0119 zacz\u0105\u0142 nad \u201eUlissesem\u201d Jamesa Joyce\u2019a. Jego be\u0142kotliw\u0105, natarczyw\u0105 narracj\u0119 przerwa\u0142 sam autor, najpierw szepn\u0105\u0142 mi do ucha &#8211; <em>Ale jazda, co to za go\u015b\u0107?<\/em> &#8211; Nie mam poj\u0119cia \u2013 odpar\u0142am, bo faceta rzeczywi\u015bcie widzia\u0142am pierwszy raz na oczy&#8230; po czym zagrzmia\u0142: <em>Panie to nie jest spotkanie z Panem, tylko ze mn\u0105<\/em>\u2026 \u015bci\u0105\u0142 go\u015bcia, ludzie zacz\u0119li bi\u0107 brawo i dalej rozmawiali\u015bmy ju\u017c o\u2026 ksi\u0105\u017ckach Jakuba \u017bulczyka. A cz\u0142owiek znik\u0105d wyszed\u0142 obra\u017cony i zapewne pozostanie przy \u201eUlissesie\u201d&#8230; Ot! taka sobie sytuacja.<\/p><p>Dalej w temacie\u2026 lamentujemy nad kryzysem czytelnictwa, a tu czytam w Internecie &#8211; ANDRZEJ SAPKOWSKI pozostaje spokojny \u2013 <em>Zawsze b\u0119d\u0105 nowi czytelnicy [\u2026] Na spotkaniach autorskich nie widuj\u0119 na sali nikogo, kto \u017cy\u0142, kiedy ja si\u0119 urodzi\u0142em. To s\u0105 z regu\u0142y ludzie, kt\u00f3rzy urodzili si\u0119 po moim debiucie. [\u2026] Czytelnicy b\u0119d\u0105 zawsze i ksi\u0105\u017cki b\u0119d\u0105 zawsze. Nic tego nie zmieni [\u2026] &#8211; <\/em>oby mia\u0142 racj\u0119, a ta \u015brednia wieku mnie nie dziwi&#8230; wszak to fantasy.<\/p><p>A bywa i tak, \u017ce autor r\u00f3wnie\u017c ma stracha przed wyst\u0105pieniami publicznymi, ale poniewa\u017c to bardzo wa\u017cny element promocyjny, wie, \u017ce musi go przegoni\u0107, bowiem wi\u0119\u017a, kt\u00f3ra wytworzy si\u0119 mi\u0119dzy nim a czytelnikami, szczeg\u00f3lnie tymi zaanga\u017cowanymi (czytaj: zadaj\u0105cymi pytania), bez w\u0105tpienia prze\u0142o\u017cy si\u0119 nie tylko na sam\u0105 sprzeda\u017c ksi\u0105\u017cki, ale tak\u017ce na opinie i publikacje w mediach i sieci. Bywa te\u017c, \u017ce autor nie lubi spotka\u0144 \u2013 c\u00f3\u017c \u201enie chcem ale muszem\u201c- argumentacja j.w. Na marginesie: <em>Mariusz Szczygie\u0142 przyzna\u0142 kiedy\u015b, \u017ce po latach sp\u0119dzonych w telewizji, poprowadzi\u0142 tyle w swoim \u017cyciu imprez, \u017ce swoj\u0105 mi\u0142o\u015b\u0107 w\u0142asn\u0105 wystarczaj\u0105co nasyci\u0142 i spotka\u0144 autorskich nie lubi.<\/em> (<a href=\"https:\/\/www.polityka.pl\/tygodnikpolityka\/kultura\/1534795,1,spotkania-autorskie-wciaz-modne.read\">https:\/\/www.polityka.pl\/tygodnikpolityka\/kultura\/1534795,1,spotkania-autorskie-wciaz-modne.read<\/a> ). <br \/>Nie do ko\u0144ca jednak wierz\u0119 Panu Mariuszowi i oczywi\u015bcie mu wybaczam, bo i troch\u0119 dozwolonej kokieterii w tym by\u0107 mog\u0142o&#8230; jak pisa\u0142am wcze\u015bniej uwielbiam wszystko co pisze, swego czasu 2. godzinna rozmowa z Nim o literaturze i nie tylko, by\u0142a wielk\u0105 dla mnie przyjemno\u015bci\u0105, a wsp\u00f3lna pogo\u0144 moim prywatnym samochodem za poci\u0105giem na trasie Chrzan\u00f3w-Krak\u00f3w i w trakcie dodatkowe, lu\u017ane pogaduchy &#8211; utwierdzi\u0142y mnie w przekonaniu co do Jego klasy i szacunku dla drugiego cz\u0142owieka.<\/p><p>Dalej w temacie&#8230; strach czy publiczno\u015b\u0107 dopisze. Zawsze si\u0119 stracham, ale jak dot\u0105d nigdy si\u0119 nie zawiod\u0142am&#8230; Ale bywa podobno i tak, jak to wspomina np. MICHA\u0141 WITKOWSKI. [\u2026] <em>na sali siedz\u0105 trzy panie, kt\u00f3re przysz\u0142yby na cokolwiek, nawet na kurs haftu. Czekaj\u0105, \u017ce si\u0119 im co\u015b interesuj\u0105cego opowie, bo przysz\u0142y na spotkanie z \u201eciekawym cz\u0142owiekiem\u201d. I pisarz musi by\u0107 przygotowany, \u017ceby mi\u0142o porozmawia\u0107 o podr\u00f3\u017cach, znanych ludziach albo serialach. Tak czy siak, spotkania autorskie s\u0105 potrzebne i autorom, i publiczno\u015bci. <\/em>(<a href=\"https:\/\/www.polityka.pl\/tygodnikpolityka\/kultura\/1534795,1,spotkania-autorskie-wciaz-modne.read\">https:\/\/www.polityka.pl\/tygodnikpolityka\/kultura\/1534795,1,spotkania-autorskie-wciaz-modne.read<\/a> ).<\/p><p>Koszmar jak ze snu ? \u2013 kiedy nie przychodzi nikt. Podobno tak si\u0119 zdarzy\u0142o JANUSZOWI G\u0141OWACKIEMU \u2013 <em>Mia\u0142em takie spotkanie, na kt\u00f3re nikt nie przyszed\u0142. Siedzieli\u015bmy we dw\u00f3jk\u0119 z bibliotekark\u0105, pili\u015bmy kaw\u0119, zapada\u0142a ciemno\u015b\u0107. Nagle us\u0142yszeli\u015bmy kroki na ulicy. O! kto\u015b idzie <\/em>\u2013<em> ucieszy\u0142a si\u0119 bibliotekarka. Ale to by\u0142 tylko m\u0119\u017cczyzna, kt\u00f3ry chcia\u0142 wypo\u017cyczy\u0107 ksi\u0105\u017ck\u0119, ale zapomnia\u0142 tytu\u0142u. Pami\u0119ta\u0142 tylko, \u017ce to by\u0142o \u201ez czym\u015b i z czym\u015b\u201d. Po d\u0142u\u017cszej analizie ustalili\u015bmy, \u017ce chodzi o \u201eOgniem i mieczem\u201d. I spotkanie si\u0119 sko\u0144czy\u0142o.<\/em><em>(<\/em><em><a href=\"https:\/\/www.polityka.pl\/tygodnikpolityka\/kultura\/1534795,1,spotkania-autorskie-wciaz-modne.read\">https:\/\/www.polityka.pl\/tygodnikpolityka\/kultura\/1534795,1,spotkania-autorskie-wciaz-modne.read<\/a><\/em><em> ).<\/em><em>\u00a0<\/em><\/p><p><em>O zgrozo ty wielka!<\/em> Ba! WOJCIECH KUCZOK lubi wr\u0119cz, jak czasem na spotkanie nikt nie przyjdzie: \u2013 <em>Je\u015bli taka sytuacja zdarza si\u0119 raz na kilka lat, jest wr\u0119cz przyjemna, bo ko\u0144czy si\u0119 tym, \u017ce id\u0119 na piwo z bibliotekark\u0105<\/em>. No c\u00f3\u017c mo\u017cna i tak, ale przykro i nie do uwierzenia, nie to, \u017ce na piwo, ale, \u017ce nikt nie przyszed\u0142.<\/p><p>No i \u201eclou\u201c &#8211; bywa, w ko\u0144cu taka sytuacja&#8230; \u017ce spotkanie autorskie jest dla autora prawdziw\u0105 nagrod\u0105, kt\u00f3ra dla niego samego jest bardziej warto\u015bciowa, ni\u017c zysk ze sprzeda\u017cy ksi\u0105\u017cki. A zdarzy\u0142o si\u0119 to w\u0142a\u015bnie FILIPOWI SPRINGEROWI, ca\u0142kiem niedawno w Chrzanowie. Pozwol\u0119 sobie przytoczy\u0107 s\u0142owo w s\u0142owo to, co autor napisa\u0142 na FB \u015bwie\u017cutko po spotkaniu, w drodze powrotnej, jeszcze w poci\u0105gu: <em>Ju\u017c mieli\u015bmy zaczyna\u0107, gdy spojrza\u0142em przez okno i zobaczy\u0142em ch\u0142opak\u00f3w biegaj\u0105cych po osiedlowym boisku. I nie \u017ceby cokolwiek by\u0142o nie tak z t\u0105 chrzanowsk\u0105 bibliotek\u0105 czy lud\u017ami, kt\u00f3rzy przyszli na spotkanie. Po prostu przez t\u0119 kr\u00f3tk\u0105 chwil\u0119 bardzo mi si\u0119 zachcia\u0142o by\u0107 tam na tym boisku zamiast przy stoliku z mikrofonem w r\u0119ku. Tak mi si\u0119 zachcia\u0142o, \u017ce a\u017c podszed\u0142em do okna i zrobi\u0142em zdj\u0119cie. Ta ch\u0119\u0107 wynik\u0142a najprawdopodobniej ze zwyk\u0142ego zm\u0119czenia t\u0105 tras\u0105 i nat\u0142okiem spraw, kt\u00f3re w mi\u0119dzyczasie za\u0142atwiam (bo Miedzianka i wykrzaczy\u0142 si\u0119 sponsor, bo tekst dla Pisma, bo co\u015b tam). No wi\u0119c bardzo mi si\u0119 zachcia\u0142o w to czwartkowe popo\u0142udnie postrzela\u0107 po prostu Kaziolowi, stoj\u0105cemu na bramce i popatrze\u0107 jak \u015bwietnie broni, a nie gada\u0107 o literaturze.<\/em><\/p><p><em>Ale potem zacz\u0119li\u015bmy spotkanie. I by\u0142o fenomenalnie, cho\u0107 za du\u017co o samej ksi\u0105\u017cce porozmawia\u0107 si\u0119 nie uda\u0142o. Coraz cz\u0119\u015bciej my\u015bl\u0119, a niekiedy nawet m\u00f3wi\u0119 to na g\u0142os, \u017ce grupa ludzi, z kt\u00f3rymi mo\u017cna si\u0119 porozumie\u0107 literatur\u0105 dramatycznie si\u0119 kurczy. Od bladego \u015bwitu do p\u00f3\u017anej nocy wystawieni jeste\u015bmy na strumie\u0144 nieistotnych komunikat\u00f3w i bod\u017ac\u00f3w, potok jaskrawych bzdur i pierd\u00f3\u0142 albo g\u00f3wnoburzy o nic, kt\u00f3rych jedynym zadaniem jest to, \u017ceby nas dopaminowo pobudza\u0107. Ma to przyku\u0107 nasz\u0105 uwag\u0119 na chwil\u0119, ale nie za d\u0142ug\u0105, bo ju\u017c kolejne bod\u017ace czekaj\u0105. A bodziec, jak to zauwa\u017cy\u0142 kiedy\u015b z m\u00f3wnicy sejmowej znakomity polski architekt Jerzy Hryniewiecki, to d\u0142ugi, zaostrzony kij s\u0142u\u017c\u0105cy do poganiania baran\u00f3w. I w tych warunkach zmniejsza si\u0119 pole dla niedopowiedze\u0144, dla czego\u015b co wymaga interpretacji, co zostawia czytelnika\/ czytelniczk\u0119 w niepewno\u015bci, co do tego z czym w danej ksi\u0105\u017cce ma do czynienia. I nie pisz\u0119 tego w odniesieniu do swojego pisania, bo nie mnie ocenia\u0107 czy ono takie warunki wytwarza. M\u00f3wi\u0119 raczej jako kto\u015b zanurzony w tym m\u0119tnym ale wartkim potoczku, kto obserwuje jakie komunikaty wygrywaj\u0105, a jakie przegrywaj\u0105. I jak ludziom, kt\u00f3rzy nie maj\u0105 kompletnie nic ciekawego do powiedzenia, udaje si\u0119 sprawnie w tym nurcie porusza\u0107, tylko dlatego, \u017ce istnieje narz\u0119dzie do zabierania g\u0142osu.<\/em><\/p><p><em>No i w Chrzanowie mieli\u015bmy tak\u0105 rozmow\u0119, kt\u00f3ra przynajmniej na chwil\u0119 ka\u017ce mi odszczeka\u0107 to wszystko co powy\u017cej. Jedna pani to w\u0142a\u015bciwie tak m\u00f3wi\u0142a o swoim czytelniczym do\u015bwiadczaniu, \u017ce zadeklarowa\u0142em, \u017ce j\u0105 b\u0119d\u0119 wozi\u0142 teraz ze sob\u0105 na wszystkie spotkania. Tak si\u0119 zagadali\u015bmy, \u017ce wizja z\u0142apania autobusu do Krakowa posz\u0142a si\u0119 do\u015b\u0107 spektakularnie goni\u0107. Ale na szcz\u0119\u015bcie by\u0142 tam Adrian, kt\u00f3ry kiedy\u015b, kiedy\u015b jako wczesny licealista przyszed\u0142 do biblioteki zapisa\u0107 si\u0119 do m\u0142odzie\u017cowego dyskusyjnego klubu ksi\u0105\u017cki. Ale zapytany o to, co czyta zacz\u0105\u0142 wymienia\u0107 takie tytu\u0142y, \u017ce panie z biblioteki skierowa\u0142y go do doros\u0142ego DKK. I Adrian sko\u0144czy\u0142 polonistyk\u0119, jest przedsi\u0119biorc\u0105, mieszka w Krakowie ale nadal regularnie przyje\u017cd\u017ca do Chrzanowa dyskutowa\u0107 w bibliotece o ksi\u0105\u017ckach. (to wszystko wiem nie od niego, ale od pa\u0144 z biblioteki). I dzi\u015b te\u017c przyjecha\u0142, na szcz\u0119\u015bcie autem i m\u00f3g\u0142 zgarn\u0105\u0107 z powrotem do Krakowa pisarza, kt\u00f3ry czasem w\u0105tpi, czy za dziesi\u0119\u0107 lat b\u0119dzie do kogo pisa\u0107 oraz ksi\u0119garza z Karakteru, kt\u00f3remu chcia\u0142o si\u0119 przytarga\u0107 na to spotkanie troch\u0119 ksi\u0105\u017cek w kilku p\u0142\u00f3ciennych torbach. Wi\u0119c dzi\u0119ki za to. <\/em>(<a href=\"https:\/\/www.facebook.com\/search\/top?q=filip%20springer\">https:\/\/www.facebook.com\/search\/top?q=filip%20springer<\/a>)<br \/><span style=\"color: var( --e-global-color-text ); font-family: var( --e-global-typography-text-font-family ), Sans-serif; font-weight: var( --e-global-typography-text-font-weight );\"><br \/>I kiedy jako moderatorka spotkania czytam takie s\u0142owa, to my\u015bl\u0119 sobie, \u017ce to r\u00f3wnie\u017c nagroda dla mnie i dla czytelnik\u00f3w chrzanowskiej biblioteki a w szczeg\u00f3lno\u015bci moich gigant\u00f3w &#8211; klubowicz\u00f3w DKK, jak zawsze rewelacyjnie przygotowanych&#8230; W podzi\u0119kowaniu mog\u0119 tylko sparafrazowa\u0107&#8230; Mein Gott, jak pi\u0119knie&#8230;by\u0142o na spotkaniu \u2013 czego i autorom i czytelnikom \u017cycz\u0119 zawsze i wsz\u0119dzie.<\/span><\/p><p>P.S. Niech i bywa tak weso\u0142o jak w roku 2018 na spotkaniu z K. Bond\u0105 <br \/>(zdj\u0119cie poni\u017cej, MBP Chrzan\u00f3w)<\/p>\t\t\t\t\t\t\t\t<\/div>\n\t\t\t\t<\/div>\n\t\t\t\t\t<\/div>\n\t\t<\/div>\n\t\t\t\t\t<\/div>\n\t\t<\/section>\n\t\t\t\t<section class=\"elementor-section elementor-top-section elementor-element elementor-element-785bcad2 elementor-section-boxed elementor-section-height-default elementor-section-height-default\" data-id=\"785bcad2\" data-element_type=\"section\" data-e-type=\"section\">\n\t\t\t\t\t\t<div class=\"elementor-container elementor-column-gap-default\">\n\t\t\t\t\t<div class=\"elementor-column elementor-col-100 elementor-top-column elementor-element elementor-element-2045ff83\" data-id=\"2045ff83\" data-element_type=\"column\" data-e-type=\"column\">\n\t\t\t<div class=\"elementor-widget-wrap elementor-element-populated\">\n\t\t\t\t\t\t<div class=\"elementor-element elementor-element-2daa1e95 elementor-widget elementor-widget-text-editor\" data-id=\"2daa1e95\" data-element_type=\"widget\" data-e-type=\"widget\" data-widget_type=\"text-editor.default\">\n\t\t\t\t<div class=\"elementor-widget-container\">\n\t\t\t\t\t\t\t\t\t<p><strong>Olga Nowicka<br \/><\/strong><\/p>\t\t\t\t\t\t\t\t<\/div>\n\t\t\t\t<\/div>\n\t\t\t\t\t<\/div>\n\t\t<\/div>\n\t\t\t\t\t<\/div>\n\t\t<\/section>\n\t\t\t\t<section class=\"elementor-section elementor-top-section elementor-element elementor-element-4c3981d elementor-section-boxed elementor-section-height-default elementor-section-height-default\" data-id=\"4c3981d\" data-element_type=\"section\" data-e-type=\"section\">\n\t\t\t\t\t\t<div class=\"elementor-container elementor-column-gap-default\">\n\t\t\t\t\t<div class=\"elementor-column elementor-col-100 elementor-top-column elementor-element elementor-element-aacaca8\" data-id=\"aacaca8\" data-element_type=\"column\" data-e-type=\"column\">\n\t\t\t<div class=\"elementor-widget-wrap elementor-element-populated\">\n\t\t\t\t\t\t<div class=\"elementor-element elementor-element-4056387 elementor-widget elementor-widget-image\" data-id=\"4056387\" data-element_type=\"widget\" data-e-type=\"widget\" data-widget_type=\"image.default\">\n\t\t\t\t<div class=\"elementor-widget-container\">\n\t\t\t\t\t\t\t\t\t\t\t\t\t\t\t<img fetchpriority=\"high\" decoding=\"async\" width=\"652\" height=\"920\" src=\"https:\/\/www.mbp.chrzanow.pl\/akademiaslowa\/wp-content\/uploads\/2023\/06\/felieton-przyjezdza-autor-do.jpg\" class=\"attachment-large size-large wp-image-2253\" alt=\"\" srcset=\"https:\/\/www.mbp.chrzanow.pl\/akademiaslowa\/wp-content\/uploads\/2023\/06\/felieton-przyjezdza-autor-do.jpg 652w, https:\/\/www.mbp.chrzanow.pl\/akademiaslowa\/wp-content\/uploads\/2023\/06\/felieton-przyjezdza-autor-do-213x300.jpg 213w\" sizes=\"(max-width: 652px) 100vw, 652px\" \/>\t\t\t\t\t\t\t\t\t\t\t\t\t\t\t<\/div>\n\t\t\t\t<\/div>\n\t\t\t\t\t<\/div>\n\t\t<\/div>\n\t\t\t\t\t<\/div>\n\t\t<\/section>\n\t\t\t\t<section class=\"elementor-section elementor-inner-section elementor-element elementor-element-5e71efc3 elementor-section-boxed elementor-section-height-default elementor-section-height-default\" data-id=\"5e71efc3\" data-element_type=\"section\" data-e-type=\"section\">\n\t\t\t\t\t\t<div class=\"elementor-container elementor-column-gap-default\">\n\t\t\t\t\t<div class=\"elementor-column elementor-col-25 elementor-inner-column elementor-element elementor-element-1f0b2e65\" data-id=\"1f0b2e65\" data-element_type=\"column\" data-e-type=\"column\">\n\t\t\t<div class=\"elementor-widget-wrap\">\n\t\t\t\t\t\t\t<\/div>\n\t\t<\/div>\n\t\t\t\t<div class=\"elementor-column elementor-col-25 elementor-inner-column elementor-element elementor-element-467a28a7\" data-id=\"467a28a7\" data-element_type=\"column\" data-e-type=\"column\">\n\t\t\t<div class=\"elementor-widget-wrap elementor-element-populated\">\n\t\t\t\t\t\t<div class=\"elementor-element elementor-element-6e9e57af elementor-align-center elementor-icon-list--layout-traditional elementor-list-item-link-full_width elementor-widget elementor-widget-icon-list\" data-id=\"6e9e57af\" data-element_type=\"widget\" data-e-type=\"widget\" data-widget_type=\"icon-list.default\">\n\t\t\t\t<div class=\"elementor-widget-container\">\n\t\t\t\t\t\t\t<ul class=\"elementor-icon-list-items\">\n\t\t\t\t\t\t\t<li class=\"elementor-icon-list-item\">\n\t\t\t\t\t\t\t\t\t\t\t<a href=\"https:\/\/www.facebook.com\/mbp.chrzanow\/\" target=\"_blank\">\n\n\t\t\t\t\t\t\t\t\t\t\t\t<span class=\"elementor-icon-list-icon\">\n\t\t\t\t\t\t\t<i aria-hidden=\"true\" class=\"fab fa-facebook-square\"><\/i>\t\t\t\t\t\t<\/span>\n\t\t\t\t\t\t\t\t\t\t<span class=\"elementor-icon-list-text\"><\/span>\n\t\t\t\t\t\t\t\t\t\t\t<\/a>\n\t\t\t\t\t\t\t\t\t<\/li>\n\t\t\t\t\t\t<\/ul>\n\t\t\t\t\t\t<\/div>\n\t\t\t\t<\/div>\n\t\t\t\t\t<\/div>\n\t\t<\/div>\n\t\t\t\t<div class=\"elementor-column elementor-col-25 elementor-inner-column elementor-element elementor-element-1dc14328\" data-id=\"1dc14328\" data-element_type=\"column\" data-e-type=\"column\">\n\t\t\t<div class=\"elementor-widget-wrap elementor-element-populated\">\n\t\t\t\t\t\t<div class=\"elementor-element elementor-element-122851f0 elementor-align-center elementor-icon-list--layout-traditional elementor-list-item-link-full_width elementor-widget elementor-widget-icon-list\" data-id=\"122851f0\" data-element_type=\"widget\" data-e-type=\"widget\" data-widget_type=\"icon-list.default\">\n\t\t\t\t<div class=\"elementor-widget-container\">\n\t\t\t\t\t\t\t<ul class=\"elementor-icon-list-items\">\n\t\t\t\t\t\t\t<li class=\"elementor-icon-list-item\">\n\t\t\t\t\t\t\t\t\t\t\t<a href=\"https:\/\/www.instagram.com\/mbp_chrzanow\/\" target=\"_blank\">\n\n\t\t\t\t\t\t\t\t\t\t\t\t<span class=\"elementor-icon-list-icon\">\n\t\t\t\t\t\t\t<i aria-hidden=\"true\" class=\"fab fa-instagram\"><\/i>\t\t\t\t\t\t<\/span>\n\t\t\t\t\t\t\t\t\t\t<span class=\"elementor-icon-list-text\"><\/span>\n\t\t\t\t\t\t\t\t\t\t\t<\/a>\n\t\t\t\t\t\t\t\t\t<\/li>\n\t\t\t\t\t\t<\/ul>\n\t\t\t\t\t\t<\/div>\n\t\t\t\t<\/div>\n\t\t\t\t\t<\/div>\n\t\t<\/div>\n\t\t\t\t<div class=\"elementor-column elementor-col-25 elementor-inner-column elementor-element elementor-element-686b6eed\" data-id=\"686b6eed\" data-element_type=\"column\" data-e-type=\"column\">\n\t\t\t<div class=\"elementor-widget-wrap elementor-element-populated\">\n\t\t\t\t\t\t<div class=\"elementor-element elementor-element-69b765b2 elementor-align-center elementor-icon-list--layout-traditional elementor-list-item-link-full_width elementor-widget elementor-widget-icon-list\" data-id=\"69b765b2\" data-element_type=\"widget\" data-e-type=\"widget\" data-widget_type=\"icon-list.default\">\n\t\t\t\t<div class=\"elementor-widget-container\">\n\t\t\t\t\t\t\t<ul class=\"elementor-icon-list-items\">\n\t\t\t\t\t\t\t<li class=\"elementor-icon-list-item\">\n\t\t\t\t\t\t\t\t\t\t\t<a href=\"https:\/\/www.youtube.com\/user\/MBPChrzanow\" target=\"_blank\">\n\n\t\t\t\t\t\t\t\t\t\t\t\t<span class=\"elementor-icon-list-icon\">\n\t\t\t\t\t\t\t<i aria-hidden=\"true\" class=\"fab fa-youtube\"><\/i>\t\t\t\t\t\t<\/span>\n\t\t\t\t\t\t\t\t\t\t<span class=\"elementor-icon-list-text\"><\/span>\n\t\t\t\t\t\t\t\t\t\t\t<\/a>\n\t\t\t\t\t\t\t\t\t<\/li>\n\t\t\t\t\t\t<\/ul>\n\t\t\t\t\t\t<\/div>\n\t\t\t\t<\/div>\n\t\t\t\t\t<\/div>\n\t\t<\/div>\n\t\t\t\t\t<\/div>\n\t\t<\/section>\n\t\t\t\t<\/div>\n\t\t","protected":false},"excerpt":{"rendered":"<p> [&hellip;]<\/p>\n","protected":false},"author":3,"featured_media":0,"comment_status":"closed","ping_status":"closed","sticky":false,"template":"","format":"standard","meta":{"footnotes":""},"categories":[11],"tags":[36,27,28],"class_list":["post-2250","post","type-post","status-publish","format-standard","hentry","category-felietony","tag-36","tag-felieton","tag-olga-nowicka"],"yoast_head":"<!-- This site is optimized with the Yoast SEO plugin v27.5 - https:\/\/yoast.com\/product\/yoast-seo-wordpress\/ -->\n<title>Felieton Olgi Nowickiej \u2013 czerwiec 2023 - Akademia S\u0142owa - Chrzan\u00f3w<\/title>\n<meta name=\"robots\" content=\"index, follow, max-snippet:-1, max-image-preview:large, max-video-preview:-1\" \/>\n<link rel=\"canonical\" href=\"https:\/\/www.mbp.chrzanow.pl\/akademiaslowa\/index.php\/2023\/06\/16\/felieton-olgi-nowickiej-czerwiec-2023\/\" \/>\n<meta property=\"og:locale\" content=\"pl_PL\" \/>\n<meta property=\"og:type\" content=\"article\" \/>\n<meta property=\"og:title\" content=\"Felieton Olgi Nowickiej \u2013 czerwiec 2023 - Akademia S\u0142owa - Chrzan\u00f3w\" \/>\n<meta property=\"og:description\" content=\"[&hellip;]\" \/>\n<meta property=\"og:url\" content=\"https:\/\/www.mbp.chrzanow.pl\/akademiaslowa\/index.php\/2023\/06\/16\/felieton-olgi-nowickiej-czerwiec-2023\/\" \/>\n<meta property=\"og:site_name\" content=\"Akademia S\u0142owa - Chrzan\u00f3w\" \/>\n<meta property=\"article:published_time\" content=\"2023-06-16T13:05:42+00:00\" \/>\n<meta property=\"article:modified_time\" content=\"2023-07-20T08:22:52+00:00\" \/>\n<meta property=\"og:image\" content=\"http:\/\/www.mbp.chrzanow.pl\/akademiaslowa\/wp-content\/uploads\/2023\/06\/felieton-przyjezdza-autor-do.jpg\" \/>\n<meta name=\"author\" content=\"Prom\" \/>\n<meta name=\"twitter:card\" content=\"summary_large_image\" \/>\n<meta name=\"twitter:label1\" content=\"Napisane przez\" \/>\n\t<meta name=\"twitter:data1\" content=\"Prom\" \/>\n\t<meta name=\"twitter:label2\" content=\"Szacowany czas czytania\" \/>\n\t<meta name=\"twitter:data2\" content=\"14 minut\" \/>\n<script type=\"application\/ld+json\" class=\"yoast-schema-graph\">{\"@context\":\"https:\\\/\\\/schema.org\",\"@graph\":[{\"@type\":\"Article\",\"@id\":\"https:\\\/\\\/www.mbp.chrzanow.pl\\\/akademiaslowa\\\/index.php\\\/2023\\\/06\\\/16\\\/felieton-olgi-nowickiej-czerwiec-2023\\\/#article\",\"isPartOf\":{\"@id\":\"https:\\\/\\\/www.mbp.chrzanow.pl\\\/akademiaslowa\\\/index.php\\\/2023\\\/06\\\/16\\\/felieton-olgi-nowickiej-czerwiec-2023\\\/\"},\"author\":{\"name\":\"Prom\",\"@id\":\"https:\\\/\\\/www.mbp.chrzanow.pl\\\/akademiaslowa\\\/#\\\/schema\\\/person\\\/fe7a35ef0376d4e76846aeae319d9fd8\"},\"headline\":\"Felieton Olgi Nowickiej \u2013 czerwiec 2023\",\"datePublished\":\"2023-06-16T13:05:42+00:00\",\"dateModified\":\"2023-07-20T08:22:52+00:00\",\"mainEntityOfPage\":{\"@id\":\"https:\\\/\\\/www.mbp.chrzanow.pl\\\/akademiaslowa\\\/index.php\\\/2023\\\/06\\\/16\\\/felieton-olgi-nowickiej-czerwiec-2023\\\/\"},\"wordCount\":2594,\"publisher\":{\"@id\":\"https:\\\/\\\/www.mbp.chrzanow.pl\\\/akademiaslowa\\\/#organization\"},\"image\":{\"@id\":\"https:\\\/\\\/www.mbp.chrzanow.pl\\\/akademiaslowa\\\/index.php\\\/2023\\\/06\\\/16\\\/felieton-olgi-nowickiej-czerwiec-2023\\\/#primaryimage\"},\"thumbnailUrl\":\"http:\\\/\\\/www.mbp.chrzanow.pl\\\/akademiaslowa\\\/wp-content\\\/uploads\\\/2023\\\/06\\\/felieton-przyjezdza-autor-do.jpg\",\"keywords\":[\"2023\",\"Felieton\",\"Olga Nowicka\"],\"articleSection\":[\"Felietony\"],\"inLanguage\":\"pl-PL\"},{\"@type\":\"WebPage\",\"@id\":\"https:\\\/\\\/www.mbp.chrzanow.pl\\\/akademiaslowa\\\/index.php\\\/2023\\\/06\\\/16\\\/felieton-olgi-nowickiej-czerwiec-2023\\\/\",\"url\":\"https:\\\/\\\/www.mbp.chrzanow.pl\\\/akademiaslowa\\\/index.php\\\/2023\\\/06\\\/16\\\/felieton-olgi-nowickiej-czerwiec-2023\\\/\",\"name\":\"Felieton Olgi Nowickiej \u2013 czerwiec 2023 - Akademia S\u0142owa - Chrzan\u00f3w\",\"isPartOf\":{\"@id\":\"https:\\\/\\\/www.mbp.chrzanow.pl\\\/akademiaslowa\\\/#website\"},\"primaryImageOfPage\":{\"@id\":\"https:\\\/\\\/www.mbp.chrzanow.pl\\\/akademiaslowa\\\/index.php\\\/2023\\\/06\\\/16\\\/felieton-olgi-nowickiej-czerwiec-2023\\\/#primaryimage\"},\"image\":{\"@id\":\"https:\\\/\\\/www.mbp.chrzanow.pl\\\/akademiaslowa\\\/index.php\\\/2023\\\/06\\\/16\\\/felieton-olgi-nowickiej-czerwiec-2023\\\/#primaryimage\"},\"thumbnailUrl\":\"http:\\\/\\\/www.mbp.chrzanow.pl\\\/akademiaslowa\\\/wp-content\\\/uploads\\\/2023\\\/06\\\/felieton-przyjezdza-autor-do.jpg\",\"datePublished\":\"2023-06-16T13:05:42+00:00\",\"dateModified\":\"2023-07-20T08:22:52+00:00\",\"breadcrumb\":{\"@id\":\"https:\\\/\\\/www.mbp.chrzanow.pl\\\/akademiaslowa\\\/index.php\\\/2023\\\/06\\\/16\\\/felieton-olgi-nowickiej-czerwiec-2023\\\/#breadcrumb\"},\"inLanguage\":\"pl-PL\",\"potentialAction\":[{\"@type\":\"ReadAction\",\"target\":[\"https:\\\/\\\/www.mbp.chrzanow.pl\\\/akademiaslowa\\\/index.php\\\/2023\\\/06\\\/16\\\/felieton-olgi-nowickiej-czerwiec-2023\\\/\"]}]},{\"@type\":\"ImageObject\",\"inLanguage\":\"pl-PL\",\"@id\":\"https:\\\/\\\/www.mbp.chrzanow.pl\\\/akademiaslowa\\\/index.php\\\/2023\\\/06\\\/16\\\/felieton-olgi-nowickiej-czerwiec-2023\\\/#primaryimage\",\"url\":\"https:\\\/\\\/www.mbp.chrzanow.pl\\\/akademiaslowa\\\/wp-content\\\/uploads\\\/2023\\\/06\\\/felieton-przyjezdza-autor-do.jpg\",\"contentUrl\":\"https:\\\/\\\/www.mbp.chrzanow.pl\\\/akademiaslowa\\\/wp-content\\\/uploads\\\/2023\\\/06\\\/felieton-przyjezdza-autor-do.jpg\",\"width\":652,\"height\":920},{\"@type\":\"BreadcrumbList\",\"@id\":\"https:\\\/\\\/www.mbp.chrzanow.pl\\\/akademiaslowa\\\/index.php\\\/2023\\\/06\\\/16\\\/felieton-olgi-nowickiej-czerwiec-2023\\\/#breadcrumb\",\"itemListElement\":[{\"@type\":\"ListItem\",\"position\":1,\"name\":\"Strona g\u0142\u00f3wna\",\"item\":\"https:\\\/\\\/www.mbp.chrzanow.pl\\\/akademiaslowa\\\/\"},{\"@type\":\"ListItem\",\"position\":2,\"name\":\"Felieton Olgi Nowickiej \u2013 czerwiec 2023\"}]},{\"@type\":\"WebSite\",\"@id\":\"https:\\\/\\\/www.mbp.chrzanow.pl\\\/akademiaslowa\\\/#website\",\"url\":\"https:\\\/\\\/www.mbp.chrzanow.pl\\\/akademiaslowa\\\/\",\"name\":\"Akademia S\u0142owa - Chrzan\u00f3w\",\"description\":\"Czym poezja...\",\"publisher\":{\"@id\":\"https:\\\/\\\/www.mbp.chrzanow.pl\\\/akademiaslowa\\\/#organization\"},\"potentialAction\":[{\"@type\":\"SearchAction\",\"target\":{\"@type\":\"EntryPoint\",\"urlTemplate\":\"https:\\\/\\\/www.mbp.chrzanow.pl\\\/akademiaslowa\\\/?s={search_term_string}\"},\"query-input\":{\"@type\":\"PropertyValueSpecification\",\"valueRequired\":true,\"valueName\":\"search_term_string\"}}],\"inLanguage\":\"pl-PL\"},{\"@type\":\"Organization\",\"@id\":\"https:\\\/\\\/www.mbp.chrzanow.pl\\\/akademiaslowa\\\/#organization\",\"name\":\"Akademia S\u0142owa Chrzan\u00f3w\",\"url\":\"https:\\\/\\\/www.mbp.chrzanow.pl\\\/akademiaslowa\\\/\",\"logo\":{\"@type\":\"ImageObject\",\"inLanguage\":\"pl-PL\",\"@id\":\"https:\\\/\\\/www.mbp.chrzanow.pl\\\/akademiaslowa\\\/#\\\/schema\\\/logo\\\/image\\\/\",\"url\":\"https:\\\/\\\/www.mbp.chrzanow.pl\\\/akademiaslowa\\\/wp-content\\\/uploads\\\/2017\\\/12\\\/AkademiaSlowa_www.jpg\",\"contentUrl\":\"https:\\\/\\\/www.mbp.chrzanow.pl\\\/akademiaslowa\\\/wp-content\\\/uploads\\\/2017\\\/12\\\/AkademiaSlowa_www.jpg\",\"width\":500,\"height\":79,\"caption\":\"Akademia S\u0142owa Chrzan\u00f3w\"},\"image\":{\"@id\":\"https:\\\/\\\/www.mbp.chrzanow.pl\\\/akademiaslowa\\\/#\\\/schema\\\/logo\\\/image\\\/\"}},{\"@type\":\"Person\",\"@id\":\"https:\\\/\\\/www.mbp.chrzanow.pl\\\/akademiaslowa\\\/#\\\/schema\\\/person\\\/fe7a35ef0376d4e76846aeae319d9fd8\",\"name\":\"Prom\",\"image\":{\"@type\":\"ImageObject\",\"inLanguage\":\"pl-PL\",\"@id\":\"https:\\\/\\\/secure.gravatar.com\\\/avatar\\\/f60fbd4aa9e3207ab0785fd91859281f74f6e854743680d402cbd83a1b744580?s=96&d=mm&r=g\",\"url\":\"https:\\\/\\\/secure.gravatar.com\\\/avatar\\\/f60fbd4aa9e3207ab0785fd91859281f74f6e854743680d402cbd83a1b744580?s=96&d=mm&r=g\",\"contentUrl\":\"https:\\\/\\\/secure.gravatar.com\\\/avatar\\\/f60fbd4aa9e3207ab0785fd91859281f74f6e854743680d402cbd83a1b744580?s=96&d=mm&r=g\",\"caption\":\"Prom\"},\"url\":\"https:\\\/\\\/www.mbp.chrzanow.pl\\\/akademiaslowa\\\/index.php\\\/author\\\/promocja\\\/\"}]}<\/script>\n<!-- \/ Yoast SEO plugin. -->","yoast_head_json":{"title":"Felieton Olgi Nowickiej \u2013 czerwiec 2023 - Akademia S\u0142owa - Chrzan\u00f3w","robots":{"index":"index","follow":"follow","max-snippet":"max-snippet:-1","max-image-preview":"max-image-preview:large","max-video-preview":"max-video-preview:-1"},"canonical":"https:\/\/www.mbp.chrzanow.pl\/akademiaslowa\/index.php\/2023\/06\/16\/felieton-olgi-nowickiej-czerwiec-2023\/","og_locale":"pl_PL","og_type":"article","og_title":"Felieton Olgi Nowickiej \u2013 czerwiec 2023 - Akademia S\u0142owa - Chrzan\u00f3w","og_description":"[&hellip;]","og_url":"https:\/\/www.mbp.chrzanow.pl\/akademiaslowa\/index.php\/2023\/06\/16\/felieton-olgi-nowickiej-czerwiec-2023\/","og_site_name":"Akademia S\u0142owa - Chrzan\u00f3w","article_published_time":"2023-06-16T13:05:42+00:00","article_modified_time":"2023-07-20T08:22:52+00:00","og_image":[{"url":"http:\/\/www.mbp.chrzanow.pl\/akademiaslowa\/wp-content\/uploads\/2023\/06\/felieton-przyjezdza-autor-do.jpg","type":"","width":"","height":""}],"author":"Prom","twitter_card":"summary_large_image","twitter_misc":{"Napisane przez":"Prom","Szacowany czas czytania":"14 minut"},"schema":{"@context":"https:\/\/schema.org","@graph":[{"@type":"Article","@id":"https:\/\/www.mbp.chrzanow.pl\/akademiaslowa\/index.php\/2023\/06\/16\/felieton-olgi-nowickiej-czerwiec-2023\/#article","isPartOf":{"@id":"https:\/\/www.mbp.chrzanow.pl\/akademiaslowa\/index.php\/2023\/06\/16\/felieton-olgi-nowickiej-czerwiec-2023\/"},"author":{"name":"Prom","@id":"https:\/\/www.mbp.chrzanow.pl\/akademiaslowa\/#\/schema\/person\/fe7a35ef0376d4e76846aeae319d9fd8"},"headline":"Felieton Olgi Nowickiej \u2013 czerwiec 2023","datePublished":"2023-06-16T13:05:42+00:00","dateModified":"2023-07-20T08:22:52+00:00","mainEntityOfPage":{"@id":"https:\/\/www.mbp.chrzanow.pl\/akademiaslowa\/index.php\/2023\/06\/16\/felieton-olgi-nowickiej-czerwiec-2023\/"},"wordCount":2594,"publisher":{"@id":"https:\/\/www.mbp.chrzanow.pl\/akademiaslowa\/#organization"},"image":{"@id":"https:\/\/www.mbp.chrzanow.pl\/akademiaslowa\/index.php\/2023\/06\/16\/felieton-olgi-nowickiej-czerwiec-2023\/#primaryimage"},"thumbnailUrl":"http:\/\/www.mbp.chrzanow.pl\/akademiaslowa\/wp-content\/uploads\/2023\/06\/felieton-przyjezdza-autor-do.jpg","keywords":["2023","Felieton","Olga Nowicka"],"articleSection":["Felietony"],"inLanguage":"pl-PL"},{"@type":"WebPage","@id":"https:\/\/www.mbp.chrzanow.pl\/akademiaslowa\/index.php\/2023\/06\/16\/felieton-olgi-nowickiej-czerwiec-2023\/","url":"https:\/\/www.mbp.chrzanow.pl\/akademiaslowa\/index.php\/2023\/06\/16\/felieton-olgi-nowickiej-czerwiec-2023\/","name":"Felieton Olgi Nowickiej \u2013 czerwiec 2023 - Akademia S\u0142owa - Chrzan\u00f3w","isPartOf":{"@id":"https:\/\/www.mbp.chrzanow.pl\/akademiaslowa\/#website"},"primaryImageOfPage":{"@id":"https:\/\/www.mbp.chrzanow.pl\/akademiaslowa\/index.php\/2023\/06\/16\/felieton-olgi-nowickiej-czerwiec-2023\/#primaryimage"},"image":{"@id":"https:\/\/www.mbp.chrzanow.pl\/akademiaslowa\/index.php\/2023\/06\/16\/felieton-olgi-nowickiej-czerwiec-2023\/#primaryimage"},"thumbnailUrl":"http:\/\/www.mbp.chrzanow.pl\/akademiaslowa\/wp-content\/uploads\/2023\/06\/felieton-przyjezdza-autor-do.jpg","datePublished":"2023-06-16T13:05:42+00:00","dateModified":"2023-07-20T08:22:52+00:00","breadcrumb":{"@id":"https:\/\/www.mbp.chrzanow.pl\/akademiaslowa\/index.php\/2023\/06\/16\/felieton-olgi-nowickiej-czerwiec-2023\/#breadcrumb"},"inLanguage":"pl-PL","potentialAction":[{"@type":"ReadAction","target":["https:\/\/www.mbp.chrzanow.pl\/akademiaslowa\/index.php\/2023\/06\/16\/felieton-olgi-nowickiej-czerwiec-2023\/"]}]},{"@type":"ImageObject","inLanguage":"pl-PL","@id":"https:\/\/www.mbp.chrzanow.pl\/akademiaslowa\/index.php\/2023\/06\/16\/felieton-olgi-nowickiej-czerwiec-2023\/#primaryimage","url":"https:\/\/www.mbp.chrzanow.pl\/akademiaslowa\/wp-content\/uploads\/2023\/06\/felieton-przyjezdza-autor-do.jpg","contentUrl":"https:\/\/www.mbp.chrzanow.pl\/akademiaslowa\/wp-content\/uploads\/2023\/06\/felieton-przyjezdza-autor-do.jpg","width":652,"height":920},{"@type":"BreadcrumbList","@id":"https:\/\/www.mbp.chrzanow.pl\/akademiaslowa\/index.php\/2023\/06\/16\/felieton-olgi-nowickiej-czerwiec-2023\/#breadcrumb","itemListElement":[{"@type":"ListItem","position":1,"name":"Strona g\u0142\u00f3wna","item":"https:\/\/www.mbp.chrzanow.pl\/akademiaslowa\/"},{"@type":"ListItem","position":2,"name":"Felieton Olgi Nowickiej \u2013 czerwiec 2023"}]},{"@type":"WebSite","@id":"https:\/\/www.mbp.chrzanow.pl\/akademiaslowa\/#website","url":"https:\/\/www.mbp.chrzanow.pl\/akademiaslowa\/","name":"Akademia S\u0142owa - Chrzan\u00f3w","description":"Czym poezja...","publisher":{"@id":"https:\/\/www.mbp.chrzanow.pl\/akademiaslowa\/#organization"},"potentialAction":[{"@type":"SearchAction","target":{"@type":"EntryPoint","urlTemplate":"https:\/\/www.mbp.chrzanow.pl\/akademiaslowa\/?s={search_term_string}"},"query-input":{"@type":"PropertyValueSpecification","valueRequired":true,"valueName":"search_term_string"}}],"inLanguage":"pl-PL"},{"@type":"Organization","@id":"https:\/\/www.mbp.chrzanow.pl\/akademiaslowa\/#organization","name":"Akademia S\u0142owa Chrzan\u00f3w","url":"https:\/\/www.mbp.chrzanow.pl\/akademiaslowa\/","logo":{"@type":"ImageObject","inLanguage":"pl-PL","@id":"https:\/\/www.mbp.chrzanow.pl\/akademiaslowa\/#\/schema\/logo\/image\/","url":"https:\/\/www.mbp.chrzanow.pl\/akademiaslowa\/wp-content\/uploads\/2017\/12\/AkademiaSlowa_www.jpg","contentUrl":"https:\/\/www.mbp.chrzanow.pl\/akademiaslowa\/wp-content\/uploads\/2017\/12\/AkademiaSlowa_www.jpg","width":500,"height":79,"caption":"Akademia S\u0142owa Chrzan\u00f3w"},"image":{"@id":"https:\/\/www.mbp.chrzanow.pl\/akademiaslowa\/#\/schema\/logo\/image\/"}},{"@type":"Person","@id":"https:\/\/www.mbp.chrzanow.pl\/akademiaslowa\/#\/schema\/person\/fe7a35ef0376d4e76846aeae319d9fd8","name":"Prom","image":{"@type":"ImageObject","inLanguage":"pl-PL","@id":"https:\/\/secure.gravatar.com\/avatar\/f60fbd4aa9e3207ab0785fd91859281f74f6e854743680d402cbd83a1b744580?s=96&d=mm&r=g","url":"https:\/\/secure.gravatar.com\/avatar\/f60fbd4aa9e3207ab0785fd91859281f74f6e854743680d402cbd83a1b744580?s=96&d=mm&r=g","contentUrl":"https:\/\/secure.gravatar.com\/avatar\/f60fbd4aa9e3207ab0785fd91859281f74f6e854743680d402cbd83a1b744580?s=96&d=mm&r=g","caption":"Prom"},"url":"https:\/\/www.mbp.chrzanow.pl\/akademiaslowa\/index.php\/author\/promocja\/"}]}},"_links":{"self":[{"href":"https:\/\/www.mbp.chrzanow.pl\/akademiaslowa\/index.php\/wp-json\/wp\/v2\/posts\/2250","targetHints":{"allow":["GET"]}}],"collection":[{"href":"https:\/\/www.mbp.chrzanow.pl\/akademiaslowa\/index.php\/wp-json\/wp\/v2\/posts"}],"about":[{"href":"https:\/\/www.mbp.chrzanow.pl\/akademiaslowa\/index.php\/wp-json\/wp\/v2\/types\/post"}],"author":[{"embeddable":true,"href":"https:\/\/www.mbp.chrzanow.pl\/akademiaslowa\/index.php\/wp-json\/wp\/v2\/users\/3"}],"replies":[{"embeddable":true,"href":"https:\/\/www.mbp.chrzanow.pl\/akademiaslowa\/index.php\/wp-json\/wp\/v2\/comments?post=2250"}],"version-history":[{"count":5,"href":"https:\/\/www.mbp.chrzanow.pl\/akademiaslowa\/index.php\/wp-json\/wp\/v2\/posts\/2250\/revisions"}],"predecessor-version":[{"id":2256,"href":"https:\/\/www.mbp.chrzanow.pl\/akademiaslowa\/index.php\/wp-json\/wp\/v2\/posts\/2250\/revisions\/2256"}],"wp:attachment":[{"href":"https:\/\/www.mbp.chrzanow.pl\/akademiaslowa\/index.php\/wp-json\/wp\/v2\/media?parent=2250"}],"wp:term":[{"taxonomy":"category","embeddable":true,"href":"https:\/\/www.mbp.chrzanow.pl\/akademiaslowa\/index.php\/wp-json\/wp\/v2\/categories?post=2250"},{"taxonomy":"post_tag","embeddable":true,"href":"https:\/\/www.mbp.chrzanow.pl\/akademiaslowa\/index.php\/wp-json\/wp\/v2\/tags?post=2250"}],"curies":[{"name":"wp","href":"https:\/\/api.w.org\/{rel}","templated":true}]}}