{"id":2307,"date":"2023-02-15T08:00:15","date_gmt":"2023-02-15T07:00:15","guid":{"rendered":"https:\/\/www.mbp.chrzanow.pl\/akademiaslowa\/?p=2307"},"modified":"2024-05-09T14:29:24","modified_gmt":"2024-05-09T12:29:24","slug":"felieton-olgi-nowickiej-luty-2023","status":"publish","type":"post","link":"https:\/\/www.mbp.chrzanow.pl\/akademiaslowa\/index.php\/2023\/02\/15\/felieton-olgi-nowickiej-luty-2023\/","title":{"rendered":"Felieton Olgi Nowickiej \u2013 luty 2023\u00a0\u00a0"},"content":{"rendered":"\t\t<div data-elementor-type=\"wp-post\" data-elementor-id=\"2307\" class=\"elementor elementor-2307\">\n\t\t\t\t\t\t<section class=\"elementor-section elementor-top-section elementor-element elementor-element-3b17d005 elementor-section-boxed elementor-section-height-default elementor-section-height-default\" data-id=\"3b17d005\" data-element_type=\"section\" data-e-type=\"section\">\n\t\t\t\t\t\t<div class=\"elementor-container elementor-column-gap-default\">\n\t\t\t\t\t<div class=\"elementor-column elementor-col-100 elementor-top-column elementor-element elementor-element-3d7cc266\" data-id=\"3d7cc266\" data-element_type=\"column\" data-e-type=\"column\">\n\t\t\t<div class=\"elementor-widget-wrap elementor-element-populated\">\n\t\t\t\t\t\t<div class=\"elementor-element elementor-element-46f57ebb elementor-widget elementor-widget-text-editor\" data-id=\"46f57ebb\" data-element_type=\"widget\" data-e-type=\"widget\" data-widget_type=\"text-editor.default\">\n\t\t\t\t<div class=\"elementor-widget-container\">\n\t\t\t\t\t\t\t\t\t<p>Opowie\u015b\u0107 jest najwa\u017cniejsza&#8230;<\/p>\t\t\t\t\t\t\t\t<\/div>\n\t\t\t\t<\/div>\n\t\t\t\t\t<\/div>\n\t\t<\/div>\n\t\t\t\t\t<\/div>\n\t\t<\/section>\n\t\t\t\t<section class=\"elementor-section elementor-top-section elementor-element elementor-element-f14d211 elementor-section-boxed elementor-section-height-default elementor-section-height-default\" data-id=\"f14d211\" data-element_type=\"section\" data-e-type=\"section\">\n\t\t\t\t\t\t<div class=\"elementor-container elementor-column-gap-default\">\n\t\t\t\t\t<div class=\"elementor-column elementor-col-100 elementor-top-column elementor-element elementor-element-6b479abb\" data-id=\"6b479abb\" data-element_type=\"column\" data-e-type=\"column\">\n\t\t\t<div class=\"elementor-widget-wrap elementor-element-populated\">\n\t\t\t\t\t\t<div class=\"elementor-element elementor-element-29d2575 elementor-widget elementor-widget-text-editor\" data-id=\"29d2575\" data-element_type=\"widget\" data-e-type=\"widget\" data-widget_type=\"text-editor.default\">\n\t\t\t\t<div class=\"elementor-widget-container\">\n\t\t\t\t\t\t\t\t\t<p>Le\u017c\u0105c na kanapie, pod ciep\u0142ym pledem, z ukochan\u0105 mord\u0105 na kolanach mojego wiernego, bezgranicznie mi oddanego psiego przyjaciela, pij\u0105c herbat\u0119 z imbirem, czyta\u0142am ostatnio ksi\u0105\u017ck\u0119 o ks. Janie Kaczkowskim. Maj\u0105c dodatkowo w pami\u0119ci ogl\u0105dni\u0119ty niedawno rewelacyjny film &#8222;Johnny&#8221; i pewn\u0105 ksi\u0105\u017ck\u0119 przeczytan\u0105 jeszcze w starym roku&#8230; nasz\u0142a mnie refleksja&#8230; jak wa\u017cna jest opowie\u015b\u0107&#8230; Nie musi by\u0107 wcale skomplikowanie&#8230; wystarczy prosto, po prostu, zwyczajnie&#8230;<br \/>Jeste\u015bmy tak\u00a0 mocno zakorzenieni w codzienno\u015bci, w pewnych trybach, monotonii i rutynie, \u017ce nie dostrzegamy chwil, kt\u00f3re czyni\u0105 dzie\u0144 niepowtarzalnym, jak chocia\u017cby ten moment w blasku noworocznej choinki&#8230; m\u00f3j spok\u00f3j, szcz\u0119\u015bcie mojego psa, smak herbaty i dobra ksi\u0105\u017cka.\u00a0 Ale po kolei, \u017ceby nie by\u0142o chaotycznie, kiedy wypuszcz\u0119 ju\u017c ten &#8222;balon s\u0142\u00f3w&#8221;&#8230;<\/p><p>Stary rok zako\u0144czy\u0142am absolutnie rewelacyjn\u0105 ksi\u0105\u017ck\u0105 Paw\u0142a Radziszewskiego &#8222;Pomi\u0119dzy&#8221;. Uzmys\u0142owi\u0142a mi ona, \u017ce zawsze jest jakie\u015b &gt;pomi\u0119dzy&lt;&#8230; mi\u0119dzy przesz\u0142o\u015bci\u0105 i przysz\u0142o\u015bci\u0105,\u00a0 mi\u0142o\u015bci\u0105 i nienawi\u015bci\u0105, okrucie\u0144stwem i czu\u0142o\u015bci\u0105,\u00a0 dobrem i z\u0142em&#8230; wymienia\u0107 mo\u017cna by d\u0142ugo.<\/p><p>Ta ksi\u0105\u017cka wci\u0105gn\u0119\u0142a mnie na maksa.\u00a0 Mieszanka humoru, ironii, bajki i groteski i ca\u0142y ten\u00a0 realizm magiczny wszystkich opowie\u015bci z osobna &#8211; razem stworzy\u0142y &#8222;uczt\u0119&#8221; dla mojego umys\u0142u&#8230; opowie\u015b\u0107&#8230; (jak kiedy\u015b w tym klimacie &#8222;Dygot&#8221; Jakuba Ma\u0142eckiego). Mimo wielu dramatycznych sytuacji si\u0119gaj\u0105cych g\u0142\u0119bokich emocji, ksi\u0105\u017cka ta by\u0142a pewnego rodzaju ukojeniem a samo s\u0142owo &gt;pomi\u0119dzy&lt;, tak cz\u0119sto pojawiaj\u0105ce si\u0119 na stronicach &#8211;\u00a0 dzia\u0142a\u0142o na mnie uspokajaj\u0105co&#8230; przecie\u017c zawsze jest jakie\u015b &gt;pomi\u0119dzy&lt;&#8230; Cytat na ok\u0142adce :\u00a0<em>Czasami dziej\u0105 si\u0119 cuda, kt\u00f3re nie s\u0105 ani dobre, ani z\u0142e, tylko takie\u00a0<\/em><em>pomi\u0119dzy&#8221; &#8211;\u00a0<\/em>idealnie nakre\u015bli\u0142 charakter ca\u0142ej powie\u015bci. Mamy tutaj opowie\u015b\u0107 o trudnych relacjach rodzinnych i s\u0105siedzkich, jest\u00a0 mi\u0142o\u015b\u0107, \u015bmier\u0107, rozczarowanie. Czasami sielsko-anielsko, momentami wr\u0119cz upiornie. Oryginalny j\u0119zyk i formy czasowe przenosz\u0105 czytelnika<br \/>w oniryczny dziwny \u015bwiat. Magia s\u0142owa dzia\u0142a&#8230; Oto zdanie, kt\u00f3re najbardziej utkwi\u0142o mi w pami\u0119ci:\u00a0<em>Opowie\u015b\u0107 jest najwa\u017cniejsza, wa\u017cniejsze ni\u017c \u017cycie, bo z niego zostaje tylko to, co trafi do opowie\u015bci (&#8230;)\u00a0<\/em>a przypomnia\u0142o mi si\u0119 jako\u015b tak p\u0142ynnie&#8230; w momencie kiedy w\u0142a\u015bnie przy choince,\u00a0 w nowym ju\u017c roku, rozczytywa\u0142am sie w kolejnej magii s\u0142owa &#8211;\u00a0 &#8222;\u017bycie na pe\u0142nej petardzie, czyli wiara, pol\u0119dwica i mi\u0142o\u015b\u0107&#8221; Ks. Jana Kaczkowskiego i Piotra \u017by\u0142ki. Tak,\u00a0 tutaj zdecydowanie te\u017c odnalaz\u0142am magi\u0119 s\u0142owa i czyn\u00f3w &#8211; cz\u0142owieka, kt\u00f3rego \u017cycie\u00a0 nakre\u015bli\u0142o niepowtarzaln\u0105 opowie\u015b\u0107, kt\u00f3ra nam po nim zosta\u0142a i teraz jest dla niekt\u00f3rych wa\u017cna, dla innych za\u015b najwa\u017cniejsza&#8230;<\/p><p><em>(&#8230;) Kochany ksi\u0119\u017ce Janie, w sprawie pomnik\u00f3w niczego nie mog\u0119 obieca\u0107. Co za\u015b do pami\u0119ci&#8230; Ciebie po prostu nie da si\u0119 zapomnie\u0107. Gwarantuj\u0119\u00a0 (&#8230;)-\u00a0<\/em>to s\u0142owa wypowiedziane przez ks. Adama Bonieckiego po \u015bmierci ks. Kaczkowskiego. Niewiele wiedzia\u0142am o &#8222;tej opowie\u015bci&#8221; tak naprawd\u0119 przed Jego \u015bmierci\u0105,&#8230; to, \u017ce duchowny, m\u0142ody, chory, charyzmatyczny, z niekonwencjonalnymi jak na ksi\u0119dza wypowiedziami, \u017ce pomaga i prowadzi hospicjum, onkocelebryta. \u017ba\u0142uj\u0119, \u017ce dopiero po filmie &#8222;Johnny&#8221;, zag\u0142\u0119bi\u0142am si\u0119 w &#8222;opowie\u015b\u0107&#8221;\u00a0 &#8211; wyczyta\u0142am i wyogl\u0105da\u0142am wszystko w Internecie, potem zacz\u0119\u0142am czyta\u0107 ksi\u0105\u017cki jego autorstwa. To ksi\u0105dz przez du\u017ce K \u2013 m\u0105dry, dobry i porz\u0105dny cz\u0142owiek. Pomaga\u0142 odchodzi\u0107 innym, nieuleczalnie chorym. Wierzy\u0142, \u017ce dobro mo\u017ce by\u0107 zara\u017aliwe wi\u0119c do pomocy w puckim hospicjum zaprasza\u0142 \u201etrudn\u0105 m\u0142odzie\u017c\u201d i ludzi po wyrokach. P\u00f3\u017aniej sam stan\u0105\u0142 przed najgorsz\u0105 diagnoz\u0105: glejak \u2013 nowotw\u00f3r m\u00f3zgu&#8230; pocz\u0105tkowo by\u0142 w\u015bciek\u0142y,\u00a0 ale z czasem&#8230; nie straci\u0142 pogody ducha. Szed\u0142 do przodu, stara\u0142 si\u0119 na wszystko patrze\u0107 z nadziej\u0105 i optymizmem. Fantastyczny cz\u0142owiek, kt\u00f3ry pokazywa\u0142, \u017ce co by si\u0119 w \u017cyciu trudnego nie dzia\u0142o, to warto \u017cy\u0107 i by\u0107 dla innych.<\/p><p>Czy zgodzi\u0142by si\u0119 z sentencj\u0105 z ksi\u0105\u017cki Radziszewskiego, \u017ce najwa\u017cniejsza jest opowie\u015b\u0107, kt\u00f3ra zostaje z \u017cycia? Na pewno z wnikliw\u0105 sobie analityk\u0105 i zapewne oratorsko by\u00a0 t\u0119 my\u015bl rozkmini\u0142 po swojemu.\u00a0 Pewne jest, \u017ce swoim \u017cyciem zbudowa\u0142 opowie\u015b\u0107, kt\u00f3ra zostaje w pami\u0119ci i sercu. Zosta\u0142y po nim jeszcze ksi\u0105\u017cki ze s\u0142owami tak m\u0105drymi, \u017ce trafiaj\u0105 w sedno spraw najwa\u017cniejszych. W nich w charakterystyczny dla siebie szczery, bezpo\u015bredni, pe\u0142en humoru spos\u00f3b podkre\u015bla\u0142, jak wa\u017cne jest &#8222;\u017cycie na pe\u0142nej petardzie&#8221;&#8230;<\/p><p><em>\u00a0<\/em><em>(&#8230;)w sprawach zasadniczych &#8211; jedno\u015b\u0107, w drugorz\u0119dnych &#8211; wolno\u015b\u0107, a nad wszystkim \u2013 mi\u0142osierdzie (&#8230;) Marnujesz mi\u0142o\u015b\u0107 \u2013 kiedy o ni\u0105 nie dbasz (&#8230;) Nie da si\u0119 uciec od my\u015blenia o w\u0142asnej \u015bmierci, b\u0119d\u0105c \u015bmiertelnie chorym. Zreszt\u0105 ze \u015bmierci trzeba \u017cartowa\u0107, bo gdyby \u015bmier\u0107 by\u0142a \u015bmiertelnie powa\u017cna, to by nas zabi\u0142a (&#8230;)\u00a0 Zamiast ci\u0105gle na co\u015b czeka\u0107 &#8211; zacznij \u017cy\u0107, w\u0142a\u015bnie dzi\u015b. Jest o wiele p\u00f3\u017aniej, ni\u017c Ci si\u0119 wydaje (&#8230;) Przyznaj\u0119, \u017ce czasem \u0142api\u0119 si\u0119 na tym, \u017ce ta praca jest ci\u0119\u017cka. Ale wiem, \u017ce wtedy pomaga mi powiedzie\u0107 sobie samemu: &#8222;Kaczkowski, jak jeste\u015b taki wra\u017cliwy, to trzeba by\u0142o za\u0142o\u017cy\u0107 kwiaciarni\u0119&#8221;. Skoro podj\u0105\u0142em decyzj\u0119, \u017ce chc\u0119 za\u0142o\u017cy\u0107 hospicjum i w nim pracowa\u0107, to nie b\u0119d\u0119 si\u0119 teraz roztkliwia\u0107, jaki to jestem tym przyt\u0142oczony. Wiedzia\u0142em, co wybieram (&#8230;) Mamy trzy rodzaje godno\u015bci: godno\u015b\u0107 osobow\u0105, godno\u015b\u0107 osobist\u0105 i godno\u015b\u0107 osobowo\u015bciow\u0105. Godno\u015b\u0107 osobowa jest niezbywalna. Odnosi si\u0119 do samego faktu, \u017ce kto\u015b jest cz\u0142owiekiem. Godno\u015b\u0107 osobista to ta, wypracowali\u015bmy sobie przez ca\u0142e \u017cycie. Mo\u017cna je przekre\u015bli\u0107 jednym ruchem&#8230; godno\u015b\u0107 osobowo\u015bciow\u0105 sami sobie przyznajemy, kiedy patrzymy w lustro<br \/>i widzimy siebie jako przyzwoitego cz\u0142owieka&#8230; (&#8230;) S\u0142uchaj. Nie tylko tego, co jest m\u00f3wione wprost, ale zw\u0142aszcza s\u0142uchaj tego, co jest m\u00f3wione mi\u0119dzy wierszami. (\u2026) Naprawd\u0119 wszystko mo\u017cna schrzani\u0107, tak\u017ce chorowanie (&#8230;) Ani prawd\u0105, ani przykazaniami, ani krzy\u017cem, nawet w najlepszych intencjach, nie mo\u017cna nikogo ch\u0142osta\u0107. Ludzie maj\u0105 prawo nie rozumie\u0107 Ko\u015bcio\u0142a. Nawet im si\u0119 poniek\u0105d nie dziwi\u0119. Ale to ja mam by\u0107 czytelnym znakiem, to ja mam co\u015b pokazywa\u0107, a nie wstrz\u0105sa\u0107 i poucza\u0107 (&#8230;) Nie, poniewa\u017c ci\u0119 kocham. W\u0142a\u015bnie dlatego nie zrobi\u0119 dla ciebie wszystkiego (&#8230;) Wcale nie trzeba by\u0107 wierz\u0105cym, wystarczy by\u0107 przyzwoitym.\u00a0\u00a0<\/em>No w\u0142a\u015bnie by\u0107\u00a0 przyzwoitym \u2013 to takie zwyczajne i nadzwyczajne zarazem \u2013 ksi\u0119\u017ce Janie&#8230;<\/p><p>Patrzmy na \u015bwiat przez okulary,\u00a0 kt\u00f3re nosi\u0142 ks. Jan i kt\u00f3re sta\u0142y si\u0119 symbolem w nazwie nagrody &#8211; &#8222;Okulary ks. Kaczkowskiego&#8221;<em>,<\/em>\u00a0przyznawanej osobom, kt\u00f3re na przek\u00f3r wszystkiemu, pod pr\u0105d, kiedy si\u0119 nie op\u0142aca &#8230; robi\u0105 to, co im rozum, serce i dusza podpowiadaj\u0105&#8230; czyni\u0105 dobro. Te okulary maj\u0105 specyficzn\u0105 cech\u0119; patrz\u0105c przez nie, nie widzi si\u0119 przeszk\u00f3d. Ciesz\u0119 si\u0119, \u017ce prze\u0142om roku 2022\/2023 sp\u0119dzi\u0142am w doborowym towarzystwie Radziszewskiego i Kaczkowskiego, w\u015br\u00f3d pi\u0119knych opowie\u015bci, kt\u00f3re okaza\u0142y si\u0119 dla mnie wa\u017cne i da\u0142y mi sporo do my\u015blenia. W sumie wszystko mo\u017ce by\u0107 opowie\u015bci\u0105&#8230; pami\u0119tam jeszcze s\u0142owa dawno przeczytane Carlosa Ruiza Zafona w &#8222;Grze anio\u0142a&#8221;:\u00a0<em>To, w co wierzymy, to, co poznajemy, co pami\u0119tamy, a nawet to, co \u015bnimy. Wszystko jest opowie\u015bci\u0105, narracj\u0105, sekwencj\u0105 zdarze\u0144 i os\u00f3b przekazuj\u0105cych sobie emocje. Akt wiary jest aktem akceptacji opowiadanej nam historii. Akceptujemy jako prawdziwe tylko to, co mo\u017ce by\u0107 opowiedziane&#8230;\u00a0<\/em>A my c\u00f3\u017c, potrzebujemy&#8230; opowie\u015bci&#8230; a w nich przyk\u0142ad\u00f3w<br \/>i bohater\u00f3w, kt\u00f3rzy porw\u0105 nas do tego, aby wyj\u015b\u0107 poza siebie, wyj\u015b\u0107 do drugiego cz\u0142owieka, czasami &gt;pomi\u0119dzy&lt; &#8230; to nic&#8230; wtedy sami stworzymy opowie\u015b\u0107, kt\u00f3ra zostanie&#8230; i kiedy\u015b, dla kogo\u015b b\u0119dzie najwa\u017cniejsza.<\/p>\t\t\t\t\t\t\t\t<\/div>\n\t\t\t\t<\/div>\n\t\t\t\t\t<\/div>\n\t\t<\/div>\n\t\t\t\t\t<\/div>\n\t\t<\/section>\n\t\t\t\t<section class=\"elementor-section elementor-top-section elementor-element elementor-element-e3c8132 elementor-section-boxed elementor-section-height-default elementor-section-height-default\" data-id=\"e3c8132\" data-element_type=\"section\" data-e-type=\"section\">\n\t\t\t\t\t\t<div class=\"elementor-container elementor-column-gap-default\">\n\t\t\t\t\t<div class=\"elementor-column elementor-col-100 elementor-top-column elementor-element elementor-element-d1895f6\" data-id=\"d1895f6\" data-element_type=\"column\" data-e-type=\"column\">\n\t\t\t<div class=\"elementor-widget-wrap elementor-element-populated\">\n\t\t\t\t\t\t<div class=\"elementor-element elementor-element-30d508d elementor-widget elementor-widget-text-editor\" data-id=\"30d508d\" data-element_type=\"widget\" data-e-type=\"widget\" data-widget_type=\"text-editor.default\">\n\t\t\t\t<div class=\"elementor-widget-container\">\n\t\t\t\t\t\t\t\t\t<p><strong>Felieton publikowany w\u00a0<a href=\"https:\/\/wydawnictwo.sbp.pl\/poradnik-bibliotekarza-3-2023,66,17.html\">Poradniku Bibliotekarza nr 3\/2023<\/a><\/strong><\/p>\t\t\t\t\t\t\t\t<\/div>\n\t\t\t\t<\/div>\n\t\t\t\t\t<\/div>\n\t\t<\/div>\n\t\t\t\t\t<\/div>\n\t\t<\/section>\n\t\t\t\t<section class=\"elementor-section elementor-top-section elementor-element elementor-element-432a12eb elementor-section-boxed elementor-section-height-default elementor-section-height-default\" data-id=\"432a12eb\" data-element_type=\"section\" data-e-type=\"section\">\n\t\t\t\t\t\t<div class=\"elementor-container elementor-column-gap-default\">\n\t\t\t\t\t<div class=\"elementor-column elementor-col-100 elementor-top-column elementor-element elementor-element-24a52486\" data-id=\"24a52486\" data-element_type=\"column\" data-e-type=\"column\">\n\t\t\t<div class=\"elementor-widget-wrap elementor-element-populated\">\n\t\t\t\t\t\t<div class=\"elementor-element elementor-element-257dca49 elementor-widget elementor-widget-text-editor\" data-id=\"257dca49\" data-element_type=\"widget\" data-e-type=\"widget\" data-widget_type=\"text-editor.default\">\n\t\t\t\t<div class=\"elementor-widget-container\">\n\t\t\t\t\t\t\t\t\t<p><strong>Olga Nowicka<br><\/strong><\/p>\t\t\t\t\t\t\t\t<\/div>\n\t\t\t\t<\/div>\n\t\t\t\t\t<\/div>\n\t\t<\/div>\n\t\t\t\t\t<\/div>\n\t\t<\/section>\n\t\t\t\t<section class=\"elementor-section elementor-top-section elementor-element elementor-element-9ea39b5 elementor-section-boxed elementor-section-height-default elementor-section-height-default\" data-id=\"9ea39b5\" data-element_type=\"section\" data-e-type=\"section\">\n\t\t\t\t\t\t<div class=\"elementor-container elementor-column-gap-default\">\n\t\t\t\t\t<div class=\"elementor-column elementor-col-100 elementor-top-column elementor-element elementor-element-f28df1d\" data-id=\"f28df1d\" data-element_type=\"column\" data-e-type=\"column\">\n\t\t\t<div class=\"elementor-widget-wrap elementor-element-populated\">\n\t\t\t\t\t\t<div class=\"elementor-element elementor-element-17d162b elementor-widget elementor-widget-image\" data-id=\"17d162b\" data-element_type=\"widget\" data-e-type=\"widget\" data-widget_type=\"image.default\">\n\t\t\t\t<div class=\"elementor-widget-container\">\n\t\t\t\t\t\t\t\t\t\t\t\t\t\t\t\t<a href=\"http:\/\/www.mbp.chrzanow.pl\/akademiaslowa\/wp-content\/uploads\/2023\/07\/NAKLADKA-WWW_OPOWIESC-JEST-NAJWAZNIEJSZA.jpg\" data-elementor-open-lightbox=\"yes\" data-elementor-lightbox-title=\"NAK\u0141ADKA WWW_OPOWIE\u015a\u0106 JEST NAJWA\u017bNIEJSZA\" data-e-action-hash=\"#elementor-action%3Aaction%3Dlightbox%26settings%3DeyJpZCI6MjMxMCwidXJsIjoiaHR0cHM6XC9cL3d3dy5tYnAuY2hyemFub3cucGxcL2FrYWRlbWlhc2xvd2FcL3dwLWNvbnRlbnRcL3VwbG9hZHNcLzIwMjNcLzA3XC9OQUtMQURLQS1XV1dfT1BPV0lFU0MtSkVTVC1OQUpXQVpOSUVKU1pBLmpwZyJ9\">\n\t\t\t\t\t\t\t<img fetchpriority=\"high\" decoding=\"async\" width=\"652\" height=\"920\" src=\"https:\/\/www.mbp.chrzanow.pl\/akademiaslowa\/wp-content\/uploads\/2023\/07\/NAKLADKA-WWW_OPOWIESC-JEST-NAJWAZNIEJSZA.jpg\" class=\"attachment-large size-large wp-image-2310\" alt=\"\" srcset=\"https:\/\/www.mbp.chrzanow.pl\/akademiaslowa\/wp-content\/uploads\/2023\/07\/NAKLADKA-WWW_OPOWIESC-JEST-NAJWAZNIEJSZA.jpg 652w, https:\/\/www.mbp.chrzanow.pl\/akademiaslowa\/wp-content\/uploads\/2023\/07\/NAKLADKA-WWW_OPOWIESC-JEST-NAJWAZNIEJSZA-213x300.jpg 213w\" sizes=\"(max-width: 652px) 100vw, 652px\" \/>\t\t\t\t\t\t\t\t<\/a>\n\t\t\t\t\t\t\t\t\t\t\t\t\t\t\t<\/div>\n\t\t\t\t<\/div>\n\t\t\t\t\t<\/div>\n\t\t<\/div>\n\t\t\t\t\t<\/div>\n\t\t<\/section>\n\t\t\t\t<\/div>\n\t\t","protected":false},"excerpt":{"rendered":"<p> [&hellip;]<\/p>\n","protected":false},"author":3,"featured_media":0,"comment_status":"closed","ping_status":"closed","sticky":false,"template":"","format":"standard","meta":{"footnotes":""},"categories":[11],"tags":[36,27,28],"class_list":["post-2307","post","type-post","status-publish","format-standard","hentry","category-felietony","tag-36","tag-felieton","tag-olga-nowicka"],"yoast_head":"<!-- This site is optimized with the Yoast SEO plugin v27.5 - https:\/\/yoast.com\/product\/yoast-seo-wordpress\/ -->\n<title>Felieton Olgi Nowickiej \u2013 luty 2023\u00a0\u00a0 - Akademia S\u0142owa - Chrzan\u00f3w<\/title>\n<meta name=\"robots\" content=\"index, follow, max-snippet:-1, max-image-preview:large, max-video-preview:-1\" \/>\n<link rel=\"canonical\" href=\"https:\/\/www.mbp.chrzanow.pl\/akademiaslowa\/index.php\/2023\/02\/15\/felieton-olgi-nowickiej-luty-2023\/\" \/>\n<meta property=\"og:locale\" content=\"pl_PL\" \/>\n<meta property=\"og:type\" content=\"article\" \/>\n<meta property=\"og:title\" content=\"Felieton Olgi Nowickiej \u2013 luty 2023\u00a0\u00a0 - Akademia S\u0142owa - Chrzan\u00f3w\" \/>\n<meta property=\"og:description\" content=\"[&hellip;]\" \/>\n<meta property=\"og:url\" content=\"https:\/\/www.mbp.chrzanow.pl\/akademiaslowa\/index.php\/2023\/02\/15\/felieton-olgi-nowickiej-luty-2023\/\" \/>\n<meta property=\"og:site_name\" content=\"Akademia S\u0142owa - Chrzan\u00f3w\" \/>\n<meta property=\"article:published_time\" content=\"2023-02-15T07:00:15+00:00\" \/>\n<meta property=\"article:modified_time\" content=\"2024-05-09T12:29:24+00:00\" \/>\n<meta property=\"og:image\" content=\"http:\/\/www.mbp.chrzanow.pl\/akademiaslowa\/wp-content\/uploads\/2023\/07\/NAKLADKA-WWW_OPOWIESC-JEST-NAJWAZNIEJSZA.jpg\" \/>\n<meta name=\"author\" content=\"Prom\" \/>\n<meta name=\"twitter:card\" content=\"summary_large_image\" \/>\n<meta name=\"twitter:label1\" content=\"Napisane przez\" \/>\n\t<meta name=\"twitter:data1\" content=\"Prom\" \/>\n\t<meta name=\"twitter:label2\" content=\"Szacowany czas czytania\" \/>\n\t<meta name=\"twitter:data2\" content=\"7 minut\" \/>\n<script type=\"application\/ld+json\" class=\"yoast-schema-graph\">{\"@context\":\"https:\\\/\\\/schema.org\",\"@graph\":[{\"@type\":\"Article\",\"@id\":\"https:\\\/\\\/www.mbp.chrzanow.pl\\\/akademiaslowa\\\/index.php\\\/2023\\\/02\\\/15\\\/felieton-olgi-nowickiej-luty-2023\\\/#article\",\"isPartOf\":{\"@id\":\"https:\\\/\\\/www.mbp.chrzanow.pl\\\/akademiaslowa\\\/index.php\\\/2023\\\/02\\\/15\\\/felieton-olgi-nowickiej-luty-2023\\\/\"},\"author\":{\"name\":\"Prom\",\"@id\":\"https:\\\/\\\/www.mbp.chrzanow.pl\\\/akademiaslowa\\\/#\\\/schema\\\/person\\\/fe7a35ef0376d4e76846aeae319d9fd8\"},\"headline\":\"Felieton Olgi Nowickiej \u2013 luty 2023\u00a0\u00a0\",\"datePublished\":\"2023-02-15T07:00:15+00:00\",\"dateModified\":\"2024-05-09T12:29:24+00:00\",\"mainEntityOfPage\":{\"@id\":\"https:\\\/\\\/www.mbp.chrzanow.pl\\\/akademiaslowa\\\/index.php\\\/2023\\\/02\\\/15\\\/felieton-olgi-nowickiej-luty-2023\\\/\"},\"wordCount\":1343,\"publisher\":{\"@id\":\"https:\\\/\\\/www.mbp.chrzanow.pl\\\/akademiaslowa\\\/#organization\"},\"image\":{\"@id\":\"https:\\\/\\\/www.mbp.chrzanow.pl\\\/akademiaslowa\\\/index.php\\\/2023\\\/02\\\/15\\\/felieton-olgi-nowickiej-luty-2023\\\/#primaryimage\"},\"thumbnailUrl\":\"http:\\\/\\\/www.mbp.chrzanow.pl\\\/akademiaslowa\\\/wp-content\\\/uploads\\\/2023\\\/07\\\/NAKLADKA-WWW_OPOWIESC-JEST-NAJWAZNIEJSZA.jpg\",\"keywords\":[\"2023\",\"Felieton\",\"Olga Nowicka\"],\"articleSection\":[\"Felietony\"],\"inLanguage\":\"pl-PL\"},{\"@type\":\"WebPage\",\"@id\":\"https:\\\/\\\/www.mbp.chrzanow.pl\\\/akademiaslowa\\\/index.php\\\/2023\\\/02\\\/15\\\/felieton-olgi-nowickiej-luty-2023\\\/\",\"url\":\"https:\\\/\\\/www.mbp.chrzanow.pl\\\/akademiaslowa\\\/index.php\\\/2023\\\/02\\\/15\\\/felieton-olgi-nowickiej-luty-2023\\\/\",\"name\":\"Felieton Olgi Nowickiej \u2013 luty 2023\u00a0\u00a0 - Akademia S\u0142owa - Chrzan\u00f3w\",\"isPartOf\":{\"@id\":\"https:\\\/\\\/www.mbp.chrzanow.pl\\\/akademiaslowa\\\/#website\"},\"primaryImageOfPage\":{\"@id\":\"https:\\\/\\\/www.mbp.chrzanow.pl\\\/akademiaslowa\\\/index.php\\\/2023\\\/02\\\/15\\\/felieton-olgi-nowickiej-luty-2023\\\/#primaryimage\"},\"image\":{\"@id\":\"https:\\\/\\\/www.mbp.chrzanow.pl\\\/akademiaslowa\\\/index.php\\\/2023\\\/02\\\/15\\\/felieton-olgi-nowickiej-luty-2023\\\/#primaryimage\"},\"thumbnailUrl\":\"http:\\\/\\\/www.mbp.chrzanow.pl\\\/akademiaslowa\\\/wp-content\\\/uploads\\\/2023\\\/07\\\/NAKLADKA-WWW_OPOWIESC-JEST-NAJWAZNIEJSZA.jpg\",\"datePublished\":\"2023-02-15T07:00:15+00:00\",\"dateModified\":\"2024-05-09T12:29:24+00:00\",\"breadcrumb\":{\"@id\":\"https:\\\/\\\/www.mbp.chrzanow.pl\\\/akademiaslowa\\\/index.php\\\/2023\\\/02\\\/15\\\/felieton-olgi-nowickiej-luty-2023\\\/#breadcrumb\"},\"inLanguage\":\"pl-PL\",\"potentialAction\":[{\"@type\":\"ReadAction\",\"target\":[\"https:\\\/\\\/www.mbp.chrzanow.pl\\\/akademiaslowa\\\/index.php\\\/2023\\\/02\\\/15\\\/felieton-olgi-nowickiej-luty-2023\\\/\"]}]},{\"@type\":\"ImageObject\",\"inLanguage\":\"pl-PL\",\"@id\":\"https:\\\/\\\/www.mbp.chrzanow.pl\\\/akademiaslowa\\\/index.php\\\/2023\\\/02\\\/15\\\/felieton-olgi-nowickiej-luty-2023\\\/#primaryimage\",\"url\":\"https:\\\/\\\/www.mbp.chrzanow.pl\\\/akademiaslowa\\\/wp-content\\\/uploads\\\/2023\\\/07\\\/NAKLADKA-WWW_OPOWIESC-JEST-NAJWAZNIEJSZA.jpg\",\"contentUrl\":\"https:\\\/\\\/www.mbp.chrzanow.pl\\\/akademiaslowa\\\/wp-content\\\/uploads\\\/2023\\\/07\\\/NAKLADKA-WWW_OPOWIESC-JEST-NAJWAZNIEJSZA.jpg\",\"width\":652,\"height\":920},{\"@type\":\"BreadcrumbList\",\"@id\":\"https:\\\/\\\/www.mbp.chrzanow.pl\\\/akademiaslowa\\\/index.php\\\/2023\\\/02\\\/15\\\/felieton-olgi-nowickiej-luty-2023\\\/#breadcrumb\",\"itemListElement\":[{\"@type\":\"ListItem\",\"position\":1,\"name\":\"Strona g\u0142\u00f3wna\",\"item\":\"https:\\\/\\\/www.mbp.chrzanow.pl\\\/akademiaslowa\\\/\"},{\"@type\":\"ListItem\",\"position\":2,\"name\":\"Felieton Olgi Nowickiej \u2013 luty 2023\u00a0\u00a0\"}]},{\"@type\":\"WebSite\",\"@id\":\"https:\\\/\\\/www.mbp.chrzanow.pl\\\/akademiaslowa\\\/#website\",\"url\":\"https:\\\/\\\/www.mbp.chrzanow.pl\\\/akademiaslowa\\\/\",\"name\":\"Akademia S\u0142owa - Chrzan\u00f3w\",\"description\":\"Czym poezja...\",\"publisher\":{\"@id\":\"https:\\\/\\\/www.mbp.chrzanow.pl\\\/akademiaslowa\\\/#organization\"},\"potentialAction\":[{\"@type\":\"SearchAction\",\"target\":{\"@type\":\"EntryPoint\",\"urlTemplate\":\"https:\\\/\\\/www.mbp.chrzanow.pl\\\/akademiaslowa\\\/?s={search_term_string}\"},\"query-input\":{\"@type\":\"PropertyValueSpecification\",\"valueRequired\":true,\"valueName\":\"search_term_string\"}}],\"inLanguage\":\"pl-PL\"},{\"@type\":\"Organization\",\"@id\":\"https:\\\/\\\/www.mbp.chrzanow.pl\\\/akademiaslowa\\\/#organization\",\"name\":\"Akademia S\u0142owa Chrzan\u00f3w\",\"url\":\"https:\\\/\\\/www.mbp.chrzanow.pl\\\/akademiaslowa\\\/\",\"logo\":{\"@type\":\"ImageObject\",\"inLanguage\":\"pl-PL\",\"@id\":\"https:\\\/\\\/www.mbp.chrzanow.pl\\\/akademiaslowa\\\/#\\\/schema\\\/logo\\\/image\\\/\",\"url\":\"https:\\\/\\\/www.mbp.chrzanow.pl\\\/akademiaslowa\\\/wp-content\\\/uploads\\\/2017\\\/12\\\/AkademiaSlowa_www.jpg\",\"contentUrl\":\"https:\\\/\\\/www.mbp.chrzanow.pl\\\/akademiaslowa\\\/wp-content\\\/uploads\\\/2017\\\/12\\\/AkademiaSlowa_www.jpg\",\"width\":500,\"height\":79,\"caption\":\"Akademia S\u0142owa Chrzan\u00f3w\"},\"image\":{\"@id\":\"https:\\\/\\\/www.mbp.chrzanow.pl\\\/akademiaslowa\\\/#\\\/schema\\\/logo\\\/image\\\/\"}},{\"@type\":\"Person\",\"@id\":\"https:\\\/\\\/www.mbp.chrzanow.pl\\\/akademiaslowa\\\/#\\\/schema\\\/person\\\/fe7a35ef0376d4e76846aeae319d9fd8\",\"name\":\"Prom\",\"image\":{\"@type\":\"ImageObject\",\"inLanguage\":\"pl-PL\",\"@id\":\"https:\\\/\\\/secure.gravatar.com\\\/avatar\\\/f60fbd4aa9e3207ab0785fd91859281f74f6e854743680d402cbd83a1b744580?s=96&d=mm&r=g\",\"url\":\"https:\\\/\\\/secure.gravatar.com\\\/avatar\\\/f60fbd4aa9e3207ab0785fd91859281f74f6e854743680d402cbd83a1b744580?s=96&d=mm&r=g\",\"contentUrl\":\"https:\\\/\\\/secure.gravatar.com\\\/avatar\\\/f60fbd4aa9e3207ab0785fd91859281f74f6e854743680d402cbd83a1b744580?s=96&d=mm&r=g\",\"caption\":\"Prom\"},\"url\":\"https:\\\/\\\/www.mbp.chrzanow.pl\\\/akademiaslowa\\\/index.php\\\/author\\\/promocja\\\/\"}]}<\/script>\n<!-- \/ Yoast SEO plugin. -->","yoast_head_json":{"title":"Felieton Olgi Nowickiej \u2013 luty 2023\u00a0\u00a0 - Akademia S\u0142owa - Chrzan\u00f3w","robots":{"index":"index","follow":"follow","max-snippet":"max-snippet:-1","max-image-preview":"max-image-preview:large","max-video-preview":"max-video-preview:-1"},"canonical":"https:\/\/www.mbp.chrzanow.pl\/akademiaslowa\/index.php\/2023\/02\/15\/felieton-olgi-nowickiej-luty-2023\/","og_locale":"pl_PL","og_type":"article","og_title":"Felieton Olgi Nowickiej \u2013 luty 2023\u00a0\u00a0 - Akademia S\u0142owa - Chrzan\u00f3w","og_description":"[&hellip;]","og_url":"https:\/\/www.mbp.chrzanow.pl\/akademiaslowa\/index.php\/2023\/02\/15\/felieton-olgi-nowickiej-luty-2023\/","og_site_name":"Akademia S\u0142owa - Chrzan\u00f3w","article_published_time":"2023-02-15T07:00:15+00:00","article_modified_time":"2024-05-09T12:29:24+00:00","og_image":[{"url":"http:\/\/www.mbp.chrzanow.pl\/akademiaslowa\/wp-content\/uploads\/2023\/07\/NAKLADKA-WWW_OPOWIESC-JEST-NAJWAZNIEJSZA.jpg","type":"","width":"","height":""}],"author":"Prom","twitter_card":"summary_large_image","twitter_misc":{"Napisane przez":"Prom","Szacowany czas czytania":"7 minut"},"schema":{"@context":"https:\/\/schema.org","@graph":[{"@type":"Article","@id":"https:\/\/www.mbp.chrzanow.pl\/akademiaslowa\/index.php\/2023\/02\/15\/felieton-olgi-nowickiej-luty-2023\/#article","isPartOf":{"@id":"https:\/\/www.mbp.chrzanow.pl\/akademiaslowa\/index.php\/2023\/02\/15\/felieton-olgi-nowickiej-luty-2023\/"},"author":{"name":"Prom","@id":"https:\/\/www.mbp.chrzanow.pl\/akademiaslowa\/#\/schema\/person\/fe7a35ef0376d4e76846aeae319d9fd8"},"headline":"Felieton Olgi Nowickiej \u2013 luty 2023\u00a0\u00a0","datePublished":"2023-02-15T07:00:15+00:00","dateModified":"2024-05-09T12:29:24+00:00","mainEntityOfPage":{"@id":"https:\/\/www.mbp.chrzanow.pl\/akademiaslowa\/index.php\/2023\/02\/15\/felieton-olgi-nowickiej-luty-2023\/"},"wordCount":1343,"publisher":{"@id":"https:\/\/www.mbp.chrzanow.pl\/akademiaslowa\/#organization"},"image":{"@id":"https:\/\/www.mbp.chrzanow.pl\/akademiaslowa\/index.php\/2023\/02\/15\/felieton-olgi-nowickiej-luty-2023\/#primaryimage"},"thumbnailUrl":"http:\/\/www.mbp.chrzanow.pl\/akademiaslowa\/wp-content\/uploads\/2023\/07\/NAKLADKA-WWW_OPOWIESC-JEST-NAJWAZNIEJSZA.jpg","keywords":["2023","Felieton","Olga Nowicka"],"articleSection":["Felietony"],"inLanguage":"pl-PL"},{"@type":"WebPage","@id":"https:\/\/www.mbp.chrzanow.pl\/akademiaslowa\/index.php\/2023\/02\/15\/felieton-olgi-nowickiej-luty-2023\/","url":"https:\/\/www.mbp.chrzanow.pl\/akademiaslowa\/index.php\/2023\/02\/15\/felieton-olgi-nowickiej-luty-2023\/","name":"Felieton Olgi Nowickiej \u2013 luty 2023\u00a0\u00a0 - Akademia S\u0142owa - Chrzan\u00f3w","isPartOf":{"@id":"https:\/\/www.mbp.chrzanow.pl\/akademiaslowa\/#website"},"primaryImageOfPage":{"@id":"https:\/\/www.mbp.chrzanow.pl\/akademiaslowa\/index.php\/2023\/02\/15\/felieton-olgi-nowickiej-luty-2023\/#primaryimage"},"image":{"@id":"https:\/\/www.mbp.chrzanow.pl\/akademiaslowa\/index.php\/2023\/02\/15\/felieton-olgi-nowickiej-luty-2023\/#primaryimage"},"thumbnailUrl":"http:\/\/www.mbp.chrzanow.pl\/akademiaslowa\/wp-content\/uploads\/2023\/07\/NAKLADKA-WWW_OPOWIESC-JEST-NAJWAZNIEJSZA.jpg","datePublished":"2023-02-15T07:00:15+00:00","dateModified":"2024-05-09T12:29:24+00:00","breadcrumb":{"@id":"https:\/\/www.mbp.chrzanow.pl\/akademiaslowa\/index.php\/2023\/02\/15\/felieton-olgi-nowickiej-luty-2023\/#breadcrumb"},"inLanguage":"pl-PL","potentialAction":[{"@type":"ReadAction","target":["https:\/\/www.mbp.chrzanow.pl\/akademiaslowa\/index.php\/2023\/02\/15\/felieton-olgi-nowickiej-luty-2023\/"]}]},{"@type":"ImageObject","inLanguage":"pl-PL","@id":"https:\/\/www.mbp.chrzanow.pl\/akademiaslowa\/index.php\/2023\/02\/15\/felieton-olgi-nowickiej-luty-2023\/#primaryimage","url":"https:\/\/www.mbp.chrzanow.pl\/akademiaslowa\/wp-content\/uploads\/2023\/07\/NAKLADKA-WWW_OPOWIESC-JEST-NAJWAZNIEJSZA.jpg","contentUrl":"https:\/\/www.mbp.chrzanow.pl\/akademiaslowa\/wp-content\/uploads\/2023\/07\/NAKLADKA-WWW_OPOWIESC-JEST-NAJWAZNIEJSZA.jpg","width":652,"height":920},{"@type":"BreadcrumbList","@id":"https:\/\/www.mbp.chrzanow.pl\/akademiaslowa\/index.php\/2023\/02\/15\/felieton-olgi-nowickiej-luty-2023\/#breadcrumb","itemListElement":[{"@type":"ListItem","position":1,"name":"Strona g\u0142\u00f3wna","item":"https:\/\/www.mbp.chrzanow.pl\/akademiaslowa\/"},{"@type":"ListItem","position":2,"name":"Felieton Olgi Nowickiej \u2013 luty 2023\u00a0\u00a0"}]},{"@type":"WebSite","@id":"https:\/\/www.mbp.chrzanow.pl\/akademiaslowa\/#website","url":"https:\/\/www.mbp.chrzanow.pl\/akademiaslowa\/","name":"Akademia S\u0142owa - Chrzan\u00f3w","description":"Czym poezja...","publisher":{"@id":"https:\/\/www.mbp.chrzanow.pl\/akademiaslowa\/#organization"},"potentialAction":[{"@type":"SearchAction","target":{"@type":"EntryPoint","urlTemplate":"https:\/\/www.mbp.chrzanow.pl\/akademiaslowa\/?s={search_term_string}"},"query-input":{"@type":"PropertyValueSpecification","valueRequired":true,"valueName":"search_term_string"}}],"inLanguage":"pl-PL"},{"@type":"Organization","@id":"https:\/\/www.mbp.chrzanow.pl\/akademiaslowa\/#organization","name":"Akademia S\u0142owa Chrzan\u00f3w","url":"https:\/\/www.mbp.chrzanow.pl\/akademiaslowa\/","logo":{"@type":"ImageObject","inLanguage":"pl-PL","@id":"https:\/\/www.mbp.chrzanow.pl\/akademiaslowa\/#\/schema\/logo\/image\/","url":"https:\/\/www.mbp.chrzanow.pl\/akademiaslowa\/wp-content\/uploads\/2017\/12\/AkademiaSlowa_www.jpg","contentUrl":"https:\/\/www.mbp.chrzanow.pl\/akademiaslowa\/wp-content\/uploads\/2017\/12\/AkademiaSlowa_www.jpg","width":500,"height":79,"caption":"Akademia S\u0142owa Chrzan\u00f3w"},"image":{"@id":"https:\/\/www.mbp.chrzanow.pl\/akademiaslowa\/#\/schema\/logo\/image\/"}},{"@type":"Person","@id":"https:\/\/www.mbp.chrzanow.pl\/akademiaslowa\/#\/schema\/person\/fe7a35ef0376d4e76846aeae319d9fd8","name":"Prom","image":{"@type":"ImageObject","inLanguage":"pl-PL","@id":"https:\/\/secure.gravatar.com\/avatar\/f60fbd4aa9e3207ab0785fd91859281f74f6e854743680d402cbd83a1b744580?s=96&d=mm&r=g","url":"https:\/\/secure.gravatar.com\/avatar\/f60fbd4aa9e3207ab0785fd91859281f74f6e854743680d402cbd83a1b744580?s=96&d=mm&r=g","contentUrl":"https:\/\/secure.gravatar.com\/avatar\/f60fbd4aa9e3207ab0785fd91859281f74f6e854743680d402cbd83a1b744580?s=96&d=mm&r=g","caption":"Prom"},"url":"https:\/\/www.mbp.chrzanow.pl\/akademiaslowa\/index.php\/author\/promocja\/"}]}},"_links":{"self":[{"href":"https:\/\/www.mbp.chrzanow.pl\/akademiaslowa\/index.php\/wp-json\/wp\/v2\/posts\/2307","targetHints":{"allow":["GET"]}}],"collection":[{"href":"https:\/\/www.mbp.chrzanow.pl\/akademiaslowa\/index.php\/wp-json\/wp\/v2\/posts"}],"about":[{"href":"https:\/\/www.mbp.chrzanow.pl\/akademiaslowa\/index.php\/wp-json\/wp\/v2\/types\/post"}],"author":[{"embeddable":true,"href":"https:\/\/www.mbp.chrzanow.pl\/akademiaslowa\/index.php\/wp-json\/wp\/v2\/users\/3"}],"replies":[{"embeddable":true,"href":"https:\/\/www.mbp.chrzanow.pl\/akademiaslowa\/index.php\/wp-json\/wp\/v2\/comments?post=2307"}],"version-history":[{"count":5,"href":"https:\/\/www.mbp.chrzanow.pl\/akademiaslowa\/index.php\/wp-json\/wp\/v2\/posts\/2307\/revisions"}],"predecessor-version":[{"id":2314,"href":"https:\/\/www.mbp.chrzanow.pl\/akademiaslowa\/index.php\/wp-json\/wp\/v2\/posts\/2307\/revisions\/2314"}],"wp:attachment":[{"href":"https:\/\/www.mbp.chrzanow.pl\/akademiaslowa\/index.php\/wp-json\/wp\/v2\/media?parent=2307"}],"wp:term":[{"taxonomy":"category","embeddable":true,"href":"https:\/\/www.mbp.chrzanow.pl\/akademiaslowa\/index.php\/wp-json\/wp\/v2\/categories?post=2307"},{"taxonomy":"post_tag","embeddable":true,"href":"https:\/\/www.mbp.chrzanow.pl\/akademiaslowa\/index.php\/wp-json\/wp\/v2\/tags?post=2307"}],"curies":[{"name":"wp","href":"https:\/\/api.w.org\/{rel}","templated":true}]}}