{"id":2323,"date":"2023-09-15T08:00:36","date_gmt":"2023-09-15T06:00:36","guid":{"rendered":"https:\/\/www.mbp.chrzanow.pl\/akademiaslowa\/?p=2323"},"modified":"2023-09-27T13:44:50","modified_gmt":"2023-09-27T11:44:50","slug":"felieton-olgi-nowickiej-wrzesien-2023","status":"publish","type":"post","link":"https:\/\/www.mbp.chrzanow.pl\/akademiaslowa\/index.php\/2023\/09\/15\/felieton-olgi-nowickiej-wrzesien-2023\/","title":{"rendered":"Felieton Olgi Nowickiej \u2013 wrzesie\u0144 2023"},"content":{"rendered":"\t\t<div data-elementor-type=\"wp-post\" data-elementor-id=\"2323\" class=\"elementor elementor-2323\">\n\t\t\t\t\t\t<section class=\"elementor-section elementor-top-section elementor-element elementor-element-18399082 elementor-section-boxed elementor-section-height-default elementor-section-height-default\" data-id=\"18399082\" data-element_type=\"section\" data-e-type=\"section\">\n\t\t\t\t\t\t<div class=\"elementor-container elementor-column-gap-default\">\n\t\t\t\t\t<div class=\"elementor-column elementor-col-100 elementor-top-column elementor-element elementor-element-3a3cb202\" data-id=\"3a3cb202\" data-element_type=\"column\" data-e-type=\"column\">\n\t\t\t<div class=\"elementor-widget-wrap elementor-element-populated\">\n\t\t\t\t\t\t<div class=\"elementor-element elementor-element-3eda3cbb elementor-widget elementor-widget-text-editor\" data-id=\"3eda3cbb\" data-element_type=\"widget\" data-e-type=\"widget\" data-widget_type=\"text-editor.default\">\n\t\t\t\t<div class=\"elementor-widget-container\">\n\t\t\t\t\t\t\t\t\t<p><em>[&#8230;]Z jednej strony widnokr\u0119gu wznosi\u0142y si\u0119 niewielkie wzg\u00f3rza z ciemniej\u0105cymi na nich borkami i gajami; z drugiej wysoki brzeg Niemna, piaszczyst\u0105 \u015bcian\u0105 wyrastaj\u0105cy z zielono\u015bci ziemi, a koron\u0105 ciemnego boru oderzni\u0119ty od b\u0142\u0119kitnego nieba, ogromnym p\u00f3\u0142kolem obejmowa\u0142 r\u00f3wnin\u0119 rozleg\u0142\u0105 i g\u0142adk\u0105, z kt\u00f3rej gdzieniegdzie tylko wyrasta\u0142y dzikie, p\u0119kate grusze, stare, krzywe wierzby i samotne, s\u0142upiaste topole[&#8230;] <\/em>Nudne czy te\u017c nie?<br \/>I mam tutaj \u00a0problem, bo z jednej strony opis mo\u017ce rzeczywi\u015bcie tr\u0105ci troszk\u0119 myszk\u0105 (chocia\u017c jest obrazowy), z drugiej strony w kontekscie tegorocznej edycji Narodowego Czytania nabiera ca\u0142kowicie\u00a0 innego wymiaru. Tak wi\u0119c nie trudno zgadn\u0105\u0107, \u017ce rzecz b\u0119dzie o Elizie Orzeszkowej i jej &#8211; przez jednych kochanej a innych nienawidzonej &#8211; powie\u015bci <em>Nad Niemnem<\/em>.<\/p><p>I tak sobie pomy\u015bla\u0142am kiedy objawiono nam kolejny tytu\u0142 arcydzie\u0142a literatury polskiej NC, \u017ce\u00a0 do niekt\u00f3rych ksi\u0105\u017cek trzeba mo\u017ce dorosn\u0105\u0107, a mo\u017ce przeczyta\u0107 je w odpowiednim momencie \u017cycia. Dla mnie ta lektura nie by\u0142a koszmarem licealnym, bo jak kiedy\u015b ju\u017c pisa\u0142am, czyta\u0142am wtedy wszystko bez wyjatku, bowiem moja ciekawo\u015b\u0107\u00a0 literatury rozkr\u0119c\u0105\u0142a sie na dobre i nie straszne mi\u00a0 by\u0142y \u017cadne gnioty narracyjne. Potem ksi\u0105\u017ck\u0119 t\u0119 odkry\u0142am na nowo dwukrotnie. Pierwszy raz kiedy ogl\u0105dn\u0119\u0142am dobrze zrobiony film\/serial (1986, re\u017c. Zbigniew Ku\u017ami\u0144ski)\u00a0 i teraz podczas Narodowego Czytania 2023, kiedy kolejny raz przysz\u0142o mi w scenariuszu przygotowywanego widowiska wydoby\u0107\u00a0 to co najlepsze, najciekawsze, inne&#8230; s\u0142owem tzw. &#8222;pere\u0142ki&#8221; atmosfery dzie\u0142a:\u00a0 przyrod\u0119, krajobrazy, mi\u0142o\u015b\u0107, dziedzictwo Powstania Styczniowego, legend\u0119 jako symbolu, ale te\u017c \u00a0powag\u0119 i komizm bohaterow daj\u0105cy obraz owczesnego spo\u0142ecze\u0144stwa&#8230; No i to nostalgiczne pi\u0119kno Niemenu&#8230;<\/p><p>Ten pocz\u0105tkowy nudny z pozoru opis odczytywa\u0107 zacz\u0119\u0142am jako preludium &#8211; wprowadzenie w \u015bwiat powie\u015bci gdzie nad brzegami urokliwej rzeki\u00a0 krzy\u017cuj\u0105 si\u0119 \u017cyciowe drogi bohater\u00f3w i tak zarysowana przestrze\u0144 staje si\u0119 t\u0142em do ukazania postaw ludzkich, kt\u00f3re pozostaj\u0105 w harmonii z otaczaj\u0105c\u0105 j\u0105 przyrod\u0105. Rzeka, gaje, pola uprawne, drogi, miedze, \u015bcie\u017cki, ro\u015blinno\u015b\u0107, uprawy, b\u00f3r zanieme\u0144ski, Korczyn i za\u015bcianek Bohatyrowicz\u00f3w \u2013 to miejsce nad Niemnem&#8230;harmonia ca\u0142o\u015bci wyznaczana czasem.<\/p><p>\u00a0 \u00a0 \u00a0Ale zacznijmy od samej autorki&#8230; Eliza Orzeszkowa zdecydowanie nale\u017cy do tw\u00f3rc\u00f3w\u00a0 obecnie nieczytanych i o ile\u00a0 moje pokolenie kojarzy j\u0105 jeszcze z innymi utworami (<em>Meir Ezofowicz<\/em>, <em>Cham, Marta),<\/em>\u00a0 m\u0142ody czytelnik przeczyta cokolwiek tej autorki jedynie z obowiazku szkolnego , chocia\u017c nawet <em>Nad Niemnem<\/em> \u2013 ju\u017c nie od deski do deski, bo raz, \u017ce nauczyciele praktykuj\u0105 teraz tylko wybrane fragmenty a uczniowie zdecydowanie streszczenia i opracownia. C\u00f3\u017c taka sytuacja&#8230; nawet z arcydzie\u0142ami.<\/p><p>Na pewno\u00a0 nie by\u0142a kobiet\u0105 nudn\u0105&#8230; ale wybitn\u0105 pisark\u0105 epoki pozytywizmu, poruszaj\u0105c\u0105 tematy dotycz\u0105ce problematyki spo\u0142ecznej, narodowo\u015bciowej, kobiecej, rownie\u017c feministycznej. Z tego te\u017c powodu nazywana by\u0142a polsk\u0105 George Sand.\u00a0 Niezale\u017cna, wolna, nieskr\u0119powana konwenansami, mimo obowi\u0105zuj\u0105cych schemat\u00f3w, \u017cy\u0142a jak chcia\u0142a. Zach\u0119ca\u0142a kobiety do pracy nad sob\u0105, u\u015bwiadamia\u0142a im rol\u0119 wykszta\u0142cenia, samodzielno\u015bci w pracy zawodowej, r\u00f3wnouprawnienia. Na kartach swych ksi\u0105\u017cek przedstawia\u0142a bogaty obraz \u017cycia spo\u0142ecznego epoki, \u00f3wczesnych idei, wierze\u0144, rozterek i kl\u0119sk.<\/p><p>Urodzi\u0142a si\u0119\u00a0 w Milkowszczy\u017anie &#8211; wsi na Bia\u0142orusi, w powiecie grodzie\u0144skim, jako El\u017cbieta Paw\u0142owska. Matka zwraca\u0142a si\u0119 do niej Lisa i st\u0105d wzi\u0119\u0142o si\u0119 imi\u0119, kt\u00f3rym pos\u0142ugiwa\u0142a si\u0119 p\u00f3\u017aniej. Gdy mia\u0142a trzy lata zmar\u0142 jej ojciec i rodzina przenios\u0142a si\u0119 do Grodna. Maj\u0105tek w Milkowszy\u017anie wydzier\u017cawiono (obecnie w Milkowszy\u017anie znajduj\u0105 si\u0119 pozosta\u0142o\u015bci po maj\u0105tku Paw\u0142owskich, m.in. studnia i aleja dwustuletnich klon\u00f3w, zwana &#8222;Alej\u0105 Elizy&#8221;).\u00a0 Eliza wychowywa\u0142a si\u0119 w\u015br\u00f3d kobiet i ju\u017c jako ma\u0142a dziewczynka przejawia\u0142a talent pisarski. W czasie wakacji w Milowszy\u017anie, spacerowa\u0142a po \u0142\u0105kach, polu, lesie, poznaj\u0105c pi\u0119kno teren\u00f3w po\u0142o\u017conych nad Niemnem. W wieku siedmiu lat napisa\u0142a opowiadanie <em>Dzwon pogrzebowy<\/em>, opisuj\u0105cy te w\u0142a\u015bnie tereny. W domu rodzinnym przywi\u0105zywano du\u017c\u0105 wag\u0119 do kultury i\u00a0 intelektu. Ojciec zgromadzi\u0142 cenn\u0105 galeri\u0119 obraz\u00f3w oraz bibliotek\u0119 licz\u0105c\u0105 kilka tysi\u0119cy tom\u00f3w. W wieku jedenastu lat wyjecha\u0142a do Warszawy, gdzie podj\u0119\u0142a nauk\u0119 na Wy\u017cszej Pensji \u017be\u0144skiej w klasztorze Si\u00f3str Benedyktynek. Tam te\u017c pozna\u0142a Mari\u0119 Wasi\u0142owsk\u0105, p\u00f3\u017aniejsz\u0105 Mari\u0119 Konopnick\u0105, z kt\u00f3r\u0105 zaprzyja\u017ani\u0142a si\u0119 na ca\u0142e \u017cycie.\u00a0 W wieku niespe\u0142na siedemnastu lat zosta\u0142a \u017con\u0105 ziemianina Piotra Orzeszki.\u00a0 Niestety nie by\u0142o to udane ma\u0142\u017ce\u0144stwo. Eliza znu\u017cona by\u0142a m\u0119\u017cowskim \u017cyciem towarzyskim, kt\u00f3re okre\u015bla\u0142a mianem &#8222;beztroskiego karnawa\u0142owania&#8221;. Dla niej wa\u017cne by\u0142o jej wykszta\u0142cenie, czytanie ksi\u0105\u017cek z biblioteki ojca oraz anga\u017cowanie si\u0119 w \u017cycie spo\u0142eczne i publiczne.\u00a0 By\u0142a zwolenniczk\u0105 demokratycznych rozwi\u0105za\u0144, chcia\u0142a pomaga\u0107 i\u00a0 marzy\u0142a o lepszym losie dla ludzi na wsi.<\/p><p>W 1863 roku wybuch\u0142o Powstanie Styczniowe. Wspiera\u0142a powsta\u0144c\u00f3w jak mog\u0142a,\u00a0 nawet\u00a0 udzieli\u0142a pomocy jednemu z przyw\u00f3dc\u00f3w powstania, Romualdowi Trauguttowi, kt\u00f3ry wyczerpany i chory sp\u0119dzi\u0142 w domu Orzeszk\u00f3w dwa tygodnie. Eliza odwioz\u0142a go p\u00f3\u017aniej w\u0142asnym powozem do granic Kr\u00f3lestwa Polskiego. Nied\u0142ugo potem m\u0105\u017c zosta\u0142 zes\u0142any na Sybir.\u00a0 Eliza nie pojecha\u0142a za m\u0119\u017cem, przenios\u0142a si\u0119 do Milkowszczyzny i rozpocz\u0119\u0142a starania o uznanie niewa\u017cno\u015bci jej ma\u0142\u017ce\u0144stwa, czym zszokowala \u00a0opini\u0119 publiczn\u0105. W \u015bwiecie polskiego ziemia\u0144stwa nie wybaczano \u017conom opuszczenia m\u0119\u017ca w niedoli.\u00a0 Orzeszkowa jednak nie przejmowa\u0142a si\u0119 tym co ludzie m\u00f3wi\u0105 i my\u015bl\u0105. By\u0142a m\u0142od\u0105, dwudziestoczteroletni\u0105 kobiet\u0105, kt\u00f3ra mia\u0142a sprecyzowane plany \u017cyciowe. Chcia\u0142a spe\u0142nia\u0107 si\u0119 literacko, a nie marnowa\u0107 swoje m\u0142ode \u017cycie w dalekiej Rosji u boku m\u0119\u017ca, kt\u00f3rego nie kocha\u0142a. Wkr\u00f3tce nawi\u0105za\u0142a trwaj\u0105cy wiele lat romans ze starszym, \u017conatym m\u0119\u017cczyzn\u0105. Zakocha\u0142a si\u0119 w doradzaj\u0105cym jej w sprawach maj\u0105tkowych, mecenasie Stanis\u0142awie Nahorskim. Niestety, starszy od niej o pi\u0119tna\u015bcie lat prawnik by\u0142 \u017conaty.\u00a0 Dla niego Orzeszkowa zamieszka\u0142a w Grodnie, gdzie kochankowie spotykali si\u0119 przez wiele lat. Romansu nie uda\u0142o si\u0119 utrzyma\u0107 w tajemnicy, co mocno narazi\u0142o, nadszarpni\u0119t\u0105 ju\u017c wcze\u015bniej, reputacj\u0119 pisarki. Romans trwa\u0142 dwadzie\u015bcia pi\u0119\u0107 lat i kiedy po tym czasie\u00a0 zosta\u0142a wreszcie pani\u0105 Nahorsk\u0105 &#8211; \u00a0m\u0105\u017c zmar\u0142 nagle na atak serca podczas przyj\u0119cia z okazji imienin swej \u017cony. Na dodatek okrzyknieto j\u0105 &#8222;z\u0142\u0105 Polk\u0105&#8221;, bowiem maj\u0105c do wyboru \u015blub przyjaciela i ods\u0142oni\u0119cie w stolicy pomnika Adama Mickiewicza, wybra\u0142a uroczysto\u015b\u0107 \u015blubn\u0105&#8230; Pisano:\u00a0 <em>jest wsz\u0119dzie nieobecna, nie chce nic czyni\u0107 dla kraju, jest z\u0142\u0105 Polk\u0105 [&#8230;] <\/em>Kiedy nadszed\u0142 rok 1905r. zosta\u0142a kandydatk\u0105 do Literackiej Nagrody Nobla, kt\u00f3r\u0105 w rezultacie otrzyma\u0142 Henryk Sienkiewicz. Nawet po \u015bmierci sta\u0142a si\u0119 obiektem skandalu obyczajowego. Zmar\u0142a w 1910 r. na serce.\u00a0 Ksi\u0105dz odm\u00f3wi\u0142 jej katolickiego pogrzebu, poniewa\u017c by\u0142a niepraktykuj\u0105ca, konieczna by\u0142a wi\u0119c interwencja biskupa, po kt\u00f3rej pochowano j\u0105 zgodnie z tradycj\u0105 na cmentarzu w Grodnie. Mimo stara\u0144 w\u0142adz carskich, by pogrzeb nie sta\u0142 sie manifestacj\u0105 patriotyczn\u0105, wzi\u0119\u0142o w nim udzia\u0142 ponad 15 tys. os\u00f3b.<\/p><p>Pisarka w swym wyczulonym samokrytycyzmie nie zawsze zdawa\u0142a sobie spraw\u0119 z z tego, jak pot\u0119\u017cna si\u0142a promieniowa\u0142a wtedy z jej ksi\u0105\u017cek. [&#8230;] <em>My Pani\u0105 kochamy <\/em>\u2014 pisa\u0142a w imieniu og\u00f3\u0142u Eugenia \u017bmijewska &#8211; <em>dlatego, \u017ce czujemy, \u017ce pani nas kocha, \u017ce nie s\u0105 to roztkliwiania si\u0119 nad ludzk\u0105 niedol\u0105, lecz umi\u0142owanie ludzi szczere, \u017ce pod wielkim pi\u00f3rem t\u0119tni wielkie serce <\/em>[&#8230;]<\/p><p>\u00a0 \u00a0 Pierwsze informacje o <em>Nad Niemnem<\/em> pojawi\u0142y si\u0119 w listach Elizy Orzeszkowej w 1884 r. Autorka wspomina\u0142a w\u00f3wczas, \u017ce pragnie stworzy\u0107 panoramiczn\u0105 powie\u015b\u0107 spo\u0142eczn\u0105, z\u00a0 fabu\u0142\u0105 romansow\u0105, kt\u00f3ra pocz\u0105tkowo mia\u0142a nosi\u0107 tytu\u0142 <em>Mezalians<\/em>. Pomys\u0142 nasun\u0105\u0142 si\u0119 autorce, gdy by\u0142a u swoich znajomych, kt\u00f3rych c\u00f3rka pope\u0142ni\u0142a taki w\u0142a\u015bnie mezalians.\u00a0 Kolejnym bod\u017acem by\u0142 czas, kiedy miesi\u0105ce letnie pisarka sp\u0119dza\u0142a w maj\u0105tku Miniewicze. Nieopodal niego po\u0142o\u017cony by\u0142 za\u015bcianek Bohatyrowicz\u00f3w z grobowcem Jana i Cecylii w nadnieme\u0144skim parowie \u2013 to zainspirowa\u0142o j\u0105 do rozbudowania w\u0105tku i w tym celu prowadzi\u0142a w okolicy studia botaniczne, j\u0119zykowe i etnograficzne. Jak pisa\u0142a w listach, pragn\u0119\u0142a\u00a0\u00a0 w nadnieme\u0144skiej epopei scharakteryzowa\u0107 szlacht\u0119 zagrodow\u0105 i g\u0142\u00f3wne typy obywatelskie, nie popadaj\u0105c jednak w sielank\u0119. Powie\u015b\u0107 pocz\u0105tkowo ukazywa\u0142a si\u0119 w odcinkach w \u201eTygodniku Ilustrowanym\u201d (1887), a\u00a0 p\u00f3\u017aniej ukaza\u0142a si\u0119 trzytomowa edycja ksi\u0105\u017ckowa, kt\u00f3ra odnios\u0142a wielki sukces wydawniczy \u2013 przez dwa lata rozesz\u0142y si\u0119 trzy jej wydania (kolejne zablokowa\u0142a cenzura).<\/p><p>Ile jest prawdy, a ile fikcji w powie\u015bci <em>Nad Niemnem<\/em>?\u00a0 Przygotowanie do Powstania Styczniowego i jego wybuch stanowi\u0142 dla Orzeszkowej moment przebudzenia narodowego.\u00a0 Echa wydarze\u0144 zapami\u0119tanych przez dwudziestoletni\u0105 dziewczyn\u0119 maj\u0105 swe silne odzwierciedlenie w powie\u015bci. <br \/>[&#8230;] Pewne jest, \u017ce Niemen nadal p\u0142ynie. Dw\u00f3r Benedykta Korczy\u0144skiego, wie\u015b zamieszkana przez Bohatyrowicz\u00f3w, pola kt\u00f3rymi spacerowala Justyna&#8230;Miejsca te nie tylko by\u0142y autentyczne, ale r\u00f3wnie\u017c do dnia dzisiejszego istniej\u0105. Mogi\u0142a Jana i Cecylii jest zadbana, obok stoi \u0142aweczka, na kt\u00f3rej mo\u017cna posiedzie\u0107 i w zadumie lub modlitwie wr\u00f3ci\u0107 my\u015blami do tamtych czas\u00f3w. Do tej mogi\u0142y przychodzili modli\u0107 si\u0119 bohaterowie <em>Nad Niemnem<\/em>, tu niejednokrotnie spotka\u0107 mo\u017cna by\u0142o r\u00f3wnie\u017c Eliz\u0119 Orzeszkow\u0105 [&#8230;] Gr\u00f3b po\u0142o\u017cony jest nad samym Niemnem, schodkami schodzi si\u0119 do rzeki, by na chwile cofn\u0105\u0107 si\u0119 my\u015blami&#8230; ma si\u0119 wra\u017cenie, \u017ce czas si\u0119 zatrzyma\u0142, \u017ce przyroda, o kt\u00f3rej pisze\u00a0 nie zmieni\u0142a si\u0119.\u00a0 Ile\u017c tu polskiej historii widzia\u0142y te pi\u0119kne ziemie?<\/p><p>Rzeka p\u0142ynie jak czas, czas p\u0142ynie jak rzeka&#8230; Tak &#8211;\u00a0 powiedzia\u0142aby zapewne Eliza Orzeszkowa, kt\u00f3ra\u00a0 rzek\u0119 Niemen uczyni\u0142a w powie\u015bci miejscem u\u015bwi\u0119conym, scalaj\u0105cym fabu\u0142\u0119 dzie\u0142a i \u0142\u0105cz\u0105cym wszystkie w\u0105tki. Analogicznie w swej piosence pi\u0119knie \u015bpiewa\u0142 Czes\u0142aw Wydrzycki, kt\u00f3ry\u00a0 nie na darmo przybra\u0142 sobie pseudonim Niemen: <em>Cho\u0107 czas jak rzeka jak rzeka p\u0142ynie, unosz\u0105c w przesz\u0142o\u015b\u0107 tamte dni&#8230;<\/em>Mo\u017ce wi\u0119c warto by\u0142o podczas Narodowego Czytania 2023 z no- stalgi\u0105 powr\u00f3ci\u0107 nad Niemen i na nowo odkry\u0107 pi\u0119kno opisywanych krajobraz\u00f3w&#8230;\u00a0 a mo\u017ce jednak nie nudnych?<\/p><p>\u0179r\u00f3d\u0142o:<a href=\"https:\/\/ciekawostki.online\/ciekawostki\/887\/o-elizie-orzeszkowej\/#google_vignette\">https:\/\/ciekawostki.online\/ciekawostki\/887\/o-elizie-orzeszkowej\/#google_vignette<\/a>, <a href=\"https:\/\/2l.pl\/dzial-382.html\">https:\/\/2l.pl\/dzial-382.html<\/a>,<a href=\"https:\/\/culture.pl\/pl\/tworca\/eliza-orzeszkowa\">https:\/\/culture.pl\/pl\/tworca\/eliza-orzeszkowa<\/a>, <a href=\"https:\/\/lubimyczytac.pl\/ksiazka\/4912299\/niemy-niemen-dalsze-losy-prawdziwych-bohaterow-nad-niemnem\">https:\/\/lubimyczytac.pl\/ksiazka\/4912299\/niemy-niemen-dalsze-losy-prawdziwych-bohaterow-nad-niemnem<\/a><\/p><p>Olga Nowicka<\/p><p>Miejska Biblioteka Publiczna w Chrzanowie<\/p>\t\t\t\t\t\t\t\t<\/div>\n\t\t\t\t<\/div>\n\t\t\t\t\t<\/div>\n\t\t<\/div>\n\t\t\t\t\t<\/div>\n\t\t<\/section>\n\t\t\t\t<section class=\"elementor-section elementor-inner-section elementor-element elementor-element-d001c6f elementor-section-boxed elementor-section-height-default elementor-section-height-default\" data-id=\"d001c6f\" data-element_type=\"section\" data-e-type=\"section\">\n\t\t\t\t\t\t<div class=\"elementor-container elementor-column-gap-default\">\n\t\t\t\t\t<div class=\"elementor-column elementor-col-25 elementor-inner-column elementor-element elementor-element-36e0f36e\" data-id=\"36e0f36e\" data-element_type=\"column\" data-e-type=\"column\">\n\t\t\t<div class=\"elementor-widget-wrap\">\n\t\t\t\t\t\t\t<\/div>\n\t\t<\/div>\n\t\t\t\t<div class=\"elementor-column elementor-col-25 elementor-inner-column elementor-element elementor-element-169c06e4\" data-id=\"169c06e4\" data-element_type=\"column\" data-e-type=\"column\">\n\t\t\t<div class=\"elementor-widget-wrap elementor-element-populated\">\n\t\t\t\t\t\t<div class=\"elementor-element elementor-element-2f37dffc elementor-align-center elementor-icon-list--layout-traditional elementor-list-item-link-full_width elementor-widget elementor-widget-icon-list\" data-id=\"2f37dffc\" data-element_type=\"widget\" data-e-type=\"widget\" data-widget_type=\"icon-list.default\">\n\t\t\t\t<div class=\"elementor-widget-container\">\n\t\t\t\t\t\t\t<ul class=\"elementor-icon-list-items\">\n\t\t\t\t\t\t\t<li class=\"elementor-icon-list-item\">\n\t\t\t\t\t\t\t\t\t\t\t<a href=\"https:\/\/www.facebook.com\/mbp.chrzanow\/\" target=\"_blank\">\n\n\t\t\t\t\t\t\t\t\t\t\t\t<span class=\"elementor-icon-list-icon\">\n\t\t\t\t\t\t\t<i aria-hidden=\"true\" class=\"fab fa-facebook-square\"><\/i>\t\t\t\t\t\t<\/span>\n\t\t\t\t\t\t\t\t\t\t<span class=\"elementor-icon-list-text\"><\/span>\n\t\t\t\t\t\t\t\t\t\t\t<\/a>\n\t\t\t\t\t\t\t\t\t<\/li>\n\t\t\t\t\t\t<\/ul>\n\t\t\t\t\t\t<\/div>\n\t\t\t\t<\/div>\n\t\t\t\t\t<\/div>\n\t\t<\/div>\n\t\t\t\t<div class=\"elementor-column elementor-col-25 elementor-inner-column elementor-element elementor-element-18d9e7c7\" data-id=\"18d9e7c7\" data-element_type=\"column\" data-e-type=\"column\">\n\t\t\t<div class=\"elementor-widget-wrap elementor-element-populated\">\n\t\t\t\t\t\t<div class=\"elementor-element elementor-element-44247e21 elementor-align-center elementor-icon-list--layout-traditional elementor-list-item-link-full_width elementor-widget elementor-widget-icon-list\" data-id=\"44247e21\" data-element_type=\"widget\" data-e-type=\"widget\" data-widget_type=\"icon-list.default\">\n\t\t\t\t<div class=\"elementor-widget-container\">\n\t\t\t\t\t\t\t<ul class=\"elementor-icon-list-items\">\n\t\t\t\t\t\t\t<li class=\"elementor-icon-list-item\">\n\t\t\t\t\t\t\t\t\t\t\t<a href=\"https:\/\/www.instagram.com\/mbp_chrzanow\/\" target=\"_blank\">\n\n\t\t\t\t\t\t\t\t\t\t\t\t<span class=\"elementor-icon-list-icon\">\n\t\t\t\t\t\t\t<i aria-hidden=\"true\" class=\"fab fa-instagram\"><\/i>\t\t\t\t\t\t<\/span>\n\t\t\t\t\t\t\t\t\t\t<span class=\"elementor-icon-list-text\"><\/span>\n\t\t\t\t\t\t\t\t\t\t\t<\/a>\n\t\t\t\t\t\t\t\t\t<\/li>\n\t\t\t\t\t\t<\/ul>\n\t\t\t\t\t\t<\/div>\n\t\t\t\t<\/div>\n\t\t\t\t\t<\/div>\n\t\t<\/div>\n\t\t\t\t<div class=\"elementor-column elementor-col-25 elementor-inner-column elementor-element elementor-element-3bff75f9\" data-id=\"3bff75f9\" data-element_type=\"column\" data-e-type=\"column\">\n\t\t\t<div class=\"elementor-widget-wrap elementor-element-populated\">\n\t\t\t\t\t\t<div class=\"elementor-element elementor-element-3c4cd6c5 elementor-align-center elementor-icon-list--layout-traditional elementor-list-item-link-full_width elementor-widget elementor-widget-icon-list\" data-id=\"3c4cd6c5\" data-element_type=\"widget\" data-e-type=\"widget\" data-widget_type=\"icon-list.default\">\n\t\t\t\t<div class=\"elementor-widget-container\">\n\t\t\t\t\t\t\t<ul class=\"elementor-icon-list-items\">\n\t\t\t\t\t\t\t<li class=\"elementor-icon-list-item\">\n\t\t\t\t\t\t\t\t\t\t\t<a href=\"https:\/\/www.youtube.com\/user\/MBPChrzanow\" target=\"_blank\">\n\n\t\t\t\t\t\t\t\t\t\t\t\t<span class=\"elementor-icon-list-icon\">\n\t\t\t\t\t\t\t<i aria-hidden=\"true\" class=\"fab fa-youtube\"><\/i>\t\t\t\t\t\t<\/span>\n\t\t\t\t\t\t\t\t\t\t<span class=\"elementor-icon-list-text\"><\/span>\n\t\t\t\t\t\t\t\t\t\t\t<\/a>\n\t\t\t\t\t\t\t\t\t<\/li>\n\t\t\t\t\t\t<\/ul>\n\t\t\t\t\t\t<\/div>\n\t\t\t\t<\/div>\n\t\t\t\t\t<\/div>\n\t\t<\/div>\n\t\t\t\t\t<\/div>\n\t\t<\/section>\n\t\t\t\t<\/div>\n\t\t","protected":false},"excerpt":{"rendered":"<p> [&hellip;]<\/p>\n","protected":false},"author":3,"featured_media":2324,"comment_status":"closed","ping_status":"closed","sticky":false,"template":"","format":"standard","meta":{"footnotes":""},"categories":[11],"tags":[36,27,28],"class_list":["post-2323","post","type-post","status-publish","format-standard","has-post-thumbnail","hentry","category-felietony","tag-36","tag-felieton","tag-olga-nowicka"],"yoast_head":"<!-- This site is optimized with the Yoast SEO plugin v27.5 - https:\/\/yoast.com\/product\/yoast-seo-wordpress\/ -->\n<title>Felieton Olgi Nowickiej \u2013 wrzesie\u0144 2023 - Akademia S\u0142owa - Chrzan\u00f3w<\/title>\n<meta name=\"robots\" content=\"index, follow, max-snippet:-1, max-image-preview:large, max-video-preview:-1\" \/>\n<link rel=\"canonical\" href=\"https:\/\/www.mbp.chrzanow.pl\/akademiaslowa\/index.php\/2023\/09\/15\/felieton-olgi-nowickiej-wrzesien-2023\/\" \/>\n<meta property=\"og:locale\" content=\"pl_PL\" \/>\n<meta property=\"og:type\" content=\"article\" \/>\n<meta property=\"og:title\" content=\"Felieton Olgi Nowickiej \u2013 wrzesie\u0144 2023 - Akademia S\u0142owa - Chrzan\u00f3w\" \/>\n<meta property=\"og:description\" content=\"[&hellip;]\" \/>\n<meta property=\"og:url\" content=\"https:\/\/www.mbp.chrzanow.pl\/akademiaslowa\/index.php\/2023\/09\/15\/felieton-olgi-nowickiej-wrzesien-2023\/\" \/>\n<meta property=\"og:site_name\" content=\"Akademia S\u0142owa - Chrzan\u00f3w\" \/>\n<meta property=\"article:published_time\" content=\"2023-09-15T06:00:36+00:00\" \/>\n<meta property=\"article:modified_time\" content=\"2023-09-27T11:44:50+00:00\" \/>\n<meta property=\"og:image\" content=\"https:\/\/www.mbp.chrzanow.pl\/akademiaslowa\/wp-content\/uploads\/2023\/08\/nakladka_felieton-wrzesien_nw.jpg\" \/>\n\t<meta property=\"og:image:width\" content=\"652\" \/>\n\t<meta property=\"og:image:height\" content=\"920\" \/>\n\t<meta property=\"og:image:type\" content=\"image\/jpeg\" \/>\n<meta name=\"author\" content=\"Prom\" \/>\n<meta name=\"twitter:card\" content=\"summary_large_image\" \/>\n<meta name=\"twitter:label1\" content=\"Napisane przez\" \/>\n\t<meta name=\"twitter:data1\" content=\"Prom\" \/>\n\t<meta name=\"twitter:label2\" content=\"Szacowany czas czytania\" \/>\n\t<meta name=\"twitter:data2\" content=\"9 minut\" \/>\n<script type=\"application\/ld+json\" class=\"yoast-schema-graph\">{\"@context\":\"https:\\\/\\\/schema.org\",\"@graph\":[{\"@type\":\"Article\",\"@id\":\"https:\\\/\\\/www.mbp.chrzanow.pl\\\/akademiaslowa\\\/index.php\\\/2023\\\/09\\\/15\\\/felieton-olgi-nowickiej-wrzesien-2023\\\/#article\",\"isPartOf\":{\"@id\":\"https:\\\/\\\/www.mbp.chrzanow.pl\\\/akademiaslowa\\\/index.php\\\/2023\\\/09\\\/15\\\/felieton-olgi-nowickiej-wrzesien-2023\\\/\"},\"author\":{\"name\":\"Prom\",\"@id\":\"https:\\\/\\\/www.mbp.chrzanow.pl\\\/akademiaslowa\\\/#\\\/schema\\\/person\\\/fe7a35ef0376d4e76846aeae319d9fd8\"},\"headline\":\"Felieton Olgi Nowickiej \u2013 wrzesie\u0144 2023\",\"datePublished\":\"2023-09-15T06:00:36+00:00\",\"dateModified\":\"2023-09-27T11:44:50+00:00\",\"mainEntityOfPage\":{\"@id\":\"https:\\\/\\\/www.mbp.chrzanow.pl\\\/akademiaslowa\\\/index.php\\\/2023\\\/09\\\/15\\\/felieton-olgi-nowickiej-wrzesien-2023\\\/\"},\"wordCount\":1801,\"publisher\":{\"@id\":\"https:\\\/\\\/www.mbp.chrzanow.pl\\\/akademiaslowa\\\/#organization\"},\"image\":{\"@id\":\"https:\\\/\\\/www.mbp.chrzanow.pl\\\/akademiaslowa\\\/index.php\\\/2023\\\/09\\\/15\\\/felieton-olgi-nowickiej-wrzesien-2023\\\/#primaryimage\"},\"thumbnailUrl\":\"https:\\\/\\\/www.mbp.chrzanow.pl\\\/akademiaslowa\\\/wp-content\\\/uploads\\\/2023\\\/08\\\/nakladka_felieton-wrzesien_nw.jpg\",\"keywords\":[\"2023\",\"Felieton\",\"Olga Nowicka\"],\"articleSection\":[\"Felietony\"],\"inLanguage\":\"pl-PL\"},{\"@type\":\"WebPage\",\"@id\":\"https:\\\/\\\/www.mbp.chrzanow.pl\\\/akademiaslowa\\\/index.php\\\/2023\\\/09\\\/15\\\/felieton-olgi-nowickiej-wrzesien-2023\\\/\",\"url\":\"https:\\\/\\\/www.mbp.chrzanow.pl\\\/akademiaslowa\\\/index.php\\\/2023\\\/09\\\/15\\\/felieton-olgi-nowickiej-wrzesien-2023\\\/\",\"name\":\"Felieton Olgi Nowickiej \u2013 wrzesie\u0144 2023 - Akademia S\u0142owa - Chrzan\u00f3w\",\"isPartOf\":{\"@id\":\"https:\\\/\\\/www.mbp.chrzanow.pl\\\/akademiaslowa\\\/#website\"},\"primaryImageOfPage\":{\"@id\":\"https:\\\/\\\/www.mbp.chrzanow.pl\\\/akademiaslowa\\\/index.php\\\/2023\\\/09\\\/15\\\/felieton-olgi-nowickiej-wrzesien-2023\\\/#primaryimage\"},\"image\":{\"@id\":\"https:\\\/\\\/www.mbp.chrzanow.pl\\\/akademiaslowa\\\/index.php\\\/2023\\\/09\\\/15\\\/felieton-olgi-nowickiej-wrzesien-2023\\\/#primaryimage\"},\"thumbnailUrl\":\"https:\\\/\\\/www.mbp.chrzanow.pl\\\/akademiaslowa\\\/wp-content\\\/uploads\\\/2023\\\/08\\\/nakladka_felieton-wrzesien_nw.jpg\",\"datePublished\":\"2023-09-15T06:00:36+00:00\",\"dateModified\":\"2023-09-27T11:44:50+00:00\",\"breadcrumb\":{\"@id\":\"https:\\\/\\\/www.mbp.chrzanow.pl\\\/akademiaslowa\\\/index.php\\\/2023\\\/09\\\/15\\\/felieton-olgi-nowickiej-wrzesien-2023\\\/#breadcrumb\"},\"inLanguage\":\"pl-PL\",\"potentialAction\":[{\"@type\":\"ReadAction\",\"target\":[\"https:\\\/\\\/www.mbp.chrzanow.pl\\\/akademiaslowa\\\/index.php\\\/2023\\\/09\\\/15\\\/felieton-olgi-nowickiej-wrzesien-2023\\\/\"]}]},{\"@type\":\"ImageObject\",\"inLanguage\":\"pl-PL\",\"@id\":\"https:\\\/\\\/www.mbp.chrzanow.pl\\\/akademiaslowa\\\/index.php\\\/2023\\\/09\\\/15\\\/felieton-olgi-nowickiej-wrzesien-2023\\\/#primaryimage\",\"url\":\"https:\\\/\\\/www.mbp.chrzanow.pl\\\/akademiaslowa\\\/wp-content\\\/uploads\\\/2023\\\/08\\\/nakladka_felieton-wrzesien_nw.jpg\",\"contentUrl\":\"https:\\\/\\\/www.mbp.chrzanow.pl\\\/akademiaslowa\\\/wp-content\\\/uploads\\\/2023\\\/08\\\/nakladka_felieton-wrzesien_nw.jpg\",\"width\":652,\"height\":920},{\"@type\":\"BreadcrumbList\",\"@id\":\"https:\\\/\\\/www.mbp.chrzanow.pl\\\/akademiaslowa\\\/index.php\\\/2023\\\/09\\\/15\\\/felieton-olgi-nowickiej-wrzesien-2023\\\/#breadcrumb\",\"itemListElement\":[{\"@type\":\"ListItem\",\"position\":1,\"name\":\"Strona g\u0142\u00f3wna\",\"item\":\"https:\\\/\\\/www.mbp.chrzanow.pl\\\/akademiaslowa\\\/\"},{\"@type\":\"ListItem\",\"position\":2,\"name\":\"Felieton Olgi Nowickiej \u2013 wrzesie\u0144 2023\"}]},{\"@type\":\"WebSite\",\"@id\":\"https:\\\/\\\/www.mbp.chrzanow.pl\\\/akademiaslowa\\\/#website\",\"url\":\"https:\\\/\\\/www.mbp.chrzanow.pl\\\/akademiaslowa\\\/\",\"name\":\"Akademia S\u0142owa - Chrzan\u00f3w\",\"description\":\"Czym poezja...\",\"publisher\":{\"@id\":\"https:\\\/\\\/www.mbp.chrzanow.pl\\\/akademiaslowa\\\/#organization\"},\"potentialAction\":[{\"@type\":\"SearchAction\",\"target\":{\"@type\":\"EntryPoint\",\"urlTemplate\":\"https:\\\/\\\/www.mbp.chrzanow.pl\\\/akademiaslowa\\\/?s={search_term_string}\"},\"query-input\":{\"@type\":\"PropertyValueSpecification\",\"valueRequired\":true,\"valueName\":\"search_term_string\"}}],\"inLanguage\":\"pl-PL\"},{\"@type\":\"Organization\",\"@id\":\"https:\\\/\\\/www.mbp.chrzanow.pl\\\/akademiaslowa\\\/#organization\",\"name\":\"Akademia S\u0142owa Chrzan\u00f3w\",\"url\":\"https:\\\/\\\/www.mbp.chrzanow.pl\\\/akademiaslowa\\\/\",\"logo\":{\"@type\":\"ImageObject\",\"inLanguage\":\"pl-PL\",\"@id\":\"https:\\\/\\\/www.mbp.chrzanow.pl\\\/akademiaslowa\\\/#\\\/schema\\\/logo\\\/image\\\/\",\"url\":\"https:\\\/\\\/www.mbp.chrzanow.pl\\\/akademiaslowa\\\/wp-content\\\/uploads\\\/2017\\\/12\\\/AkademiaSlowa_www.jpg\",\"contentUrl\":\"https:\\\/\\\/www.mbp.chrzanow.pl\\\/akademiaslowa\\\/wp-content\\\/uploads\\\/2017\\\/12\\\/AkademiaSlowa_www.jpg\",\"width\":500,\"height\":79,\"caption\":\"Akademia S\u0142owa Chrzan\u00f3w\"},\"image\":{\"@id\":\"https:\\\/\\\/www.mbp.chrzanow.pl\\\/akademiaslowa\\\/#\\\/schema\\\/logo\\\/image\\\/\"}},{\"@type\":\"Person\",\"@id\":\"https:\\\/\\\/www.mbp.chrzanow.pl\\\/akademiaslowa\\\/#\\\/schema\\\/person\\\/fe7a35ef0376d4e76846aeae319d9fd8\",\"name\":\"Prom\",\"image\":{\"@type\":\"ImageObject\",\"inLanguage\":\"pl-PL\",\"@id\":\"https:\\\/\\\/secure.gravatar.com\\\/avatar\\\/f60fbd4aa9e3207ab0785fd91859281f74f6e854743680d402cbd83a1b744580?s=96&d=mm&r=g\",\"url\":\"https:\\\/\\\/secure.gravatar.com\\\/avatar\\\/f60fbd4aa9e3207ab0785fd91859281f74f6e854743680d402cbd83a1b744580?s=96&d=mm&r=g\",\"contentUrl\":\"https:\\\/\\\/secure.gravatar.com\\\/avatar\\\/f60fbd4aa9e3207ab0785fd91859281f74f6e854743680d402cbd83a1b744580?s=96&d=mm&r=g\",\"caption\":\"Prom\"},\"url\":\"https:\\\/\\\/www.mbp.chrzanow.pl\\\/akademiaslowa\\\/index.php\\\/author\\\/promocja\\\/\"}]}<\/script>\n<!-- \/ Yoast SEO plugin. -->","yoast_head_json":{"title":"Felieton Olgi Nowickiej \u2013 wrzesie\u0144 2023 - Akademia S\u0142owa - Chrzan\u00f3w","robots":{"index":"index","follow":"follow","max-snippet":"max-snippet:-1","max-image-preview":"max-image-preview:large","max-video-preview":"max-video-preview:-1"},"canonical":"https:\/\/www.mbp.chrzanow.pl\/akademiaslowa\/index.php\/2023\/09\/15\/felieton-olgi-nowickiej-wrzesien-2023\/","og_locale":"pl_PL","og_type":"article","og_title":"Felieton Olgi Nowickiej \u2013 wrzesie\u0144 2023 - Akademia S\u0142owa - Chrzan\u00f3w","og_description":"[&hellip;]","og_url":"https:\/\/www.mbp.chrzanow.pl\/akademiaslowa\/index.php\/2023\/09\/15\/felieton-olgi-nowickiej-wrzesien-2023\/","og_site_name":"Akademia S\u0142owa - Chrzan\u00f3w","article_published_time":"2023-09-15T06:00:36+00:00","article_modified_time":"2023-09-27T11:44:50+00:00","og_image":[{"width":652,"height":920,"url":"https:\/\/www.mbp.chrzanow.pl\/akademiaslowa\/wp-content\/uploads\/2023\/08\/nakladka_felieton-wrzesien_nw.jpg","type":"image\/jpeg"}],"author":"Prom","twitter_card":"summary_large_image","twitter_misc":{"Napisane przez":"Prom","Szacowany czas czytania":"9 minut"},"schema":{"@context":"https:\/\/schema.org","@graph":[{"@type":"Article","@id":"https:\/\/www.mbp.chrzanow.pl\/akademiaslowa\/index.php\/2023\/09\/15\/felieton-olgi-nowickiej-wrzesien-2023\/#article","isPartOf":{"@id":"https:\/\/www.mbp.chrzanow.pl\/akademiaslowa\/index.php\/2023\/09\/15\/felieton-olgi-nowickiej-wrzesien-2023\/"},"author":{"name":"Prom","@id":"https:\/\/www.mbp.chrzanow.pl\/akademiaslowa\/#\/schema\/person\/fe7a35ef0376d4e76846aeae319d9fd8"},"headline":"Felieton Olgi Nowickiej \u2013 wrzesie\u0144 2023","datePublished":"2023-09-15T06:00:36+00:00","dateModified":"2023-09-27T11:44:50+00:00","mainEntityOfPage":{"@id":"https:\/\/www.mbp.chrzanow.pl\/akademiaslowa\/index.php\/2023\/09\/15\/felieton-olgi-nowickiej-wrzesien-2023\/"},"wordCount":1801,"publisher":{"@id":"https:\/\/www.mbp.chrzanow.pl\/akademiaslowa\/#organization"},"image":{"@id":"https:\/\/www.mbp.chrzanow.pl\/akademiaslowa\/index.php\/2023\/09\/15\/felieton-olgi-nowickiej-wrzesien-2023\/#primaryimage"},"thumbnailUrl":"https:\/\/www.mbp.chrzanow.pl\/akademiaslowa\/wp-content\/uploads\/2023\/08\/nakladka_felieton-wrzesien_nw.jpg","keywords":["2023","Felieton","Olga Nowicka"],"articleSection":["Felietony"],"inLanguage":"pl-PL"},{"@type":"WebPage","@id":"https:\/\/www.mbp.chrzanow.pl\/akademiaslowa\/index.php\/2023\/09\/15\/felieton-olgi-nowickiej-wrzesien-2023\/","url":"https:\/\/www.mbp.chrzanow.pl\/akademiaslowa\/index.php\/2023\/09\/15\/felieton-olgi-nowickiej-wrzesien-2023\/","name":"Felieton Olgi Nowickiej \u2013 wrzesie\u0144 2023 - Akademia S\u0142owa - Chrzan\u00f3w","isPartOf":{"@id":"https:\/\/www.mbp.chrzanow.pl\/akademiaslowa\/#website"},"primaryImageOfPage":{"@id":"https:\/\/www.mbp.chrzanow.pl\/akademiaslowa\/index.php\/2023\/09\/15\/felieton-olgi-nowickiej-wrzesien-2023\/#primaryimage"},"image":{"@id":"https:\/\/www.mbp.chrzanow.pl\/akademiaslowa\/index.php\/2023\/09\/15\/felieton-olgi-nowickiej-wrzesien-2023\/#primaryimage"},"thumbnailUrl":"https:\/\/www.mbp.chrzanow.pl\/akademiaslowa\/wp-content\/uploads\/2023\/08\/nakladka_felieton-wrzesien_nw.jpg","datePublished":"2023-09-15T06:00:36+00:00","dateModified":"2023-09-27T11:44:50+00:00","breadcrumb":{"@id":"https:\/\/www.mbp.chrzanow.pl\/akademiaslowa\/index.php\/2023\/09\/15\/felieton-olgi-nowickiej-wrzesien-2023\/#breadcrumb"},"inLanguage":"pl-PL","potentialAction":[{"@type":"ReadAction","target":["https:\/\/www.mbp.chrzanow.pl\/akademiaslowa\/index.php\/2023\/09\/15\/felieton-olgi-nowickiej-wrzesien-2023\/"]}]},{"@type":"ImageObject","inLanguage":"pl-PL","@id":"https:\/\/www.mbp.chrzanow.pl\/akademiaslowa\/index.php\/2023\/09\/15\/felieton-olgi-nowickiej-wrzesien-2023\/#primaryimage","url":"https:\/\/www.mbp.chrzanow.pl\/akademiaslowa\/wp-content\/uploads\/2023\/08\/nakladka_felieton-wrzesien_nw.jpg","contentUrl":"https:\/\/www.mbp.chrzanow.pl\/akademiaslowa\/wp-content\/uploads\/2023\/08\/nakladka_felieton-wrzesien_nw.jpg","width":652,"height":920},{"@type":"BreadcrumbList","@id":"https:\/\/www.mbp.chrzanow.pl\/akademiaslowa\/index.php\/2023\/09\/15\/felieton-olgi-nowickiej-wrzesien-2023\/#breadcrumb","itemListElement":[{"@type":"ListItem","position":1,"name":"Strona g\u0142\u00f3wna","item":"https:\/\/www.mbp.chrzanow.pl\/akademiaslowa\/"},{"@type":"ListItem","position":2,"name":"Felieton Olgi Nowickiej \u2013 wrzesie\u0144 2023"}]},{"@type":"WebSite","@id":"https:\/\/www.mbp.chrzanow.pl\/akademiaslowa\/#website","url":"https:\/\/www.mbp.chrzanow.pl\/akademiaslowa\/","name":"Akademia S\u0142owa - Chrzan\u00f3w","description":"Czym poezja...","publisher":{"@id":"https:\/\/www.mbp.chrzanow.pl\/akademiaslowa\/#organization"},"potentialAction":[{"@type":"SearchAction","target":{"@type":"EntryPoint","urlTemplate":"https:\/\/www.mbp.chrzanow.pl\/akademiaslowa\/?s={search_term_string}"},"query-input":{"@type":"PropertyValueSpecification","valueRequired":true,"valueName":"search_term_string"}}],"inLanguage":"pl-PL"},{"@type":"Organization","@id":"https:\/\/www.mbp.chrzanow.pl\/akademiaslowa\/#organization","name":"Akademia S\u0142owa Chrzan\u00f3w","url":"https:\/\/www.mbp.chrzanow.pl\/akademiaslowa\/","logo":{"@type":"ImageObject","inLanguage":"pl-PL","@id":"https:\/\/www.mbp.chrzanow.pl\/akademiaslowa\/#\/schema\/logo\/image\/","url":"https:\/\/www.mbp.chrzanow.pl\/akademiaslowa\/wp-content\/uploads\/2017\/12\/AkademiaSlowa_www.jpg","contentUrl":"https:\/\/www.mbp.chrzanow.pl\/akademiaslowa\/wp-content\/uploads\/2017\/12\/AkademiaSlowa_www.jpg","width":500,"height":79,"caption":"Akademia S\u0142owa Chrzan\u00f3w"},"image":{"@id":"https:\/\/www.mbp.chrzanow.pl\/akademiaslowa\/#\/schema\/logo\/image\/"}},{"@type":"Person","@id":"https:\/\/www.mbp.chrzanow.pl\/akademiaslowa\/#\/schema\/person\/fe7a35ef0376d4e76846aeae319d9fd8","name":"Prom","image":{"@type":"ImageObject","inLanguage":"pl-PL","@id":"https:\/\/secure.gravatar.com\/avatar\/f60fbd4aa9e3207ab0785fd91859281f74f6e854743680d402cbd83a1b744580?s=96&d=mm&r=g","url":"https:\/\/secure.gravatar.com\/avatar\/f60fbd4aa9e3207ab0785fd91859281f74f6e854743680d402cbd83a1b744580?s=96&d=mm&r=g","contentUrl":"https:\/\/secure.gravatar.com\/avatar\/f60fbd4aa9e3207ab0785fd91859281f74f6e854743680d402cbd83a1b744580?s=96&d=mm&r=g","caption":"Prom"},"url":"https:\/\/www.mbp.chrzanow.pl\/akademiaslowa\/index.php\/author\/promocja\/"}]}},"_links":{"self":[{"href":"https:\/\/www.mbp.chrzanow.pl\/akademiaslowa\/index.php\/wp-json\/wp\/v2\/posts\/2323","targetHints":{"allow":["GET"]}}],"collection":[{"href":"https:\/\/www.mbp.chrzanow.pl\/akademiaslowa\/index.php\/wp-json\/wp\/v2\/posts"}],"about":[{"href":"https:\/\/www.mbp.chrzanow.pl\/akademiaslowa\/index.php\/wp-json\/wp\/v2\/types\/post"}],"author":[{"embeddable":true,"href":"https:\/\/www.mbp.chrzanow.pl\/akademiaslowa\/index.php\/wp-json\/wp\/v2\/users\/3"}],"replies":[{"embeddable":true,"href":"https:\/\/www.mbp.chrzanow.pl\/akademiaslowa\/index.php\/wp-json\/wp\/v2\/comments?post=2323"}],"version-history":[{"count":5,"href":"https:\/\/www.mbp.chrzanow.pl\/akademiaslowa\/index.php\/wp-json\/wp\/v2\/posts\/2323\/revisions"}],"predecessor-version":[{"id":2329,"href":"https:\/\/www.mbp.chrzanow.pl\/akademiaslowa\/index.php\/wp-json\/wp\/v2\/posts\/2323\/revisions\/2329"}],"wp:featuredmedia":[{"embeddable":true,"href":"https:\/\/www.mbp.chrzanow.pl\/akademiaslowa\/index.php\/wp-json\/wp\/v2\/media\/2324"}],"wp:attachment":[{"href":"https:\/\/www.mbp.chrzanow.pl\/akademiaslowa\/index.php\/wp-json\/wp\/v2\/media?parent=2323"}],"wp:term":[{"taxonomy":"category","embeddable":true,"href":"https:\/\/www.mbp.chrzanow.pl\/akademiaslowa\/index.php\/wp-json\/wp\/v2\/categories?post=2323"},{"taxonomy":"post_tag","embeddable":true,"href":"https:\/\/www.mbp.chrzanow.pl\/akademiaslowa\/index.php\/wp-json\/wp\/v2\/tags?post=2323"}],"curies":[{"name":"wp","href":"https:\/\/api.w.org\/{rel}","templated":true}]}}