{"id":2886,"date":"2025-01-25T08:00:00","date_gmt":"2025-01-25T07:00:00","guid":{"rendered":"https:\/\/www.mbp.chrzanow.pl\/akademiaslowa\/?p=2886"},"modified":"2025-05-22T15:56:56","modified_gmt":"2025-05-22T13:56:56","slug":"felieton-olgi-nowickiej-styczen-2025","status":"publish","type":"post","link":"https:\/\/www.mbp.chrzanow.pl\/akademiaslowa\/index.php\/2025\/01\/25\/felieton-olgi-nowickiej-styczen-2025\/","title":{"rendered":"Felieton Olgi Nowickiej &#8211; stycze\u0144 2025"},"content":{"rendered":"\t\t<div data-elementor-type=\"wp-post\" data-elementor-id=\"2886\" class=\"elementor elementor-2886\">\n\t\t\t\t\t\t<section class=\"elementor-section elementor-top-section elementor-element elementor-element-3f69ea2 elementor-section-boxed elementor-section-height-default elementor-section-height-default\" data-id=\"3f69ea2\" data-element_type=\"section\" data-e-type=\"section\">\n\t\t\t\t\t\t<div class=\"elementor-container elementor-column-gap-default\">\n\t\t\t\t\t<div class=\"elementor-column elementor-col-100 elementor-top-column elementor-element elementor-element-b8378a7\" data-id=\"b8378a7\" data-element_type=\"column\" data-e-type=\"column\">\n\t\t\t<div class=\"elementor-widget-wrap elementor-element-populated\">\n\t\t\t\t\t\t<div class=\"elementor-element elementor-element-c0c6cdf elementor-widget elementor-widget-text-editor\" data-id=\"c0c6cdf\" data-element_type=\"widget\" data-e-type=\"widget\" data-widget_type=\"text-editor.default\">\n\t\t\t\t<div class=\"elementor-widget-container\">\n\t\t\t\t\t\t\t\t\t<p>Bywa, \u017ce oto na polsk\u0105 scen\u0119 literack\u0105 wkraczaj\u0105 autorzy i z mety &#8211; rezonans &#8211; ich powie\u015bci drga na naszych czytelniczych strunach pozostawiaj\u0105c zapami\u0119tywany d\u0142ugo pog\u0142os. Trudno czasami zmierzy\u0107, por\u00f3wnywa\u0107\u2026 ale zostaje w nas pewno\u015b\u0107, \u017ce mamy do czynienia ze zjawiskiem bezprecedensowym, wyznaczaj\u0105cym pewn\u0105 zmian\u0119 w literaturze polskiej i osadzaj\u0105ce si\u0119 na trwa\u0142e w komunikacji spo\u0142ecznej.\u00a0 Np. Dorota Mas\u0142owska czy Micha\u0142 Witkowski. <br \/>Zar\u00f3wno po wydaniu <em>Wojny polsko-ruskiej <\/em>jak i <em>Lubiewa <\/em>dokona\u0142a si\u0119 w naszej kulturze pewna ma\u0142a rewolucja. <br \/>Bez w\u0105tpienia ich debiuty pad\u0142y na szczeg\u00f3lny grunt cywilizacyjno-kulturowo-medialny. Nie funkcjonuj\u0105 jedynie jako literaci ale ca\u0142e spectrum dzia\u0142a\u0144, kt\u00f3re z ich tekstami pozostaj\u0105 w pewnej korelacji, a sami autorzy poprzez swoje Tworzyd\u0142a stali si\u0119 Tw\u00f3rcami wymykaj\u0105cymi si\u0119 spod kontroli zar\u00f3wno publiczno\u015bci jak i wydawc\u00f3w. I to ich si\u0142a\u2026 dynamika dzia\u0142a\u0144, przemiany, przedsi\u0119wzi\u0119cia nie daj\u0105ce si\u0119 uj\u0105\u0107 w jakiekolwiek ramy, a mo\u017ce i daj\u0105ce ale na pewno nie podane na tacy, z dystansem do siebie i otaczaj\u0105cego nas \u015bwiata, daj\u0105ce do my\u015blenia, z ironi\u0105, drwin\u0105, przesadno\u015bci\u0105\u2026\u00a0 Bo oto mamy do czynienia <br \/>z PROJEKTEM OSOBOWO\u015aCIOWYM, kt\u00f3rego biografia jest zapisywana i zapami\u0119tywana w szeroko poj\u0119tym obszarze kulturowo-medialnym. Do tego wszystkiego, albo przede wszystkim \u2013 baaaardzo dobre pi\u00f3ro.<\/p><p>Z Dorot\u0105 Mas\u0142owsk\u0105 nigdy niestety nie\u00a0 mia\u0142am okazji rozmawia\u0107, a z Micha\u0142em Witkowskim owszem\u2026 listopad 2024\u2026 <br \/>i by\u0142o to jedno z ciekawszych spotka\u0144 autorskich, kt\u00f3re prowadzi\u0142am. Autor zachwyci\u0142 si\u0119 chrzanowskimi czytelnikami <br \/>a czytelnicy, kt\u00f3rzy t\u0142umnie przybyli na spotkanie byli pod wra\u017ceniem autora i ch\u0119tnie rozmawiali z Nim nie tylko <br \/>o literaturze.<\/p><p>Jako pisarz zadebiutowa\u0142 w 1997 tomikiem poezji \u201eZgorszeni wstaj\u0105 od sto\u0142\u00f3w\u201d. Oficjalnie za sw\u0105 pierwsz\u0105 ksi\u0105\u017ck\u0119 autor uznaje zbi\u00f3r opowiada\u0144 \u201eCopyright\u201d (2001), jednak to rok 2005 r. by\u0142 dla Niego prze\u0142omowy, wtedy bowiem ukaza\u0142a si\u0119\u00a0 powie\u015b\u0107 \u201eLubiewo\u201d, kt\u00f3ra wkr\u00f3tce zyska\u0142a miano kultowej. Wszystkie kolejne tytu\u0142y, w tym min: \u201eBarbara Radziwi\u0142\u0142\u00f3wna <br \/>z Jaworzna Szczakowej\u201d, \u201eMargot\u201d, \u201eDrwal\u201d,\u201d Zbrodniarz i dziewczyna\u201d, \u201eWymazane\u201d czy\u00a0 \u201eTango\u201d odbi\u0142y si\u0119 szerokim echem\u00a0 na polskim rynku wydawniczym, zyskuj\u0105c sta\u0142e grono wielbicieli.<\/p><p>I chocia\u017c na spotkaniu promowali\u015bmy najnowsz\u0105 ksi\u0105\u017ck\u0119 \u201eWiara. Autobiografia\u201d, to przedstawiaj\u0105c naszego go\u015bcia \u2013 tylko jako pisarza by\u0142oby\u2026 niesprawiedliwe, niestosowne i niem\u0105dre\u2026? Bowiem Micha\u0142 Witkowski to z pewno\u015bci\u0105 OSOBOWO\u015a\u0106 \u2013 skupiaj\u0105ca r\u00f3\u017cne twarze: pisarza, felietonisty, dziennikarza, aktora, blogera modowego, szafiarza, barwnego ptaka warszawskich salon\u00f3w \u2013 kt\u00f3re to twarze wkraczaj\u0105 z impetem w \u015bwiat literatury, staj\u0105c si\u0119 bohaterami opowie\u015bci. Por\u00f3wnywany do Gombrowicza, doczeka\u0142 si\u0119\u2026 terminu \u201ewitkowszczyzna\u201d (du\u017ca doza ironii i groteski, przejaskrawiony \u015bwiat, nowa forma, j\u0119zyk, nigdy nie wiadomo gdzie ko\u0144czy si\u0119 \u017cart a zaczyna powaga), szokuje i porusza, nie obawiaj\u0105c si\u0119 w swoich powie\u015bciach temat\u00f3w trudnych i dyskusyjnych. Mo\u017cna go kocha\u0107 lub nienawidzi\u0107. Na pewno jednak, nie mo\u017cna przej\u015b\u0107 obok Jego tw\u00f3rczo\u015bci oboj\u0119tnie.<\/p><p>Nasz\u0105 rozmow\u0119 rozpocz\u0119li\u015bmy od pytania w kontek\u015bcie FENOMENU Micha\u0142a Witkowskiego \u2013 w\u0142a\u015bnie jako PROJEKTU OSOBOWO\u015aCIOWEGO. Autor zgodzi\u0142 si\u0119 z takim stwierdzeniem w odniesieniu do Jego osoby. Ma sw\u00f3j pomys\u0142 na siebie &#8211; jako Tw\u00f3rc\u0119 i ca\u0142e spektrum dzia\u0142a\u0144 artystycznych \u2013 jako Tworzyd\u0142o.<\/p><p><em>[\u2026] Bo centrum tego \u015bwiata jest sam Witkowski, kt\u00f3ry dzi\u0119ki intensywnej obecno\u015bci w mediach dopisuje kolejne rozdzia\u0142y do swojej tw\u00f3rczo\u015bci, sk\u0142adaj\u0105cej si\u0119 na jeden wielki projekt osobowo\u015bciowy. To fascynuj\u0105cy proces, w kt\u00f3rym konsekwencje popularno\u015bci autora \u2013 wywiady, sesje fotograficzne itd. \u2013 staj\u0105 si\u0119 cz\u0119\u015bci\u0105 literatury. Nie s\u0105 dodatkiem do tekstu ani zewn\u0119trznym kontekstem, ale cz\u0119\u015bci\u0105 literackiego uniwersum, w kt\u00f3rym wszystkie elementy s\u0105 ze sob\u0105 powi\u0105zane.<\/em> ( Dominik Antonik, <em>Autor jako marka. Literatura w kulturze audiowizualnej spo\u0142ecze\u0144stwa informacyjnego <\/em>\/ Analiza: Jacek Dehnel, czyli futurystyczny klasycyzm,\u00a0 Micha\u0142 Witkowski, czyli witkowszczyzna )<\/p><p>To czego mo\u017cna si\u0119 spodziewa\u0107 bior\u0105c do r\u0119ki kolejn\u0105 ksi\u0105\u017ck\u0119 Witkowskiego to przede wszystkim ZABAWA KONWENCJ\u0104. Mamy wi\u0119c do czynienia z elementami realizmu magicznego, krymina\u0142u, romansu\u2026 chocia\u017c sam autor jest przeciwnikiem literatury gatunku w odniesieniu do swojej tw\u00f3rczo\u015bci\u2026\u00a0 <br \/>Powie\u015b\u0107 &#8211; publicystyka &#8211; marketing \u2013 tak szeroko poj\u0119ta aktywno\u015b\u0107 pisarska w sferze publicznej tworz\u0105 autorsk\u0105 kreacj\u0119 Micha\u0142a Witkowskiego, kt\u00f3rej elementy Czytelnik odnajduje potem na kartach ksi\u0105\u017cek i odczytuje po swojemu. <br \/>Pisarz z pomys\u0142em na siebie jako Tw\u00f3rc\u0119. Ale droga by\u0142a jeszcze inna\u2026k\u00f3\u0142ka teatralne, pisanie monolog\u00f3w, szycie sukienek dla Matki Boskiej, przebieranki i wyst\u0119py z babci\u0105 Wroc\u0142awsk\u0105, celebrowanie transmisji festiwalowych z Opola, zachwyt Zdzis\u0142aw\u0105 So\u015bnick\u0105 i serialem Dynastia, nawet liceum artystyczne&#8230;\u00a0 szykowa\u0142 si\u0119 \u00a0Witkowski na \u00a0scen\u0119 mo\u017cna powiedzie\u0107 od zawsze&#8230;ale po drodze by\u0142a polonistyka na UJ, studia doktoranckie, doktorat z krytyki feministycznej, wyk\u0142ady na uczelni\u2026.<\/p><p><em>[\u2026] Nie czuj\u0119 si\u0119 pisarzem \u2013 promuj\u0119 siebie i siebie sprzedaj\u0119. Ksi\u0105\u017cki s\u0105 przy okazji. To tak jak trudno Lady Gag\u0119 nazwa\u0107 piosenkark\u0105. Ona jest raczej medialnym potworem, kt\u00f3ry czasami wydaje p\u0142yty..<\/em>. \u2013 to s\u0142owa pisarza, ale na spotkania autorskie przychodz\u0105 w wi\u0119kszo\u015bci osoby, kt\u00f3re Witkowskiego czytaj\u0105 i doceniaj\u0105 to, co wnosi do literatury ze spectrum osobistego medialnego potwora, a co robi bardzo dobrze polskiej literaturze&#8230;<\/p><p>Odpowied\u017a hejterom? <em>W og\u00f3le nie mo\u017cna do mnie stosowa\u0107 kategorii dobrego smaku. Ani Gaga, ani Mazur\u00f3wna, ani wczesna Madonna, ani inne tego typu postaci nie s\u0105 ani \u0142adne, ani powa\u017cne. [\u2026] Je\u015bli ja jestem groteskowy, to co powiemy o Gadze? <br \/>Gdyby w ciuchy Gagi przebra\u0107 Hann\u0119 Krall, owszem, by\u0142oby to kiepskie. Ale ja jestem [..] otwartym projektem, moje \u017cycie to happening artystyczny i wara wam od tego. Czy nie widzicie, \u017ce te kreacje s\u0105 tak przesadzone, tak przerysowane, tak w stylu Villas, \u017ce nie mo\u017ce tu by\u0107 mowy o dobrym smaku? Gdybym chcia\u0142 by\u0107 w dobrym gu\u015bcie, przyszed\u0142bym w szarym garniturze od Zegny! &#8211;<\/em> napisa\u0142 swego czasu Witkowski (odpowied\u017a dla Plejady).<\/p><p>I chocia\u017c sam Micha\u0142 Witkowski uwa\u017ca, \u017ce: <em>Rola literata jest wstr\u0119tna<\/em> \u2013 to jako literat zrewolucjonizowa\u0142 polsk\u0105 literatur\u0119. Niewielu przecie\u017c pisarzy mo\u017ce poszczyci\u0107 si\u0119 w\u0142asnymi terminami. Autor takiego si\u0119 doczeka\u0142, po wydaniu Lubiewa &#8211; \u201eWitkowszczyzna\u201d to brzmi jednak dumnie. Wymowny i bardzo pojemny tytu\u0142 <em>Wiara jest \u201e<\/em>skrojony na miar\u0119\u201d &#8211; <br \/>15.\u00a0 pocz\u0105tkowych lat \u017cycia, okres kiedy wierzymy\u2026w\u00a0 Boga, czary, ludzi, inne aspekty naszego \u017cycia<em>&#8230; Nareszcie mog\u0119 m\u00f3wi\u0107 we w\u0142asnym imieniu, w\u0142asnym j\u0119zykiem, o rzeczach, kt\u00f3re prze\u017cy\u0142em, a nie zmy\u015bli\u0142em, na temat, kt\u00f3ry mnie najbardziej interesuje, czyli o moim do\u015bwiadczeniu tego, co nazywamy potocznie \u2018\u017cyciem\u2019! Co za ulga! [\u2026] &#8211; <\/em>To co mnie urzek\u0142o w tej ksi\u0105\u017cce to zdecydowanie smaki i zapachy&#8230; wszystkie absolutnie s\u0105 smakami mojego dzieci\u0144stwa ( no mo\u017ce opr\u00f3cz smaku mr\u00f3wki <br \/>i biedronki :), podobna by\u0142a opinia innych czytelnik\u00f3w. Mo\u017ce dlatego tak je pami\u0119tamy bo czasy naszego dzieci\u0144stwa to g\u0142\u0119boki PRL&#8230; ale paradoksalnie w tych szaro\u015bciach by\u0142a przecie\u017c ca\u0142a paleta barw&#8230; w\u0142a\u015bnie smak\u00f3w i zapach\u00f3w. <br \/>I tak sobie my\u015bl\u0119, \u017ce ka\u017cde m\u0142ode &#8211; nowe pokolenie ma przecie\u017c swoje smaki i zapachy ale czy ich intensywno\u015b\u0107 b\u0119dzie dla nich po latach a\u017c tak wyrazista?<\/p><p>Po otrzymaniu \u00a0Nagrody NIKE Czytelnik\u00f3w 2024 za \u201eWiara. Autobiografia\u201d &#8211; Micha\u0142 Witkowski powiedzia\u0142:[\u2026]\u00a0 <em>ta ksi\u0105\u017cka jest czym\u015b wi\u0119cej, ni\u017c opisem jednostkowych los\u00f3w biednej cioteczki bitej i popychanej przez wszystkich, kt\u00f3ra ucieka w sztuk\u0119 i \u015bwiat wyobra\u017ani przed szaro\u015bci\u0105 i brutalno\u015bci\u0105 rzeczywisto\u015bci\u2026 <\/em>[\u2026] <em>Niech wi\u0119c LITERATURA b\u0119dzie CZYM\u015a WI\u0118CEJ ni\u017c opowiadaniem <br \/>o jednostkowym losie, czy w og\u00f3le &#8211; opowiadaniem historyjek, niech wykracza poza to, niech si\u0119 co\u015b nad tym jeszcze nadbudowuje.<\/em><\/p><p>I tego CZEGO\u015a WI\u0118CEJ w literaturze \u017cyczy\u0142am \u00a0autorowi &#8211; jako tw\u00f3rcy na koniec spotkania i r\u00f3wnie\u017c \u017cycz\u0119 Pa\u0144stwu na pocz\u0105tku Nowego Roku 2025.<\/p><p>P.S. Micha\u0142 Witkowski wyjecha\u0142 z Chrzanowa z zapasem regionalnych miod\u00f3w ( bo uwielbia) prosto z pasieki Ziemi Chrzanowskiej z zaleceniem stosowania, bo: akacjowy \u2013 koi i uspakaja, faceliowy \u2013 mo\u017cna stosowa\u0107 na sk\u00f3r\u0119, a poziomki <br \/>w miodzie \u2013 jako ta bomba witaminowa\u2026 i z takim podzi\u0119kowaniem dla czytelnik\u00f3w biblioteki i klubowicz\u00f3w Dyskusyjnego Klubu Ksi\u0105\u017cki \u015bwie\u017co po spotkaniu:<\/p><p><em>Musz\u0119 przyzna\u0107, \u017ce Chrzan\u00f3w, po kt\u00f3rym tak niewiele sobie obiecywa\u0142em, bo nie zna\u0142em \u017cadnego fana ani fanki z tego miasta, ca\u0142kowicie mnie zadziwi\u0142. Tak wspania\u0142a publiczno\u015b\u0107, tak licznie przyby\u0142a, wielka kolejka do podpisywania ksi\u0105\u017cek (sprzeda\u0142y si\u0119 wszystkie i jeszcze zabrak\u0142o, wyrywali prowadz\u0105cej jej egzemplarz), ludzie, kt\u00f3rzy naprawd\u0119 czytali i zadaj\u0105 w\u0142a\u015bciwie pytania, <br \/>i \u015bmiej\u0105 si\u0119 w odpowiednich momentach i jest ich tak du\u017co! To niesamowite. Jeste\u015bcie wspaniali. Dawno nie wraca\u0142em ze spotkania jeszcze wci\u0105\u017c dyskutuj\u0105c o mojej prozie, na mrozie i \u015bniegu! (fb)<\/em><\/p><p>A! i w ko\u0144cu dowiedzieli\u015bmy si\u0119 dlaczego Barbara Radziwi\u0142\u0142\u00f3wna jest z Jaworzna-Szczakowej?! a to przecie\u017c zaledwie kilka kilometr\u00f3w od Chrzanowa \ud83d\ude0a Czytajcie Witkowskiego \ud83d\ude0a<\/p><p><strong>Felieton publikowany w <a href=\"https:\/\/wydawnictwo.sbp.pl\/poradnik-bibliotekarza-1-2025,66,387.html\">Poradnik Bibliotekarza nr 1\/2025\u00a0\u00a0<\/a><\/strong><\/p><p>Olga Nowicka<\/p>\t\t\t\t\t\t\t\t<\/div>\n\t\t\t\t<\/div>\n\t\t\t\t\t<\/div>\n\t\t<\/div>\n\t\t\t\t\t<\/div>\n\t\t<\/section>\n\t\t\t\t<\/div>\n\t\t","protected":false},"excerpt":{"rendered":"<p> [&hellip;]<\/p>\n","protected":false},"author":3,"featured_media":2887,"comment_status":"closed","ping_status":"closed","sticky":false,"template":"","format":"standard","meta":{"footnotes":""},"categories":[11],"tags":[50,27,28],"class_list":["post-2886","post","type-post","status-publish","format-standard","has-post-thumbnail","hentry","category-felietony","tag-50","tag-felieton","tag-olga-nowicka"],"yoast_head":"<!-- This site is optimized with the Yoast SEO plugin v27.5 - https:\/\/yoast.com\/product\/yoast-seo-wordpress\/ -->\n<title>Felieton Olgi Nowickiej - stycze\u0144 2025 - Akademia S\u0142owa - Chrzan\u00f3w<\/title>\n<meta name=\"robots\" content=\"index, follow, max-snippet:-1, max-image-preview:large, max-video-preview:-1\" \/>\n<link rel=\"canonical\" href=\"https:\/\/www.mbp.chrzanow.pl\/akademiaslowa\/index.php\/2025\/01\/25\/felieton-olgi-nowickiej-styczen-2025\/\" \/>\n<meta property=\"og:locale\" content=\"pl_PL\" \/>\n<meta property=\"og:type\" content=\"article\" \/>\n<meta property=\"og:title\" content=\"Felieton Olgi Nowickiej - stycze\u0144 2025 - Akademia S\u0142owa - Chrzan\u00f3w\" \/>\n<meta property=\"og:description\" content=\"[&hellip;]\" \/>\n<meta property=\"og:url\" content=\"https:\/\/www.mbp.chrzanow.pl\/akademiaslowa\/index.php\/2025\/01\/25\/felieton-olgi-nowickiej-styczen-2025\/\" \/>\n<meta property=\"og:site_name\" content=\"Akademia S\u0142owa - Chrzan\u00f3w\" \/>\n<meta property=\"article:published_time\" content=\"2025-01-25T07:00:00+00:00\" \/>\n<meta property=\"article:modified_time\" content=\"2025-05-22T13:56:56+00:00\" \/>\n<meta property=\"og:image\" content=\"https:\/\/www.mbp.chrzanow.pl\/akademiaslowa\/wp-content\/uploads\/2025\/01\/felieton_styczen2.jpg\" \/>\n\t<meta property=\"og:image:width\" content=\"652\" \/>\n\t<meta property=\"og:image:height\" content=\"920\" \/>\n\t<meta property=\"og:image:type\" content=\"image\/jpeg\" \/>\n<meta name=\"author\" content=\"Prom\" \/>\n<meta name=\"twitter:card\" content=\"summary_large_image\" \/>\n<meta name=\"twitter:label1\" content=\"Napisane przez\" \/>\n\t<meta name=\"twitter:data1\" content=\"Prom\" \/>\n\t<meta name=\"twitter:label2\" content=\"Szacowany czas czytania\" \/>\n\t<meta name=\"twitter:data2\" content=\"8 minut\" \/>\n<script type=\"application\/ld+json\" class=\"yoast-schema-graph\">{\"@context\":\"https:\\\/\\\/schema.org\",\"@graph\":[{\"@type\":\"Article\",\"@id\":\"https:\\\/\\\/www.mbp.chrzanow.pl\\\/akademiaslowa\\\/index.php\\\/2025\\\/01\\\/25\\\/felieton-olgi-nowickiej-styczen-2025\\\/#article\",\"isPartOf\":{\"@id\":\"https:\\\/\\\/www.mbp.chrzanow.pl\\\/akademiaslowa\\\/index.php\\\/2025\\\/01\\\/25\\\/felieton-olgi-nowickiej-styczen-2025\\\/\"},\"author\":{\"name\":\"Prom\",\"@id\":\"https:\\\/\\\/www.mbp.chrzanow.pl\\\/akademiaslowa\\\/#\\\/schema\\\/person\\\/fe7a35ef0376d4e76846aeae319d9fd8\"},\"headline\":\"Felieton Olgi Nowickiej &#8211; stycze\u0144 2025\",\"datePublished\":\"2025-01-25T07:00:00+00:00\",\"dateModified\":\"2025-05-22T13:56:56+00:00\",\"mainEntityOfPage\":{\"@id\":\"https:\\\/\\\/www.mbp.chrzanow.pl\\\/akademiaslowa\\\/index.php\\\/2025\\\/01\\\/25\\\/felieton-olgi-nowickiej-styczen-2025\\\/\"},\"wordCount\":1542,\"publisher\":{\"@id\":\"https:\\\/\\\/www.mbp.chrzanow.pl\\\/akademiaslowa\\\/#organization\"},\"image\":{\"@id\":\"https:\\\/\\\/www.mbp.chrzanow.pl\\\/akademiaslowa\\\/index.php\\\/2025\\\/01\\\/25\\\/felieton-olgi-nowickiej-styczen-2025\\\/#primaryimage\"},\"thumbnailUrl\":\"https:\\\/\\\/www.mbp.chrzanow.pl\\\/akademiaslowa\\\/wp-content\\\/uploads\\\/2025\\\/01\\\/felieton_styczen2.jpg\",\"keywords\":[\"2025\",\"Felieton\",\"Olga Nowicka\"],\"articleSection\":[\"Felietony\"],\"inLanguage\":\"pl-PL\"},{\"@type\":\"WebPage\",\"@id\":\"https:\\\/\\\/www.mbp.chrzanow.pl\\\/akademiaslowa\\\/index.php\\\/2025\\\/01\\\/25\\\/felieton-olgi-nowickiej-styczen-2025\\\/\",\"url\":\"https:\\\/\\\/www.mbp.chrzanow.pl\\\/akademiaslowa\\\/index.php\\\/2025\\\/01\\\/25\\\/felieton-olgi-nowickiej-styczen-2025\\\/\",\"name\":\"Felieton Olgi Nowickiej - stycze\u0144 2025 - Akademia S\u0142owa - Chrzan\u00f3w\",\"isPartOf\":{\"@id\":\"https:\\\/\\\/www.mbp.chrzanow.pl\\\/akademiaslowa\\\/#website\"},\"primaryImageOfPage\":{\"@id\":\"https:\\\/\\\/www.mbp.chrzanow.pl\\\/akademiaslowa\\\/index.php\\\/2025\\\/01\\\/25\\\/felieton-olgi-nowickiej-styczen-2025\\\/#primaryimage\"},\"image\":{\"@id\":\"https:\\\/\\\/www.mbp.chrzanow.pl\\\/akademiaslowa\\\/index.php\\\/2025\\\/01\\\/25\\\/felieton-olgi-nowickiej-styczen-2025\\\/#primaryimage\"},\"thumbnailUrl\":\"https:\\\/\\\/www.mbp.chrzanow.pl\\\/akademiaslowa\\\/wp-content\\\/uploads\\\/2025\\\/01\\\/felieton_styczen2.jpg\",\"datePublished\":\"2025-01-25T07:00:00+00:00\",\"dateModified\":\"2025-05-22T13:56:56+00:00\",\"breadcrumb\":{\"@id\":\"https:\\\/\\\/www.mbp.chrzanow.pl\\\/akademiaslowa\\\/index.php\\\/2025\\\/01\\\/25\\\/felieton-olgi-nowickiej-styczen-2025\\\/#breadcrumb\"},\"inLanguage\":\"pl-PL\",\"potentialAction\":[{\"@type\":\"ReadAction\",\"target\":[\"https:\\\/\\\/www.mbp.chrzanow.pl\\\/akademiaslowa\\\/index.php\\\/2025\\\/01\\\/25\\\/felieton-olgi-nowickiej-styczen-2025\\\/\"]}]},{\"@type\":\"ImageObject\",\"inLanguage\":\"pl-PL\",\"@id\":\"https:\\\/\\\/www.mbp.chrzanow.pl\\\/akademiaslowa\\\/index.php\\\/2025\\\/01\\\/25\\\/felieton-olgi-nowickiej-styczen-2025\\\/#primaryimage\",\"url\":\"https:\\\/\\\/www.mbp.chrzanow.pl\\\/akademiaslowa\\\/wp-content\\\/uploads\\\/2025\\\/01\\\/felieton_styczen2.jpg\",\"contentUrl\":\"https:\\\/\\\/www.mbp.chrzanow.pl\\\/akademiaslowa\\\/wp-content\\\/uploads\\\/2025\\\/01\\\/felieton_styczen2.jpg\",\"width\":652,\"height\":920},{\"@type\":\"BreadcrumbList\",\"@id\":\"https:\\\/\\\/www.mbp.chrzanow.pl\\\/akademiaslowa\\\/index.php\\\/2025\\\/01\\\/25\\\/felieton-olgi-nowickiej-styczen-2025\\\/#breadcrumb\",\"itemListElement\":[{\"@type\":\"ListItem\",\"position\":1,\"name\":\"Strona g\u0142\u00f3wna\",\"item\":\"https:\\\/\\\/www.mbp.chrzanow.pl\\\/akademiaslowa\\\/\"},{\"@type\":\"ListItem\",\"position\":2,\"name\":\"Felieton Olgi Nowickiej &#8211; stycze\u0144 2025\"}]},{\"@type\":\"WebSite\",\"@id\":\"https:\\\/\\\/www.mbp.chrzanow.pl\\\/akademiaslowa\\\/#website\",\"url\":\"https:\\\/\\\/www.mbp.chrzanow.pl\\\/akademiaslowa\\\/\",\"name\":\"Akademia S\u0142owa - Chrzan\u00f3w\",\"description\":\"Czym poezja...\",\"publisher\":{\"@id\":\"https:\\\/\\\/www.mbp.chrzanow.pl\\\/akademiaslowa\\\/#organization\"},\"potentialAction\":[{\"@type\":\"SearchAction\",\"target\":{\"@type\":\"EntryPoint\",\"urlTemplate\":\"https:\\\/\\\/www.mbp.chrzanow.pl\\\/akademiaslowa\\\/?s={search_term_string}\"},\"query-input\":{\"@type\":\"PropertyValueSpecification\",\"valueRequired\":true,\"valueName\":\"search_term_string\"}}],\"inLanguage\":\"pl-PL\"},{\"@type\":\"Organization\",\"@id\":\"https:\\\/\\\/www.mbp.chrzanow.pl\\\/akademiaslowa\\\/#organization\",\"name\":\"Akademia S\u0142owa Chrzan\u00f3w\",\"url\":\"https:\\\/\\\/www.mbp.chrzanow.pl\\\/akademiaslowa\\\/\",\"logo\":{\"@type\":\"ImageObject\",\"inLanguage\":\"pl-PL\",\"@id\":\"https:\\\/\\\/www.mbp.chrzanow.pl\\\/akademiaslowa\\\/#\\\/schema\\\/logo\\\/image\\\/\",\"url\":\"https:\\\/\\\/www.mbp.chrzanow.pl\\\/akademiaslowa\\\/wp-content\\\/uploads\\\/2017\\\/12\\\/AkademiaSlowa_www.jpg\",\"contentUrl\":\"https:\\\/\\\/www.mbp.chrzanow.pl\\\/akademiaslowa\\\/wp-content\\\/uploads\\\/2017\\\/12\\\/AkademiaSlowa_www.jpg\",\"width\":500,\"height\":79,\"caption\":\"Akademia S\u0142owa Chrzan\u00f3w\"},\"image\":{\"@id\":\"https:\\\/\\\/www.mbp.chrzanow.pl\\\/akademiaslowa\\\/#\\\/schema\\\/logo\\\/image\\\/\"}},{\"@type\":\"Person\",\"@id\":\"https:\\\/\\\/www.mbp.chrzanow.pl\\\/akademiaslowa\\\/#\\\/schema\\\/person\\\/fe7a35ef0376d4e76846aeae319d9fd8\",\"name\":\"Prom\",\"image\":{\"@type\":\"ImageObject\",\"inLanguage\":\"pl-PL\",\"@id\":\"https:\\\/\\\/secure.gravatar.com\\\/avatar\\\/f60fbd4aa9e3207ab0785fd91859281f74f6e854743680d402cbd83a1b744580?s=96&d=mm&r=g\",\"url\":\"https:\\\/\\\/secure.gravatar.com\\\/avatar\\\/f60fbd4aa9e3207ab0785fd91859281f74f6e854743680d402cbd83a1b744580?s=96&d=mm&r=g\",\"contentUrl\":\"https:\\\/\\\/secure.gravatar.com\\\/avatar\\\/f60fbd4aa9e3207ab0785fd91859281f74f6e854743680d402cbd83a1b744580?s=96&d=mm&r=g\",\"caption\":\"Prom\"},\"url\":\"https:\\\/\\\/www.mbp.chrzanow.pl\\\/akademiaslowa\\\/index.php\\\/author\\\/promocja\\\/\"}]}<\/script>\n<!-- \/ Yoast SEO plugin. -->","yoast_head_json":{"title":"Felieton Olgi Nowickiej - stycze\u0144 2025 - Akademia S\u0142owa - Chrzan\u00f3w","robots":{"index":"index","follow":"follow","max-snippet":"max-snippet:-1","max-image-preview":"max-image-preview:large","max-video-preview":"max-video-preview:-1"},"canonical":"https:\/\/www.mbp.chrzanow.pl\/akademiaslowa\/index.php\/2025\/01\/25\/felieton-olgi-nowickiej-styczen-2025\/","og_locale":"pl_PL","og_type":"article","og_title":"Felieton Olgi Nowickiej - stycze\u0144 2025 - Akademia S\u0142owa - Chrzan\u00f3w","og_description":"[&hellip;]","og_url":"https:\/\/www.mbp.chrzanow.pl\/akademiaslowa\/index.php\/2025\/01\/25\/felieton-olgi-nowickiej-styczen-2025\/","og_site_name":"Akademia S\u0142owa - Chrzan\u00f3w","article_published_time":"2025-01-25T07:00:00+00:00","article_modified_time":"2025-05-22T13:56:56+00:00","og_image":[{"width":652,"height":920,"url":"https:\/\/www.mbp.chrzanow.pl\/akademiaslowa\/wp-content\/uploads\/2025\/01\/felieton_styczen2.jpg","type":"image\/jpeg"}],"author":"Prom","twitter_card":"summary_large_image","twitter_misc":{"Napisane przez":"Prom","Szacowany czas czytania":"8 minut"},"schema":{"@context":"https:\/\/schema.org","@graph":[{"@type":"Article","@id":"https:\/\/www.mbp.chrzanow.pl\/akademiaslowa\/index.php\/2025\/01\/25\/felieton-olgi-nowickiej-styczen-2025\/#article","isPartOf":{"@id":"https:\/\/www.mbp.chrzanow.pl\/akademiaslowa\/index.php\/2025\/01\/25\/felieton-olgi-nowickiej-styczen-2025\/"},"author":{"name":"Prom","@id":"https:\/\/www.mbp.chrzanow.pl\/akademiaslowa\/#\/schema\/person\/fe7a35ef0376d4e76846aeae319d9fd8"},"headline":"Felieton Olgi Nowickiej &#8211; stycze\u0144 2025","datePublished":"2025-01-25T07:00:00+00:00","dateModified":"2025-05-22T13:56:56+00:00","mainEntityOfPage":{"@id":"https:\/\/www.mbp.chrzanow.pl\/akademiaslowa\/index.php\/2025\/01\/25\/felieton-olgi-nowickiej-styczen-2025\/"},"wordCount":1542,"publisher":{"@id":"https:\/\/www.mbp.chrzanow.pl\/akademiaslowa\/#organization"},"image":{"@id":"https:\/\/www.mbp.chrzanow.pl\/akademiaslowa\/index.php\/2025\/01\/25\/felieton-olgi-nowickiej-styczen-2025\/#primaryimage"},"thumbnailUrl":"https:\/\/www.mbp.chrzanow.pl\/akademiaslowa\/wp-content\/uploads\/2025\/01\/felieton_styczen2.jpg","keywords":["2025","Felieton","Olga Nowicka"],"articleSection":["Felietony"],"inLanguage":"pl-PL"},{"@type":"WebPage","@id":"https:\/\/www.mbp.chrzanow.pl\/akademiaslowa\/index.php\/2025\/01\/25\/felieton-olgi-nowickiej-styczen-2025\/","url":"https:\/\/www.mbp.chrzanow.pl\/akademiaslowa\/index.php\/2025\/01\/25\/felieton-olgi-nowickiej-styczen-2025\/","name":"Felieton Olgi Nowickiej - stycze\u0144 2025 - Akademia S\u0142owa - Chrzan\u00f3w","isPartOf":{"@id":"https:\/\/www.mbp.chrzanow.pl\/akademiaslowa\/#website"},"primaryImageOfPage":{"@id":"https:\/\/www.mbp.chrzanow.pl\/akademiaslowa\/index.php\/2025\/01\/25\/felieton-olgi-nowickiej-styczen-2025\/#primaryimage"},"image":{"@id":"https:\/\/www.mbp.chrzanow.pl\/akademiaslowa\/index.php\/2025\/01\/25\/felieton-olgi-nowickiej-styczen-2025\/#primaryimage"},"thumbnailUrl":"https:\/\/www.mbp.chrzanow.pl\/akademiaslowa\/wp-content\/uploads\/2025\/01\/felieton_styczen2.jpg","datePublished":"2025-01-25T07:00:00+00:00","dateModified":"2025-05-22T13:56:56+00:00","breadcrumb":{"@id":"https:\/\/www.mbp.chrzanow.pl\/akademiaslowa\/index.php\/2025\/01\/25\/felieton-olgi-nowickiej-styczen-2025\/#breadcrumb"},"inLanguage":"pl-PL","potentialAction":[{"@type":"ReadAction","target":["https:\/\/www.mbp.chrzanow.pl\/akademiaslowa\/index.php\/2025\/01\/25\/felieton-olgi-nowickiej-styczen-2025\/"]}]},{"@type":"ImageObject","inLanguage":"pl-PL","@id":"https:\/\/www.mbp.chrzanow.pl\/akademiaslowa\/index.php\/2025\/01\/25\/felieton-olgi-nowickiej-styczen-2025\/#primaryimage","url":"https:\/\/www.mbp.chrzanow.pl\/akademiaslowa\/wp-content\/uploads\/2025\/01\/felieton_styczen2.jpg","contentUrl":"https:\/\/www.mbp.chrzanow.pl\/akademiaslowa\/wp-content\/uploads\/2025\/01\/felieton_styczen2.jpg","width":652,"height":920},{"@type":"BreadcrumbList","@id":"https:\/\/www.mbp.chrzanow.pl\/akademiaslowa\/index.php\/2025\/01\/25\/felieton-olgi-nowickiej-styczen-2025\/#breadcrumb","itemListElement":[{"@type":"ListItem","position":1,"name":"Strona g\u0142\u00f3wna","item":"https:\/\/www.mbp.chrzanow.pl\/akademiaslowa\/"},{"@type":"ListItem","position":2,"name":"Felieton Olgi Nowickiej &#8211; stycze\u0144 2025"}]},{"@type":"WebSite","@id":"https:\/\/www.mbp.chrzanow.pl\/akademiaslowa\/#website","url":"https:\/\/www.mbp.chrzanow.pl\/akademiaslowa\/","name":"Akademia S\u0142owa - Chrzan\u00f3w","description":"Czym poezja...","publisher":{"@id":"https:\/\/www.mbp.chrzanow.pl\/akademiaslowa\/#organization"},"potentialAction":[{"@type":"SearchAction","target":{"@type":"EntryPoint","urlTemplate":"https:\/\/www.mbp.chrzanow.pl\/akademiaslowa\/?s={search_term_string}"},"query-input":{"@type":"PropertyValueSpecification","valueRequired":true,"valueName":"search_term_string"}}],"inLanguage":"pl-PL"},{"@type":"Organization","@id":"https:\/\/www.mbp.chrzanow.pl\/akademiaslowa\/#organization","name":"Akademia S\u0142owa Chrzan\u00f3w","url":"https:\/\/www.mbp.chrzanow.pl\/akademiaslowa\/","logo":{"@type":"ImageObject","inLanguage":"pl-PL","@id":"https:\/\/www.mbp.chrzanow.pl\/akademiaslowa\/#\/schema\/logo\/image\/","url":"https:\/\/www.mbp.chrzanow.pl\/akademiaslowa\/wp-content\/uploads\/2017\/12\/AkademiaSlowa_www.jpg","contentUrl":"https:\/\/www.mbp.chrzanow.pl\/akademiaslowa\/wp-content\/uploads\/2017\/12\/AkademiaSlowa_www.jpg","width":500,"height":79,"caption":"Akademia S\u0142owa Chrzan\u00f3w"},"image":{"@id":"https:\/\/www.mbp.chrzanow.pl\/akademiaslowa\/#\/schema\/logo\/image\/"}},{"@type":"Person","@id":"https:\/\/www.mbp.chrzanow.pl\/akademiaslowa\/#\/schema\/person\/fe7a35ef0376d4e76846aeae319d9fd8","name":"Prom","image":{"@type":"ImageObject","inLanguage":"pl-PL","@id":"https:\/\/secure.gravatar.com\/avatar\/f60fbd4aa9e3207ab0785fd91859281f74f6e854743680d402cbd83a1b744580?s=96&d=mm&r=g","url":"https:\/\/secure.gravatar.com\/avatar\/f60fbd4aa9e3207ab0785fd91859281f74f6e854743680d402cbd83a1b744580?s=96&d=mm&r=g","contentUrl":"https:\/\/secure.gravatar.com\/avatar\/f60fbd4aa9e3207ab0785fd91859281f74f6e854743680d402cbd83a1b744580?s=96&d=mm&r=g","caption":"Prom"},"url":"https:\/\/www.mbp.chrzanow.pl\/akademiaslowa\/index.php\/author\/promocja\/"}]}},"_links":{"self":[{"href":"https:\/\/www.mbp.chrzanow.pl\/akademiaslowa\/index.php\/wp-json\/wp\/v2\/posts\/2886","targetHints":{"allow":["GET"]}}],"collection":[{"href":"https:\/\/www.mbp.chrzanow.pl\/akademiaslowa\/index.php\/wp-json\/wp\/v2\/posts"}],"about":[{"href":"https:\/\/www.mbp.chrzanow.pl\/akademiaslowa\/index.php\/wp-json\/wp\/v2\/types\/post"}],"author":[{"embeddable":true,"href":"https:\/\/www.mbp.chrzanow.pl\/akademiaslowa\/index.php\/wp-json\/wp\/v2\/users\/3"}],"replies":[{"embeddable":true,"href":"https:\/\/www.mbp.chrzanow.pl\/akademiaslowa\/index.php\/wp-json\/wp\/v2\/comments?post=2886"}],"version-history":[{"count":10,"href":"https:\/\/www.mbp.chrzanow.pl\/akademiaslowa\/index.php\/wp-json\/wp\/v2\/posts\/2886\/revisions"}],"predecessor-version":[{"id":2906,"href":"https:\/\/www.mbp.chrzanow.pl\/akademiaslowa\/index.php\/wp-json\/wp\/v2\/posts\/2886\/revisions\/2906"}],"wp:featuredmedia":[{"embeddable":true,"href":"https:\/\/www.mbp.chrzanow.pl\/akademiaslowa\/index.php\/wp-json\/wp\/v2\/media\/2887"}],"wp:attachment":[{"href":"https:\/\/www.mbp.chrzanow.pl\/akademiaslowa\/index.php\/wp-json\/wp\/v2\/media?parent=2886"}],"wp:term":[{"taxonomy":"category","embeddable":true,"href":"https:\/\/www.mbp.chrzanow.pl\/akademiaslowa\/index.php\/wp-json\/wp\/v2\/categories?post=2886"},{"taxonomy":"post_tag","embeddable":true,"href":"https:\/\/www.mbp.chrzanow.pl\/akademiaslowa\/index.php\/wp-json\/wp\/v2\/tags?post=2886"}],"curies":[{"name":"wp","href":"https:\/\/api.w.org\/{rel}","templated":true}]}}