{"id":291,"date":"2018-01-17T17:58:10","date_gmt":"2018-01-17T16:58:10","guid":{"rendered":"http:\/\/www.mbp.chrzanow.pl\/akademiaslowa\/?p=291"},"modified":"2018-01-25T07:29:33","modified_gmt":"2018-01-25T06:29:33","slug":"15-01-2018","status":"publish","type":"post","link":"https:\/\/www.mbp.chrzanow.pl\/akademiaslowa\/index.php\/2018\/01\/17\/15-01-2018\/","title":{"rendered":"15.01.2018"},"content":{"rendered":"\t\t<div data-elementor-type=\"wp-post\" data-elementor-id=\"291\" class=\"elementor elementor-291 elementor-bc-flex-widget\">\n\t\t\t\t\t\t<section class=\"elementor-section elementor-top-section elementor-element elementor-element-c0e753d elementor-section-boxed elementor-section-height-default elementor-section-height-default\" data-id=\"c0e753d\" data-element_type=\"section\" data-e-type=\"section\">\n\t\t\t\t\t\t<div class=\"elementor-container elementor-column-gap-default\">\n\t\t\t\t\t<div class=\"elementor-column elementor-col-100 elementor-top-column elementor-element elementor-element-d62f307\" data-id=\"d62f307\" data-element_type=\"column\" data-e-type=\"column\">\n\t\t\t<div class=\"elementor-widget-wrap elementor-element-populated\">\n\t\t\t\t\t\t<div class=\"elementor-element elementor-element-a36ef58 elementor-widget elementor-widget-text-editor\" data-id=\"a36ef58\" data-element_type=\"widget\" data-e-type=\"widget\" data-widget_type=\"text-editor.default\">\n\t\t\t\t<div class=\"elementor-widget-container\">\n\t\t\t\t\t\t\t\t\t<p>W dniu 15.01.2018 r. w Klubie Literackim \u201ePod Muzami\u201d uczestnicy Akademii S\u0142owa przedstawili jase\u0142ka pt. \u201ePora ch\u0142opcy do Betlejem\u201d &#8211; autorstwa Bogus\u0142awa Zakordo\u0144ca. Odtw\u00f3rcy jase\u0142ek \u2013 przy bardzo skromnej scenografii i improwizowanych strojach &#8211; znakomicie odegrali sceny znane nam z kultu religijnego przy okazji \u015awi\u0105t Bo\u017cego Narodzenia. Opr\u00f3cz kilkoro pastuszk\u00f3w granych przez cz\u0142onkinie Akademii S\u0142owa na scenie nie zabrak\u0142o \u015bw. Marii i J\u00f3zefa witaj\u0105cych dzielnych pastuszk\u00f3w z polskiej ziemi, kt\u00f3rzy przybyli na znak anio\u0142a i gwiazdy betlejemskiej z ogonem \u2013 jak si\u0119 wyrazi\u0142 jeden z pastuszk\u00f3w. Przedstawienie &#8211; ze wzgl\u0119du na bardzo ograniczone \u015brodki scenograficzne \u2013 zosta\u0142o zaprezentowane wg wzorca radiowego. O\u015bmioro aktor\u00f3w zasiada\u0142o przy improwizowanym stole czytaj\u0105c swoje kwestie. W zgodzie z kanonem sztuki radiowej by\u0142a tak\u017ce osoba narratora, kt\u00f3ra w i\u015bcie radiowym stylu przybli\u017ca\u0142a s\u0142uchaczom i widzom kolejne sceny jase\u0142ek. W rol\u0119 narratora wcieli\u0142a si\u0119 Helenka Gle\u0144, kt\u00f3ra ze sw\u0105 dobr\u0105 dykcj\u0105 i \u0142agodnym tembrem g\u0142osu sprawdzi\u0142a si\u0119 celuj\u0105co. Urokiem przedstawienia by\u0142y sympatyczne dialogi pastuszk\u00f3w, kt\u00f3rych odegra\u0142y panie: Basia Korczyk, Urszula Siarczy\u0144ska, Gra\u017cyna Zieli\u0144ska, Bogusia Chwierut, i Marysia Chru\u015bciel.<br \/>Mi\u0142\u0105 niespodziank\u0105 by\u0142o tak\u017ce to, \u017ce wszystkie panie bez wyj\u0105tku \u015bwietnie za\u015bpiewa\u0142y swoje solowe pie\u015bni (bez podk\u0142adu muzycznego) &#8211; znane kol\u0119dy, do kt\u00f3rych autor przedstawienia pod\u0142o\u017cy\u0142 w\u0142asne teksty. Publiczno\u015b\u0107 ze zrozumieniem przyj\u0119\u0142a wersj\u0119 radiow\u0105 jase\u0142ek i w momentach, gdy by\u0142y \u015bpiewane znane kol\u0119dy podchwyci\u0142a \u015bpiew nape\u0142niaj\u0105c niedu\u017ce pomieszczenia Klubu Literackiego urokiem \u015bwi\u0105tecznym. Matk\u0119 Bo\u017c\u0105 zagra\u0142a Basia Jurczyk i cho\u0107 nie mia\u0142a za wiele tekstu to przez ca\u0142e przedstawienie zachowa\u0142a dostojno\u015b\u0107 przynale\u017cn\u0105 tej roli. \u015awi\u0119ty J\u00f3zef r\u00f3wnie\u017c spisa\u0142 si\u0119 adekwatnie do swej roli a by\u0142 nim Zbyszek Tomski.<br \/>Ca\u0142o\u015b\u0107 przedstawienia wyre\u017cyserowa\u0142 sam autor &#8211; Bogus\u0142aw Zakordoniec, kt\u00f3ry tak\u017ce odegra\u0142 rol\u0119 anio\u0142a przynosz\u0105cego dobr\u0105 nowin\u0119 pastuszkom. Jak sam stwierdzi\u0142 na zako\u0144czenie spektaklu \u2013 w przysz\u0142ym roku \u2013 przedstawienie b\u0119dzie wystawione z wszystkimi regu\u0142ami sztuki teatru. B\u0119d\u0105 stroje, scenografia, podk\u0142ad muzyczny i dynamika akcji z gr\u0105 \u015bwiate\u0142 w\u0142\u0105cznie. Trzymamy kciuki za Szefa Akademii S\u0142owa i jego pomys\u0142y a na teraz uznajemy, \u017ce autor sprawdzi\u0142 si\u0119 literacko i rozbudzi\u0142 nasze nadziej\u0119 na wi\u0119cej.<br \/>Sprawozdanie przygotowa\u0142:<br \/>Gustaw Czerwik<\/p>\t\t\t\t\t\t\t\t<\/div>\n\t\t\t\t<\/div>\n\t\t\t\t\t<\/div>\n\t\t<\/div>\n\t\t\t\t\t<\/div>\n\t\t<\/section>\n\t\t\t\t<section class=\"elementor-section elementor-top-section elementor-element elementor-element-f94a348 elementor-section-boxed elementor-section-height-default elementor-section-height-default\" data-id=\"f94a348\" data-element_type=\"section\" data-e-type=\"section\">\n\t\t\t\t\t\t<div class=\"elementor-container elementor-column-gap-default\">\n\t\t\t\t\t<div class=\"elementor-column elementor-col-100 elementor-top-column elementor-element elementor-element-3c270f2\" data-id=\"3c270f2\" data-element_type=\"column\" data-e-type=\"column\">\n\t\t\t<div class=\"elementor-widget-wrap elementor-element-populated\">\n\t\t\t\t\t\t<div class=\"elementor-element elementor-element-7cc39d4 elementor-widget elementor-widget-video\" data-id=\"7cc39d4\" data-element_type=\"widget\" data-e-type=\"widget\" data-settings=\"{&quot;video_type&quot;:&quot;youtube&quot;,&quot;youtube_url&quot;:&quot;https:\\\/\\\/www.youtube.com\\\/watch?v=XHOmBV4js_E&quot;,&quot;controls&quot;:&quot;yes&quot;}\" data-widget_type=\"video.default\">\n\t\t\t\t<div class=\"elementor-widget-container\">\n\t\t\t\t\t\t\t<div class=\"elementor-wrapper elementor-open-inline\">\n\t\t\t<div class=\"elementor-video\"><\/div>\t\t<\/div>\n\t\t\t\t\t\t<\/div>\n\t\t\t\t<\/div>\n\t\t\t\t\t<\/div>\n\t\t<\/div>\n\t\t\t\t\t<\/div>\n\t\t<\/section>\n\t\t\t\t<section class=\"elementor-section elementor-top-section elementor-element elementor-element-5b1dad1 elementor-section-boxed elementor-section-height-default elementor-section-height-default\" data-id=\"5b1dad1\" data-element_type=\"section\" data-e-type=\"section\">\n\t\t\t\t\t\t<div class=\"elementor-container elementor-column-gap-default\">\n\t\t\t\t\t<div class=\"elementor-column elementor-col-100 elementor-top-column elementor-element elementor-element-794a21e\" data-id=\"794a21e\" data-element_type=\"column\" data-e-type=\"column\">\n\t\t\t<div class=\"elementor-widget-wrap elementor-element-populated\">\n\t\t\t\t\t\t<div class=\"elementor-element elementor-element-2fc6865 elementor-widget elementor-widget-spacer\" data-id=\"2fc6865\" data-element_type=\"widget\" data-e-type=\"widget\" data-widget_type=\"spacer.default\">\n\t\t\t\t<div class=\"elementor-widget-container\">\n\t\t\t\t\t\t\t<div class=\"elementor-spacer\">\n\t\t\t<div class=\"elementor-spacer-inner\"><\/div>\n\t\t<\/div>\n\t\t\t\t\t\t<\/div>\n\t\t\t\t<\/div>\n\t\t\t\t\t<\/div>\n\t\t<\/div>\n\t\t\t\t\t<\/div>\n\t\t<\/section>\n\t\t\t\t<section class=\"elementor-section elementor-top-section elementor-element elementor-element-f2cef05 elementor-section-boxed elementor-section-height-default elementor-section-height-default\" data-id=\"f2cef05\" data-element_type=\"section\" data-e-type=\"section\">\n\t\t\t\t\t\t<div class=\"elementor-container elementor-column-gap-default\">\n\t\t\t\t\t<div class=\"elementor-column elementor-col-100 elementor-top-column elementor-element elementor-element-bd5d3c1\" data-id=\"bd5d3c1\" data-element_type=\"column\" data-e-type=\"column\">\n\t\t\t<div class=\"elementor-widget-wrap elementor-element-populated\">\n\t\t\t\t\t\t<div class=\"elementor-element elementor-element-22ac49c elementor-widget elementor-widget-heading\" data-id=\"22ac49c\" data-element_type=\"widget\" data-e-type=\"widget\" data-widget_type=\"heading.default\">\n\t\t\t\t<div class=\"elementor-widget-container\">\n\t\t\t\t\t<h2 class=\"elementor-heading-title elementor-size-default\">\"Pora ch\u0142opcy do Betlejem\" - wersja radiowa<\/h2>\t\t\t\t<\/div>\n\t\t\t\t<\/div>\n\t\t\t\t\t<\/div>\n\t\t<\/div>\n\t\t\t\t\t<\/div>\n\t\t<\/section>\n\t\t\t\t<section class=\"elementor-section elementor-top-section elementor-element elementor-element-01e4899 elementor-section-boxed elementor-section-height-default elementor-section-height-default\" data-id=\"01e4899\" data-element_type=\"section\" data-e-type=\"section\">\n\t\t\t\t\t\t<div class=\"elementor-container elementor-column-gap-default\">\n\t\t\t\t\t<div class=\"elementor-column elementor-col-100 elementor-top-column elementor-element elementor-element-65763da\" data-id=\"65763da\" data-element_type=\"column\" data-e-type=\"column\">\n\t\t\t<div class=\"elementor-widget-wrap elementor-element-populated\">\n\t\t\t\t\t\t<div class=\"elementor-element elementor-element-2d30e28 elementor-widget elementor-widget-wp-widget-media_audio\" data-id=\"2d30e28\" data-element_type=\"widget\" data-e-type=\"widget\" data-widget_type=\"wp-widget-media_audio.default\">\n\t\t\t\t<div class=\"elementor-widget-container\">\n\t\t\t\t\t<audio class=\"wp-audio-shortcode\" id=\"audio-291-1\" preload=\"none\" style=\"width: 100%;\" controls=\"controls\"><source type=\"audio\/mpeg\" src=\"https:\/\/www.mbp.chrzanow.pl\/akademiaslowa\/wp-content\/uploads\/2018\/01\/Pora-ch\u0142opcy-do-Betlejem-wersja-radiowa.mp3?_=1\" \/><source type=\"audio\/mpeg\" src=\"http:\/\/www.mbp.chrzanow.pl\/akademiaslowa\/wp-content\/uploads\/2018\/01\/Pora-ch\u0142opcy-do-Betlejem-wersja-radiowa.mp3?_=1\" \/><a href=\"https:\/\/www.mbp.chrzanow.pl\/akademiaslowa\/wp-content\/uploads\/2018\/01\/Pora-ch\u0142opcy-do-Betlejem-wersja-radiowa.mp3\">https:\/\/www.mbp.chrzanow.pl\/akademiaslowa\/wp-content\/uploads\/2018\/01\/Pora-ch\u0142opcy-do-Betlejem-wersja-radiowa.mp3<\/a><\/audio>\t\t\t\t<\/div>\n\t\t\t\t<\/div>\n\t\t\t\t\t<\/div>\n\t\t<\/div>\n\t\t\t\t\t<\/div>\n\t\t<\/section>\n\t\t\t\t<\/div>\n\t\t","protected":false},"excerpt":{"rendered":"<p> [&hellip;]<\/p>\n","protected":false},"author":1,"featured_media":297,"comment_status":"open","ping_status":"open","sticky":false,"template":"","format":"standard","meta":{"footnotes":""},"categories":[3],"tags":[],"class_list":["post-291","post","type-post","status-publish","format-standard","has-post-thumbnail","hentry","category-relacje"],"yoast_head":"<!-- This site is optimized with the Yoast SEO plugin v27.5 - https:\/\/yoast.com\/product\/yoast-seo-wordpress\/ -->\n<title>15.01.2018 - Akademia S\u0142owa - Chrzan\u00f3w<\/title>\n<meta name=\"robots\" content=\"index, follow, max-snippet:-1, max-image-preview:large, max-video-preview:-1\" \/>\n<link rel=\"canonical\" href=\"https:\/\/www.mbp.chrzanow.pl\/akademiaslowa\/index.php\/2018\/01\/17\/15-01-2018\/\" \/>\n<meta property=\"og:locale\" content=\"pl_PL\" \/>\n<meta property=\"og:type\" content=\"article\" \/>\n<meta property=\"og:title\" content=\"15.01.2018 - Akademia S\u0142owa - Chrzan\u00f3w\" \/>\n<meta property=\"og:description\" content=\"[&hellip;]\" \/>\n<meta property=\"og:url\" content=\"https:\/\/www.mbp.chrzanow.pl\/akademiaslowa\/index.php\/2018\/01\/17\/15-01-2018\/\" \/>\n<meta property=\"og:site_name\" content=\"Akademia S\u0142owa - Chrzan\u00f3w\" \/>\n<meta property=\"article:published_time\" content=\"2018-01-17T16:58:10+00:00\" \/>\n<meta property=\"article:modified_time\" content=\"2018-01-25T06:29:33+00:00\" \/>\n<meta property=\"og:image\" content=\"https:\/\/www.mbp.chrzanow.pl\/akademiaslowa\/wp-content\/uploads\/2018\/01\/as-1.jpg\" \/>\n\t<meta property=\"og:image:width\" content=\"1350\" \/>\n\t<meta property=\"og:image:height\" content=\"737\" \/>\n\t<meta property=\"og:image:type\" content=\"image\/jpeg\" \/>\n<meta name=\"author\" content=\"admAS\" \/>\n<meta name=\"twitter:card\" content=\"summary_large_image\" \/>\n<meta name=\"twitter:label1\" content=\"Napisane przez\" \/>\n\t<meta name=\"twitter:data1\" content=\"admAS\" \/>\n\t<meta name=\"twitter:label2\" content=\"Szacowany czas czytania\" \/>\n\t<meta name=\"twitter:data2\" content=\"2 minuty\" \/>\n<script type=\"application\/ld+json\" class=\"yoast-schema-graph\">{\"@context\":\"https:\\\/\\\/schema.org\",\"@graph\":[{\"@type\":\"Article\",\"@id\":\"https:\\\/\\\/www.mbp.chrzanow.pl\\\/akademiaslowa\\\/index.php\\\/2018\\\/01\\\/17\\\/15-01-2018\\\/#article\",\"isPartOf\":{\"@id\":\"https:\\\/\\\/www.mbp.chrzanow.pl\\\/akademiaslowa\\\/index.php\\\/2018\\\/01\\\/17\\\/15-01-2018\\\/\"},\"author\":{\"name\":\"admAS\",\"@id\":\"https:\\\/\\\/www.mbp.chrzanow.pl\\\/akademiaslowa\\\/#\\\/schema\\\/person\\\/f7f71edfa96be202a208ab75307856e9\"},\"headline\":\"15.01.2018\",\"datePublished\":\"2018-01-17T16:58:10+00:00\",\"dateModified\":\"2018-01-25T06:29:33+00:00\",\"mainEntityOfPage\":{\"@id\":\"https:\\\/\\\/www.mbp.chrzanow.pl\\\/akademiaslowa\\\/index.php\\\/2018\\\/01\\\/17\\\/15-01-2018\\\/\"},\"wordCount\":432,\"commentCount\":3,\"publisher\":{\"@id\":\"https:\\\/\\\/www.mbp.chrzanow.pl\\\/akademiaslowa\\\/#organization\"},\"image\":{\"@id\":\"https:\\\/\\\/www.mbp.chrzanow.pl\\\/akademiaslowa\\\/index.php\\\/2018\\\/01\\\/17\\\/15-01-2018\\\/#primaryimage\"},\"thumbnailUrl\":\"https:\\\/\\\/www.mbp.chrzanow.pl\\\/akademiaslowa\\\/wp-content\\\/uploads\\\/2018\\\/01\\\/as-1.jpg\",\"articleSection\":[\"Relacje\"],\"inLanguage\":\"pl-PL\",\"potentialAction\":[{\"@type\":\"CommentAction\",\"name\":\"Comment\",\"target\":[\"https:\\\/\\\/www.mbp.chrzanow.pl\\\/akademiaslowa\\\/index.php\\\/2018\\\/01\\\/17\\\/15-01-2018\\\/#respond\"]}]},{\"@type\":\"WebPage\",\"@id\":\"https:\\\/\\\/www.mbp.chrzanow.pl\\\/akademiaslowa\\\/index.php\\\/2018\\\/01\\\/17\\\/15-01-2018\\\/\",\"url\":\"https:\\\/\\\/www.mbp.chrzanow.pl\\\/akademiaslowa\\\/index.php\\\/2018\\\/01\\\/17\\\/15-01-2018\\\/\",\"name\":\"15.01.2018 - Akademia S\u0142owa - Chrzan\u00f3w\",\"isPartOf\":{\"@id\":\"https:\\\/\\\/www.mbp.chrzanow.pl\\\/akademiaslowa\\\/#website\"},\"primaryImageOfPage\":{\"@id\":\"https:\\\/\\\/www.mbp.chrzanow.pl\\\/akademiaslowa\\\/index.php\\\/2018\\\/01\\\/17\\\/15-01-2018\\\/#primaryimage\"},\"image\":{\"@id\":\"https:\\\/\\\/www.mbp.chrzanow.pl\\\/akademiaslowa\\\/index.php\\\/2018\\\/01\\\/17\\\/15-01-2018\\\/#primaryimage\"},\"thumbnailUrl\":\"https:\\\/\\\/www.mbp.chrzanow.pl\\\/akademiaslowa\\\/wp-content\\\/uploads\\\/2018\\\/01\\\/as-1.jpg\",\"datePublished\":\"2018-01-17T16:58:10+00:00\",\"dateModified\":\"2018-01-25T06:29:33+00:00\",\"breadcrumb\":{\"@id\":\"https:\\\/\\\/www.mbp.chrzanow.pl\\\/akademiaslowa\\\/index.php\\\/2018\\\/01\\\/17\\\/15-01-2018\\\/#breadcrumb\"},\"inLanguage\":\"pl-PL\",\"potentialAction\":[{\"@type\":\"ReadAction\",\"target\":[\"https:\\\/\\\/www.mbp.chrzanow.pl\\\/akademiaslowa\\\/index.php\\\/2018\\\/01\\\/17\\\/15-01-2018\\\/\"]}]},{\"@type\":\"ImageObject\",\"inLanguage\":\"pl-PL\",\"@id\":\"https:\\\/\\\/www.mbp.chrzanow.pl\\\/akademiaslowa\\\/index.php\\\/2018\\\/01\\\/17\\\/15-01-2018\\\/#primaryimage\",\"url\":\"https:\\\/\\\/www.mbp.chrzanow.pl\\\/akademiaslowa\\\/wp-content\\\/uploads\\\/2018\\\/01\\\/as-1.jpg\",\"contentUrl\":\"https:\\\/\\\/www.mbp.chrzanow.pl\\\/akademiaslowa\\\/wp-content\\\/uploads\\\/2018\\\/01\\\/as-1.jpg\",\"width\":1350,\"height\":737},{\"@type\":\"BreadcrumbList\",\"@id\":\"https:\\\/\\\/www.mbp.chrzanow.pl\\\/akademiaslowa\\\/index.php\\\/2018\\\/01\\\/17\\\/15-01-2018\\\/#breadcrumb\",\"itemListElement\":[{\"@type\":\"ListItem\",\"position\":1,\"name\":\"Strona g\u0142\u00f3wna\",\"item\":\"https:\\\/\\\/www.mbp.chrzanow.pl\\\/akademiaslowa\\\/\"},{\"@type\":\"ListItem\",\"position\":2,\"name\":\"15.01.2018\"}]},{\"@type\":\"WebSite\",\"@id\":\"https:\\\/\\\/www.mbp.chrzanow.pl\\\/akademiaslowa\\\/#website\",\"url\":\"https:\\\/\\\/www.mbp.chrzanow.pl\\\/akademiaslowa\\\/\",\"name\":\"Akademia S\u0142owa - Chrzan\u00f3w\",\"description\":\"Czym poezja...\",\"publisher\":{\"@id\":\"https:\\\/\\\/www.mbp.chrzanow.pl\\\/akademiaslowa\\\/#organization\"},\"potentialAction\":[{\"@type\":\"SearchAction\",\"target\":{\"@type\":\"EntryPoint\",\"urlTemplate\":\"https:\\\/\\\/www.mbp.chrzanow.pl\\\/akademiaslowa\\\/?s={search_term_string}\"},\"query-input\":{\"@type\":\"PropertyValueSpecification\",\"valueRequired\":true,\"valueName\":\"search_term_string\"}}],\"inLanguage\":\"pl-PL\"},{\"@type\":\"Organization\",\"@id\":\"https:\\\/\\\/www.mbp.chrzanow.pl\\\/akademiaslowa\\\/#organization\",\"name\":\"Akademia S\u0142owa Chrzan\u00f3w\",\"url\":\"https:\\\/\\\/www.mbp.chrzanow.pl\\\/akademiaslowa\\\/\",\"logo\":{\"@type\":\"ImageObject\",\"inLanguage\":\"pl-PL\",\"@id\":\"https:\\\/\\\/www.mbp.chrzanow.pl\\\/akademiaslowa\\\/#\\\/schema\\\/logo\\\/image\\\/\",\"url\":\"https:\\\/\\\/www.mbp.chrzanow.pl\\\/akademiaslowa\\\/wp-content\\\/uploads\\\/2017\\\/12\\\/AkademiaSlowa_www.jpg\",\"contentUrl\":\"https:\\\/\\\/www.mbp.chrzanow.pl\\\/akademiaslowa\\\/wp-content\\\/uploads\\\/2017\\\/12\\\/AkademiaSlowa_www.jpg\",\"width\":500,\"height\":79,\"caption\":\"Akademia S\u0142owa Chrzan\u00f3w\"},\"image\":{\"@id\":\"https:\\\/\\\/www.mbp.chrzanow.pl\\\/akademiaslowa\\\/#\\\/schema\\\/logo\\\/image\\\/\"}},{\"@type\":\"Person\",\"@id\":\"https:\\\/\\\/www.mbp.chrzanow.pl\\\/akademiaslowa\\\/#\\\/schema\\\/person\\\/f7f71edfa96be202a208ab75307856e9\",\"name\":\"admAS\",\"image\":{\"@type\":\"ImageObject\",\"inLanguage\":\"pl-PL\",\"@id\":\"https:\\\/\\\/secure.gravatar.com\\\/avatar\\\/5b078c44c109f2248109bb28ecb0c853517953dc1e06bb96fea8699e9f69bcac?s=96&d=mm&r=g\",\"url\":\"https:\\\/\\\/secure.gravatar.com\\\/avatar\\\/5b078c44c109f2248109bb28ecb0c853517953dc1e06bb96fea8699e9f69bcac?s=96&d=mm&r=g\",\"contentUrl\":\"https:\\\/\\\/secure.gravatar.com\\\/avatar\\\/5b078c44c109f2248109bb28ecb0c853517953dc1e06bb96fea8699e9f69bcac?s=96&d=mm&r=g\",\"caption\":\"admAS\"},\"url\":\"https:\\\/\\\/www.mbp.chrzanow.pl\\\/akademiaslowa\\\/index.php\\\/author\\\/admas\\\/\"}]}<\/script>\n<!-- \/ Yoast SEO plugin. -->","yoast_head_json":{"title":"15.01.2018 - Akademia S\u0142owa - Chrzan\u00f3w","robots":{"index":"index","follow":"follow","max-snippet":"max-snippet:-1","max-image-preview":"max-image-preview:large","max-video-preview":"max-video-preview:-1"},"canonical":"https:\/\/www.mbp.chrzanow.pl\/akademiaslowa\/index.php\/2018\/01\/17\/15-01-2018\/","og_locale":"pl_PL","og_type":"article","og_title":"15.01.2018 - Akademia S\u0142owa - Chrzan\u00f3w","og_description":"[&hellip;]","og_url":"https:\/\/www.mbp.chrzanow.pl\/akademiaslowa\/index.php\/2018\/01\/17\/15-01-2018\/","og_site_name":"Akademia S\u0142owa - Chrzan\u00f3w","article_published_time":"2018-01-17T16:58:10+00:00","article_modified_time":"2018-01-25T06:29:33+00:00","og_image":[{"width":1350,"height":737,"url":"https:\/\/www.mbp.chrzanow.pl\/akademiaslowa\/wp-content\/uploads\/2018\/01\/as-1.jpg","type":"image\/jpeg"}],"author":"admAS","twitter_card":"summary_large_image","twitter_misc":{"Napisane przez":"admAS","Szacowany czas czytania":"2 minuty"},"schema":{"@context":"https:\/\/schema.org","@graph":[{"@type":"Article","@id":"https:\/\/www.mbp.chrzanow.pl\/akademiaslowa\/index.php\/2018\/01\/17\/15-01-2018\/#article","isPartOf":{"@id":"https:\/\/www.mbp.chrzanow.pl\/akademiaslowa\/index.php\/2018\/01\/17\/15-01-2018\/"},"author":{"name":"admAS","@id":"https:\/\/www.mbp.chrzanow.pl\/akademiaslowa\/#\/schema\/person\/f7f71edfa96be202a208ab75307856e9"},"headline":"15.01.2018","datePublished":"2018-01-17T16:58:10+00:00","dateModified":"2018-01-25T06:29:33+00:00","mainEntityOfPage":{"@id":"https:\/\/www.mbp.chrzanow.pl\/akademiaslowa\/index.php\/2018\/01\/17\/15-01-2018\/"},"wordCount":432,"commentCount":3,"publisher":{"@id":"https:\/\/www.mbp.chrzanow.pl\/akademiaslowa\/#organization"},"image":{"@id":"https:\/\/www.mbp.chrzanow.pl\/akademiaslowa\/index.php\/2018\/01\/17\/15-01-2018\/#primaryimage"},"thumbnailUrl":"https:\/\/www.mbp.chrzanow.pl\/akademiaslowa\/wp-content\/uploads\/2018\/01\/as-1.jpg","articleSection":["Relacje"],"inLanguage":"pl-PL","potentialAction":[{"@type":"CommentAction","name":"Comment","target":["https:\/\/www.mbp.chrzanow.pl\/akademiaslowa\/index.php\/2018\/01\/17\/15-01-2018\/#respond"]}]},{"@type":"WebPage","@id":"https:\/\/www.mbp.chrzanow.pl\/akademiaslowa\/index.php\/2018\/01\/17\/15-01-2018\/","url":"https:\/\/www.mbp.chrzanow.pl\/akademiaslowa\/index.php\/2018\/01\/17\/15-01-2018\/","name":"15.01.2018 - Akademia S\u0142owa - Chrzan\u00f3w","isPartOf":{"@id":"https:\/\/www.mbp.chrzanow.pl\/akademiaslowa\/#website"},"primaryImageOfPage":{"@id":"https:\/\/www.mbp.chrzanow.pl\/akademiaslowa\/index.php\/2018\/01\/17\/15-01-2018\/#primaryimage"},"image":{"@id":"https:\/\/www.mbp.chrzanow.pl\/akademiaslowa\/index.php\/2018\/01\/17\/15-01-2018\/#primaryimage"},"thumbnailUrl":"https:\/\/www.mbp.chrzanow.pl\/akademiaslowa\/wp-content\/uploads\/2018\/01\/as-1.jpg","datePublished":"2018-01-17T16:58:10+00:00","dateModified":"2018-01-25T06:29:33+00:00","breadcrumb":{"@id":"https:\/\/www.mbp.chrzanow.pl\/akademiaslowa\/index.php\/2018\/01\/17\/15-01-2018\/#breadcrumb"},"inLanguage":"pl-PL","potentialAction":[{"@type":"ReadAction","target":["https:\/\/www.mbp.chrzanow.pl\/akademiaslowa\/index.php\/2018\/01\/17\/15-01-2018\/"]}]},{"@type":"ImageObject","inLanguage":"pl-PL","@id":"https:\/\/www.mbp.chrzanow.pl\/akademiaslowa\/index.php\/2018\/01\/17\/15-01-2018\/#primaryimage","url":"https:\/\/www.mbp.chrzanow.pl\/akademiaslowa\/wp-content\/uploads\/2018\/01\/as-1.jpg","contentUrl":"https:\/\/www.mbp.chrzanow.pl\/akademiaslowa\/wp-content\/uploads\/2018\/01\/as-1.jpg","width":1350,"height":737},{"@type":"BreadcrumbList","@id":"https:\/\/www.mbp.chrzanow.pl\/akademiaslowa\/index.php\/2018\/01\/17\/15-01-2018\/#breadcrumb","itemListElement":[{"@type":"ListItem","position":1,"name":"Strona g\u0142\u00f3wna","item":"https:\/\/www.mbp.chrzanow.pl\/akademiaslowa\/"},{"@type":"ListItem","position":2,"name":"15.01.2018"}]},{"@type":"WebSite","@id":"https:\/\/www.mbp.chrzanow.pl\/akademiaslowa\/#website","url":"https:\/\/www.mbp.chrzanow.pl\/akademiaslowa\/","name":"Akademia S\u0142owa - Chrzan\u00f3w","description":"Czym poezja...","publisher":{"@id":"https:\/\/www.mbp.chrzanow.pl\/akademiaslowa\/#organization"},"potentialAction":[{"@type":"SearchAction","target":{"@type":"EntryPoint","urlTemplate":"https:\/\/www.mbp.chrzanow.pl\/akademiaslowa\/?s={search_term_string}"},"query-input":{"@type":"PropertyValueSpecification","valueRequired":true,"valueName":"search_term_string"}}],"inLanguage":"pl-PL"},{"@type":"Organization","@id":"https:\/\/www.mbp.chrzanow.pl\/akademiaslowa\/#organization","name":"Akademia S\u0142owa Chrzan\u00f3w","url":"https:\/\/www.mbp.chrzanow.pl\/akademiaslowa\/","logo":{"@type":"ImageObject","inLanguage":"pl-PL","@id":"https:\/\/www.mbp.chrzanow.pl\/akademiaslowa\/#\/schema\/logo\/image\/","url":"https:\/\/www.mbp.chrzanow.pl\/akademiaslowa\/wp-content\/uploads\/2017\/12\/AkademiaSlowa_www.jpg","contentUrl":"https:\/\/www.mbp.chrzanow.pl\/akademiaslowa\/wp-content\/uploads\/2017\/12\/AkademiaSlowa_www.jpg","width":500,"height":79,"caption":"Akademia S\u0142owa Chrzan\u00f3w"},"image":{"@id":"https:\/\/www.mbp.chrzanow.pl\/akademiaslowa\/#\/schema\/logo\/image\/"}},{"@type":"Person","@id":"https:\/\/www.mbp.chrzanow.pl\/akademiaslowa\/#\/schema\/person\/f7f71edfa96be202a208ab75307856e9","name":"admAS","image":{"@type":"ImageObject","inLanguage":"pl-PL","@id":"https:\/\/secure.gravatar.com\/avatar\/5b078c44c109f2248109bb28ecb0c853517953dc1e06bb96fea8699e9f69bcac?s=96&d=mm&r=g","url":"https:\/\/secure.gravatar.com\/avatar\/5b078c44c109f2248109bb28ecb0c853517953dc1e06bb96fea8699e9f69bcac?s=96&d=mm&r=g","contentUrl":"https:\/\/secure.gravatar.com\/avatar\/5b078c44c109f2248109bb28ecb0c853517953dc1e06bb96fea8699e9f69bcac?s=96&d=mm&r=g","caption":"admAS"},"url":"https:\/\/www.mbp.chrzanow.pl\/akademiaslowa\/index.php\/author\/admas\/"}]}},"_links":{"self":[{"href":"https:\/\/www.mbp.chrzanow.pl\/akademiaslowa\/index.php\/wp-json\/wp\/v2\/posts\/291","targetHints":{"allow":["GET"]}}],"collection":[{"href":"https:\/\/www.mbp.chrzanow.pl\/akademiaslowa\/index.php\/wp-json\/wp\/v2\/posts"}],"about":[{"href":"https:\/\/www.mbp.chrzanow.pl\/akademiaslowa\/index.php\/wp-json\/wp\/v2\/types\/post"}],"author":[{"embeddable":true,"href":"https:\/\/www.mbp.chrzanow.pl\/akademiaslowa\/index.php\/wp-json\/wp\/v2\/users\/1"}],"replies":[{"embeddable":true,"href":"https:\/\/www.mbp.chrzanow.pl\/akademiaslowa\/index.php\/wp-json\/wp\/v2\/comments?post=291"}],"version-history":[{"count":9,"href":"https:\/\/www.mbp.chrzanow.pl\/akademiaslowa\/index.php\/wp-json\/wp\/v2\/posts\/291\/revisions"}],"predecessor-version":[{"id":303,"href":"https:\/\/www.mbp.chrzanow.pl\/akademiaslowa\/index.php\/wp-json\/wp\/v2\/posts\/291\/revisions\/303"}],"wp:featuredmedia":[{"embeddable":true,"href":"https:\/\/www.mbp.chrzanow.pl\/akademiaslowa\/index.php\/wp-json\/wp\/v2\/media\/297"}],"wp:attachment":[{"href":"https:\/\/www.mbp.chrzanow.pl\/akademiaslowa\/index.php\/wp-json\/wp\/v2\/media?parent=291"}],"wp:term":[{"taxonomy":"category","embeddable":true,"href":"https:\/\/www.mbp.chrzanow.pl\/akademiaslowa\/index.php\/wp-json\/wp\/v2\/categories?post=291"},{"taxonomy":"post_tag","embeddable":true,"href":"https:\/\/www.mbp.chrzanow.pl\/akademiaslowa\/index.php\/wp-json\/wp\/v2\/tags?post=291"}],"curies":[{"name":"wp","href":"https:\/\/api.w.org\/{rel}","templated":true}]}}