{"id":3001,"date":"2025-05-08T08:00:00","date_gmt":"2025-05-08T06:00:00","guid":{"rendered":"https:\/\/www.mbp.chrzanow.pl\/akademiaslowa\/?p=3001"},"modified":"2025-05-22T15:58:39","modified_gmt":"2025-05-22T13:58:39","slug":"felieton-olgi-nowickiej-maj-2025","status":"publish","type":"post","link":"https:\/\/www.mbp.chrzanow.pl\/akademiaslowa\/index.php\/2025\/05\/08\/felieton-olgi-nowickiej-maj-2025\/","title":{"rendered":"Felieton Olgi Nowickiej \u2013 maj 2025"},"content":{"rendered":"\t\t<div data-elementor-type=\"wp-post\" data-elementor-id=\"3001\" class=\"elementor elementor-3001\">\n\t\t\t\t\t\t<section class=\"elementor-section elementor-top-section elementor-element elementor-element-69d75c1 elementor-section-boxed elementor-section-height-default elementor-section-height-default\" data-id=\"69d75c1\" data-element_type=\"section\" data-e-type=\"section\">\n\t\t\t\t\t\t<div class=\"elementor-container elementor-column-gap-default\">\n\t\t\t\t\t<div class=\"elementor-column elementor-col-100 elementor-top-column elementor-element elementor-element-05cc238\" data-id=\"05cc238\" data-element_type=\"column\" data-e-type=\"column\">\n\t\t\t<div class=\"elementor-widget-wrap elementor-element-populated\">\n\t\t\t\t\t\t<div class=\"elementor-element elementor-element-c1837ae elementor-widget elementor-widget-text-editor\" data-id=\"c1837ae\" data-element_type=\"widget\" data-e-type=\"widget\" data-widget_type=\"text-editor.default\">\n\t\t\t\t<div class=\"elementor-widget-container\">\n\t\t\t\t\t\t\t\t\t<p>O tym, \u017ce biblioteka to fajne miejsce, nikogo chyba przekonywa\u0107 ju\u017c nie trzeba\u2026 dzieje si\u0119\u2026 i to tak, \u017ce dni i godzin brakuje\u2026oczywi\u015bcie samo s\u0142owo kojarzy si\u0119 z ksi\u0105\u017ckami i \u00a0wypo\u017cyczaniem ale Biblio \u2013 to r\u00f3wnie\u017c ca\u0142a gama aktywno\u015bci wszelkiej \u201ema\u015bci\u201d. Gdyby tak zapyta\u0107 czytelnika za co lubi Bibliotek\u0119? Stawiam na powtarzaj\u0105ce si\u0119 odpowiedzi: za ksi\u0105\u017cki, za bibliotekarki (mam nadziej\u0119\ud83d\ude0a), za atmosfer\u0119, za spotkania\u2026.no i potem to ju\u017c ka\u017cdy indywidualnie\u2026 w czym najlepiej si\u0119 czuje, jakie wydarzenia preferuje, po co i w jakim celu odwiedza progi ksi\u0105\u017cnicy\u2026 We wsp\u00f3\u0142czesnej kulturze biblioteki s\u0105 postrzegane jako centra lokalnej kultury, miejsca jednoczenia, budowania wi\u0119zi spo\u0142ecznych i realizowania pasji. KSI\u0104\u017bKI \u2013 wiadomo to podstawa \u2013 no i s\u0105 za darmo a to w dzisiejszych, trudnych finansowo czasach wielki plus, a CZYTANIE to awantura\u2026 bardzo lubi\u0119 to okre\u015blenie, kt\u00f3re wylansowa\u0142a kiedy\u015b TVP Kultura cyklem spotka\u0144 i rozm\u00f3w o ksi\u0105\u017ckach\u2026 bo to faktycznie osobliwe zdarzenie, przygoda, zburzenie spokoju, wytr\u0105cenie z r\u00f3wnowagi, a przy tym wielka przyjemno\u015b\u0107, kt\u00f3ra zam\u0105ci w g\u0142owie cudownie.<\/p><p>Lubi\u0119 tu by\u0107! \u2013 to chyba\u00a0 najwi\u0119kszy komplement jaki mo\u017cna sobie wyobrazi\u0107 z ust czytelnika i u\u017cytkownika BIBLIOTEKI. I kolejny raz chyl\u0119 czo\u0142a przed autorem \u2013 laureatem tegorocznego konkursu na \u00a0plakat ilustruj\u0105cy has\u0142o TYGODNIA BIBLIOTEK 2025 \u2013 <br \/>BIBLIOTEKA &#8211; LUBI\u0118 TU BY\u0106! Du\u017ca si\u0142a propagandowa \u2013 jak napisano w uzasadnieniu \u2013 i<em>nterpretacja grafiki mimo woli narzuca si\u0119 patrz\u0105cemu. Ot\u00f3\u017c znajdujemy si\u0119 w czarnym, zero-jedynkowym \u015bwiecie. Uchylamy tajemnicze drzwi i z wn\u0119trza wypada snop kolorowego \u015bwiat\u0142a. To wej\u015bcie do wielobarwnego \u015bwiata biblioteki, \u015bwiata r\u00f3\u017cnorodno\u015bci i pogodnego optymizmu. <\/em><br \/><em>Wyrazisty i mocno uproszczony rysunek pomaga w agitacji<\/em> \u2026 i w tolerancji \u2013 doda\u0142abym jeszcze.\u00a0 Dla mnie extra, bo Biblioteka jest dla WSZYSTKICH bez wyj\u0105tku \u2013 jak nasza pi\u0119kna Matka Ziemia. Sam kontrast plakatu intryguje i zaciekawia, zapewnia, \u017ce za tymi drzwiami czeka nas inny \u015bwiat \u2013 o tre\u015bci g\u0119stej i pi\u0119knej \u2013 trzeba tylko wej\u015b\u0107. Natrafi\u0142am ostatnio w sieci na wypowied\u017a dziennikarki <br \/>i autorki Susan Orlean, kt\u00f3ra zas\u0142yn\u0119\u0142a min. z ksi\u0105\u017cki The Orchid Thief, b\u0119d\u0105cej inspiracj\u0105 oskarowej Adaptacji &#8211; filmu <br \/>w re\u017c. Spike&#8217;a Jonze z 2002r. ale r\u00f3wnie\u017c bestsellera, o tak trafnym tytule, jak The Library Book &#8211; ksi\u0105\u017cki non-fiction (2018r.) <br \/>o po\u017carze w Bibliotece Centralnej w Los Angeles w 1986 r. W wywiadzie m\u00f3wi\u0142a o swoich ksi\u0105\u017ckach ale tak\u017ce o mi\u0142o\u015bci do bibliotek <br \/>i dlaczego s\u0105 tak wa\u017cne. Zapytana: Dlaczego biblioteki tak wiele dla nas znacz\u0105? Co w nich tak mocno wp\u0142ywa na nasz\u0105 pami\u0119\u0107<br \/>i wyobra\u017ani\u0119? \u2013 odpowiedzia\u0142a &#8211; <em>biblioteka jest jednym z ostatnich miejsc, w kt\u00f3rych ka\u017cdy jest mile widziany [\u2026] Idea przestrzeni publicznej, kt\u00f3ra jest naprawd\u0119 przyjazna dla ka\u017cdego, jest bardzo wa\u017cna dla poczucia tego, czym jest spo\u0142eczno\u015b\u0107. <\/em><br \/><em>Nie mamy wielu miejsc, kt\u00f3re spe\u0142niaj\u0105 t\u0119 rol\u0119. Parki publiczne, ulice publiczne \u2014 ale poza tym biblioteka jest wyj\u0105tkowa, poniewa\u017c wita ka\u017cdego [\u2026] To bardzo bezpieczne \u015brodowisko. W ci\u0105gu ostatnich kilku dekad biblioteki naprawd\u0119 to podkre\u015bla\u0142y i sta\u0142y si\u0119 przestrzeniami spo\u0142eczno\u015bci do wszelkiego rodzaju rzeczy \u2014 czytania i pisania, spotka\u0144 spo\u0142eczno\u015bci\u2026 [\u2026] \u00a0Sta\u0142y si\u0119 prawdziwym sercem spo\u0142eczno\u015bci. [\u2026] Nigdy nie idziesz do biblioteki ze z\u0142ego powodu. To jest wyb\u00f3r. Zawsze jest w tym co\u015b pozytywnego.<\/em> Zgadzam si\u0119 absolutnie i wcale nie dlatego, \u017ce Biblioteka jest moim drugim domem od ponad 30 lat\u2026 Przesz\u0142am w niej du\u017co zmian, w aurze i dobrej, i z\u0142ej, ale chyba zawsze mia\u0142am do czynienia z czytelnikiem ZADOWOLONYM. Bywa, \u017ce ludzie \u201ez miasta\u201d wpadaj\u0105 po prostu pogada\u0107, zakomunikowa\u0107, \u017ce spotkanie autorskie by\u0142o extra, wystawa ciekawa, a ostatni Koncert za Rega\u0142em mia\u0142 moc\u2026 My\u015bl\u0119 sobie wtedy, \u017ce to jest w\u0142a\u015bnie sens mojej pracy. Tak jak ostatnio, kiedy podczas organizacji du\u017cego miejskiego eventu, do Dzia\u0142u Promocji wpad\u0142a Pani z prezentem dla mnie i moich dw\u00f3ch kole\u017canek, i z u\u015bmiechem na twarzy wr\u0119czy\u0142a specjalnie wyhaftowany dla nas obraz z napisem: <em>Jeste\u015bcie panie wspania\u0142e<\/em>. Hmmmm? To znaczy, \u017ce LUBI TU BY\u0106\u2026<\/p><p>Ale wr\u00f3c\u0119 jeszcze do przyk\u0142ad\u00f3w dobrego s\u0142owa dla Bibliotek, dalej w kontek\u015bcie tegorocznego has\u0142a TB. <br \/>Jerzy Pilch \u2013 znakomity pisarz i ironista unikaj\u0105cy egzystencjalnej powagi, kt\u00f3ry sam o sobie m\u00f3wi\u0142, \u017ce: z rozpaczliwym uporem utrzymuj\u0119 si\u0119 przy \u017cyciu dzi\u0119ki my\u015bleniu ca\u0142ymi zdaniami \u2013 pi\u0119kne zdanie kiedy\u015b wypowiedzia\u0142: <em>Biblioteka jest zbiorem sn\u00f3w zapomnianych, ale utrwalonych, jest szans\u0105 nieustannego powrotu, a ka\u017cdy powr\u00f3t mo\u017ce tu na powr\u00f3t sta\u0107 si\u0119 pierwszym przej\u015bciem<\/em>. Za\u015b sam mistrz grozy Steven King dawa\u0142 innym rad\u0119: <em>Kiedy wszystko inne zawiedzie, dajcie za wygran\u0105 i id\u017acie do biblioteki. I rzeczywi\u015bcie, cz\u0119sto si\u0119 zdarza, \u017ce idzie si\u0119 do biblioteki, aby odreagowa\u0107 co\u015b z\u0142ego, co nas spotka\u0142o, bywa, \u017ce po konkretny tytu\u0142, a wychodzi si\u0119 z niej, pod pach\u0105 z ksi\u0105\u017ck\u0105 nowoodkryt\u0105, kt\u00f3rej istnienia si\u0119 nie podejrzewa\u0142o\u2026 i nagle staje si\u0119 magia<\/em>. Umberto Eco &#8211; w\u0142oski intelektualista, semiolog, filozof, bibliofil powie\u015bciopisarz i publicysta &#8211; s\u0142aw\u0119 przynios\u0142a mu powie\u015b\u0107 Imi\u0119 r\u00f3\u017cy, a dla nas bibliotekarzy jest autorem bibliotekarskiej biblii O Bibliotece. (De Bibliotheca, wyd. polskie 1990), posiada\u0142 prywatn\u0105 bibliotek\u0119, licz\u0105c\u0105 ponad pi\u0119\u0107dziesi\u0105t tysi\u0119cy ksi\u0105\u017cek, zgromadzonych w dw\u00f3ch posiad\u0142o\u015bciach. Dlaczego mia\u0142 ich tak du\u017co? Na pewno stanowi\u0142y dla niego narz\u0119dzie pracy, a z emocjonalnego punktu widzenia \u2013 mawia\u0142 \u2013 [\u2026] <em>ksi\u0105\u017cki s\u0105 niezast\u0105pione<\/em>! Powtarza\u0142, \u017ce [\u2026]<em> to w\u0142a\u015bnie fikcja jest \u017ar\u00f3d\u0142em niepodwa\u017calnej prawdy. Bo o ile mo\u017cna dokona\u0107 odkrycia, kt\u00f3re obali dotychczasowe przekonania naukowe czy obowi\u0105zuj\u0105c\u0105 teori\u0119 \u2013 o tyle nie spos\u00f3b znale\u017a\u0107 dowodu zaprzeczaj\u0105cego temu, \u017ce Don Kichot w wiatrakach widzia\u0142 olbrzymy. No i Jego cieniutka ksi\u0105\u017ceczka O Bibliotece \u2013 to majstersztyk gdzie\u015b pomi\u0119dzy dobr\u0105 i z\u0142\u0105 bibliotek\u0105. Dla autora, dzie\u0144 sp\u0119dzony w bibliotece (tak\u017ce jego prywatnej), to niezapomniana przygoda. [\u2026]<\/em> Osoby odwiedzaj\u0105ce domow\u0105 bibliotek\u0119 profesora Eco regularnie zadawa\u0142y mu to samo pytanie: czy przeczyta\u0142 wszystkie zgromadzone ksi\u0105\u017cki? <br \/>Mia\u0142 na nie przygotowany ca\u0142y wachlarz \u017cartobliwych odpowiedzi. Na przyk\u0142ad, \u017ce te, kt\u00f3re tu wida\u0107, s\u0105 tylko na obecny tydzie\u0144, <br \/>a reszt\u0119 trzyma w swoim biurze.<\/p><p>A jaka powinna wi\u0119c by\u0107 biblioteka na miar\u0119 cz\u0142owieka? \u2013 wg Eco &#8211; taka, do kt\u00f3rej przychodzimy z rado\u015bci\u0105, bo chcemy w niej sp\u0119dza\u0107 wolny czas. Taka, w kt\u00f3rej mo\u017cemy napi\u0107 si\u0119 pysznej kawy, czytaj\u0105c w wygodnej kanapie\u2026 i taka jest BIBLIOTEKA w roku 2025. Na zako\u0144czenie, jako udokumentowanie i zwie\u0144czenie powy\u017cszych wywod\u00f3w, przytocz\u0119 jeszcze s\u0142owa Sylwii Hutnik (bo bardzo mi si\u0119 spodoba\u0142y \ud83d\ude0a): <em>Biblioteki wsp\u00f3\u0142cze\u015bnie to serca lokalnych zmian i oddolnej aktywno\u015bci ma\u0142ych spo\u0142eczno\u015bci (\u2026). Bibliotekarka jest nie tylko \u201ewypo\u017cyczaczk\u0105 ksi\u0105\u017cek\u201d, ale i psycholo\u017ck\u0105 umiej\u0105ca s\u0142ucha\u0107 i doradza\u0107. Jest korepetytork\u0105 dla dzieciak\u00f3w <\/em><br \/><em>i senior\u00f3w\/seniorek. Jest animatork\u0105 kultury i specjalistk\u0105 od zabawy. Poza tym potrafi wype\u0142ni\u0107 wniosek o dofinansowanie, zrealizowa\u0107 go i rozliczy\u0107. Ma\u0142o tego: potrafi wyk\u0142\u00f3ci\u0107 si\u0119 z burmistrzem o pozostawienie jednostek bibliotecznych nawet, je\u015bli grozi im zamkni\u0119cie. Potrafi wywalczy\u0107 dotacj\u0119 lub cho\u0107by skromny remont i uzupe\u0142nienie zbior\u00f3w. A potem to wszystko uporz\u0105dkuje, zorganizuje i zareklamuje<\/em>. Uf! A nie m\u00f3wi\u0142am, \u017ce Bibliotek\u0119 lubi si\u0119 te\u017c za to jakie jeste\u015bmy? No bo jak to w ko\u0144cu si\u0119 mawia? <br \/>Ludzie tworz\u0105 miejsca, a miejsce tworzy ludzi\u2026<\/p>\t\t\t\t\t\t\t\t<\/div>\n\t\t\t\t<\/div>\n\t\t\t\t\t<\/div>\n\t\t<\/div>\n\t\t\t\t\t<\/div>\n\t\t<\/section>\n\t\t\t\t<section class=\"elementor-section elementor-top-section elementor-element elementor-element-27e73e8 elementor-section-boxed elementor-section-height-default elementor-section-height-default\" data-id=\"27e73e8\" data-element_type=\"section\" data-e-type=\"section\">\n\t\t\t\t\t\t<div class=\"elementor-container elementor-column-gap-default\">\n\t\t\t\t\t<div class=\"elementor-column elementor-col-100 elementor-top-column elementor-element elementor-element-e3c1900\" data-id=\"e3c1900\" data-element_type=\"column\" data-e-type=\"column\">\n\t\t\t<div class=\"elementor-widget-wrap elementor-element-populated\">\n\t\t\t\t\t\t<div class=\"elementor-element elementor-element-afd3e18 elementor-widget elementor-widget-text-editor\" data-id=\"afd3e18\" data-element_type=\"widget\" data-e-type=\"widget\" data-widget_type=\"text-editor.default\">\n\t\t\t\t<div class=\"elementor-widget-container\">\n\t\t\t\t\t\t\t\t\t<p><em>Olga Nowicka<\/em><\/p><p>Felieton publikowany w <a href=\"https:\/\/wydawnictwo.sbp.pl\/poradnik-bibliotekarza-5-2025,66,391.html\">Poradniku Bibliotekarza 5\/2025<\/a><\/p>\t\t\t\t\t\t\t\t<\/div>\n\t\t\t\t<\/div>\n\t\t\t\t\t<\/div>\n\t\t<\/div>\n\t\t\t\t\t<\/div>\n\t\t<\/section>\n\t\t\t\t<\/div>\n\t\t","protected":false},"excerpt":{"rendered":"<p> [&hellip;]<\/p>\n","protected":false},"author":3,"featured_media":3002,"comment_status":"closed","ping_status":"closed","sticky":false,"template":"","format":"standard","meta":{"footnotes":""},"categories":[11],"tags":[50,27,28],"class_list":["post-3001","post","type-post","status-publish","format-standard","has-post-thumbnail","hentry","category-felietony","tag-50","tag-felieton","tag-olga-nowicka"],"yoast_head":"<!-- This site is optimized with the Yoast SEO plugin v27.5 - https:\/\/yoast.com\/product\/yoast-seo-wordpress\/ -->\n<title>Felieton Olgi Nowickiej \u2013 maj 2025 - Akademia S\u0142owa - Chrzan\u00f3w<\/title>\n<meta name=\"robots\" content=\"index, follow, max-snippet:-1, max-image-preview:large, max-video-preview:-1\" \/>\n<link rel=\"canonical\" href=\"https:\/\/www.mbp.chrzanow.pl\/akademiaslowa\/index.php\/2025\/05\/08\/felieton-olgi-nowickiej-maj-2025\/\" \/>\n<meta property=\"og:locale\" content=\"pl_PL\" \/>\n<meta property=\"og:type\" content=\"article\" \/>\n<meta property=\"og:title\" content=\"Felieton Olgi Nowickiej \u2013 maj 2025 - Akademia S\u0142owa - Chrzan\u00f3w\" \/>\n<meta property=\"og:description\" content=\"[&hellip;]\" \/>\n<meta property=\"og:url\" content=\"https:\/\/www.mbp.chrzanow.pl\/akademiaslowa\/index.php\/2025\/05\/08\/felieton-olgi-nowickiej-maj-2025\/\" \/>\n<meta property=\"og:site_name\" content=\"Akademia S\u0142owa - Chrzan\u00f3w\" \/>\n<meta property=\"article:published_time\" content=\"2025-05-08T06:00:00+00:00\" \/>\n<meta property=\"article:modified_time\" content=\"2025-05-22T13:58:39+00:00\" \/>\n<meta property=\"og:image\" content=\"https:\/\/www.mbp.chrzanow.pl\/akademiaslowa\/wp-content\/uploads\/2025\/04\/jestescie-panie-wspaniale_kwiecien-1.jpg\" \/>\n\t<meta property=\"og:image:width\" content=\"652\" \/>\n\t<meta property=\"og:image:height\" content=\"920\" \/>\n\t<meta property=\"og:image:type\" content=\"image\/jpeg\" \/>\n<meta name=\"author\" content=\"Prom\" \/>\n<meta name=\"twitter:card\" content=\"summary_large_image\" \/>\n<meta name=\"twitter:label1\" content=\"Napisane przez\" \/>\n\t<meta name=\"twitter:data1\" content=\"Prom\" \/>\n\t<meta name=\"twitter:label2\" content=\"Szacowany czas czytania\" \/>\n\t<meta name=\"twitter:data2\" content=\"7 minut\" \/>\n<script type=\"application\/ld+json\" class=\"yoast-schema-graph\">{\"@context\":\"https:\\\/\\\/schema.org\",\"@graph\":[{\"@type\":\"Article\",\"@id\":\"https:\\\/\\\/www.mbp.chrzanow.pl\\\/akademiaslowa\\\/index.php\\\/2025\\\/05\\\/08\\\/felieton-olgi-nowickiej-maj-2025\\\/#article\",\"isPartOf\":{\"@id\":\"https:\\\/\\\/www.mbp.chrzanow.pl\\\/akademiaslowa\\\/index.php\\\/2025\\\/05\\\/08\\\/felieton-olgi-nowickiej-maj-2025\\\/\"},\"author\":{\"name\":\"Prom\",\"@id\":\"https:\\\/\\\/www.mbp.chrzanow.pl\\\/akademiaslowa\\\/#\\\/schema\\\/person\\\/fe7a35ef0376d4e76846aeae319d9fd8\"},\"headline\":\"Felieton Olgi Nowickiej \u2013 maj 2025\",\"datePublished\":\"2025-05-08T06:00:00+00:00\",\"dateModified\":\"2025-05-22T13:58:39+00:00\",\"mainEntityOfPage\":{\"@id\":\"https:\\\/\\\/www.mbp.chrzanow.pl\\\/akademiaslowa\\\/index.php\\\/2025\\\/05\\\/08\\\/felieton-olgi-nowickiej-maj-2025\\\/\"},\"wordCount\":1304,\"publisher\":{\"@id\":\"https:\\\/\\\/www.mbp.chrzanow.pl\\\/akademiaslowa\\\/#organization\"},\"image\":{\"@id\":\"https:\\\/\\\/www.mbp.chrzanow.pl\\\/akademiaslowa\\\/index.php\\\/2025\\\/05\\\/08\\\/felieton-olgi-nowickiej-maj-2025\\\/#primaryimage\"},\"thumbnailUrl\":\"https:\\\/\\\/www.mbp.chrzanow.pl\\\/akademiaslowa\\\/wp-content\\\/uploads\\\/2025\\\/04\\\/jestescie-panie-wspaniale_kwiecien-1.jpg\",\"keywords\":[\"2025\",\"Felieton\",\"Olga Nowicka\"],\"articleSection\":[\"Felietony\"],\"inLanguage\":\"pl-PL\"},{\"@type\":\"WebPage\",\"@id\":\"https:\\\/\\\/www.mbp.chrzanow.pl\\\/akademiaslowa\\\/index.php\\\/2025\\\/05\\\/08\\\/felieton-olgi-nowickiej-maj-2025\\\/\",\"url\":\"https:\\\/\\\/www.mbp.chrzanow.pl\\\/akademiaslowa\\\/index.php\\\/2025\\\/05\\\/08\\\/felieton-olgi-nowickiej-maj-2025\\\/\",\"name\":\"Felieton Olgi Nowickiej \u2013 maj 2025 - Akademia S\u0142owa - Chrzan\u00f3w\",\"isPartOf\":{\"@id\":\"https:\\\/\\\/www.mbp.chrzanow.pl\\\/akademiaslowa\\\/#website\"},\"primaryImageOfPage\":{\"@id\":\"https:\\\/\\\/www.mbp.chrzanow.pl\\\/akademiaslowa\\\/index.php\\\/2025\\\/05\\\/08\\\/felieton-olgi-nowickiej-maj-2025\\\/#primaryimage\"},\"image\":{\"@id\":\"https:\\\/\\\/www.mbp.chrzanow.pl\\\/akademiaslowa\\\/index.php\\\/2025\\\/05\\\/08\\\/felieton-olgi-nowickiej-maj-2025\\\/#primaryimage\"},\"thumbnailUrl\":\"https:\\\/\\\/www.mbp.chrzanow.pl\\\/akademiaslowa\\\/wp-content\\\/uploads\\\/2025\\\/04\\\/jestescie-panie-wspaniale_kwiecien-1.jpg\",\"datePublished\":\"2025-05-08T06:00:00+00:00\",\"dateModified\":\"2025-05-22T13:58:39+00:00\",\"breadcrumb\":{\"@id\":\"https:\\\/\\\/www.mbp.chrzanow.pl\\\/akademiaslowa\\\/index.php\\\/2025\\\/05\\\/08\\\/felieton-olgi-nowickiej-maj-2025\\\/#breadcrumb\"},\"inLanguage\":\"pl-PL\",\"potentialAction\":[{\"@type\":\"ReadAction\",\"target\":[\"https:\\\/\\\/www.mbp.chrzanow.pl\\\/akademiaslowa\\\/index.php\\\/2025\\\/05\\\/08\\\/felieton-olgi-nowickiej-maj-2025\\\/\"]}]},{\"@type\":\"ImageObject\",\"inLanguage\":\"pl-PL\",\"@id\":\"https:\\\/\\\/www.mbp.chrzanow.pl\\\/akademiaslowa\\\/index.php\\\/2025\\\/05\\\/08\\\/felieton-olgi-nowickiej-maj-2025\\\/#primaryimage\",\"url\":\"https:\\\/\\\/www.mbp.chrzanow.pl\\\/akademiaslowa\\\/wp-content\\\/uploads\\\/2025\\\/04\\\/jestescie-panie-wspaniale_kwiecien-1.jpg\",\"contentUrl\":\"https:\\\/\\\/www.mbp.chrzanow.pl\\\/akademiaslowa\\\/wp-content\\\/uploads\\\/2025\\\/04\\\/jestescie-panie-wspaniale_kwiecien-1.jpg\",\"width\":652,\"height\":920},{\"@type\":\"BreadcrumbList\",\"@id\":\"https:\\\/\\\/www.mbp.chrzanow.pl\\\/akademiaslowa\\\/index.php\\\/2025\\\/05\\\/08\\\/felieton-olgi-nowickiej-maj-2025\\\/#breadcrumb\",\"itemListElement\":[{\"@type\":\"ListItem\",\"position\":1,\"name\":\"Strona g\u0142\u00f3wna\",\"item\":\"https:\\\/\\\/www.mbp.chrzanow.pl\\\/akademiaslowa\\\/\"},{\"@type\":\"ListItem\",\"position\":2,\"name\":\"Felieton Olgi Nowickiej \u2013 maj 2025\"}]},{\"@type\":\"WebSite\",\"@id\":\"https:\\\/\\\/www.mbp.chrzanow.pl\\\/akademiaslowa\\\/#website\",\"url\":\"https:\\\/\\\/www.mbp.chrzanow.pl\\\/akademiaslowa\\\/\",\"name\":\"Akademia S\u0142owa - Chrzan\u00f3w\",\"description\":\"Czym poezja...\",\"publisher\":{\"@id\":\"https:\\\/\\\/www.mbp.chrzanow.pl\\\/akademiaslowa\\\/#organization\"},\"potentialAction\":[{\"@type\":\"SearchAction\",\"target\":{\"@type\":\"EntryPoint\",\"urlTemplate\":\"https:\\\/\\\/www.mbp.chrzanow.pl\\\/akademiaslowa\\\/?s={search_term_string}\"},\"query-input\":{\"@type\":\"PropertyValueSpecification\",\"valueRequired\":true,\"valueName\":\"search_term_string\"}}],\"inLanguage\":\"pl-PL\"},{\"@type\":\"Organization\",\"@id\":\"https:\\\/\\\/www.mbp.chrzanow.pl\\\/akademiaslowa\\\/#organization\",\"name\":\"Akademia S\u0142owa Chrzan\u00f3w\",\"url\":\"https:\\\/\\\/www.mbp.chrzanow.pl\\\/akademiaslowa\\\/\",\"logo\":{\"@type\":\"ImageObject\",\"inLanguage\":\"pl-PL\",\"@id\":\"https:\\\/\\\/www.mbp.chrzanow.pl\\\/akademiaslowa\\\/#\\\/schema\\\/logo\\\/image\\\/\",\"url\":\"https:\\\/\\\/www.mbp.chrzanow.pl\\\/akademiaslowa\\\/wp-content\\\/uploads\\\/2017\\\/12\\\/AkademiaSlowa_www.jpg\",\"contentUrl\":\"https:\\\/\\\/www.mbp.chrzanow.pl\\\/akademiaslowa\\\/wp-content\\\/uploads\\\/2017\\\/12\\\/AkademiaSlowa_www.jpg\",\"width\":500,\"height\":79,\"caption\":\"Akademia S\u0142owa Chrzan\u00f3w\"},\"image\":{\"@id\":\"https:\\\/\\\/www.mbp.chrzanow.pl\\\/akademiaslowa\\\/#\\\/schema\\\/logo\\\/image\\\/\"}},{\"@type\":\"Person\",\"@id\":\"https:\\\/\\\/www.mbp.chrzanow.pl\\\/akademiaslowa\\\/#\\\/schema\\\/person\\\/fe7a35ef0376d4e76846aeae319d9fd8\",\"name\":\"Prom\",\"image\":{\"@type\":\"ImageObject\",\"inLanguage\":\"pl-PL\",\"@id\":\"https:\\\/\\\/secure.gravatar.com\\\/avatar\\\/f60fbd4aa9e3207ab0785fd91859281f74f6e854743680d402cbd83a1b744580?s=96&d=mm&r=g\",\"url\":\"https:\\\/\\\/secure.gravatar.com\\\/avatar\\\/f60fbd4aa9e3207ab0785fd91859281f74f6e854743680d402cbd83a1b744580?s=96&d=mm&r=g\",\"contentUrl\":\"https:\\\/\\\/secure.gravatar.com\\\/avatar\\\/f60fbd4aa9e3207ab0785fd91859281f74f6e854743680d402cbd83a1b744580?s=96&d=mm&r=g\",\"caption\":\"Prom\"},\"url\":\"https:\\\/\\\/www.mbp.chrzanow.pl\\\/akademiaslowa\\\/index.php\\\/author\\\/promocja\\\/\"}]}<\/script>\n<!-- \/ Yoast SEO plugin. -->","yoast_head_json":{"title":"Felieton Olgi Nowickiej \u2013 maj 2025 - Akademia S\u0142owa - Chrzan\u00f3w","robots":{"index":"index","follow":"follow","max-snippet":"max-snippet:-1","max-image-preview":"max-image-preview:large","max-video-preview":"max-video-preview:-1"},"canonical":"https:\/\/www.mbp.chrzanow.pl\/akademiaslowa\/index.php\/2025\/05\/08\/felieton-olgi-nowickiej-maj-2025\/","og_locale":"pl_PL","og_type":"article","og_title":"Felieton Olgi Nowickiej \u2013 maj 2025 - Akademia S\u0142owa - Chrzan\u00f3w","og_description":"[&hellip;]","og_url":"https:\/\/www.mbp.chrzanow.pl\/akademiaslowa\/index.php\/2025\/05\/08\/felieton-olgi-nowickiej-maj-2025\/","og_site_name":"Akademia S\u0142owa - Chrzan\u00f3w","article_published_time":"2025-05-08T06:00:00+00:00","article_modified_time":"2025-05-22T13:58:39+00:00","og_image":[{"width":652,"height":920,"url":"https:\/\/www.mbp.chrzanow.pl\/akademiaslowa\/wp-content\/uploads\/2025\/04\/jestescie-panie-wspaniale_kwiecien-1.jpg","type":"image\/jpeg"}],"author":"Prom","twitter_card":"summary_large_image","twitter_misc":{"Napisane przez":"Prom","Szacowany czas czytania":"7 minut"},"schema":{"@context":"https:\/\/schema.org","@graph":[{"@type":"Article","@id":"https:\/\/www.mbp.chrzanow.pl\/akademiaslowa\/index.php\/2025\/05\/08\/felieton-olgi-nowickiej-maj-2025\/#article","isPartOf":{"@id":"https:\/\/www.mbp.chrzanow.pl\/akademiaslowa\/index.php\/2025\/05\/08\/felieton-olgi-nowickiej-maj-2025\/"},"author":{"name":"Prom","@id":"https:\/\/www.mbp.chrzanow.pl\/akademiaslowa\/#\/schema\/person\/fe7a35ef0376d4e76846aeae319d9fd8"},"headline":"Felieton Olgi Nowickiej \u2013 maj 2025","datePublished":"2025-05-08T06:00:00+00:00","dateModified":"2025-05-22T13:58:39+00:00","mainEntityOfPage":{"@id":"https:\/\/www.mbp.chrzanow.pl\/akademiaslowa\/index.php\/2025\/05\/08\/felieton-olgi-nowickiej-maj-2025\/"},"wordCount":1304,"publisher":{"@id":"https:\/\/www.mbp.chrzanow.pl\/akademiaslowa\/#organization"},"image":{"@id":"https:\/\/www.mbp.chrzanow.pl\/akademiaslowa\/index.php\/2025\/05\/08\/felieton-olgi-nowickiej-maj-2025\/#primaryimage"},"thumbnailUrl":"https:\/\/www.mbp.chrzanow.pl\/akademiaslowa\/wp-content\/uploads\/2025\/04\/jestescie-panie-wspaniale_kwiecien-1.jpg","keywords":["2025","Felieton","Olga Nowicka"],"articleSection":["Felietony"],"inLanguage":"pl-PL"},{"@type":"WebPage","@id":"https:\/\/www.mbp.chrzanow.pl\/akademiaslowa\/index.php\/2025\/05\/08\/felieton-olgi-nowickiej-maj-2025\/","url":"https:\/\/www.mbp.chrzanow.pl\/akademiaslowa\/index.php\/2025\/05\/08\/felieton-olgi-nowickiej-maj-2025\/","name":"Felieton Olgi Nowickiej \u2013 maj 2025 - Akademia S\u0142owa - Chrzan\u00f3w","isPartOf":{"@id":"https:\/\/www.mbp.chrzanow.pl\/akademiaslowa\/#website"},"primaryImageOfPage":{"@id":"https:\/\/www.mbp.chrzanow.pl\/akademiaslowa\/index.php\/2025\/05\/08\/felieton-olgi-nowickiej-maj-2025\/#primaryimage"},"image":{"@id":"https:\/\/www.mbp.chrzanow.pl\/akademiaslowa\/index.php\/2025\/05\/08\/felieton-olgi-nowickiej-maj-2025\/#primaryimage"},"thumbnailUrl":"https:\/\/www.mbp.chrzanow.pl\/akademiaslowa\/wp-content\/uploads\/2025\/04\/jestescie-panie-wspaniale_kwiecien-1.jpg","datePublished":"2025-05-08T06:00:00+00:00","dateModified":"2025-05-22T13:58:39+00:00","breadcrumb":{"@id":"https:\/\/www.mbp.chrzanow.pl\/akademiaslowa\/index.php\/2025\/05\/08\/felieton-olgi-nowickiej-maj-2025\/#breadcrumb"},"inLanguage":"pl-PL","potentialAction":[{"@type":"ReadAction","target":["https:\/\/www.mbp.chrzanow.pl\/akademiaslowa\/index.php\/2025\/05\/08\/felieton-olgi-nowickiej-maj-2025\/"]}]},{"@type":"ImageObject","inLanguage":"pl-PL","@id":"https:\/\/www.mbp.chrzanow.pl\/akademiaslowa\/index.php\/2025\/05\/08\/felieton-olgi-nowickiej-maj-2025\/#primaryimage","url":"https:\/\/www.mbp.chrzanow.pl\/akademiaslowa\/wp-content\/uploads\/2025\/04\/jestescie-panie-wspaniale_kwiecien-1.jpg","contentUrl":"https:\/\/www.mbp.chrzanow.pl\/akademiaslowa\/wp-content\/uploads\/2025\/04\/jestescie-panie-wspaniale_kwiecien-1.jpg","width":652,"height":920},{"@type":"BreadcrumbList","@id":"https:\/\/www.mbp.chrzanow.pl\/akademiaslowa\/index.php\/2025\/05\/08\/felieton-olgi-nowickiej-maj-2025\/#breadcrumb","itemListElement":[{"@type":"ListItem","position":1,"name":"Strona g\u0142\u00f3wna","item":"https:\/\/www.mbp.chrzanow.pl\/akademiaslowa\/"},{"@type":"ListItem","position":2,"name":"Felieton Olgi Nowickiej \u2013 maj 2025"}]},{"@type":"WebSite","@id":"https:\/\/www.mbp.chrzanow.pl\/akademiaslowa\/#website","url":"https:\/\/www.mbp.chrzanow.pl\/akademiaslowa\/","name":"Akademia S\u0142owa - Chrzan\u00f3w","description":"Czym poezja...","publisher":{"@id":"https:\/\/www.mbp.chrzanow.pl\/akademiaslowa\/#organization"},"potentialAction":[{"@type":"SearchAction","target":{"@type":"EntryPoint","urlTemplate":"https:\/\/www.mbp.chrzanow.pl\/akademiaslowa\/?s={search_term_string}"},"query-input":{"@type":"PropertyValueSpecification","valueRequired":true,"valueName":"search_term_string"}}],"inLanguage":"pl-PL"},{"@type":"Organization","@id":"https:\/\/www.mbp.chrzanow.pl\/akademiaslowa\/#organization","name":"Akademia S\u0142owa Chrzan\u00f3w","url":"https:\/\/www.mbp.chrzanow.pl\/akademiaslowa\/","logo":{"@type":"ImageObject","inLanguage":"pl-PL","@id":"https:\/\/www.mbp.chrzanow.pl\/akademiaslowa\/#\/schema\/logo\/image\/","url":"https:\/\/www.mbp.chrzanow.pl\/akademiaslowa\/wp-content\/uploads\/2017\/12\/AkademiaSlowa_www.jpg","contentUrl":"https:\/\/www.mbp.chrzanow.pl\/akademiaslowa\/wp-content\/uploads\/2017\/12\/AkademiaSlowa_www.jpg","width":500,"height":79,"caption":"Akademia S\u0142owa Chrzan\u00f3w"},"image":{"@id":"https:\/\/www.mbp.chrzanow.pl\/akademiaslowa\/#\/schema\/logo\/image\/"}},{"@type":"Person","@id":"https:\/\/www.mbp.chrzanow.pl\/akademiaslowa\/#\/schema\/person\/fe7a35ef0376d4e76846aeae319d9fd8","name":"Prom","image":{"@type":"ImageObject","inLanguage":"pl-PL","@id":"https:\/\/secure.gravatar.com\/avatar\/f60fbd4aa9e3207ab0785fd91859281f74f6e854743680d402cbd83a1b744580?s=96&d=mm&r=g","url":"https:\/\/secure.gravatar.com\/avatar\/f60fbd4aa9e3207ab0785fd91859281f74f6e854743680d402cbd83a1b744580?s=96&d=mm&r=g","contentUrl":"https:\/\/secure.gravatar.com\/avatar\/f60fbd4aa9e3207ab0785fd91859281f74f6e854743680d402cbd83a1b744580?s=96&d=mm&r=g","caption":"Prom"},"url":"https:\/\/www.mbp.chrzanow.pl\/akademiaslowa\/index.php\/author\/promocja\/"}]}},"_links":{"self":[{"href":"https:\/\/www.mbp.chrzanow.pl\/akademiaslowa\/index.php\/wp-json\/wp\/v2\/posts\/3001","targetHints":{"allow":["GET"]}}],"collection":[{"href":"https:\/\/www.mbp.chrzanow.pl\/akademiaslowa\/index.php\/wp-json\/wp\/v2\/posts"}],"about":[{"href":"https:\/\/www.mbp.chrzanow.pl\/akademiaslowa\/index.php\/wp-json\/wp\/v2\/types\/post"}],"author":[{"embeddable":true,"href":"https:\/\/www.mbp.chrzanow.pl\/akademiaslowa\/index.php\/wp-json\/wp\/v2\/users\/3"}],"replies":[{"embeddable":true,"href":"https:\/\/www.mbp.chrzanow.pl\/akademiaslowa\/index.php\/wp-json\/wp\/v2\/comments?post=3001"}],"version-history":[{"count":13,"href":"https:\/\/www.mbp.chrzanow.pl\/akademiaslowa\/index.php\/wp-json\/wp\/v2\/posts\/3001\/revisions"}],"predecessor-version":[{"id":3077,"href":"https:\/\/www.mbp.chrzanow.pl\/akademiaslowa\/index.php\/wp-json\/wp\/v2\/posts\/3001\/revisions\/3077"}],"wp:featuredmedia":[{"embeddable":true,"href":"https:\/\/www.mbp.chrzanow.pl\/akademiaslowa\/index.php\/wp-json\/wp\/v2\/media\/3002"}],"wp:attachment":[{"href":"https:\/\/www.mbp.chrzanow.pl\/akademiaslowa\/index.php\/wp-json\/wp\/v2\/media?parent=3001"}],"wp:term":[{"taxonomy":"category","embeddable":true,"href":"https:\/\/www.mbp.chrzanow.pl\/akademiaslowa\/index.php\/wp-json\/wp\/v2\/categories?post=3001"},{"taxonomy":"post_tag","embeddable":true,"href":"https:\/\/www.mbp.chrzanow.pl\/akademiaslowa\/index.php\/wp-json\/wp\/v2\/tags?post=3001"}],"curies":[{"name":"wp","href":"https:\/\/api.w.org\/{rel}","templated":true}]}}