{"id":3098,"date":"2025-07-10T08:00:00","date_gmt":"2025-07-10T06:00:00","guid":{"rendered":"https:\/\/www.mbp.chrzanow.pl\/akademiaslowa\/?p=3098"},"modified":"2025-09-16T12:04:58","modified_gmt":"2025-09-16T10:04:58","slug":"akademia-slowa-konrad-obrok-textyka-w-ramach-poetycko-rapowego-projektu-hybrydowego","status":"publish","type":"post","link":"https:\/\/www.mbp.chrzanow.pl\/akademiaslowa\/index.php\/2025\/07\/10\/akademia-slowa-konrad-obrok-textyka-w-ramach-poetycko-rapowego-projektu-hybrydowego\/","title":{"rendered":"Akademia S\u0142owa. Konrad Obrok &#038; Przechodzie\u0144, Teon w ramach poetycko-rapowego projektu hybrydowego"},"content":{"rendered":"\t\t<div data-elementor-type=\"wp-post\" data-elementor-id=\"3098\" class=\"elementor elementor-3098\">\n\t\t\t\t\t\t<section class=\"elementor-section elementor-top-section elementor-element elementor-element-a7b4130 elementor-section-boxed elementor-section-height-default elementor-section-height-default\" data-id=\"a7b4130\" data-element_type=\"section\" data-e-type=\"section\">\n\t\t\t\t\t\t<div class=\"elementor-container elementor-column-gap-default\">\n\t\t\t\t\t<div class=\"elementor-column elementor-col-100 elementor-top-column elementor-element elementor-element-89ff3d4\" data-id=\"89ff3d4\" data-element_type=\"column\" data-e-type=\"column\">\n\t\t\t<div class=\"elementor-widget-wrap elementor-element-populated\">\n\t\t\t\t\t\t<div class=\"elementor-element elementor-element-6248465 elementor-widget elementor-widget-text-editor\" data-id=\"6248465\" data-element_type=\"widget\" data-e-type=\"widget\" data-widget_type=\"text-editor.default\">\n\t\t\t\t<div class=\"elementor-widget-container\">\n\t\t\t\t\t\t\t\t\t<p data-start=\"62\" data-end=\"240\">Zapraszamy na wyj\u0105tkowe <strong>spotkanie w ramach poetycko-rapowego projektu hybrydowego<\/strong>, kt\u00f3re \u0142\u0105czy \u015bwiat poezji <br \/>i muzyki rapowej!<\/p><p data-start=\"242\" data-end=\"468\">Poznajcie nowatorskie podej\u015bcie do s\u0142owa, gdzie rytm i rymy spotykaj\u0105 si\u0119 z g\u0142\u0119bi\u0105 literackich tekst\u00f3w. <br \/>To niepowtarzalna okazja, by do\u015bwiadczy\u0107<strong> tw\u00f3rczo\u015bci Konrada Obroka oraz zespo\u0142u Textyka<\/strong> w unikalnym, kreatywnym dialogu.<\/p><p data-start=\"242\" data-end=\"468\">Go\u015bcinnie wyst\u0105pi Otwarta Grupa Poetycka Gustawa.<\/p><p data-start=\"470\" data-end=\"537\"><strong>Zapraszamy 18 lipca, godz, 18:00!<\/strong><\/p><p data-start=\"539\" data-end=\"584\">Do\u0142\u0105cz do nas i odkryj magi\u0119 s\u0142owa na nowo!<\/p>\t\t\t\t\t\t\t\t<\/div>\n\t\t\t\t<\/div>\n\t\t\t\t\t<\/div>\n\t\t<\/div>\n\t\t\t\t\t<\/div>\n\t\t<\/section>\n\t\t\t\t<\/div>\n\t\t","protected":false},"excerpt":{"rendered":"<p> [&hellip;]<\/p>\n","protected":false},"author":3,"featured_media":3109,"comment_status":"closed","ping_status":"closed","sticky":false,"template":"","format":"standard","meta":{"footnotes":""},"categories":[12],"tags":[50,17],"class_list":["post-3098","post","type-post","status-publish","format-standard","has-post-thumbnail","hentry","category-inne","tag-50","tag-akademia-slowa"],"yoast_head":"<!-- This site is optimized with the Yoast SEO plugin v27.5 - https:\/\/yoast.com\/product\/yoast-seo-wordpress\/ -->\n<title>Akademia S\u0142owa. Konrad Obrok &amp; Przechodzie\u0144, Teon w ramach poetycko-rapowego projektu hybrydowego - Akademia S\u0142owa - Chrzan\u00f3w<\/title>\n<meta name=\"robots\" content=\"index, follow, max-snippet:-1, max-image-preview:large, max-video-preview:-1\" \/>\n<link rel=\"canonical\" href=\"https:\/\/www.mbp.chrzanow.pl\/akademiaslowa\/index.php\/2025\/07\/10\/akademia-slowa-konrad-obrok-textyka-w-ramach-poetycko-rapowego-projektu-hybrydowego\/\" \/>\n<meta property=\"og:locale\" content=\"pl_PL\" \/>\n<meta property=\"og:type\" content=\"article\" \/>\n<meta property=\"og:title\" content=\"Akademia S\u0142owa. Konrad Obrok &amp; Przechodzie\u0144, Teon w ramach poetycko-rapowego projektu hybrydowego - Akademia S\u0142owa - Chrzan\u00f3w\" \/>\n<meta property=\"og:description\" content=\"[&hellip;]\" \/>\n<meta property=\"og:url\" content=\"https:\/\/www.mbp.chrzanow.pl\/akademiaslowa\/index.php\/2025\/07\/10\/akademia-slowa-konrad-obrok-textyka-w-ramach-poetycko-rapowego-projektu-hybrydowego\/\" \/>\n<meta property=\"og:site_name\" content=\"Akademia S\u0142owa - Chrzan\u00f3w\" \/>\n<meta property=\"article:published_time\" content=\"2025-07-10T06:00:00+00:00\" \/>\n<meta property=\"article:modified_time\" content=\"2025-09-16T10:04:58+00:00\" \/>\n<meta property=\"og:image\" content=\"https:\/\/www.mbp.chrzanow.pl\/akademiaslowa\/wp-content\/uploads\/2025\/06\/PLAKAT_AS_K.-Obrok_nw_www-1.jpg\" \/>\n\t<meta property=\"og:image:width\" content=\"652\" \/>\n\t<meta property=\"og:image:height\" content=\"920\" \/>\n\t<meta property=\"og:image:type\" content=\"image\/jpeg\" \/>\n<meta name=\"author\" content=\"Prom\" \/>\n<meta name=\"twitter:card\" content=\"summary_large_image\" \/>\n<meta name=\"twitter:label1\" content=\"Napisane przez\" \/>\n\t<meta name=\"twitter:data1\" content=\"Prom\" \/>\n\t<meta name=\"twitter:label2\" content=\"Szacowany czas czytania\" \/>\n\t<meta name=\"twitter:data2\" content=\"1 minuta\" \/>\n<script type=\"application\/ld+json\" class=\"yoast-schema-graph\">{\"@context\":\"https:\\\/\\\/schema.org\",\"@graph\":[{\"@type\":\"Article\",\"@id\":\"https:\\\/\\\/www.mbp.chrzanow.pl\\\/akademiaslowa\\\/index.php\\\/2025\\\/07\\\/10\\\/akademia-slowa-konrad-obrok-textyka-w-ramach-poetycko-rapowego-projektu-hybrydowego\\\/#article\",\"isPartOf\":{\"@id\":\"https:\\\/\\\/www.mbp.chrzanow.pl\\\/akademiaslowa\\\/index.php\\\/2025\\\/07\\\/10\\\/akademia-slowa-konrad-obrok-textyka-w-ramach-poetycko-rapowego-projektu-hybrydowego\\\/\"},\"author\":{\"name\":\"Prom\",\"@id\":\"https:\\\/\\\/www.mbp.chrzanow.pl\\\/akademiaslowa\\\/#\\\/schema\\\/person\\\/fe7a35ef0376d4e76846aeae319d9fd8\"},\"headline\":\"Akademia S\u0142owa. Konrad Obrok &#038; Przechodzie\u0144, Teon w ramach poetycko-rapowego projektu hybrydowego\",\"datePublished\":\"2025-07-10T06:00:00+00:00\",\"dateModified\":\"2025-09-16T10:04:58+00:00\",\"mainEntityOfPage\":{\"@id\":\"https:\\\/\\\/www.mbp.chrzanow.pl\\\/akademiaslowa\\\/index.php\\\/2025\\\/07\\\/10\\\/akademia-slowa-konrad-obrok-textyka-w-ramach-poetycko-rapowego-projektu-hybrydowego\\\/\"},\"wordCount\":90,\"publisher\":{\"@id\":\"https:\\\/\\\/www.mbp.chrzanow.pl\\\/akademiaslowa\\\/#organization\"},\"image\":{\"@id\":\"https:\\\/\\\/www.mbp.chrzanow.pl\\\/akademiaslowa\\\/index.php\\\/2025\\\/07\\\/10\\\/akademia-slowa-konrad-obrok-textyka-w-ramach-poetycko-rapowego-projektu-hybrydowego\\\/#primaryimage\"},\"thumbnailUrl\":\"https:\\\/\\\/www.mbp.chrzanow.pl\\\/akademiaslowa\\\/wp-content\\\/uploads\\\/2025\\\/06\\\/PLAKAT_AS_K.-Obrok_nw_www-1.jpg\",\"keywords\":[\"2025\",\"Akademia S\u0142owa\"],\"articleSection\":[\"Inne\"],\"inLanguage\":\"pl-PL\"},{\"@type\":\"WebPage\",\"@id\":\"https:\\\/\\\/www.mbp.chrzanow.pl\\\/akademiaslowa\\\/index.php\\\/2025\\\/07\\\/10\\\/akademia-slowa-konrad-obrok-textyka-w-ramach-poetycko-rapowego-projektu-hybrydowego\\\/\",\"url\":\"https:\\\/\\\/www.mbp.chrzanow.pl\\\/akademiaslowa\\\/index.php\\\/2025\\\/07\\\/10\\\/akademia-slowa-konrad-obrok-textyka-w-ramach-poetycko-rapowego-projektu-hybrydowego\\\/\",\"name\":\"Akademia S\u0142owa. Konrad Obrok & Przechodzie\u0144, Teon w ramach poetycko-rapowego projektu hybrydowego - Akademia S\u0142owa - Chrzan\u00f3w\",\"isPartOf\":{\"@id\":\"https:\\\/\\\/www.mbp.chrzanow.pl\\\/akademiaslowa\\\/#website\"},\"primaryImageOfPage\":{\"@id\":\"https:\\\/\\\/www.mbp.chrzanow.pl\\\/akademiaslowa\\\/index.php\\\/2025\\\/07\\\/10\\\/akademia-slowa-konrad-obrok-textyka-w-ramach-poetycko-rapowego-projektu-hybrydowego\\\/#primaryimage\"},\"image\":{\"@id\":\"https:\\\/\\\/www.mbp.chrzanow.pl\\\/akademiaslowa\\\/index.php\\\/2025\\\/07\\\/10\\\/akademia-slowa-konrad-obrok-textyka-w-ramach-poetycko-rapowego-projektu-hybrydowego\\\/#primaryimage\"},\"thumbnailUrl\":\"https:\\\/\\\/www.mbp.chrzanow.pl\\\/akademiaslowa\\\/wp-content\\\/uploads\\\/2025\\\/06\\\/PLAKAT_AS_K.-Obrok_nw_www-1.jpg\",\"datePublished\":\"2025-07-10T06:00:00+00:00\",\"dateModified\":\"2025-09-16T10:04:58+00:00\",\"breadcrumb\":{\"@id\":\"https:\\\/\\\/www.mbp.chrzanow.pl\\\/akademiaslowa\\\/index.php\\\/2025\\\/07\\\/10\\\/akademia-slowa-konrad-obrok-textyka-w-ramach-poetycko-rapowego-projektu-hybrydowego\\\/#breadcrumb\"},\"inLanguage\":\"pl-PL\",\"potentialAction\":[{\"@type\":\"ReadAction\",\"target\":[\"https:\\\/\\\/www.mbp.chrzanow.pl\\\/akademiaslowa\\\/index.php\\\/2025\\\/07\\\/10\\\/akademia-slowa-konrad-obrok-textyka-w-ramach-poetycko-rapowego-projektu-hybrydowego\\\/\"]}]},{\"@type\":\"ImageObject\",\"inLanguage\":\"pl-PL\",\"@id\":\"https:\\\/\\\/www.mbp.chrzanow.pl\\\/akademiaslowa\\\/index.php\\\/2025\\\/07\\\/10\\\/akademia-slowa-konrad-obrok-textyka-w-ramach-poetycko-rapowego-projektu-hybrydowego\\\/#primaryimage\",\"url\":\"https:\\\/\\\/www.mbp.chrzanow.pl\\\/akademiaslowa\\\/wp-content\\\/uploads\\\/2025\\\/06\\\/PLAKAT_AS_K.-Obrok_nw_www-1.jpg\",\"contentUrl\":\"https:\\\/\\\/www.mbp.chrzanow.pl\\\/akademiaslowa\\\/wp-content\\\/uploads\\\/2025\\\/06\\\/PLAKAT_AS_K.-Obrok_nw_www-1.jpg\",\"width\":652,\"height\":920},{\"@type\":\"BreadcrumbList\",\"@id\":\"https:\\\/\\\/www.mbp.chrzanow.pl\\\/akademiaslowa\\\/index.php\\\/2025\\\/07\\\/10\\\/akademia-slowa-konrad-obrok-textyka-w-ramach-poetycko-rapowego-projektu-hybrydowego\\\/#breadcrumb\",\"itemListElement\":[{\"@type\":\"ListItem\",\"position\":1,\"name\":\"Strona g\u0142\u00f3wna\",\"item\":\"https:\\\/\\\/www.mbp.chrzanow.pl\\\/akademiaslowa\\\/\"},{\"@type\":\"ListItem\",\"position\":2,\"name\":\"Akademia S\u0142owa. Konrad Obrok &#038; Przechodzie\u0144, Teon w ramach poetycko-rapowego projektu hybrydowego\"}]},{\"@type\":\"WebSite\",\"@id\":\"https:\\\/\\\/www.mbp.chrzanow.pl\\\/akademiaslowa\\\/#website\",\"url\":\"https:\\\/\\\/www.mbp.chrzanow.pl\\\/akademiaslowa\\\/\",\"name\":\"Akademia S\u0142owa - Chrzan\u00f3w\",\"description\":\"Czym poezja...\",\"publisher\":{\"@id\":\"https:\\\/\\\/www.mbp.chrzanow.pl\\\/akademiaslowa\\\/#organization\"},\"potentialAction\":[{\"@type\":\"SearchAction\",\"target\":{\"@type\":\"EntryPoint\",\"urlTemplate\":\"https:\\\/\\\/www.mbp.chrzanow.pl\\\/akademiaslowa\\\/?s={search_term_string}\"},\"query-input\":{\"@type\":\"PropertyValueSpecification\",\"valueRequired\":true,\"valueName\":\"search_term_string\"}}],\"inLanguage\":\"pl-PL\"},{\"@type\":\"Organization\",\"@id\":\"https:\\\/\\\/www.mbp.chrzanow.pl\\\/akademiaslowa\\\/#organization\",\"name\":\"Akademia S\u0142owa Chrzan\u00f3w\",\"url\":\"https:\\\/\\\/www.mbp.chrzanow.pl\\\/akademiaslowa\\\/\",\"logo\":{\"@type\":\"ImageObject\",\"inLanguage\":\"pl-PL\",\"@id\":\"https:\\\/\\\/www.mbp.chrzanow.pl\\\/akademiaslowa\\\/#\\\/schema\\\/logo\\\/image\\\/\",\"url\":\"https:\\\/\\\/www.mbp.chrzanow.pl\\\/akademiaslowa\\\/wp-content\\\/uploads\\\/2017\\\/12\\\/AkademiaSlowa_www.jpg\",\"contentUrl\":\"https:\\\/\\\/www.mbp.chrzanow.pl\\\/akademiaslowa\\\/wp-content\\\/uploads\\\/2017\\\/12\\\/AkademiaSlowa_www.jpg\",\"width\":500,\"height\":79,\"caption\":\"Akademia S\u0142owa Chrzan\u00f3w\"},\"image\":{\"@id\":\"https:\\\/\\\/www.mbp.chrzanow.pl\\\/akademiaslowa\\\/#\\\/schema\\\/logo\\\/image\\\/\"}},{\"@type\":\"Person\",\"@id\":\"https:\\\/\\\/www.mbp.chrzanow.pl\\\/akademiaslowa\\\/#\\\/schema\\\/person\\\/fe7a35ef0376d4e76846aeae319d9fd8\",\"name\":\"Prom\",\"image\":{\"@type\":\"ImageObject\",\"inLanguage\":\"pl-PL\",\"@id\":\"https:\\\/\\\/secure.gravatar.com\\\/avatar\\\/f60fbd4aa9e3207ab0785fd91859281f74f6e854743680d402cbd83a1b744580?s=96&d=mm&r=g\",\"url\":\"https:\\\/\\\/secure.gravatar.com\\\/avatar\\\/f60fbd4aa9e3207ab0785fd91859281f74f6e854743680d402cbd83a1b744580?s=96&d=mm&r=g\",\"contentUrl\":\"https:\\\/\\\/secure.gravatar.com\\\/avatar\\\/f60fbd4aa9e3207ab0785fd91859281f74f6e854743680d402cbd83a1b744580?s=96&d=mm&r=g\",\"caption\":\"Prom\"},\"url\":\"https:\\\/\\\/www.mbp.chrzanow.pl\\\/akademiaslowa\\\/index.php\\\/author\\\/promocja\\\/\"}]}<\/script>\n<!-- \/ Yoast SEO plugin. -->","yoast_head_json":{"title":"Akademia S\u0142owa. Konrad Obrok & Przechodzie\u0144, Teon w ramach poetycko-rapowego projektu hybrydowego - Akademia S\u0142owa - Chrzan\u00f3w","robots":{"index":"index","follow":"follow","max-snippet":"max-snippet:-1","max-image-preview":"max-image-preview:large","max-video-preview":"max-video-preview:-1"},"canonical":"https:\/\/www.mbp.chrzanow.pl\/akademiaslowa\/index.php\/2025\/07\/10\/akademia-slowa-konrad-obrok-textyka-w-ramach-poetycko-rapowego-projektu-hybrydowego\/","og_locale":"pl_PL","og_type":"article","og_title":"Akademia S\u0142owa. Konrad Obrok & Przechodzie\u0144, Teon w ramach poetycko-rapowego projektu hybrydowego - Akademia S\u0142owa - Chrzan\u00f3w","og_description":"[&hellip;]","og_url":"https:\/\/www.mbp.chrzanow.pl\/akademiaslowa\/index.php\/2025\/07\/10\/akademia-slowa-konrad-obrok-textyka-w-ramach-poetycko-rapowego-projektu-hybrydowego\/","og_site_name":"Akademia S\u0142owa - Chrzan\u00f3w","article_published_time":"2025-07-10T06:00:00+00:00","article_modified_time":"2025-09-16T10:04:58+00:00","og_image":[{"width":652,"height":920,"url":"https:\/\/www.mbp.chrzanow.pl\/akademiaslowa\/wp-content\/uploads\/2025\/06\/PLAKAT_AS_K.-Obrok_nw_www-1.jpg","type":"image\/jpeg"}],"author":"Prom","twitter_card":"summary_large_image","twitter_misc":{"Napisane przez":"Prom","Szacowany czas czytania":"1 minuta"},"schema":{"@context":"https:\/\/schema.org","@graph":[{"@type":"Article","@id":"https:\/\/www.mbp.chrzanow.pl\/akademiaslowa\/index.php\/2025\/07\/10\/akademia-slowa-konrad-obrok-textyka-w-ramach-poetycko-rapowego-projektu-hybrydowego\/#article","isPartOf":{"@id":"https:\/\/www.mbp.chrzanow.pl\/akademiaslowa\/index.php\/2025\/07\/10\/akademia-slowa-konrad-obrok-textyka-w-ramach-poetycko-rapowego-projektu-hybrydowego\/"},"author":{"name":"Prom","@id":"https:\/\/www.mbp.chrzanow.pl\/akademiaslowa\/#\/schema\/person\/fe7a35ef0376d4e76846aeae319d9fd8"},"headline":"Akademia S\u0142owa. Konrad Obrok &#038; Przechodzie\u0144, Teon w ramach poetycko-rapowego projektu hybrydowego","datePublished":"2025-07-10T06:00:00+00:00","dateModified":"2025-09-16T10:04:58+00:00","mainEntityOfPage":{"@id":"https:\/\/www.mbp.chrzanow.pl\/akademiaslowa\/index.php\/2025\/07\/10\/akademia-slowa-konrad-obrok-textyka-w-ramach-poetycko-rapowego-projektu-hybrydowego\/"},"wordCount":90,"publisher":{"@id":"https:\/\/www.mbp.chrzanow.pl\/akademiaslowa\/#organization"},"image":{"@id":"https:\/\/www.mbp.chrzanow.pl\/akademiaslowa\/index.php\/2025\/07\/10\/akademia-slowa-konrad-obrok-textyka-w-ramach-poetycko-rapowego-projektu-hybrydowego\/#primaryimage"},"thumbnailUrl":"https:\/\/www.mbp.chrzanow.pl\/akademiaslowa\/wp-content\/uploads\/2025\/06\/PLAKAT_AS_K.-Obrok_nw_www-1.jpg","keywords":["2025","Akademia S\u0142owa"],"articleSection":["Inne"],"inLanguage":"pl-PL"},{"@type":"WebPage","@id":"https:\/\/www.mbp.chrzanow.pl\/akademiaslowa\/index.php\/2025\/07\/10\/akademia-slowa-konrad-obrok-textyka-w-ramach-poetycko-rapowego-projektu-hybrydowego\/","url":"https:\/\/www.mbp.chrzanow.pl\/akademiaslowa\/index.php\/2025\/07\/10\/akademia-slowa-konrad-obrok-textyka-w-ramach-poetycko-rapowego-projektu-hybrydowego\/","name":"Akademia S\u0142owa. Konrad Obrok & Przechodzie\u0144, Teon w ramach poetycko-rapowego projektu hybrydowego - Akademia S\u0142owa - Chrzan\u00f3w","isPartOf":{"@id":"https:\/\/www.mbp.chrzanow.pl\/akademiaslowa\/#website"},"primaryImageOfPage":{"@id":"https:\/\/www.mbp.chrzanow.pl\/akademiaslowa\/index.php\/2025\/07\/10\/akademia-slowa-konrad-obrok-textyka-w-ramach-poetycko-rapowego-projektu-hybrydowego\/#primaryimage"},"image":{"@id":"https:\/\/www.mbp.chrzanow.pl\/akademiaslowa\/index.php\/2025\/07\/10\/akademia-slowa-konrad-obrok-textyka-w-ramach-poetycko-rapowego-projektu-hybrydowego\/#primaryimage"},"thumbnailUrl":"https:\/\/www.mbp.chrzanow.pl\/akademiaslowa\/wp-content\/uploads\/2025\/06\/PLAKAT_AS_K.-Obrok_nw_www-1.jpg","datePublished":"2025-07-10T06:00:00+00:00","dateModified":"2025-09-16T10:04:58+00:00","breadcrumb":{"@id":"https:\/\/www.mbp.chrzanow.pl\/akademiaslowa\/index.php\/2025\/07\/10\/akademia-slowa-konrad-obrok-textyka-w-ramach-poetycko-rapowego-projektu-hybrydowego\/#breadcrumb"},"inLanguage":"pl-PL","potentialAction":[{"@type":"ReadAction","target":["https:\/\/www.mbp.chrzanow.pl\/akademiaslowa\/index.php\/2025\/07\/10\/akademia-slowa-konrad-obrok-textyka-w-ramach-poetycko-rapowego-projektu-hybrydowego\/"]}]},{"@type":"ImageObject","inLanguage":"pl-PL","@id":"https:\/\/www.mbp.chrzanow.pl\/akademiaslowa\/index.php\/2025\/07\/10\/akademia-slowa-konrad-obrok-textyka-w-ramach-poetycko-rapowego-projektu-hybrydowego\/#primaryimage","url":"https:\/\/www.mbp.chrzanow.pl\/akademiaslowa\/wp-content\/uploads\/2025\/06\/PLAKAT_AS_K.-Obrok_nw_www-1.jpg","contentUrl":"https:\/\/www.mbp.chrzanow.pl\/akademiaslowa\/wp-content\/uploads\/2025\/06\/PLAKAT_AS_K.-Obrok_nw_www-1.jpg","width":652,"height":920},{"@type":"BreadcrumbList","@id":"https:\/\/www.mbp.chrzanow.pl\/akademiaslowa\/index.php\/2025\/07\/10\/akademia-slowa-konrad-obrok-textyka-w-ramach-poetycko-rapowego-projektu-hybrydowego\/#breadcrumb","itemListElement":[{"@type":"ListItem","position":1,"name":"Strona g\u0142\u00f3wna","item":"https:\/\/www.mbp.chrzanow.pl\/akademiaslowa\/"},{"@type":"ListItem","position":2,"name":"Akademia S\u0142owa. Konrad Obrok &#038; Przechodzie\u0144, Teon w ramach poetycko-rapowego projektu hybrydowego"}]},{"@type":"WebSite","@id":"https:\/\/www.mbp.chrzanow.pl\/akademiaslowa\/#website","url":"https:\/\/www.mbp.chrzanow.pl\/akademiaslowa\/","name":"Akademia S\u0142owa - Chrzan\u00f3w","description":"Czym poezja...","publisher":{"@id":"https:\/\/www.mbp.chrzanow.pl\/akademiaslowa\/#organization"},"potentialAction":[{"@type":"SearchAction","target":{"@type":"EntryPoint","urlTemplate":"https:\/\/www.mbp.chrzanow.pl\/akademiaslowa\/?s={search_term_string}"},"query-input":{"@type":"PropertyValueSpecification","valueRequired":true,"valueName":"search_term_string"}}],"inLanguage":"pl-PL"},{"@type":"Organization","@id":"https:\/\/www.mbp.chrzanow.pl\/akademiaslowa\/#organization","name":"Akademia S\u0142owa Chrzan\u00f3w","url":"https:\/\/www.mbp.chrzanow.pl\/akademiaslowa\/","logo":{"@type":"ImageObject","inLanguage":"pl-PL","@id":"https:\/\/www.mbp.chrzanow.pl\/akademiaslowa\/#\/schema\/logo\/image\/","url":"https:\/\/www.mbp.chrzanow.pl\/akademiaslowa\/wp-content\/uploads\/2017\/12\/AkademiaSlowa_www.jpg","contentUrl":"https:\/\/www.mbp.chrzanow.pl\/akademiaslowa\/wp-content\/uploads\/2017\/12\/AkademiaSlowa_www.jpg","width":500,"height":79,"caption":"Akademia S\u0142owa Chrzan\u00f3w"},"image":{"@id":"https:\/\/www.mbp.chrzanow.pl\/akademiaslowa\/#\/schema\/logo\/image\/"}},{"@type":"Person","@id":"https:\/\/www.mbp.chrzanow.pl\/akademiaslowa\/#\/schema\/person\/fe7a35ef0376d4e76846aeae319d9fd8","name":"Prom","image":{"@type":"ImageObject","inLanguage":"pl-PL","@id":"https:\/\/secure.gravatar.com\/avatar\/f60fbd4aa9e3207ab0785fd91859281f74f6e854743680d402cbd83a1b744580?s=96&d=mm&r=g","url":"https:\/\/secure.gravatar.com\/avatar\/f60fbd4aa9e3207ab0785fd91859281f74f6e854743680d402cbd83a1b744580?s=96&d=mm&r=g","contentUrl":"https:\/\/secure.gravatar.com\/avatar\/f60fbd4aa9e3207ab0785fd91859281f74f6e854743680d402cbd83a1b744580?s=96&d=mm&r=g","caption":"Prom"},"url":"https:\/\/www.mbp.chrzanow.pl\/akademiaslowa\/index.php\/author\/promocja\/"}]}},"_links":{"self":[{"href":"https:\/\/www.mbp.chrzanow.pl\/akademiaslowa\/index.php\/wp-json\/wp\/v2\/posts\/3098","targetHints":{"allow":["GET"]}}],"collection":[{"href":"https:\/\/www.mbp.chrzanow.pl\/akademiaslowa\/index.php\/wp-json\/wp\/v2\/posts"}],"about":[{"href":"https:\/\/www.mbp.chrzanow.pl\/akademiaslowa\/index.php\/wp-json\/wp\/v2\/types\/post"}],"author":[{"embeddable":true,"href":"https:\/\/www.mbp.chrzanow.pl\/akademiaslowa\/index.php\/wp-json\/wp\/v2\/users\/3"}],"replies":[{"embeddable":true,"href":"https:\/\/www.mbp.chrzanow.pl\/akademiaslowa\/index.php\/wp-json\/wp\/v2\/comments?post=3098"}],"version-history":[{"count":8,"href":"https:\/\/www.mbp.chrzanow.pl\/akademiaslowa\/index.php\/wp-json\/wp\/v2\/posts\/3098\/revisions"}],"predecessor-version":[{"id":3108,"href":"https:\/\/www.mbp.chrzanow.pl\/akademiaslowa\/index.php\/wp-json\/wp\/v2\/posts\/3098\/revisions\/3108"}],"wp:featuredmedia":[{"embeddable":true,"href":"https:\/\/www.mbp.chrzanow.pl\/akademiaslowa\/index.php\/wp-json\/wp\/v2\/media\/3109"}],"wp:attachment":[{"href":"https:\/\/www.mbp.chrzanow.pl\/akademiaslowa\/index.php\/wp-json\/wp\/v2\/media?parent=3098"}],"wp:term":[{"taxonomy":"category","embeddable":true,"href":"https:\/\/www.mbp.chrzanow.pl\/akademiaslowa\/index.php\/wp-json\/wp\/v2\/categories?post=3098"},{"taxonomy":"post_tag","embeddable":true,"href":"https:\/\/www.mbp.chrzanow.pl\/akademiaslowa\/index.php\/wp-json\/wp\/v2\/tags?post=3098"}],"curies":[{"name":"wp","href":"https:\/\/api.w.org\/{rel}","templated":true}]}}