{"id":3475,"date":"2026-04-21T13:03:30","date_gmt":"2026-04-21T11:03:30","guid":{"rendered":"https:\/\/www.mbp.chrzanow.pl\/akademiaslowa\/?p=3475"},"modified":"2026-04-21T14:55:42","modified_gmt":"2026-04-21T12:55:42","slug":"akademia-slowa-spotkanie-autorskie-z-janem-slezakiem","status":"publish","type":"post","link":"https:\/\/www.mbp.chrzanow.pl\/akademiaslowa\/index.php\/2026\/04\/21\/akademia-slowa-spotkanie-autorskie-z-janem-slezakiem\/","title":{"rendered":"Akademia S\u0142owa: Spotkanie autorskie z Janem \u015al\u0119zakiem"},"content":{"rendered":"\t\t<div data-elementor-type=\"wp-post\" data-elementor-id=\"3475\" class=\"elementor elementor-3475\">\n\t\t\t\t\t\t<section class=\"elementor-section elementor-top-section elementor-element elementor-element-8b07cd5 elementor-section-boxed elementor-section-height-default elementor-section-height-default\" data-id=\"8b07cd5\" data-element_type=\"section\" data-e-type=\"section\">\n\t\t\t\t\t\t<div class=\"elementor-container elementor-column-gap-default\">\n\t\t\t\t\t<div class=\"elementor-column elementor-col-100 elementor-top-column elementor-element elementor-element-8e392c4\" data-id=\"8e392c4\" data-element_type=\"column\" data-e-type=\"column\">\n\t\t\t<div class=\"elementor-widget-wrap elementor-element-populated\">\n\t\t\t\t\t\t<div class=\"elementor-element elementor-element-d3bc152 elementor-widget elementor-widget-text-editor\" data-id=\"d3bc152\" data-element_type=\"widget\" data-e-type=\"widget\" data-widget_type=\"text-editor.default\">\n\t\t\t\t<div class=\"elementor-widget-container\">\n\t\t\t\t\t\t\t\t\t<p class=\"isSelectedEnd\">W ramach cyklu Akademii S\u0142owa odby\u0142o si\u0119 spotkanie autorskie z <strong>Janem \u015al\u0119zakiem<\/strong>, kt\u00f3re przyci\u0105gn\u0119\u0142o mi\u0142o\u015bnik\u00f3w literatury oraz osoby zainteresowane kulisami pracy pisarskiej. By\u0142o to wydarzenie pe\u0142ne refleksji, inspiracji i bezpo\u015bredniego kontaktu z autorem.<\/p><p class=\"isSelectedEnd\">Podczas spotkania Jan \u015al\u0119zak opowiada\u0142 o swoich ksi\u0105\u017ckach, przybli\u017caj\u0105c zar\u00f3wno ich tematyk\u0119, jak i proces powstawania. Uczestnicy mieli okazj\u0119 dowiedzie\u0107 si\u0119, co by\u0142o dla niego punktem wyj\u015bcia do pisania oraz jakie do\u015bwiadczenia i przemy\u015blenia wp\u0142yn\u0119\u0142y na kszta\u0142t jego tw\u00f3rczo\u015bci.<\/p><p class=\"isSelectedEnd\">Szczeg\u00f3lnie interesuj\u0105cym w\u0105tkiem by\u0142a historia tego, jak dosz\u0142o do napisania pierwszej ksi\u0105\u017cki. Autor podzieli\u0142 si\u0119 osobist\u0105 drog\u0105 \u2013 od pomys\u0142u, przez moment decyzji, a\u017c po realizacj\u0119 i wydanie. Opowie\u015b\u0107 ta pokaza\u0142a, \u017ce proces tw\u00f3rczy bywa nieoczywisty i cz\u0119sto zaczyna si\u0119 od impulsu, kt\u00f3ry z czasem przeradza si\u0119 w pe\u0142noprawny projekt literacki.<\/p><p class=\"isSelectedEnd\">Spotkanie przebiega\u0142o w swobodnej, otwartej atmosferze, sprzyjaj\u0105cej rozmowie i zadawaniu pyta\u0144. Publiczno\u015b\u0107 ch\u0119tnie anga\u017cowa\u0142a si\u0119 w dyskusj\u0119, poruszaj\u0105c zar\u00f3wno kwestie zwi\u0105zane z warsztatem pisarskim, jak i codzienno\u015bci\u0105 autora.<\/p><p>Wydarzenie w ramach Akademii S\u0142owa by\u0142o nie tylko okazj\u0105 do poznania tw\u00f3rczo\u015bci Jana \u015al\u0119zaka, ale tak\u017ce inspiracj\u0105 dla wszystkich, kt\u00f3rzy sami my\u015bl\u0105 o pisaniu lub poszukuj\u0105 nowych literackich do\u015bwiadcze\u0144.<\/p><p data-start=\"1490\" data-end=\"1745\" data-is-last-node=\"\" data-is-only-node=\"\">Zapraszamy na kolejne spotkania w ramach cyklu Akademii S\u0142owa!<\/p>\t\t\t\t\t\t\t\t<\/div>\n\t\t\t\t<\/div>\n\t\t\t\t\t<\/div>\n\t\t<\/div>\n\t\t\t\t\t<\/div>\n\t\t<\/section>\n\t\t\t\t<section class=\"elementor-section elementor-top-section elementor-element elementor-element-f6925c3 elementor-section-boxed elementor-section-height-default elementor-section-height-default\" data-id=\"f6925c3\" data-element_type=\"section\" data-e-type=\"section\">\n\t\t\t\t\t\t<div class=\"elementor-container elementor-column-gap-default\">\n\t\t\t\t\t<div class=\"elementor-column elementor-col-100 elementor-top-column elementor-element elementor-element-34f6a9f\" data-id=\"34f6a9f\" data-element_type=\"column\" data-e-type=\"column\">\n\t\t\t<div class=\"elementor-widget-wrap elementor-element-populated\">\n\t\t\t\t\t\t<div class=\"elementor-element elementor-element-3df7ab1 gallery-spacing-custom elementor-widget elementor-widget-image-gallery\" data-id=\"3df7ab1\" data-element_type=\"widget\" data-e-type=\"widget\" data-widget_type=\"image-gallery.default\">\n\t\t\t\t<div class=\"elementor-widget-container\">\n\t\t\t\t\t\t\t<div class=\"elementor-image-gallery\">\n\t\t\t<div id='gallery-1' class='gallery galleryid-3475 gallery-columns-4 gallery-size-thumbnail'><figure class='gallery-item'>\n\t\t\t<div class='gallery-icon landscape'>\n\t\t\t\t<a data-elementor-open-lightbox=\"yes\" data-elementor-lightbox-slideshow=\"3df7ab1\" data-elementor-lightbox-title=\"as_\u015bl\u0119zak\" data-e-action-hash=\"#elementor-action%3Aaction%3Dlightbox%26settings%3DeyJpZCI6MzQ3OCwidXJsIjoiaHR0cHM6XC9cL3d3dy5tYnAuY2hyemFub3cucGxcL2FrYWRlbWlhc2xvd2FcL3dwLWNvbnRlbnRcL3VwbG9hZHNcLzIwMjZcLzA0XC9hc19zbGV6YWstc2NhbGVkLmpwZyIsInNsaWRlc2hvdyI6IjNkZjdhYjEifQ%3D%3D\" href='https:\/\/www.mbp.chrzanow.pl\/akademiaslowa\/wp-content\/uploads\/2026\/04\/as_slezak-scaled.jpg'><img decoding=\"async\" width=\"150\" height=\"150\" src=\"https:\/\/www.mbp.chrzanow.pl\/akademiaslowa\/wp-content\/uploads\/2026\/04\/as_slezak-150x150.jpg\" class=\"attachment-thumbnail size-thumbnail\" alt=\"\" \/><\/a>\n\t\t\t<\/div><\/figure><figure class='gallery-item'>\n\t\t\t<div class='gallery-icon landscape'>\n\t\t\t\t<a data-elementor-open-lightbox=\"yes\" data-elementor-lightbox-slideshow=\"3df7ab1\" data-elementor-lightbox-title=\"as_\u015bl\u0119zak_2\" data-e-action-hash=\"#elementor-action%3Aaction%3Dlightbox%26settings%3DeyJpZCI6MzQ3OSwidXJsIjoiaHR0cHM6XC9cL3d3dy5tYnAuY2hyemFub3cucGxcL2FrYWRlbWlhc2xvd2FcL3dwLWNvbnRlbnRcL3VwbG9hZHNcLzIwMjZcLzA0XC9hc19zbGV6YWtfMi1zY2FsZWQuanBnIiwic2xpZGVzaG93IjoiM2RmN2FiMSJ9\" href='https:\/\/www.mbp.chrzanow.pl\/akademiaslowa\/wp-content\/uploads\/2026\/04\/as_slezak_2-scaled.jpg'><img decoding=\"async\" width=\"150\" height=\"150\" src=\"https:\/\/www.mbp.chrzanow.pl\/akademiaslowa\/wp-content\/uploads\/2026\/04\/as_slezak_2-150x150.jpg\" class=\"attachment-thumbnail size-thumbnail\" alt=\"\" \/><\/a>\n\t\t\t<\/div><\/figure><figure class='gallery-item'>\n\t\t\t<div class='gallery-icon landscape'>\n\t\t\t\t<a data-elementor-open-lightbox=\"yes\" data-elementor-lightbox-slideshow=\"3df7ab1\" data-elementor-lightbox-title=\"as_\u015bl\u0119zak_3\" data-e-action-hash=\"#elementor-action%3Aaction%3Dlightbox%26settings%3DeyJpZCI6MzQ4MCwidXJsIjoiaHR0cHM6XC9cL3d3dy5tYnAuY2hyemFub3cucGxcL2FrYWRlbWlhc2xvd2FcL3dwLWNvbnRlbnRcL3VwbG9hZHNcLzIwMjZcLzA0XC9hc19zbGV6YWtfMy1zY2FsZWQuanBnIiwic2xpZGVzaG93IjoiM2RmN2FiMSJ9\" href='https:\/\/www.mbp.chrzanow.pl\/akademiaslowa\/wp-content\/uploads\/2026\/04\/as_slezak_3-scaled.jpg'><img decoding=\"async\" width=\"150\" height=\"150\" src=\"https:\/\/www.mbp.chrzanow.pl\/akademiaslowa\/wp-content\/uploads\/2026\/04\/as_slezak_3-150x150.jpg\" class=\"attachment-thumbnail size-thumbnail\" alt=\"\" \/><\/a>\n\t\t\t<\/div><\/figure><figure class='gallery-item'>\n\t\t\t<div class='gallery-icon landscape'>\n\t\t\t\t<a data-elementor-open-lightbox=\"yes\" data-elementor-lightbox-slideshow=\"3df7ab1\" data-elementor-lightbox-title=\"as_\u015bl\u0119zak_4\" data-e-action-hash=\"#elementor-action%3Aaction%3Dlightbox%26settings%3DeyJpZCI6MzQ4MSwidXJsIjoiaHR0cHM6XC9cL3d3dy5tYnAuY2hyemFub3cucGxcL2FrYWRlbWlhc2xvd2FcL3dwLWNvbnRlbnRcL3VwbG9hZHNcLzIwMjZcLzA0XC9hc19zbGV6YWtfNC1zY2FsZWQuanBnIiwic2xpZGVzaG93IjoiM2RmN2FiMSJ9\" href='https:\/\/www.mbp.chrzanow.pl\/akademiaslowa\/wp-content\/uploads\/2026\/04\/as_slezak_4-scaled.jpg'><img loading=\"lazy\" decoding=\"async\" width=\"150\" height=\"150\" src=\"https:\/\/www.mbp.chrzanow.pl\/akademiaslowa\/wp-content\/uploads\/2026\/04\/as_slezak_4-150x150.jpg\" class=\"attachment-thumbnail size-thumbnail\" alt=\"\" \/><\/a>\n\t\t\t<\/div><\/figure><figure class='gallery-item'>\n\t\t\t<div class='gallery-icon landscape'>\n\t\t\t\t<a data-elementor-open-lightbox=\"yes\" data-elementor-lightbox-slideshow=\"3df7ab1\" data-elementor-lightbox-title=\"as_\u015bl\u0119zak_5\" data-e-action-hash=\"#elementor-action%3Aaction%3Dlightbox%26settings%3DeyJpZCI6MzQ4MiwidXJsIjoiaHR0cHM6XC9cL3d3dy5tYnAuY2hyemFub3cucGxcL2FrYWRlbWlhc2xvd2FcL3dwLWNvbnRlbnRcL3VwbG9hZHNcLzIwMjZcLzA0XC9hc19zbGV6YWtfNS1zY2FsZWQuanBnIiwic2xpZGVzaG93IjoiM2RmN2FiMSJ9\" href='https:\/\/www.mbp.chrzanow.pl\/akademiaslowa\/wp-content\/uploads\/2026\/04\/as_slezak_5-scaled.jpg'><img loading=\"lazy\" decoding=\"async\" width=\"150\" height=\"150\" src=\"https:\/\/www.mbp.chrzanow.pl\/akademiaslowa\/wp-content\/uploads\/2026\/04\/as_slezak_5-150x150.jpg\" class=\"attachment-thumbnail size-thumbnail\" alt=\"\" \/><\/a>\n\t\t\t<\/div><\/figure><figure class='gallery-item'>\n\t\t\t<div class='gallery-icon landscape'>\n\t\t\t\t<a data-elementor-open-lightbox=\"yes\" data-elementor-lightbox-slideshow=\"3df7ab1\" data-elementor-lightbox-title=\"as_\u015bl\u0119zak_6\" data-e-action-hash=\"#elementor-action%3Aaction%3Dlightbox%26settings%3DeyJpZCI6MzQ4MywidXJsIjoiaHR0cHM6XC9cL3d3dy5tYnAuY2hyemFub3cucGxcL2FrYWRlbWlhc2xvd2FcL3dwLWNvbnRlbnRcL3VwbG9hZHNcLzIwMjZcLzA0XC9hc19zbGV6YWtfNi1zY2FsZWQuanBnIiwic2xpZGVzaG93IjoiM2RmN2FiMSJ9\" href='https:\/\/www.mbp.chrzanow.pl\/akademiaslowa\/wp-content\/uploads\/2026\/04\/as_slezak_6-scaled.jpg'><img loading=\"lazy\" decoding=\"async\" width=\"150\" height=\"150\" src=\"https:\/\/www.mbp.chrzanow.pl\/akademiaslowa\/wp-content\/uploads\/2026\/04\/as_slezak_6-150x150.jpg\" class=\"attachment-thumbnail size-thumbnail\" alt=\"\" \/><\/a>\n\t\t\t<\/div><\/figure><figure class='gallery-item'>\n\t\t\t<div class='gallery-icon portrait'>\n\t\t\t\t<a data-elementor-open-lightbox=\"yes\" data-elementor-lightbox-slideshow=\"3df7ab1\" data-elementor-lightbox-title=\"as_\u015bl\u0119zak_7\" data-e-action-hash=\"#elementor-action%3Aaction%3Dlightbox%26settings%3DeyJpZCI6MzQ4NCwidXJsIjoiaHR0cHM6XC9cL3d3dy5tYnAuY2hyemFub3cucGxcL2FrYWRlbWlhc2xvd2FcL3dwLWNvbnRlbnRcL3VwbG9hZHNcLzIwMjZcLzA0XC9hc19zbGV6YWtfNy1zY2FsZWQuanBnIiwic2xpZGVzaG93IjoiM2RmN2FiMSJ9\" href='https:\/\/www.mbp.chrzanow.pl\/akademiaslowa\/wp-content\/uploads\/2026\/04\/as_slezak_7-scaled.jpg'><img loading=\"lazy\" decoding=\"async\" width=\"150\" height=\"150\" src=\"https:\/\/www.mbp.chrzanow.pl\/akademiaslowa\/wp-content\/uploads\/2026\/04\/as_slezak_7-150x150.jpg\" class=\"attachment-thumbnail size-thumbnail\" alt=\"\" \/><\/a>\n\t\t\t<\/div><\/figure><figure class='gallery-item'>\n\t\t\t<div class='gallery-icon landscape'>\n\t\t\t\t<a data-elementor-open-lightbox=\"yes\" data-elementor-lightbox-slideshow=\"3df7ab1\" data-elementor-lightbox-title=\"as_\u015bl\u0119zak_8\" data-e-action-hash=\"#elementor-action%3Aaction%3Dlightbox%26settings%3DeyJpZCI6MzQ4NSwidXJsIjoiaHR0cHM6XC9cL3d3dy5tYnAuY2hyemFub3cucGxcL2FrYWRlbWlhc2xvd2FcL3dwLWNvbnRlbnRcL3VwbG9hZHNcLzIwMjZcLzA0XC9hc19zbGV6YWtfOC1zY2FsZWQuanBnIiwic2xpZGVzaG93IjoiM2RmN2FiMSJ9\" href='https:\/\/www.mbp.chrzanow.pl\/akademiaslowa\/wp-content\/uploads\/2026\/04\/as_slezak_8-scaled.jpg'><img loading=\"lazy\" decoding=\"async\" width=\"150\" height=\"150\" src=\"https:\/\/www.mbp.chrzanow.pl\/akademiaslowa\/wp-content\/uploads\/2026\/04\/as_slezak_8-150x150.jpg\" class=\"attachment-thumbnail size-thumbnail\" alt=\"\" \/><\/a>\n\t\t\t<\/div><\/figure><figure class='gallery-item'>\n\t\t\t<div class='gallery-icon landscape'>\n\t\t\t\t<a data-elementor-open-lightbox=\"yes\" data-elementor-lightbox-slideshow=\"3df7ab1\" data-elementor-lightbox-title=\"as_\u015bl\u0119zak_9\" data-e-action-hash=\"#elementor-action%3Aaction%3Dlightbox%26settings%3DeyJpZCI6MzQ4NiwidXJsIjoiaHR0cHM6XC9cL3d3dy5tYnAuY2hyemFub3cucGxcL2FrYWRlbWlhc2xvd2FcL3dwLWNvbnRlbnRcL3VwbG9hZHNcLzIwMjZcLzA0XC9hc19zbGV6YWtfOS1zY2FsZWQuanBnIiwic2xpZGVzaG93IjoiM2RmN2FiMSJ9\" href='https:\/\/www.mbp.chrzanow.pl\/akademiaslowa\/wp-content\/uploads\/2026\/04\/as_slezak_9-scaled.jpg'><img loading=\"lazy\" decoding=\"async\" width=\"150\" height=\"150\" src=\"https:\/\/www.mbp.chrzanow.pl\/akademiaslowa\/wp-content\/uploads\/2026\/04\/as_slezak_9-150x150.jpg\" class=\"attachment-thumbnail size-thumbnail\" alt=\"\" \/><\/a>\n\t\t\t<\/div><\/figure><figure class='gallery-item'>\n\t\t\t<div class='gallery-icon landscape'>\n\t\t\t\t<a data-elementor-open-lightbox=\"yes\" data-elementor-lightbox-slideshow=\"3df7ab1\" data-elementor-lightbox-title=\"as_\u015bl\u0119zak_10\" data-e-action-hash=\"#elementor-action%3Aaction%3Dlightbox%26settings%3DeyJpZCI6MzQ4NywidXJsIjoiaHR0cHM6XC9cL3d3dy5tYnAuY2hyemFub3cucGxcL2FrYWRlbWlhc2xvd2FcL3dwLWNvbnRlbnRcL3VwbG9hZHNcLzIwMjZcLzA0XC9hc19zbGV6YWtfMTAtc2NhbGVkLmpwZyIsInNsaWRlc2hvdyI6IjNkZjdhYjEifQ%3D%3D\" href='https:\/\/www.mbp.chrzanow.pl\/akademiaslowa\/wp-content\/uploads\/2026\/04\/as_slezak_10-scaled.jpg'><img loading=\"lazy\" decoding=\"async\" width=\"150\" height=\"150\" src=\"https:\/\/www.mbp.chrzanow.pl\/akademiaslowa\/wp-content\/uploads\/2026\/04\/as_slezak_10-150x150.jpg\" class=\"attachment-thumbnail size-thumbnail\" alt=\"\" \/><\/a>\n\t\t\t<\/div><\/figure><figure class='gallery-item'>\n\t\t\t<div class='gallery-icon landscape'>\n\t\t\t\t<a data-elementor-open-lightbox=\"yes\" data-elementor-lightbox-slideshow=\"3df7ab1\" data-elementor-lightbox-title=\"as_\u015bl\u0119zak_11\" data-e-action-hash=\"#elementor-action%3Aaction%3Dlightbox%26settings%3DeyJpZCI6MzQ4OCwidXJsIjoiaHR0cHM6XC9cL3d3dy5tYnAuY2hyemFub3cucGxcL2FrYWRlbWlhc2xvd2FcL3dwLWNvbnRlbnRcL3VwbG9hZHNcLzIwMjZcLzA0XC9hc19zbGV6YWtfMTEtc2NhbGVkLmpwZyIsInNsaWRlc2hvdyI6IjNkZjdhYjEifQ%3D%3D\" href='https:\/\/www.mbp.chrzanow.pl\/akademiaslowa\/wp-content\/uploads\/2026\/04\/as_slezak_11-scaled.jpg'><img loading=\"lazy\" decoding=\"async\" width=\"150\" height=\"150\" src=\"https:\/\/www.mbp.chrzanow.pl\/akademiaslowa\/wp-content\/uploads\/2026\/04\/as_slezak_11-150x150.jpg\" class=\"attachment-thumbnail size-thumbnail\" alt=\"\" \/><\/a>\n\t\t\t<\/div><\/figure><figure class='gallery-item'>\n\t\t\t<div class='gallery-icon landscape'>\n\t\t\t\t<a data-elementor-open-lightbox=\"yes\" data-elementor-lightbox-slideshow=\"3df7ab1\" data-elementor-lightbox-title=\"as_\u015bl\u0119zak_12\" data-e-action-hash=\"#elementor-action%3Aaction%3Dlightbox%26settings%3DeyJpZCI6MzQ4OSwidXJsIjoiaHR0cHM6XC9cL3d3dy5tYnAuY2hyemFub3cucGxcL2FrYWRlbWlhc2xvd2FcL3dwLWNvbnRlbnRcL3VwbG9hZHNcLzIwMjZcLzA0XC9hc19zbGV6YWtfMTItc2NhbGVkLmpwZyIsInNsaWRlc2hvdyI6IjNkZjdhYjEifQ%3D%3D\" href='https:\/\/www.mbp.chrzanow.pl\/akademiaslowa\/wp-content\/uploads\/2026\/04\/as_slezak_12-scaled.jpg'><img loading=\"lazy\" decoding=\"async\" width=\"150\" height=\"150\" src=\"https:\/\/www.mbp.chrzanow.pl\/akademiaslowa\/wp-content\/uploads\/2026\/04\/as_slezak_12-150x150.jpg\" class=\"attachment-thumbnail size-thumbnail\" alt=\"\" \/><\/a>\n\t\t\t<\/div><\/figure>\n\t\t<\/div>\n\t\t<\/div>\n\t\t\t\t\t\t<\/div>\n\t\t\t\t<\/div>\n\t\t\t\t\t<\/div>\n\t\t<\/div>\n\t\t\t\t\t<\/div>\n\t\t<\/section>\n\t\t\t\t<\/div>\n\t\t","protected":false},"excerpt":{"rendered":"<p> [&hellip;]<\/p>\n","protected":false},"author":3,"featured_media":3476,"comment_status":"closed","ping_status":"closed","sticky":false,"template":"","format":"standard","meta":{"footnotes":""},"categories":[6],"tags":[],"class_list":["post-3475","post","type-post","status-publish","format-standard","has-post-thumbnail","hentry","category-wiersze"],"yoast_head":"<!-- This site is optimized with the Yoast SEO plugin v27.5 - https:\/\/yoast.com\/product\/yoast-seo-wordpress\/ -->\n<title>Akademia S\u0142owa: Spotkanie autorskie z Janem \u015al\u0119zakiem - Akademia S\u0142owa - Chrzan\u00f3w<\/title>\n<meta name=\"robots\" content=\"index, follow, max-snippet:-1, max-image-preview:large, max-video-preview:-1\" \/>\n<link rel=\"canonical\" href=\"https:\/\/www.mbp.chrzanow.pl\/akademiaslowa\/index.php\/2026\/04\/21\/akademia-slowa-spotkanie-autorskie-z-janem-slezakiem\/\" \/>\n<meta property=\"og:locale\" content=\"pl_PL\" \/>\n<meta property=\"og:type\" content=\"article\" \/>\n<meta property=\"og:title\" content=\"Akademia S\u0142owa: Spotkanie autorskie z Janem \u015al\u0119zakiem - Akademia S\u0142owa - Chrzan\u00f3w\" \/>\n<meta property=\"og:description\" content=\"[&hellip;]\" \/>\n<meta property=\"og:url\" content=\"https:\/\/www.mbp.chrzanow.pl\/akademiaslowa\/index.php\/2026\/04\/21\/akademia-slowa-spotkanie-autorskie-z-janem-slezakiem\/\" \/>\n<meta property=\"og:site_name\" content=\"Akademia S\u0142owa - Chrzan\u00f3w\" \/>\n<meta property=\"article:published_time\" content=\"2026-04-21T11:03:30+00:00\" \/>\n<meta property=\"article:modified_time\" content=\"2026-04-21T12:55:42+00:00\" \/>\n<meta property=\"og:image\" content=\"https:\/\/www.mbp.chrzanow.pl\/akademiaslowa\/wp-content\/uploads\/2026\/04\/RELACJA-Dzial-Promocji-18.jpg\" \/>\n\t<meta property=\"og:image:width\" content=\"652\" \/>\n\t<meta property=\"og:image:height\" content=\"920\" \/>\n\t<meta property=\"og:image:type\" content=\"image\/jpeg\" \/>\n<meta name=\"author\" content=\"Prom\" \/>\n<meta name=\"twitter:card\" content=\"summary_large_image\" \/>\n<meta name=\"twitter:label1\" content=\"Napisane przez\" \/>\n\t<meta name=\"twitter:data1\" content=\"Prom\" \/>\n\t<meta name=\"twitter:label2\" content=\"Szacowany czas czytania\" \/>\n\t<meta name=\"twitter:data2\" content=\"4 minuty\" \/>\n<script type=\"application\/ld+json\" class=\"yoast-schema-graph\">{\"@context\":\"https:\\\/\\\/schema.org\",\"@graph\":[{\"@type\":\"Article\",\"@id\":\"https:\\\/\\\/www.mbp.chrzanow.pl\\\/akademiaslowa\\\/index.php\\\/2026\\\/04\\\/21\\\/akademia-slowa-spotkanie-autorskie-z-janem-slezakiem\\\/#article\",\"isPartOf\":{\"@id\":\"https:\\\/\\\/www.mbp.chrzanow.pl\\\/akademiaslowa\\\/index.php\\\/2026\\\/04\\\/21\\\/akademia-slowa-spotkanie-autorskie-z-janem-slezakiem\\\/\"},\"author\":{\"name\":\"Prom\",\"@id\":\"https:\\\/\\\/www.mbp.chrzanow.pl\\\/akademiaslowa\\\/#\\\/schema\\\/person\\\/fe7a35ef0376d4e76846aeae319d9fd8\"},\"headline\":\"Akademia S\u0142owa: Spotkanie autorskie z Janem \u015al\u0119zakiem\",\"datePublished\":\"2026-04-21T11:03:30+00:00\",\"dateModified\":\"2026-04-21T12:55:42+00:00\",\"mainEntityOfPage\":{\"@id\":\"https:\\\/\\\/www.mbp.chrzanow.pl\\\/akademiaslowa\\\/index.php\\\/2026\\\/04\\\/21\\\/akademia-slowa-spotkanie-autorskie-z-janem-slezakiem\\\/\"},\"wordCount\":254,\"publisher\":{\"@id\":\"https:\\\/\\\/www.mbp.chrzanow.pl\\\/akademiaslowa\\\/#organization\"},\"image\":{\"@id\":\"https:\\\/\\\/www.mbp.chrzanow.pl\\\/akademiaslowa\\\/index.php\\\/2026\\\/04\\\/21\\\/akademia-slowa-spotkanie-autorskie-z-janem-slezakiem\\\/#primaryimage\"},\"thumbnailUrl\":\"https:\\\/\\\/www.mbp.chrzanow.pl\\\/akademiaslowa\\\/wp-content\\\/uploads\\\/2026\\\/04\\\/RELACJA-Dzial-Promocji-18.jpg\",\"articleSection\":[\"Wiersze\"],\"inLanguage\":\"pl-PL\"},{\"@type\":\"WebPage\",\"@id\":\"https:\\\/\\\/www.mbp.chrzanow.pl\\\/akademiaslowa\\\/index.php\\\/2026\\\/04\\\/21\\\/akademia-slowa-spotkanie-autorskie-z-janem-slezakiem\\\/\",\"url\":\"https:\\\/\\\/www.mbp.chrzanow.pl\\\/akademiaslowa\\\/index.php\\\/2026\\\/04\\\/21\\\/akademia-slowa-spotkanie-autorskie-z-janem-slezakiem\\\/\",\"name\":\"Akademia S\u0142owa: Spotkanie autorskie z Janem \u015al\u0119zakiem - Akademia S\u0142owa - Chrzan\u00f3w\",\"isPartOf\":{\"@id\":\"https:\\\/\\\/www.mbp.chrzanow.pl\\\/akademiaslowa\\\/#website\"},\"primaryImageOfPage\":{\"@id\":\"https:\\\/\\\/www.mbp.chrzanow.pl\\\/akademiaslowa\\\/index.php\\\/2026\\\/04\\\/21\\\/akademia-slowa-spotkanie-autorskie-z-janem-slezakiem\\\/#primaryimage\"},\"image\":{\"@id\":\"https:\\\/\\\/www.mbp.chrzanow.pl\\\/akademiaslowa\\\/index.php\\\/2026\\\/04\\\/21\\\/akademia-slowa-spotkanie-autorskie-z-janem-slezakiem\\\/#primaryimage\"},\"thumbnailUrl\":\"https:\\\/\\\/www.mbp.chrzanow.pl\\\/akademiaslowa\\\/wp-content\\\/uploads\\\/2026\\\/04\\\/RELACJA-Dzial-Promocji-18.jpg\",\"datePublished\":\"2026-04-21T11:03:30+00:00\",\"dateModified\":\"2026-04-21T12:55:42+00:00\",\"breadcrumb\":{\"@id\":\"https:\\\/\\\/www.mbp.chrzanow.pl\\\/akademiaslowa\\\/index.php\\\/2026\\\/04\\\/21\\\/akademia-slowa-spotkanie-autorskie-z-janem-slezakiem\\\/#breadcrumb\"},\"inLanguage\":\"pl-PL\",\"potentialAction\":[{\"@type\":\"ReadAction\",\"target\":[\"https:\\\/\\\/www.mbp.chrzanow.pl\\\/akademiaslowa\\\/index.php\\\/2026\\\/04\\\/21\\\/akademia-slowa-spotkanie-autorskie-z-janem-slezakiem\\\/\"]}]},{\"@type\":\"ImageObject\",\"inLanguage\":\"pl-PL\",\"@id\":\"https:\\\/\\\/www.mbp.chrzanow.pl\\\/akademiaslowa\\\/index.php\\\/2026\\\/04\\\/21\\\/akademia-slowa-spotkanie-autorskie-z-janem-slezakiem\\\/#primaryimage\",\"url\":\"https:\\\/\\\/www.mbp.chrzanow.pl\\\/akademiaslowa\\\/wp-content\\\/uploads\\\/2026\\\/04\\\/RELACJA-Dzial-Promocji-18.jpg\",\"contentUrl\":\"https:\\\/\\\/www.mbp.chrzanow.pl\\\/akademiaslowa\\\/wp-content\\\/uploads\\\/2026\\\/04\\\/RELACJA-Dzial-Promocji-18.jpg\",\"width\":652,\"height\":920},{\"@type\":\"BreadcrumbList\",\"@id\":\"https:\\\/\\\/www.mbp.chrzanow.pl\\\/akademiaslowa\\\/index.php\\\/2026\\\/04\\\/21\\\/akademia-slowa-spotkanie-autorskie-z-janem-slezakiem\\\/#breadcrumb\",\"itemListElement\":[{\"@type\":\"ListItem\",\"position\":1,\"name\":\"Strona g\u0142\u00f3wna\",\"item\":\"https:\\\/\\\/www.mbp.chrzanow.pl\\\/akademiaslowa\\\/\"},{\"@type\":\"ListItem\",\"position\":2,\"name\":\"Akademia S\u0142owa: Spotkanie autorskie z Janem \u015al\u0119zakiem\"}]},{\"@type\":\"WebSite\",\"@id\":\"https:\\\/\\\/www.mbp.chrzanow.pl\\\/akademiaslowa\\\/#website\",\"url\":\"https:\\\/\\\/www.mbp.chrzanow.pl\\\/akademiaslowa\\\/\",\"name\":\"Akademia S\u0142owa - Chrzan\u00f3w\",\"description\":\"Czym poezja...\",\"publisher\":{\"@id\":\"https:\\\/\\\/www.mbp.chrzanow.pl\\\/akademiaslowa\\\/#organization\"},\"potentialAction\":[{\"@type\":\"SearchAction\",\"target\":{\"@type\":\"EntryPoint\",\"urlTemplate\":\"https:\\\/\\\/www.mbp.chrzanow.pl\\\/akademiaslowa\\\/?s={search_term_string}\"},\"query-input\":{\"@type\":\"PropertyValueSpecification\",\"valueRequired\":true,\"valueName\":\"search_term_string\"}}],\"inLanguage\":\"pl-PL\"},{\"@type\":\"Organization\",\"@id\":\"https:\\\/\\\/www.mbp.chrzanow.pl\\\/akademiaslowa\\\/#organization\",\"name\":\"Akademia S\u0142owa Chrzan\u00f3w\",\"url\":\"https:\\\/\\\/www.mbp.chrzanow.pl\\\/akademiaslowa\\\/\",\"logo\":{\"@type\":\"ImageObject\",\"inLanguage\":\"pl-PL\",\"@id\":\"https:\\\/\\\/www.mbp.chrzanow.pl\\\/akademiaslowa\\\/#\\\/schema\\\/logo\\\/image\\\/\",\"url\":\"https:\\\/\\\/www.mbp.chrzanow.pl\\\/akademiaslowa\\\/wp-content\\\/uploads\\\/2017\\\/12\\\/AkademiaSlowa_www.jpg\",\"contentUrl\":\"https:\\\/\\\/www.mbp.chrzanow.pl\\\/akademiaslowa\\\/wp-content\\\/uploads\\\/2017\\\/12\\\/AkademiaSlowa_www.jpg\",\"width\":500,\"height\":79,\"caption\":\"Akademia S\u0142owa Chrzan\u00f3w\"},\"image\":{\"@id\":\"https:\\\/\\\/www.mbp.chrzanow.pl\\\/akademiaslowa\\\/#\\\/schema\\\/logo\\\/image\\\/\"}},{\"@type\":\"Person\",\"@id\":\"https:\\\/\\\/www.mbp.chrzanow.pl\\\/akademiaslowa\\\/#\\\/schema\\\/person\\\/fe7a35ef0376d4e76846aeae319d9fd8\",\"name\":\"Prom\",\"image\":{\"@type\":\"ImageObject\",\"inLanguage\":\"pl-PL\",\"@id\":\"https:\\\/\\\/secure.gravatar.com\\\/avatar\\\/f60fbd4aa9e3207ab0785fd91859281f74f6e854743680d402cbd83a1b744580?s=96&d=mm&r=g\",\"url\":\"https:\\\/\\\/secure.gravatar.com\\\/avatar\\\/f60fbd4aa9e3207ab0785fd91859281f74f6e854743680d402cbd83a1b744580?s=96&d=mm&r=g\",\"contentUrl\":\"https:\\\/\\\/secure.gravatar.com\\\/avatar\\\/f60fbd4aa9e3207ab0785fd91859281f74f6e854743680d402cbd83a1b744580?s=96&d=mm&r=g\",\"caption\":\"Prom\"},\"url\":\"https:\\\/\\\/www.mbp.chrzanow.pl\\\/akademiaslowa\\\/index.php\\\/author\\\/promocja\\\/\"}]}<\/script>\n<!-- \/ Yoast SEO plugin. -->","yoast_head_json":{"title":"Akademia S\u0142owa: Spotkanie autorskie z Janem \u015al\u0119zakiem - Akademia S\u0142owa - Chrzan\u00f3w","robots":{"index":"index","follow":"follow","max-snippet":"max-snippet:-1","max-image-preview":"max-image-preview:large","max-video-preview":"max-video-preview:-1"},"canonical":"https:\/\/www.mbp.chrzanow.pl\/akademiaslowa\/index.php\/2026\/04\/21\/akademia-slowa-spotkanie-autorskie-z-janem-slezakiem\/","og_locale":"pl_PL","og_type":"article","og_title":"Akademia S\u0142owa: Spotkanie autorskie z Janem \u015al\u0119zakiem - Akademia S\u0142owa - Chrzan\u00f3w","og_description":"[&hellip;]","og_url":"https:\/\/www.mbp.chrzanow.pl\/akademiaslowa\/index.php\/2026\/04\/21\/akademia-slowa-spotkanie-autorskie-z-janem-slezakiem\/","og_site_name":"Akademia S\u0142owa - Chrzan\u00f3w","article_published_time":"2026-04-21T11:03:30+00:00","article_modified_time":"2026-04-21T12:55:42+00:00","og_image":[{"width":652,"height":920,"url":"https:\/\/www.mbp.chrzanow.pl\/akademiaslowa\/wp-content\/uploads\/2026\/04\/RELACJA-Dzial-Promocji-18.jpg","type":"image\/jpeg"}],"author":"Prom","twitter_card":"summary_large_image","twitter_misc":{"Napisane przez":"Prom","Szacowany czas czytania":"4 minuty"},"schema":{"@context":"https:\/\/schema.org","@graph":[{"@type":"Article","@id":"https:\/\/www.mbp.chrzanow.pl\/akademiaslowa\/index.php\/2026\/04\/21\/akademia-slowa-spotkanie-autorskie-z-janem-slezakiem\/#article","isPartOf":{"@id":"https:\/\/www.mbp.chrzanow.pl\/akademiaslowa\/index.php\/2026\/04\/21\/akademia-slowa-spotkanie-autorskie-z-janem-slezakiem\/"},"author":{"name":"Prom","@id":"https:\/\/www.mbp.chrzanow.pl\/akademiaslowa\/#\/schema\/person\/fe7a35ef0376d4e76846aeae319d9fd8"},"headline":"Akademia S\u0142owa: Spotkanie autorskie z Janem \u015al\u0119zakiem","datePublished":"2026-04-21T11:03:30+00:00","dateModified":"2026-04-21T12:55:42+00:00","mainEntityOfPage":{"@id":"https:\/\/www.mbp.chrzanow.pl\/akademiaslowa\/index.php\/2026\/04\/21\/akademia-slowa-spotkanie-autorskie-z-janem-slezakiem\/"},"wordCount":254,"publisher":{"@id":"https:\/\/www.mbp.chrzanow.pl\/akademiaslowa\/#organization"},"image":{"@id":"https:\/\/www.mbp.chrzanow.pl\/akademiaslowa\/index.php\/2026\/04\/21\/akademia-slowa-spotkanie-autorskie-z-janem-slezakiem\/#primaryimage"},"thumbnailUrl":"https:\/\/www.mbp.chrzanow.pl\/akademiaslowa\/wp-content\/uploads\/2026\/04\/RELACJA-Dzial-Promocji-18.jpg","articleSection":["Wiersze"],"inLanguage":"pl-PL"},{"@type":"WebPage","@id":"https:\/\/www.mbp.chrzanow.pl\/akademiaslowa\/index.php\/2026\/04\/21\/akademia-slowa-spotkanie-autorskie-z-janem-slezakiem\/","url":"https:\/\/www.mbp.chrzanow.pl\/akademiaslowa\/index.php\/2026\/04\/21\/akademia-slowa-spotkanie-autorskie-z-janem-slezakiem\/","name":"Akademia S\u0142owa: Spotkanie autorskie z Janem \u015al\u0119zakiem - Akademia S\u0142owa - Chrzan\u00f3w","isPartOf":{"@id":"https:\/\/www.mbp.chrzanow.pl\/akademiaslowa\/#website"},"primaryImageOfPage":{"@id":"https:\/\/www.mbp.chrzanow.pl\/akademiaslowa\/index.php\/2026\/04\/21\/akademia-slowa-spotkanie-autorskie-z-janem-slezakiem\/#primaryimage"},"image":{"@id":"https:\/\/www.mbp.chrzanow.pl\/akademiaslowa\/index.php\/2026\/04\/21\/akademia-slowa-spotkanie-autorskie-z-janem-slezakiem\/#primaryimage"},"thumbnailUrl":"https:\/\/www.mbp.chrzanow.pl\/akademiaslowa\/wp-content\/uploads\/2026\/04\/RELACJA-Dzial-Promocji-18.jpg","datePublished":"2026-04-21T11:03:30+00:00","dateModified":"2026-04-21T12:55:42+00:00","breadcrumb":{"@id":"https:\/\/www.mbp.chrzanow.pl\/akademiaslowa\/index.php\/2026\/04\/21\/akademia-slowa-spotkanie-autorskie-z-janem-slezakiem\/#breadcrumb"},"inLanguage":"pl-PL","potentialAction":[{"@type":"ReadAction","target":["https:\/\/www.mbp.chrzanow.pl\/akademiaslowa\/index.php\/2026\/04\/21\/akademia-slowa-spotkanie-autorskie-z-janem-slezakiem\/"]}]},{"@type":"ImageObject","inLanguage":"pl-PL","@id":"https:\/\/www.mbp.chrzanow.pl\/akademiaslowa\/index.php\/2026\/04\/21\/akademia-slowa-spotkanie-autorskie-z-janem-slezakiem\/#primaryimage","url":"https:\/\/www.mbp.chrzanow.pl\/akademiaslowa\/wp-content\/uploads\/2026\/04\/RELACJA-Dzial-Promocji-18.jpg","contentUrl":"https:\/\/www.mbp.chrzanow.pl\/akademiaslowa\/wp-content\/uploads\/2026\/04\/RELACJA-Dzial-Promocji-18.jpg","width":652,"height":920},{"@type":"BreadcrumbList","@id":"https:\/\/www.mbp.chrzanow.pl\/akademiaslowa\/index.php\/2026\/04\/21\/akademia-slowa-spotkanie-autorskie-z-janem-slezakiem\/#breadcrumb","itemListElement":[{"@type":"ListItem","position":1,"name":"Strona g\u0142\u00f3wna","item":"https:\/\/www.mbp.chrzanow.pl\/akademiaslowa\/"},{"@type":"ListItem","position":2,"name":"Akademia S\u0142owa: Spotkanie autorskie z Janem \u015al\u0119zakiem"}]},{"@type":"WebSite","@id":"https:\/\/www.mbp.chrzanow.pl\/akademiaslowa\/#website","url":"https:\/\/www.mbp.chrzanow.pl\/akademiaslowa\/","name":"Akademia S\u0142owa - Chrzan\u00f3w","description":"Czym poezja...","publisher":{"@id":"https:\/\/www.mbp.chrzanow.pl\/akademiaslowa\/#organization"},"potentialAction":[{"@type":"SearchAction","target":{"@type":"EntryPoint","urlTemplate":"https:\/\/www.mbp.chrzanow.pl\/akademiaslowa\/?s={search_term_string}"},"query-input":{"@type":"PropertyValueSpecification","valueRequired":true,"valueName":"search_term_string"}}],"inLanguage":"pl-PL"},{"@type":"Organization","@id":"https:\/\/www.mbp.chrzanow.pl\/akademiaslowa\/#organization","name":"Akademia S\u0142owa Chrzan\u00f3w","url":"https:\/\/www.mbp.chrzanow.pl\/akademiaslowa\/","logo":{"@type":"ImageObject","inLanguage":"pl-PL","@id":"https:\/\/www.mbp.chrzanow.pl\/akademiaslowa\/#\/schema\/logo\/image\/","url":"https:\/\/www.mbp.chrzanow.pl\/akademiaslowa\/wp-content\/uploads\/2017\/12\/AkademiaSlowa_www.jpg","contentUrl":"https:\/\/www.mbp.chrzanow.pl\/akademiaslowa\/wp-content\/uploads\/2017\/12\/AkademiaSlowa_www.jpg","width":500,"height":79,"caption":"Akademia S\u0142owa Chrzan\u00f3w"},"image":{"@id":"https:\/\/www.mbp.chrzanow.pl\/akademiaslowa\/#\/schema\/logo\/image\/"}},{"@type":"Person","@id":"https:\/\/www.mbp.chrzanow.pl\/akademiaslowa\/#\/schema\/person\/fe7a35ef0376d4e76846aeae319d9fd8","name":"Prom","image":{"@type":"ImageObject","inLanguage":"pl-PL","@id":"https:\/\/secure.gravatar.com\/avatar\/f60fbd4aa9e3207ab0785fd91859281f74f6e854743680d402cbd83a1b744580?s=96&d=mm&r=g","url":"https:\/\/secure.gravatar.com\/avatar\/f60fbd4aa9e3207ab0785fd91859281f74f6e854743680d402cbd83a1b744580?s=96&d=mm&r=g","contentUrl":"https:\/\/secure.gravatar.com\/avatar\/f60fbd4aa9e3207ab0785fd91859281f74f6e854743680d402cbd83a1b744580?s=96&d=mm&r=g","caption":"Prom"},"url":"https:\/\/www.mbp.chrzanow.pl\/akademiaslowa\/index.php\/author\/promocja\/"}]}},"_links":{"self":[{"href":"https:\/\/www.mbp.chrzanow.pl\/akademiaslowa\/index.php\/wp-json\/wp\/v2\/posts\/3475","targetHints":{"allow":["GET"]}}],"collection":[{"href":"https:\/\/www.mbp.chrzanow.pl\/akademiaslowa\/index.php\/wp-json\/wp\/v2\/posts"}],"about":[{"href":"https:\/\/www.mbp.chrzanow.pl\/akademiaslowa\/index.php\/wp-json\/wp\/v2\/types\/post"}],"author":[{"embeddable":true,"href":"https:\/\/www.mbp.chrzanow.pl\/akademiaslowa\/index.php\/wp-json\/wp\/v2\/users\/3"}],"replies":[{"embeddable":true,"href":"https:\/\/www.mbp.chrzanow.pl\/akademiaslowa\/index.php\/wp-json\/wp\/v2\/comments?post=3475"}],"version-history":[{"count":7,"href":"https:\/\/www.mbp.chrzanow.pl\/akademiaslowa\/index.php\/wp-json\/wp\/v2\/posts\/3475\/revisions"}],"predecessor-version":[{"id":3495,"href":"https:\/\/www.mbp.chrzanow.pl\/akademiaslowa\/index.php\/wp-json\/wp\/v2\/posts\/3475\/revisions\/3495"}],"wp:featuredmedia":[{"embeddable":true,"href":"https:\/\/www.mbp.chrzanow.pl\/akademiaslowa\/index.php\/wp-json\/wp\/v2\/media\/3476"}],"wp:attachment":[{"href":"https:\/\/www.mbp.chrzanow.pl\/akademiaslowa\/index.php\/wp-json\/wp\/v2\/media?parent=3475"}],"wp:term":[{"taxonomy":"category","embeddable":true,"href":"https:\/\/www.mbp.chrzanow.pl\/akademiaslowa\/index.php\/wp-json\/wp\/v2\/categories?post=3475"},{"taxonomy":"post_tag","embeddable":true,"href":"https:\/\/www.mbp.chrzanow.pl\/akademiaslowa\/index.php\/wp-json\/wp\/v2\/tags?post=3475"}],"curies":[{"name":"wp","href":"https:\/\/api.w.org\/{rel}","templated":true}]}}