{"id":371,"date":"2018-03-21T10:51:34","date_gmt":"2018-03-21T09:51:34","guid":{"rendered":"http:\/\/www.mbp.chrzanow.pl\/akademiaslowa\/?p=371"},"modified":"2018-04-04T18:25:08","modified_gmt":"2018-04-04T16:25:08","slug":"wieczor-poetycki-konrada-obroka","status":"publish","type":"post","link":"https:\/\/www.mbp.chrzanow.pl\/akademiaslowa\/index.php\/2018\/03\/21\/wieczor-poetycki-konrada-obroka\/","title":{"rendered":"Wiecz\u00f3r poetycki Konrada Obroka w ramach \u201eAkademii S\u0142owa\u201d odby\u0142 si\u0119 w \u201eKlubie Literackim Pod Muzami\u201d pod patronatem Biblioteki Chrzanowskiej."},"content":{"rendered":"\t\t<div data-elementor-type=\"wp-post\" data-elementor-id=\"371\" class=\"elementor elementor-371 elementor-bc-flex-widget\">\n\t\t\t\t\t\t<section class=\"elementor-section elementor-top-section elementor-element elementor-element-2681cad elementor-section-boxed elementor-section-height-default elementor-section-height-default\" data-id=\"2681cad\" data-element_type=\"section\" data-e-type=\"section\">\n\t\t\t\t\t\t<div class=\"elementor-container elementor-column-gap-default\">\n\t\t\t\t\t<div class=\"elementor-column elementor-col-100 elementor-top-column elementor-element elementor-element-5ee1169c\" data-id=\"5ee1169c\" data-element_type=\"column\" data-e-type=\"column\">\n\t\t\t<div class=\"elementor-widget-wrap elementor-element-populated\">\n\t\t\t\t\t\t<div class=\"elementor-element elementor-element-3d412a79 elementor-widget elementor-widget-text-editor\" data-id=\"3d412a79\" data-element_type=\"widget\" data-e-type=\"widget\" data-widget_type=\"text-editor.default\">\n\t\t\t\t<div class=\"elementor-widget-container\">\n\t\t\t\t\t\t\t\t\tTo by\u0142o niezwyk\u0142e spotkanie ze s\u0142owem pisanym.\r\n\r\nPoniewa\u017c poezj\u0119, kt\u00f3r\u0105 proponowa\u0142, to jest u\u017cywanie s\u0142\u00f3w nietuzinkowych z t\u0142em\u00a0\u00a0\u00a0 w postaci \u015bwiergot\u00f3w ptak\u00f3w, odg\u0142os\u00f3w ulicy i warkotu silnik\u00f3w, by\u0142 jak dla mnie fascynuj\u0105cy. Konrad! W swoich wierszach, czy prozie poetyckiej u\u017cywa s\u0142\u00f3w nieszablonowych, kt\u00f3re s\u0105 dla nas nies\u0142yszalne w \u017cyciu codziennym i wyobcowane. Dlatego, jego poruszanie si\u0119 po \u015bcie\u017ckach swojej wyobra\u017ani i tego, co czuje, zapisuje, ka\u017cd\u0105 cz\u0119\u015bci\u0105 swojego cia\u0142a w swoim \u015bwiecie. To jest tak, jakby\u015bmy przeszli w poprzek ulic\u0119, bez zatrzymywania p\u0119dz\u0105cych samochod\u00f3w z sygna\u0142em d\u017awi\u0119kowym i \u015bwietlnym. Tego, co Konrad czuje w momentach odosobnienia, jest dla nas czym\u015b nienamacalnym, raczej uj\u0119\u0142a bym to, jako niestandardowe obserwowanie \u015bwiata\u00a0\u00a0\u00a0 i s\u0142yszenie ciszy, czy nawet gwaru ulicy poza wymiarem naszego wysublimowanego widzenia, czy nawet spojrzenia na otaczaj\u0105cy nas kr\u0105g ludzi. Konrad, to s\u0142yszy i przekazuje nam w formie wierszy, w kt\u00f3re nale\u017cy si\u0119 ws\u0142ucha\u0107, wczyta\u0107 w co\u015b, czego nie do\u015bwiadczamy, my, jako odbiorcy ponad czasowej poezji. Moim minusem by\u0142o i jest, \u017ce nie zapisa\u0142am jego s\u0142yszalnych s\u0142\u00f3w przekazanych nam w bardzo przychylny spos\u00f3b.\r\n\r\n\u017bycz\u0119 Tobie Konradzie, dalszej weny tw\u00f3rczej, ze \u015bwiata, do kt\u00f3rego my nie mamy dost\u0119pu i tego realnego, w kt\u00f3rym \u017cyjemy.\r\n\r\nSwoje spostrze\u017cenia przekaza\u0142a kole\u017canka.\r\n\r\nEl\u017cbieta Mik\u0142as.\r\n\r\n&nbsp;\r\n\r\n&nbsp;\t\t\t\t\t\t\t\t<\/div>\n\t\t\t\t<\/div>\n\t\t\t\t\t<\/div>\n\t\t<\/div>\n\t\t\t\t\t<\/div>\n\t\t<\/section>\n\t\t\t\t<section class=\"elementor-section elementor-top-section elementor-element elementor-element-ac5b8c2 elementor-section-boxed elementor-section-height-default elementor-section-height-default\" data-id=\"ac5b8c2\" data-element_type=\"section\" data-e-type=\"section\">\n\t\t\t\t\t\t<div class=\"elementor-container elementor-column-gap-default\">\n\t\t\t\t\t<div class=\"elementor-column elementor-col-100 elementor-top-column elementor-element elementor-element-c34a433\" data-id=\"c34a433\" data-element_type=\"column\" data-e-type=\"column\">\n\t\t\t<div class=\"elementor-widget-wrap elementor-element-populated\">\n\t\t\t\t\t\t<div class=\"elementor-element elementor-element-4a9fb38 elementor-widget elementor-widget-video\" data-id=\"4a9fb38\" data-element_type=\"widget\" data-e-type=\"widget\" data-settings=\"{&quot;video_type&quot;:&quot;youtube&quot;,&quot;youtube_url&quot;:&quot;https:\\\/\\\/www.youtube.com\\\/watch?v=XHOmBV4js_E&quot;,&quot;controls&quot;:&quot;yes&quot;}\" data-widget_type=\"video.default\">\n\t\t\t\t<div class=\"elementor-widget-container\">\n\t\t\t\t\t\t\t<div class=\"elementor-wrapper elementor-open-inline\">\n\t\t\t<div class=\"elementor-video\"><\/div>\t\t<\/div>\n\t\t\t\t\t\t<\/div>\n\t\t\t\t<\/div>\n\t\t\t\t\t<\/div>\n\t\t<\/div>\n\t\t\t\t\t<\/div>\n\t\t<\/section>\n\t\t\t\t<\/div>\n\t\t","protected":false},"excerpt":{"rendered":"<p> [&hellip;]<\/p>\n","protected":false},"author":1,"featured_media":0,"comment_status":"open","ping_status":"open","sticky":false,"template":"","format":"standard","meta":{"footnotes":""},"categories":[3],"tags":[],"class_list":["post-371","post","type-post","status-publish","format-standard","hentry","category-relacje"],"yoast_head":"<!-- This site is optimized with the Yoast SEO plugin v27.5 - https:\/\/yoast.com\/product\/yoast-seo-wordpress\/ -->\n<title>Wiecz\u00f3r poetycki Konrada Obroka w ramach \u201eAkademii S\u0142owa\u201d odby\u0142 si\u0119 w \u201eKlubie Literackim Pod Muzami\u201d pod patronatem Biblioteki Chrzanowskiej. - Akademia S\u0142owa - Chrzan\u00f3w<\/title>\n<meta name=\"robots\" content=\"index, follow, max-snippet:-1, max-image-preview:large, max-video-preview:-1\" \/>\n<link rel=\"canonical\" href=\"https:\/\/www.mbp.chrzanow.pl\/akademiaslowa\/index.php\/2018\/03\/21\/wieczor-poetycki-konrada-obroka\/\" \/>\n<meta property=\"og:locale\" content=\"pl_PL\" \/>\n<meta property=\"og:type\" content=\"article\" \/>\n<meta property=\"og:title\" content=\"Wiecz\u00f3r poetycki Konrada Obroka w ramach \u201eAkademii S\u0142owa\u201d odby\u0142 si\u0119 w \u201eKlubie Literackim Pod Muzami\u201d pod patronatem Biblioteki Chrzanowskiej. - Akademia S\u0142owa - Chrzan\u00f3w\" \/>\n<meta property=\"og:description\" content=\"[&hellip;]\" \/>\n<meta property=\"og:url\" content=\"https:\/\/www.mbp.chrzanow.pl\/akademiaslowa\/index.php\/2018\/03\/21\/wieczor-poetycki-konrada-obroka\/\" \/>\n<meta property=\"og:site_name\" content=\"Akademia S\u0142owa - Chrzan\u00f3w\" \/>\n<meta property=\"article:published_time\" content=\"2018-03-21T09:51:34+00:00\" \/>\n<meta property=\"article:modified_time\" content=\"2018-04-04T16:25:08+00:00\" \/>\n<meta name=\"author\" content=\"admAS\" \/>\n<meta name=\"twitter:card\" content=\"summary_large_image\" \/>\n<meta name=\"twitter:label1\" content=\"Napisane przez\" \/>\n\t<meta name=\"twitter:data1\" content=\"admAS\" \/>\n\t<meta name=\"twitter:label2\" content=\"Szacowany czas czytania\" \/>\n\t<meta name=\"twitter:data2\" content=\"1 minuta\" \/>\n<script type=\"application\/ld+json\" class=\"yoast-schema-graph\">{\"@context\":\"https:\\\/\\\/schema.org\",\"@graph\":[{\"@type\":\"Article\",\"@id\":\"https:\\\/\\\/www.mbp.chrzanow.pl\\\/akademiaslowa\\\/index.php\\\/2018\\\/03\\\/21\\\/wieczor-poetycki-konrada-obroka\\\/#article\",\"isPartOf\":{\"@id\":\"https:\\\/\\\/www.mbp.chrzanow.pl\\\/akademiaslowa\\\/index.php\\\/2018\\\/03\\\/21\\\/wieczor-poetycki-konrada-obroka\\\/\"},\"author\":{\"name\":\"admAS\",\"@id\":\"https:\\\/\\\/www.mbp.chrzanow.pl\\\/akademiaslowa\\\/#\\\/schema\\\/person\\\/f7f71edfa96be202a208ab75307856e9\"},\"headline\":\"Wiecz\u00f3r poetycki Konrada Obroka w ramach \u201eAkademii S\u0142owa\u201d odby\u0142 si\u0119 w \u201eKlubie Literackim Pod Muzami\u201d pod patronatem Biblioteki Chrzanowskiej.\",\"datePublished\":\"2018-03-21T09:51:34+00:00\",\"dateModified\":\"2018-04-04T16:25:08+00:00\",\"mainEntityOfPage\":{\"@id\":\"https:\\\/\\\/www.mbp.chrzanow.pl\\\/akademiaslowa\\\/index.php\\\/2018\\\/03\\\/21\\\/wieczor-poetycki-konrada-obroka\\\/\"},\"wordCount\":282,\"commentCount\":1,\"publisher\":{\"@id\":\"https:\\\/\\\/www.mbp.chrzanow.pl\\\/akademiaslowa\\\/#organization\"},\"articleSection\":[\"Relacje\"],\"inLanguage\":\"pl-PL\",\"potentialAction\":[{\"@type\":\"CommentAction\",\"name\":\"Comment\",\"target\":[\"https:\\\/\\\/www.mbp.chrzanow.pl\\\/akademiaslowa\\\/index.php\\\/2018\\\/03\\\/21\\\/wieczor-poetycki-konrada-obroka\\\/#respond\"]}]},{\"@type\":\"WebPage\",\"@id\":\"https:\\\/\\\/www.mbp.chrzanow.pl\\\/akademiaslowa\\\/index.php\\\/2018\\\/03\\\/21\\\/wieczor-poetycki-konrada-obroka\\\/\",\"url\":\"https:\\\/\\\/www.mbp.chrzanow.pl\\\/akademiaslowa\\\/index.php\\\/2018\\\/03\\\/21\\\/wieczor-poetycki-konrada-obroka\\\/\",\"name\":\"Wiecz\u00f3r poetycki Konrada Obroka w ramach \u201eAkademii S\u0142owa\u201d odby\u0142 si\u0119 w \u201eKlubie Literackim Pod Muzami\u201d pod patronatem Biblioteki Chrzanowskiej. - Akademia S\u0142owa - Chrzan\u00f3w\",\"isPartOf\":{\"@id\":\"https:\\\/\\\/www.mbp.chrzanow.pl\\\/akademiaslowa\\\/#website\"},\"datePublished\":\"2018-03-21T09:51:34+00:00\",\"dateModified\":\"2018-04-04T16:25:08+00:00\",\"breadcrumb\":{\"@id\":\"https:\\\/\\\/www.mbp.chrzanow.pl\\\/akademiaslowa\\\/index.php\\\/2018\\\/03\\\/21\\\/wieczor-poetycki-konrada-obroka\\\/#breadcrumb\"},\"inLanguage\":\"pl-PL\",\"potentialAction\":[{\"@type\":\"ReadAction\",\"target\":[\"https:\\\/\\\/www.mbp.chrzanow.pl\\\/akademiaslowa\\\/index.php\\\/2018\\\/03\\\/21\\\/wieczor-poetycki-konrada-obroka\\\/\"]}]},{\"@type\":\"BreadcrumbList\",\"@id\":\"https:\\\/\\\/www.mbp.chrzanow.pl\\\/akademiaslowa\\\/index.php\\\/2018\\\/03\\\/21\\\/wieczor-poetycki-konrada-obroka\\\/#breadcrumb\",\"itemListElement\":[{\"@type\":\"ListItem\",\"position\":1,\"name\":\"Strona g\u0142\u00f3wna\",\"item\":\"https:\\\/\\\/www.mbp.chrzanow.pl\\\/akademiaslowa\\\/\"},{\"@type\":\"ListItem\",\"position\":2,\"name\":\"Wiecz\u00f3r poetycki Konrada Obroka w ramach \u201eAkademii S\u0142owa\u201d odby\u0142 si\u0119 w \u201eKlubie Literackim Pod Muzami\u201d pod patronatem Biblioteki Chrzanowskiej.\"}]},{\"@type\":\"WebSite\",\"@id\":\"https:\\\/\\\/www.mbp.chrzanow.pl\\\/akademiaslowa\\\/#website\",\"url\":\"https:\\\/\\\/www.mbp.chrzanow.pl\\\/akademiaslowa\\\/\",\"name\":\"Akademia S\u0142owa - Chrzan\u00f3w\",\"description\":\"Czym poezja...\",\"publisher\":{\"@id\":\"https:\\\/\\\/www.mbp.chrzanow.pl\\\/akademiaslowa\\\/#organization\"},\"potentialAction\":[{\"@type\":\"SearchAction\",\"target\":{\"@type\":\"EntryPoint\",\"urlTemplate\":\"https:\\\/\\\/www.mbp.chrzanow.pl\\\/akademiaslowa\\\/?s={search_term_string}\"},\"query-input\":{\"@type\":\"PropertyValueSpecification\",\"valueRequired\":true,\"valueName\":\"search_term_string\"}}],\"inLanguage\":\"pl-PL\"},{\"@type\":\"Organization\",\"@id\":\"https:\\\/\\\/www.mbp.chrzanow.pl\\\/akademiaslowa\\\/#organization\",\"name\":\"Akademia S\u0142owa Chrzan\u00f3w\",\"url\":\"https:\\\/\\\/www.mbp.chrzanow.pl\\\/akademiaslowa\\\/\",\"logo\":{\"@type\":\"ImageObject\",\"inLanguage\":\"pl-PL\",\"@id\":\"https:\\\/\\\/www.mbp.chrzanow.pl\\\/akademiaslowa\\\/#\\\/schema\\\/logo\\\/image\\\/\",\"url\":\"https:\\\/\\\/www.mbp.chrzanow.pl\\\/akademiaslowa\\\/wp-content\\\/uploads\\\/2017\\\/12\\\/AkademiaSlowa_www.jpg\",\"contentUrl\":\"https:\\\/\\\/www.mbp.chrzanow.pl\\\/akademiaslowa\\\/wp-content\\\/uploads\\\/2017\\\/12\\\/AkademiaSlowa_www.jpg\",\"width\":500,\"height\":79,\"caption\":\"Akademia S\u0142owa Chrzan\u00f3w\"},\"image\":{\"@id\":\"https:\\\/\\\/www.mbp.chrzanow.pl\\\/akademiaslowa\\\/#\\\/schema\\\/logo\\\/image\\\/\"}},{\"@type\":\"Person\",\"@id\":\"https:\\\/\\\/www.mbp.chrzanow.pl\\\/akademiaslowa\\\/#\\\/schema\\\/person\\\/f7f71edfa96be202a208ab75307856e9\",\"name\":\"admAS\",\"image\":{\"@type\":\"ImageObject\",\"inLanguage\":\"pl-PL\",\"@id\":\"https:\\\/\\\/secure.gravatar.com\\\/avatar\\\/5b078c44c109f2248109bb28ecb0c853517953dc1e06bb96fea8699e9f69bcac?s=96&d=mm&r=g\",\"url\":\"https:\\\/\\\/secure.gravatar.com\\\/avatar\\\/5b078c44c109f2248109bb28ecb0c853517953dc1e06bb96fea8699e9f69bcac?s=96&d=mm&r=g\",\"contentUrl\":\"https:\\\/\\\/secure.gravatar.com\\\/avatar\\\/5b078c44c109f2248109bb28ecb0c853517953dc1e06bb96fea8699e9f69bcac?s=96&d=mm&r=g\",\"caption\":\"admAS\"},\"url\":\"https:\\\/\\\/www.mbp.chrzanow.pl\\\/akademiaslowa\\\/index.php\\\/author\\\/admas\\\/\"}]}<\/script>\n<!-- \/ Yoast SEO plugin. -->","yoast_head_json":{"title":"Wiecz\u00f3r poetycki Konrada Obroka w ramach \u201eAkademii S\u0142owa\u201d odby\u0142 si\u0119 w \u201eKlubie Literackim Pod Muzami\u201d pod patronatem Biblioteki Chrzanowskiej. - Akademia S\u0142owa - Chrzan\u00f3w","robots":{"index":"index","follow":"follow","max-snippet":"max-snippet:-1","max-image-preview":"max-image-preview:large","max-video-preview":"max-video-preview:-1"},"canonical":"https:\/\/www.mbp.chrzanow.pl\/akademiaslowa\/index.php\/2018\/03\/21\/wieczor-poetycki-konrada-obroka\/","og_locale":"pl_PL","og_type":"article","og_title":"Wiecz\u00f3r poetycki Konrada Obroka w ramach \u201eAkademii S\u0142owa\u201d odby\u0142 si\u0119 w \u201eKlubie Literackim Pod Muzami\u201d pod patronatem Biblioteki Chrzanowskiej. - Akademia S\u0142owa - Chrzan\u00f3w","og_description":"[&hellip;]","og_url":"https:\/\/www.mbp.chrzanow.pl\/akademiaslowa\/index.php\/2018\/03\/21\/wieczor-poetycki-konrada-obroka\/","og_site_name":"Akademia S\u0142owa - Chrzan\u00f3w","article_published_time":"2018-03-21T09:51:34+00:00","article_modified_time":"2018-04-04T16:25:08+00:00","author":"admAS","twitter_card":"summary_large_image","twitter_misc":{"Napisane przez":"admAS","Szacowany czas czytania":"1 minuta"},"schema":{"@context":"https:\/\/schema.org","@graph":[{"@type":"Article","@id":"https:\/\/www.mbp.chrzanow.pl\/akademiaslowa\/index.php\/2018\/03\/21\/wieczor-poetycki-konrada-obroka\/#article","isPartOf":{"@id":"https:\/\/www.mbp.chrzanow.pl\/akademiaslowa\/index.php\/2018\/03\/21\/wieczor-poetycki-konrada-obroka\/"},"author":{"name":"admAS","@id":"https:\/\/www.mbp.chrzanow.pl\/akademiaslowa\/#\/schema\/person\/f7f71edfa96be202a208ab75307856e9"},"headline":"Wiecz\u00f3r poetycki Konrada Obroka w ramach \u201eAkademii S\u0142owa\u201d odby\u0142 si\u0119 w \u201eKlubie Literackim Pod Muzami\u201d pod patronatem Biblioteki Chrzanowskiej.","datePublished":"2018-03-21T09:51:34+00:00","dateModified":"2018-04-04T16:25:08+00:00","mainEntityOfPage":{"@id":"https:\/\/www.mbp.chrzanow.pl\/akademiaslowa\/index.php\/2018\/03\/21\/wieczor-poetycki-konrada-obroka\/"},"wordCount":282,"commentCount":1,"publisher":{"@id":"https:\/\/www.mbp.chrzanow.pl\/akademiaslowa\/#organization"},"articleSection":["Relacje"],"inLanguage":"pl-PL","potentialAction":[{"@type":"CommentAction","name":"Comment","target":["https:\/\/www.mbp.chrzanow.pl\/akademiaslowa\/index.php\/2018\/03\/21\/wieczor-poetycki-konrada-obroka\/#respond"]}]},{"@type":"WebPage","@id":"https:\/\/www.mbp.chrzanow.pl\/akademiaslowa\/index.php\/2018\/03\/21\/wieczor-poetycki-konrada-obroka\/","url":"https:\/\/www.mbp.chrzanow.pl\/akademiaslowa\/index.php\/2018\/03\/21\/wieczor-poetycki-konrada-obroka\/","name":"Wiecz\u00f3r poetycki Konrada Obroka w ramach \u201eAkademii S\u0142owa\u201d odby\u0142 si\u0119 w \u201eKlubie Literackim Pod Muzami\u201d pod patronatem Biblioteki Chrzanowskiej. - Akademia S\u0142owa - Chrzan\u00f3w","isPartOf":{"@id":"https:\/\/www.mbp.chrzanow.pl\/akademiaslowa\/#website"},"datePublished":"2018-03-21T09:51:34+00:00","dateModified":"2018-04-04T16:25:08+00:00","breadcrumb":{"@id":"https:\/\/www.mbp.chrzanow.pl\/akademiaslowa\/index.php\/2018\/03\/21\/wieczor-poetycki-konrada-obroka\/#breadcrumb"},"inLanguage":"pl-PL","potentialAction":[{"@type":"ReadAction","target":["https:\/\/www.mbp.chrzanow.pl\/akademiaslowa\/index.php\/2018\/03\/21\/wieczor-poetycki-konrada-obroka\/"]}]},{"@type":"BreadcrumbList","@id":"https:\/\/www.mbp.chrzanow.pl\/akademiaslowa\/index.php\/2018\/03\/21\/wieczor-poetycki-konrada-obroka\/#breadcrumb","itemListElement":[{"@type":"ListItem","position":1,"name":"Strona g\u0142\u00f3wna","item":"https:\/\/www.mbp.chrzanow.pl\/akademiaslowa\/"},{"@type":"ListItem","position":2,"name":"Wiecz\u00f3r poetycki Konrada Obroka w ramach \u201eAkademii S\u0142owa\u201d odby\u0142 si\u0119 w \u201eKlubie Literackim Pod Muzami\u201d pod patronatem Biblioteki Chrzanowskiej."}]},{"@type":"WebSite","@id":"https:\/\/www.mbp.chrzanow.pl\/akademiaslowa\/#website","url":"https:\/\/www.mbp.chrzanow.pl\/akademiaslowa\/","name":"Akademia S\u0142owa - Chrzan\u00f3w","description":"Czym poezja...","publisher":{"@id":"https:\/\/www.mbp.chrzanow.pl\/akademiaslowa\/#organization"},"potentialAction":[{"@type":"SearchAction","target":{"@type":"EntryPoint","urlTemplate":"https:\/\/www.mbp.chrzanow.pl\/akademiaslowa\/?s={search_term_string}"},"query-input":{"@type":"PropertyValueSpecification","valueRequired":true,"valueName":"search_term_string"}}],"inLanguage":"pl-PL"},{"@type":"Organization","@id":"https:\/\/www.mbp.chrzanow.pl\/akademiaslowa\/#organization","name":"Akademia S\u0142owa Chrzan\u00f3w","url":"https:\/\/www.mbp.chrzanow.pl\/akademiaslowa\/","logo":{"@type":"ImageObject","inLanguage":"pl-PL","@id":"https:\/\/www.mbp.chrzanow.pl\/akademiaslowa\/#\/schema\/logo\/image\/","url":"https:\/\/www.mbp.chrzanow.pl\/akademiaslowa\/wp-content\/uploads\/2017\/12\/AkademiaSlowa_www.jpg","contentUrl":"https:\/\/www.mbp.chrzanow.pl\/akademiaslowa\/wp-content\/uploads\/2017\/12\/AkademiaSlowa_www.jpg","width":500,"height":79,"caption":"Akademia S\u0142owa Chrzan\u00f3w"},"image":{"@id":"https:\/\/www.mbp.chrzanow.pl\/akademiaslowa\/#\/schema\/logo\/image\/"}},{"@type":"Person","@id":"https:\/\/www.mbp.chrzanow.pl\/akademiaslowa\/#\/schema\/person\/f7f71edfa96be202a208ab75307856e9","name":"admAS","image":{"@type":"ImageObject","inLanguage":"pl-PL","@id":"https:\/\/secure.gravatar.com\/avatar\/5b078c44c109f2248109bb28ecb0c853517953dc1e06bb96fea8699e9f69bcac?s=96&d=mm&r=g","url":"https:\/\/secure.gravatar.com\/avatar\/5b078c44c109f2248109bb28ecb0c853517953dc1e06bb96fea8699e9f69bcac?s=96&d=mm&r=g","contentUrl":"https:\/\/secure.gravatar.com\/avatar\/5b078c44c109f2248109bb28ecb0c853517953dc1e06bb96fea8699e9f69bcac?s=96&d=mm&r=g","caption":"admAS"},"url":"https:\/\/www.mbp.chrzanow.pl\/akademiaslowa\/index.php\/author\/admas\/"}]}},"_links":{"self":[{"href":"https:\/\/www.mbp.chrzanow.pl\/akademiaslowa\/index.php\/wp-json\/wp\/v2\/posts\/371","targetHints":{"allow":["GET"]}}],"collection":[{"href":"https:\/\/www.mbp.chrzanow.pl\/akademiaslowa\/index.php\/wp-json\/wp\/v2\/posts"}],"about":[{"href":"https:\/\/www.mbp.chrzanow.pl\/akademiaslowa\/index.php\/wp-json\/wp\/v2\/types\/post"}],"author":[{"embeddable":true,"href":"https:\/\/www.mbp.chrzanow.pl\/akademiaslowa\/index.php\/wp-json\/wp\/v2\/users\/1"}],"replies":[{"embeddable":true,"href":"https:\/\/www.mbp.chrzanow.pl\/akademiaslowa\/index.php\/wp-json\/wp\/v2\/comments?post=371"}],"version-history":[{"count":3,"href":"https:\/\/www.mbp.chrzanow.pl\/akademiaslowa\/index.php\/wp-json\/wp\/v2\/posts\/371\/revisions"}],"predecessor-version":[{"id":390,"href":"https:\/\/www.mbp.chrzanow.pl\/akademiaslowa\/index.php\/wp-json\/wp\/v2\/posts\/371\/revisions\/390"}],"wp:attachment":[{"href":"https:\/\/www.mbp.chrzanow.pl\/akademiaslowa\/index.php\/wp-json\/wp\/v2\/media?parent=371"}],"wp:term":[{"taxonomy":"category","embeddable":true,"href":"https:\/\/www.mbp.chrzanow.pl\/akademiaslowa\/index.php\/wp-json\/wp\/v2\/categories?post=371"},{"taxonomy":"post_tag","embeddable":true,"href":"https:\/\/www.mbp.chrzanow.pl\/akademiaslowa\/index.php\/wp-json\/wp\/v2\/tags?post=371"}],"curies":[{"name":"wp","href":"https:\/\/api.w.org\/{rel}","templated":true}]}}