{"id":538,"date":"2019-04-18T11:10:09","date_gmt":"2019-04-18T09:10:09","guid":{"rendered":"http:\/\/www.mbp.chrzanow.pl\/akademiaslowa\/?p=538"},"modified":"2019-04-18T11:17:20","modified_gmt":"2019-04-18T09:17:20","slug":"kobiety-kwiaty-muzyka-i-poezja-w-starej-kotlowni-11-marca-2019-r","status":"publish","type":"post","link":"https:\/\/www.mbp.chrzanow.pl\/akademiaslowa\/index.php\/2019\/04\/18\/kobiety-kwiaty-muzyka-i-poezja-w-starej-kotlowni-11-marca-2019-r\/","title":{"rendered":"Kobiety, kwiaty, muzyka i poezja  w Starej Kot\u0142owni 11 marca 2019 r."},"content":{"rendered":"\t\t<div data-elementor-type=\"wp-post\" data-elementor-id=\"538\" class=\"elementor elementor-538 elementor-bc-flex-widget\">\n\t\t\t\t\t\t<section class=\"elementor-section elementor-top-section elementor-element elementor-element-b06e27b elementor-section-boxed elementor-section-height-default elementor-section-height-default\" data-id=\"b06e27b\" data-element_type=\"section\" data-e-type=\"section\">\n\t\t\t\t\t\t<div class=\"elementor-container elementor-column-gap-default\">\n\t\t\t\t\t<div class=\"elementor-column elementor-col-100 elementor-top-column elementor-element elementor-element-7a749073\" data-id=\"7a749073\" data-element_type=\"column\" data-e-type=\"column\">\n\t\t\t<div class=\"elementor-widget-wrap elementor-element-populated\">\n\t\t\t\t\t\t<div class=\"elementor-element elementor-element-142ea248 elementor-widget elementor-widget-text-editor\" data-id=\"142ea248\" data-element_type=\"widget\" data-e-type=\"widget\" data-widget_type=\"text-editor.default\">\n\t\t\t\t<div class=\"elementor-widget-container\">\n\t\t\t\t\t\t\t\t\t<p>Mi\u0142o\u015b\u0107 i kobiety, tak mo\u017cna po\u0142\u0105czy\u0107 dwa \u015bwi\u0119ta: walentynki i Dzie\u0144 Kobiet.<br \/> Wiele s\u0142\u00f3w na temat kobiet na przestrzeni wiek\u00f3w. Jak przebiega\u0142a ich droga do emancypacji? Jakie listy pisali wielcy pisarze i poeci do swoich wybranek? Jak w sztuce ukaza\u0107 pi\u0119kno kobiety?<br \/> Tak w skr\u00f3cie mo\u017cna powiedzie\u0107 o imprezie zorganizowanej przez UTW Chrzan\u00f3w. Grupa \u201eCzar Ty Gustawa\u201d.<br \/> Konferansjerk\u0119 prowadzili panowie: Adam Kasperkiewicz i Gustaw Czerwik, kt\u00f3rzy od pocz\u0105tku bawili widowni\u0119 b\u0142yskotliwymi dowcipami i anegdotami. Dla zr\u00f3wnowa\u017cenia nastroju pani Wies\u0142awa Molik \u2013 B\u0105k podzieli\u0142a si\u0119 swoj\u0105 wiedz\u0105 o roli polskich sufra\u017cystek. Nieco p\u00f3\u017aniej zebrani z zainteresowaniem wys\u0142uchali czytanych przez ni\u0105 list\u00f3w Henryka Sienkiewicza do narzeczonej, w kt\u00f3rych informowa\u0142 nie tylko o swych uczuciach do wybranki serca, ale tak\u017ce o przygotowywaniu ich wsp\u00f3lnego mieszkania.<br \/> Wiersze o mi\u0142o\u015bci i kobietach prezentowane by\u0142y przez panie: Mari\u0119 Hudzik i Teres\u0119 Bigaj oraz pan\u00f3w: Gustawa Czerwika, Adama Kasperkiewicza i Zbigniewa Tomskiego. Znalaz\u0142y si\u0119 tu utwory znanych poet\u00f3w oraz autorstwa organizator\u00f3w spotkania. Liryczny nastr\u00f3j miesza\u0142 si\u0119 z humorystycznymi fraszkami.<br \/> Ca\u0142o\u015b\u0107 przeplatana by\u0142a wyst\u0105pieniami muzycznymi pa\u0144stwa Urszuli i Tadeusza Siarczy\u0144skich oraz pani Maryli Kramarczyk. Tutaj tak\u017ce mo\u017cna by\u0142o wys\u0142ucha\u0107 autorskich opracowa\u0144 muzycznych jak i piosenek znanych tw\u00f3rc\u00f3w.<br \/> Nie brak\u0142o r\u00f3wnie\u017c wzrokowych wra\u017ce\u0144 estetycznych, gdy\u017c podczas ca\u0142ego spektaklu mo\u017cna by\u0142o ogl\u0105da\u0107 wy\u015bwietlane na du\u017cym ekranie obrazy i fotografie artystyczne, w kt\u00f3rych motywem przewodnim by\u0142y kobiety i kwiaty.<br \/> Spotkanie zako\u0144czy\u0142o si\u0119 mi\u0142ym akcentem: prowadz\u0105cy obdarowywali go\u015bci w\u0142asnymi wierszami, kwiatami i s\u0142odyczami.<\/p><p>\u00a0<\/p><p>Autor: Wanda Potoczek<\/p>\t\t\t\t\t\t\t\t<\/div>\n\t\t\t\t<\/div>\n\t\t\t\t\t<\/div>\n\t\t<\/div>\n\t\t\t\t\t<\/div>\n\t\t<\/section>\n\t\t\t\t<\/div>\n\t\t","protected":false},"excerpt":{"rendered":"<p> [&hellip;]<\/p>\n","protected":false},"author":2,"featured_media":0,"comment_status":"open","ping_status":"open","sticky":false,"template":"","format":"standard","meta":{"footnotes":""},"categories":[3],"tags":[],"class_list":["post-538","post","type-post","status-publish","format-standard","hentry","category-relacje"],"yoast_head":"<!-- This site is optimized with the Yoast SEO plugin v27.5 - https:\/\/yoast.com\/product\/yoast-seo-wordpress\/ -->\n<title>Kobiety, kwiaty, muzyka i poezja w Starej Kot\u0142owni 11 marca 2019 r. - Akademia S\u0142owa - Chrzan\u00f3w<\/title>\n<meta name=\"robots\" content=\"index, follow, max-snippet:-1, max-image-preview:large, max-video-preview:-1\" \/>\n<link rel=\"canonical\" href=\"https:\/\/www.mbp.chrzanow.pl\/akademiaslowa\/index.php\/2019\/04\/18\/kobiety-kwiaty-muzyka-i-poezja-w-starej-kotlowni-11-marca-2019-r\/\" \/>\n<meta property=\"og:locale\" content=\"pl_PL\" \/>\n<meta property=\"og:type\" content=\"article\" \/>\n<meta property=\"og:title\" content=\"Kobiety, kwiaty, muzyka i poezja w Starej Kot\u0142owni 11 marca 2019 r. - Akademia S\u0142owa - Chrzan\u00f3w\" \/>\n<meta property=\"og:description\" content=\"[&hellip;]\" \/>\n<meta property=\"og:url\" content=\"https:\/\/www.mbp.chrzanow.pl\/akademiaslowa\/index.php\/2019\/04\/18\/kobiety-kwiaty-muzyka-i-poezja-w-starej-kotlowni-11-marca-2019-r\/\" \/>\n<meta property=\"og:site_name\" content=\"Akademia S\u0142owa - Chrzan\u00f3w\" \/>\n<meta property=\"article:published_time\" content=\"2019-04-18T09:10:09+00:00\" \/>\n<meta property=\"article:modified_time\" content=\"2019-04-18T09:17:20+00:00\" \/>\n<meta name=\"author\" content=\"Gustaw Czerwik\" \/>\n<meta name=\"twitter:card\" content=\"summary_large_image\" \/>\n<meta name=\"twitter:label1\" content=\"Napisane przez\" \/>\n\t<meta name=\"twitter:data1\" content=\"Gustaw Czerwik\" \/>\n\t<meta name=\"twitter:label2\" content=\"Szacowany czas czytania\" \/>\n\t<meta name=\"twitter:data2\" content=\"1 minuta\" \/>\n<script type=\"application\/ld+json\" class=\"yoast-schema-graph\">{\"@context\":\"https:\\\/\\\/schema.org\",\"@graph\":[{\"@type\":\"Article\",\"@id\":\"https:\\\/\\\/www.mbp.chrzanow.pl\\\/akademiaslowa\\\/index.php\\\/2019\\\/04\\\/18\\\/kobiety-kwiaty-muzyka-i-poezja-w-starej-kotlowni-11-marca-2019-r\\\/#article\",\"isPartOf\":{\"@id\":\"https:\\\/\\\/www.mbp.chrzanow.pl\\\/akademiaslowa\\\/index.php\\\/2019\\\/04\\\/18\\\/kobiety-kwiaty-muzyka-i-poezja-w-starej-kotlowni-11-marca-2019-r\\\/\"},\"author\":{\"name\":\"Gustaw Czerwik\",\"@id\":\"https:\\\/\\\/www.mbp.chrzanow.pl\\\/akademiaslowa\\\/#\\\/schema\\\/person\\\/acf66f280507e7bf5a5d4fb0d26a8d98\"},\"headline\":\"Kobiety, kwiaty, muzyka i poezja w Starej Kot\u0142owni 11 marca 2019 r.\",\"datePublished\":\"2019-04-18T09:10:09+00:00\",\"dateModified\":\"2019-04-18T09:17:20+00:00\",\"mainEntityOfPage\":{\"@id\":\"https:\\\/\\\/www.mbp.chrzanow.pl\\\/akademiaslowa\\\/index.php\\\/2019\\\/04\\\/18\\\/kobiety-kwiaty-muzyka-i-poezja-w-starej-kotlowni-11-marca-2019-r\\\/\"},\"wordCount\":307,\"commentCount\":0,\"publisher\":{\"@id\":\"https:\\\/\\\/www.mbp.chrzanow.pl\\\/akademiaslowa\\\/#organization\"},\"articleSection\":[\"Relacje\"],\"inLanguage\":\"pl-PL\",\"potentialAction\":[{\"@type\":\"CommentAction\",\"name\":\"Comment\",\"target\":[\"https:\\\/\\\/www.mbp.chrzanow.pl\\\/akademiaslowa\\\/index.php\\\/2019\\\/04\\\/18\\\/kobiety-kwiaty-muzyka-i-poezja-w-starej-kotlowni-11-marca-2019-r\\\/#respond\"]}]},{\"@type\":\"WebPage\",\"@id\":\"https:\\\/\\\/www.mbp.chrzanow.pl\\\/akademiaslowa\\\/index.php\\\/2019\\\/04\\\/18\\\/kobiety-kwiaty-muzyka-i-poezja-w-starej-kotlowni-11-marca-2019-r\\\/\",\"url\":\"https:\\\/\\\/www.mbp.chrzanow.pl\\\/akademiaslowa\\\/index.php\\\/2019\\\/04\\\/18\\\/kobiety-kwiaty-muzyka-i-poezja-w-starej-kotlowni-11-marca-2019-r\\\/\",\"name\":\"Kobiety, kwiaty, muzyka i poezja w Starej Kot\u0142owni 11 marca 2019 r. - Akademia S\u0142owa - Chrzan\u00f3w\",\"isPartOf\":{\"@id\":\"https:\\\/\\\/www.mbp.chrzanow.pl\\\/akademiaslowa\\\/#website\"},\"datePublished\":\"2019-04-18T09:10:09+00:00\",\"dateModified\":\"2019-04-18T09:17:20+00:00\",\"breadcrumb\":{\"@id\":\"https:\\\/\\\/www.mbp.chrzanow.pl\\\/akademiaslowa\\\/index.php\\\/2019\\\/04\\\/18\\\/kobiety-kwiaty-muzyka-i-poezja-w-starej-kotlowni-11-marca-2019-r\\\/#breadcrumb\"},\"inLanguage\":\"pl-PL\",\"potentialAction\":[{\"@type\":\"ReadAction\",\"target\":[\"https:\\\/\\\/www.mbp.chrzanow.pl\\\/akademiaslowa\\\/index.php\\\/2019\\\/04\\\/18\\\/kobiety-kwiaty-muzyka-i-poezja-w-starej-kotlowni-11-marca-2019-r\\\/\"]}]},{\"@type\":\"BreadcrumbList\",\"@id\":\"https:\\\/\\\/www.mbp.chrzanow.pl\\\/akademiaslowa\\\/index.php\\\/2019\\\/04\\\/18\\\/kobiety-kwiaty-muzyka-i-poezja-w-starej-kotlowni-11-marca-2019-r\\\/#breadcrumb\",\"itemListElement\":[{\"@type\":\"ListItem\",\"position\":1,\"name\":\"Strona g\u0142\u00f3wna\",\"item\":\"https:\\\/\\\/www.mbp.chrzanow.pl\\\/akademiaslowa\\\/\"},{\"@type\":\"ListItem\",\"position\":2,\"name\":\"Kobiety, kwiaty, muzyka i poezja w Starej Kot\u0142owni 11 marca 2019 r.\"}]},{\"@type\":\"WebSite\",\"@id\":\"https:\\\/\\\/www.mbp.chrzanow.pl\\\/akademiaslowa\\\/#website\",\"url\":\"https:\\\/\\\/www.mbp.chrzanow.pl\\\/akademiaslowa\\\/\",\"name\":\"Akademia S\u0142owa - Chrzan\u00f3w\",\"description\":\"Czym poezja...\",\"publisher\":{\"@id\":\"https:\\\/\\\/www.mbp.chrzanow.pl\\\/akademiaslowa\\\/#organization\"},\"potentialAction\":[{\"@type\":\"SearchAction\",\"target\":{\"@type\":\"EntryPoint\",\"urlTemplate\":\"https:\\\/\\\/www.mbp.chrzanow.pl\\\/akademiaslowa\\\/?s={search_term_string}\"},\"query-input\":{\"@type\":\"PropertyValueSpecification\",\"valueRequired\":true,\"valueName\":\"search_term_string\"}}],\"inLanguage\":\"pl-PL\"},{\"@type\":\"Organization\",\"@id\":\"https:\\\/\\\/www.mbp.chrzanow.pl\\\/akademiaslowa\\\/#organization\",\"name\":\"Akademia S\u0142owa Chrzan\u00f3w\",\"url\":\"https:\\\/\\\/www.mbp.chrzanow.pl\\\/akademiaslowa\\\/\",\"logo\":{\"@type\":\"ImageObject\",\"inLanguage\":\"pl-PL\",\"@id\":\"https:\\\/\\\/www.mbp.chrzanow.pl\\\/akademiaslowa\\\/#\\\/schema\\\/logo\\\/image\\\/\",\"url\":\"https:\\\/\\\/www.mbp.chrzanow.pl\\\/akademiaslowa\\\/wp-content\\\/uploads\\\/2017\\\/12\\\/AkademiaSlowa_www.jpg\",\"contentUrl\":\"https:\\\/\\\/www.mbp.chrzanow.pl\\\/akademiaslowa\\\/wp-content\\\/uploads\\\/2017\\\/12\\\/AkademiaSlowa_www.jpg\",\"width\":500,\"height\":79,\"caption\":\"Akademia S\u0142owa Chrzan\u00f3w\"},\"image\":{\"@id\":\"https:\\\/\\\/www.mbp.chrzanow.pl\\\/akademiaslowa\\\/#\\\/schema\\\/logo\\\/image\\\/\"}},{\"@type\":\"Person\",\"@id\":\"https:\\\/\\\/www.mbp.chrzanow.pl\\\/akademiaslowa\\\/#\\\/schema\\\/person\\\/acf66f280507e7bf5a5d4fb0d26a8d98\",\"name\":\"Gustaw Czerwik\",\"image\":{\"@type\":\"ImageObject\",\"inLanguage\":\"pl-PL\",\"@id\":\"https:\\\/\\\/secure.gravatar.com\\\/avatar\\\/a5a4525b23a06d0d5b3ea71d3b955c676ab33657b7d205496e749e63a4d8e092?s=96&d=mm&r=g\",\"url\":\"https:\\\/\\\/secure.gravatar.com\\\/avatar\\\/a5a4525b23a06d0d5b3ea71d3b955c676ab33657b7d205496e749e63a4d8e092?s=96&d=mm&r=g\",\"contentUrl\":\"https:\\\/\\\/secure.gravatar.com\\\/avatar\\\/a5a4525b23a06d0d5b3ea71d3b955c676ab33657b7d205496e749e63a4d8e092?s=96&d=mm&r=g\",\"caption\":\"Gustaw Czerwik\"},\"url\":\"https:\\\/\\\/www.mbp.chrzanow.pl\\\/akademiaslowa\\\/index.php\\\/author\\\/gustaw\\\/\"}]}<\/script>\n<!-- \/ Yoast SEO plugin. -->","yoast_head_json":{"title":"Kobiety, kwiaty, muzyka i poezja w Starej Kot\u0142owni 11 marca 2019 r. - Akademia S\u0142owa - Chrzan\u00f3w","robots":{"index":"index","follow":"follow","max-snippet":"max-snippet:-1","max-image-preview":"max-image-preview:large","max-video-preview":"max-video-preview:-1"},"canonical":"https:\/\/www.mbp.chrzanow.pl\/akademiaslowa\/index.php\/2019\/04\/18\/kobiety-kwiaty-muzyka-i-poezja-w-starej-kotlowni-11-marca-2019-r\/","og_locale":"pl_PL","og_type":"article","og_title":"Kobiety, kwiaty, muzyka i poezja w Starej Kot\u0142owni 11 marca 2019 r. - Akademia S\u0142owa - Chrzan\u00f3w","og_description":"[&hellip;]","og_url":"https:\/\/www.mbp.chrzanow.pl\/akademiaslowa\/index.php\/2019\/04\/18\/kobiety-kwiaty-muzyka-i-poezja-w-starej-kotlowni-11-marca-2019-r\/","og_site_name":"Akademia S\u0142owa - Chrzan\u00f3w","article_published_time":"2019-04-18T09:10:09+00:00","article_modified_time":"2019-04-18T09:17:20+00:00","author":"Gustaw Czerwik","twitter_card":"summary_large_image","twitter_misc":{"Napisane przez":"Gustaw Czerwik","Szacowany czas czytania":"1 minuta"},"schema":{"@context":"https:\/\/schema.org","@graph":[{"@type":"Article","@id":"https:\/\/www.mbp.chrzanow.pl\/akademiaslowa\/index.php\/2019\/04\/18\/kobiety-kwiaty-muzyka-i-poezja-w-starej-kotlowni-11-marca-2019-r\/#article","isPartOf":{"@id":"https:\/\/www.mbp.chrzanow.pl\/akademiaslowa\/index.php\/2019\/04\/18\/kobiety-kwiaty-muzyka-i-poezja-w-starej-kotlowni-11-marca-2019-r\/"},"author":{"name":"Gustaw Czerwik","@id":"https:\/\/www.mbp.chrzanow.pl\/akademiaslowa\/#\/schema\/person\/acf66f280507e7bf5a5d4fb0d26a8d98"},"headline":"Kobiety, kwiaty, muzyka i poezja w Starej Kot\u0142owni 11 marca 2019 r.","datePublished":"2019-04-18T09:10:09+00:00","dateModified":"2019-04-18T09:17:20+00:00","mainEntityOfPage":{"@id":"https:\/\/www.mbp.chrzanow.pl\/akademiaslowa\/index.php\/2019\/04\/18\/kobiety-kwiaty-muzyka-i-poezja-w-starej-kotlowni-11-marca-2019-r\/"},"wordCount":307,"commentCount":0,"publisher":{"@id":"https:\/\/www.mbp.chrzanow.pl\/akademiaslowa\/#organization"},"articleSection":["Relacje"],"inLanguage":"pl-PL","potentialAction":[{"@type":"CommentAction","name":"Comment","target":["https:\/\/www.mbp.chrzanow.pl\/akademiaslowa\/index.php\/2019\/04\/18\/kobiety-kwiaty-muzyka-i-poezja-w-starej-kotlowni-11-marca-2019-r\/#respond"]}]},{"@type":"WebPage","@id":"https:\/\/www.mbp.chrzanow.pl\/akademiaslowa\/index.php\/2019\/04\/18\/kobiety-kwiaty-muzyka-i-poezja-w-starej-kotlowni-11-marca-2019-r\/","url":"https:\/\/www.mbp.chrzanow.pl\/akademiaslowa\/index.php\/2019\/04\/18\/kobiety-kwiaty-muzyka-i-poezja-w-starej-kotlowni-11-marca-2019-r\/","name":"Kobiety, kwiaty, muzyka i poezja w Starej Kot\u0142owni 11 marca 2019 r. - Akademia S\u0142owa - Chrzan\u00f3w","isPartOf":{"@id":"https:\/\/www.mbp.chrzanow.pl\/akademiaslowa\/#website"},"datePublished":"2019-04-18T09:10:09+00:00","dateModified":"2019-04-18T09:17:20+00:00","breadcrumb":{"@id":"https:\/\/www.mbp.chrzanow.pl\/akademiaslowa\/index.php\/2019\/04\/18\/kobiety-kwiaty-muzyka-i-poezja-w-starej-kotlowni-11-marca-2019-r\/#breadcrumb"},"inLanguage":"pl-PL","potentialAction":[{"@type":"ReadAction","target":["https:\/\/www.mbp.chrzanow.pl\/akademiaslowa\/index.php\/2019\/04\/18\/kobiety-kwiaty-muzyka-i-poezja-w-starej-kotlowni-11-marca-2019-r\/"]}]},{"@type":"BreadcrumbList","@id":"https:\/\/www.mbp.chrzanow.pl\/akademiaslowa\/index.php\/2019\/04\/18\/kobiety-kwiaty-muzyka-i-poezja-w-starej-kotlowni-11-marca-2019-r\/#breadcrumb","itemListElement":[{"@type":"ListItem","position":1,"name":"Strona g\u0142\u00f3wna","item":"https:\/\/www.mbp.chrzanow.pl\/akademiaslowa\/"},{"@type":"ListItem","position":2,"name":"Kobiety, kwiaty, muzyka i poezja w Starej Kot\u0142owni 11 marca 2019 r."}]},{"@type":"WebSite","@id":"https:\/\/www.mbp.chrzanow.pl\/akademiaslowa\/#website","url":"https:\/\/www.mbp.chrzanow.pl\/akademiaslowa\/","name":"Akademia S\u0142owa - Chrzan\u00f3w","description":"Czym poezja...","publisher":{"@id":"https:\/\/www.mbp.chrzanow.pl\/akademiaslowa\/#organization"},"potentialAction":[{"@type":"SearchAction","target":{"@type":"EntryPoint","urlTemplate":"https:\/\/www.mbp.chrzanow.pl\/akademiaslowa\/?s={search_term_string}"},"query-input":{"@type":"PropertyValueSpecification","valueRequired":true,"valueName":"search_term_string"}}],"inLanguage":"pl-PL"},{"@type":"Organization","@id":"https:\/\/www.mbp.chrzanow.pl\/akademiaslowa\/#organization","name":"Akademia S\u0142owa Chrzan\u00f3w","url":"https:\/\/www.mbp.chrzanow.pl\/akademiaslowa\/","logo":{"@type":"ImageObject","inLanguage":"pl-PL","@id":"https:\/\/www.mbp.chrzanow.pl\/akademiaslowa\/#\/schema\/logo\/image\/","url":"https:\/\/www.mbp.chrzanow.pl\/akademiaslowa\/wp-content\/uploads\/2017\/12\/AkademiaSlowa_www.jpg","contentUrl":"https:\/\/www.mbp.chrzanow.pl\/akademiaslowa\/wp-content\/uploads\/2017\/12\/AkademiaSlowa_www.jpg","width":500,"height":79,"caption":"Akademia S\u0142owa Chrzan\u00f3w"},"image":{"@id":"https:\/\/www.mbp.chrzanow.pl\/akademiaslowa\/#\/schema\/logo\/image\/"}},{"@type":"Person","@id":"https:\/\/www.mbp.chrzanow.pl\/akademiaslowa\/#\/schema\/person\/acf66f280507e7bf5a5d4fb0d26a8d98","name":"Gustaw Czerwik","image":{"@type":"ImageObject","inLanguage":"pl-PL","@id":"https:\/\/secure.gravatar.com\/avatar\/a5a4525b23a06d0d5b3ea71d3b955c676ab33657b7d205496e749e63a4d8e092?s=96&d=mm&r=g","url":"https:\/\/secure.gravatar.com\/avatar\/a5a4525b23a06d0d5b3ea71d3b955c676ab33657b7d205496e749e63a4d8e092?s=96&d=mm&r=g","contentUrl":"https:\/\/secure.gravatar.com\/avatar\/a5a4525b23a06d0d5b3ea71d3b955c676ab33657b7d205496e749e63a4d8e092?s=96&d=mm&r=g","caption":"Gustaw Czerwik"},"url":"https:\/\/www.mbp.chrzanow.pl\/akademiaslowa\/index.php\/author\/gustaw\/"}]}},"_links":{"self":[{"href":"https:\/\/www.mbp.chrzanow.pl\/akademiaslowa\/index.php\/wp-json\/wp\/v2\/posts\/538","targetHints":{"allow":["GET"]}}],"collection":[{"href":"https:\/\/www.mbp.chrzanow.pl\/akademiaslowa\/index.php\/wp-json\/wp\/v2\/posts"}],"about":[{"href":"https:\/\/www.mbp.chrzanow.pl\/akademiaslowa\/index.php\/wp-json\/wp\/v2\/types\/post"}],"author":[{"embeddable":true,"href":"https:\/\/www.mbp.chrzanow.pl\/akademiaslowa\/index.php\/wp-json\/wp\/v2\/users\/2"}],"replies":[{"embeddable":true,"href":"https:\/\/www.mbp.chrzanow.pl\/akademiaslowa\/index.php\/wp-json\/wp\/v2\/comments?post=538"}],"version-history":[{"count":3,"href":"https:\/\/www.mbp.chrzanow.pl\/akademiaslowa\/index.php\/wp-json\/wp\/v2\/posts\/538\/revisions"}],"predecessor-version":[{"id":541,"href":"https:\/\/www.mbp.chrzanow.pl\/akademiaslowa\/index.php\/wp-json\/wp\/v2\/posts\/538\/revisions\/541"}],"wp:attachment":[{"href":"https:\/\/www.mbp.chrzanow.pl\/akademiaslowa\/index.php\/wp-json\/wp\/v2\/media?parent=538"}],"wp:term":[{"taxonomy":"category","embeddable":true,"href":"https:\/\/www.mbp.chrzanow.pl\/akademiaslowa\/index.php\/wp-json\/wp\/v2\/categories?post=538"},{"taxonomy":"post_tag","embeddable":true,"href":"https:\/\/www.mbp.chrzanow.pl\/akademiaslowa\/index.php\/wp-json\/wp\/v2\/tags?post=538"}],"curies":[{"name":"wp","href":"https:\/\/api.w.org\/{rel}","templated":true}]}}