{"id":666,"date":"2019-10-21T17:08:48","date_gmt":"2019-10-21T15:08:48","guid":{"rendered":"http:\/\/www.mbp.chrzanow.pl\/akademiaslowa\/?p=666"},"modified":"2019-10-21T17:11:48","modified_gmt":"2019-10-21T15:11:48","slug":"akademia-slowa-w-niecodziennej-oprawie","status":"publish","type":"post","link":"https:\/\/www.mbp.chrzanow.pl\/akademiaslowa\/index.php\/2019\/10\/21\/akademia-slowa-w-niecodziennej-oprawie\/","title":{"rendered":"Akademia S\u0142owa w niecodziennej oprawie"},"content":{"rendered":"<p>Wieczorem 7 pa\u017adziernika 2019 r. w murach MBP w Chrzanowie mia\u0142o miejsce niezwyk\u0142e spotkanie mi\u0142o\u015bnik\u00f3w poezji. Tym razem promowane by\u0142y: pi\u0119knie wydana ksi\u0105\u017cka \u201e\u015awiat\u0142em i s\u0142owem\u201d oraz\u00a0 p\u0142yta\u00a0 zespo\u0142u Senior Singers \u201eTyle rado\u015bci\u201d. \u00a0Spotkanie prowadzi\u0142 pan Gustaw Czerwik. Prezentowanym wierszom i\u00a0 piosenkom towarzyszy\u0142a niecodzienna oprawa. Zebrani mogli przez ca\u0142y czas podziwia\u0107 wy\u015bwietlane na ekranie niezwykle klimatyczne obrazy wybitnego polskiego artysty fotografika\u00a0 Mieczys\u0142awa Wielomskiego.<\/p>\n<p>Promowany na\u00a0 spotkaniu tomik \u201e\u015awiat\u0142em i s\u0142owem\u201d \u00a0zawiera\u0142 wiersze inspirowane tymi w\u0142a\u015bnie fotografiami. Autorami tekst\u00f3w s\u0105: Bernadeta Krawiec, Gustaw Czerwik, Izabela Zubko i Jan Paliczka. Wiersze czytali: pani Maria Hudzik, pani Wies\u0142awa Wojnar oraz pan Gustaw Czerwik. W ich interpretacji utwory nabiera\u0142y nowej barwy i wzrusza\u0142y s\u0142uchaczy. Recital piosenek zespo\u0142u Senior Singers tworzy\u0142 ciekawe t\u0142o do odbioru poezji i obraz\u00f3w.<\/p>\n<p>Po zako\u0144czonym programie mo\u017cna by\u0142o naby\u0107 p\u0142yty oraz tomiki \u00a0z wierszami i\u00a0 ilustracjami, a niekt\u00f3rzy nawet zdo\u0142ali zdoby\u0107 autografy i dedykacje tw\u00f3rc\u00f3w.<\/p>\n<div class=\"wk-gallery wk-gallery-wall clearfix margin \">\n<div class=\"wk-gallery wk-gallery-wall clearfix margin \"><a class=\"\" href=\"https:\/\/www.mbp.chrzanow.pl\/images\/ASczerwik\/DSC_0004.JPG\" data-lightbox=\"group:984-5dadca2d8da46\"><img decoding=\"async\" src=\"https:\/\/www.mbp.chrzanow.pl\/cache\/widgetkit\/gallery\/984\/DSC_0004-442234b8fe.JPG\" alt=\"DSC_0004\" width=\"155\" height=\"155\" \/><\/a> <a class=\"\" href=\"https:\/\/www.mbp.chrzanow.pl\/images\/ASczerwik\/DSC_0013.JPG\" data-lightbox=\"group:984-5dadca2d8da46\"><img decoding=\"async\" src=\"https:\/\/www.mbp.chrzanow.pl\/cache\/widgetkit\/gallery\/984\/DSC_0013-717b29b807.JPG\" alt=\"DSC_0013\" width=\"155\" height=\"155\" \/><\/a> <a class=\"\" href=\"https:\/\/www.mbp.chrzanow.pl\/images\/ASczerwik\/DSC_0030.JPG\" data-lightbox=\"group:984-5dadca2d8da46\"><img decoding=\"async\" src=\"https:\/\/www.mbp.chrzanow.pl\/cache\/widgetkit\/gallery\/984\/DSC_0030-e8ec42a676.JPG\" alt=\"DSC_0030\" width=\"155\" height=\"155\" \/><\/a> <a class=\"\" href=\"https:\/\/www.mbp.chrzanow.pl\/images\/ASczerwik\/DSC_0031.JPG\" data-lightbox=\"group:984-5dadca2d8da46\"><img loading=\"lazy\" decoding=\"async\" src=\"https:\/\/www.mbp.chrzanow.pl\/cache\/widgetkit\/gallery\/984\/DSC_0031-06aaf194b6.JPG\" alt=\"DSC_0031\" width=\"155\" height=\"155\" \/><\/a> <a class=\"\" href=\"https:\/\/www.mbp.chrzanow.pl\/images\/ASczerwik\/DSC_0032.JPG\" data-lightbox=\"group:984-5dadca2d8da46\"><img loading=\"lazy\" decoding=\"async\" src=\"https:\/\/www.mbp.chrzanow.pl\/cache\/widgetkit\/gallery\/984\/DSC_0032-c2185acd4f.JPG\" alt=\"DSC_0032\" width=\"155\" height=\"155\" \/><\/a> <a class=\"\" href=\"https:\/\/www.mbp.chrzanow.pl\/images\/ASczerwik\/DSC_0040.JPG\" data-lightbox=\"group:984-5dadca2d8da46\"><img loading=\"lazy\" decoding=\"async\" src=\"https:\/\/www.mbp.chrzanow.pl\/cache\/widgetkit\/gallery\/984\/DSC_0040-82d4e25d62.JPG\" alt=\"DSC_0040\" width=\"155\" height=\"155\" \/><\/a> <a class=\"\" href=\"https:\/\/www.mbp.chrzanow.pl\/images\/ASczerwik\/DSC_0128.JPG\" data-lightbox=\"group:984-5dadca2d8da46\"><img loading=\"lazy\" decoding=\"async\" src=\"https:\/\/www.mbp.chrzanow.pl\/cache\/widgetkit\/gallery\/984\/DSC_0128-2efa747860.JPG\" alt=\"DSC_0128\" width=\"155\" height=\"155\" \/><\/a> <a class=\"\" href=\"https:\/\/www.mbp.chrzanow.pl\/images\/ASczerwik\/DSC_0145.JPG\" data-lightbox=\"group:984-5dadca2d8da46\"><img loading=\"lazy\" decoding=\"async\" src=\"https:\/\/www.mbp.chrzanow.pl\/cache\/widgetkit\/gallery\/984\/DSC_0145-1f2252c7d0.JPG\" alt=\"DSC_0145\" width=\"155\" height=\"155\" \/><\/a> <a class=\"\" href=\"https:\/\/www.mbp.chrzanow.pl\/images\/ASczerwik\/DSC_0148.JPG\" data-lightbox=\"group:984-5dadca2d8da46\"><img loading=\"lazy\" decoding=\"async\" src=\"https:\/\/www.mbp.chrzanow.pl\/cache\/widgetkit\/gallery\/984\/DSC_0148-14c3a27894.JPG\" alt=\"DSC_0148\" width=\"155\" height=\"155\" \/><\/a> <a class=\"\" href=\"https:\/\/www.mbp.chrzanow.pl\/images\/ASczerwik\/DSC_0151.JPG\" data-lightbox=\"group:984-5dadca2d8da46\"><img loading=\"lazy\" decoding=\"async\" src=\"https:\/\/www.mbp.chrzanow.pl\/cache\/widgetkit\/gallery\/984\/DSC_0151-9ff7075c97.JPG\" alt=\"DSC_0151\" width=\"155\" height=\"155\" \/><\/a> <a class=\"\" href=\"https:\/\/www.mbp.chrzanow.pl\/images\/ASczerwik\/DSC_0159.JPG\" data-lightbox=\"group:984-5dadca2d8da46\"><img loading=\"lazy\" decoding=\"async\" src=\"https:\/\/www.mbp.chrzanow.pl\/cache\/widgetkit\/gallery\/984\/DSC_0159-decfe6719f.JPG\" alt=\"DSC_0159\" width=\"155\" height=\"155\" \/><\/a> <a class=\"\" href=\"https:\/\/www.mbp.chrzanow.pl\/images\/ASczerwik\/DSC_0161.JPG\" data-lightbox=\"group:984-5dadca2d8da46\"><img loading=\"lazy\" decoding=\"async\" src=\"https:\/\/www.mbp.chrzanow.pl\/cache\/widgetkit\/gallery\/984\/DSC_0161-7f196d3c58.JPG\" alt=\"DSC_0161\" width=\"155\" height=\"155\" \/><\/a> <a class=\"\" href=\"https:\/\/www.mbp.chrzanow.pl\/images\/ASczerwik\/DSC_0162.JPG\" data-lightbox=\"group:984-5dadca2d8da46\"><img loading=\"lazy\" decoding=\"async\" src=\"https:\/\/www.mbp.chrzanow.pl\/cache\/widgetkit\/gallery\/984\/DSC_0162-1b89e00ea9.JPG\" alt=\"DSC_0162\" width=\"155\" height=\"155\" \/><\/a> <a class=\"\" href=\"https:\/\/www.mbp.chrzanow.pl\/images\/ASczerwik\/DSC_0168.JPG\" data-lightbox=\"group:984-5dadca2d8da46\"><img loading=\"lazy\" decoding=\"async\" src=\"https:\/\/www.mbp.chrzanow.pl\/cache\/widgetkit\/gallery\/984\/DSC_0168-da7232216e.JPG\" alt=\"DSC_0168\" width=\"155\" height=\"155\" \/><\/a> <a class=\"\" href=\"https:\/\/www.mbp.chrzanow.pl\/images\/ASczerwik\/DSC_0176.JPG\" data-lightbox=\"group:984-5dadca2d8da46\"><img loading=\"lazy\" decoding=\"async\" src=\"https:\/\/www.mbp.chrzanow.pl\/cache\/widgetkit\/gallery\/984\/DSC_0176-ef8a0d9dbf.JPG\" alt=\"DSC_0176\" width=\"155\" height=\"155\" \/><\/a> <a class=\"\" href=\"https:\/\/www.mbp.chrzanow.pl\/images\/ASczerwik\/DSC_0177.JPG\" data-lightbox=\"group:984-5dadca2d8da46\"><img loading=\"lazy\" decoding=\"async\" src=\"https:\/\/www.mbp.chrzanow.pl\/cache\/widgetkit\/gallery\/984\/DSC_0177-c51ef723b3.JPG\" alt=\"DSC_0177\" width=\"155\" height=\"155\" \/><\/a> <a class=\"\" href=\"https:\/\/www.mbp.chrzanow.pl\/images\/ASczerwik\/DSC_0180.JPG\" data-lightbox=\"group:984-5dadca2d8da46\"><img loading=\"lazy\" decoding=\"async\" src=\"https:\/\/www.mbp.chrzanow.pl\/cache\/widgetkit\/gallery\/984\/DSC_0180-9c407a7cc5.JPG\" alt=\"DSC_0180\" width=\"155\" height=\"155\" \/><\/a> <a class=\"\" href=\"https:\/\/www.mbp.chrzanow.pl\/images\/ASczerwik\/DSC_0182.JPG\" data-lightbox=\"group:984-5dadca2d8da46\"><img loading=\"lazy\" decoding=\"async\" src=\"https:\/\/www.mbp.chrzanow.pl\/cache\/widgetkit\/gallery\/984\/DSC_0182-2165f01527.JPG\" alt=\"DSC_0182\" width=\"155\" height=\"155\" \/><\/a> <a class=\"\" href=\"https:\/\/www.mbp.chrzanow.pl\/images\/ASczerwik\/DSC_0183.JPG\" data-lightbox=\"group:984-5dadca2d8da46\"><img loading=\"lazy\" decoding=\"async\" src=\"https:\/\/www.mbp.chrzanow.pl\/cache\/widgetkit\/gallery\/984\/DSC_0183-09589acc60.JPG\" alt=\"DSC_0183\" width=\"155\" height=\"155\" \/><\/a> <a class=\"\" href=\"https:\/\/www.mbp.chrzanow.pl\/images\/ASczerwik\/DSC_0191.JPG\" data-lightbox=\"group:984-5dadca2d8da46\"><img loading=\"lazy\" decoding=\"async\" src=\"https:\/\/www.mbp.chrzanow.pl\/cache\/widgetkit\/gallery\/984\/DSC_0191-501a3c41d9.JPG\" alt=\"DSC_0191\" width=\"155\" height=\"155\" \/><\/a> <a class=\"\" href=\"https:\/\/www.mbp.chrzanow.pl\/images\/ASczerwik\/DSC_0200.JPG\" data-lightbox=\"group:984-5dadca2d8da46\"><img loading=\"lazy\" decoding=\"async\" src=\"https:\/\/www.mbp.chrzanow.pl\/cache\/widgetkit\/gallery\/984\/DSC_0200-5586468984.JPG\" alt=\"DSC_0200\" width=\"155\" height=\"155\" \/><\/a> <a class=\"\" href=\"https:\/\/www.mbp.chrzanow.pl\/images\/ASczerwik\/DSC_0209.JPG\" data-lightbox=\"group:984-5dadca2d8da46\"><img loading=\"lazy\" decoding=\"async\" src=\"https:\/\/www.mbp.chrzanow.pl\/cache\/widgetkit\/gallery\/984\/DSC_0209-fa6161cc8a.JPG\" alt=\"DSC_0209\" width=\"155\" height=\"155\" \/><\/a> <a class=\"\" href=\"https:\/\/www.mbp.chrzanow.pl\/images\/ASczerwik\/DSC_0210.JPG\" data-lightbox=\"group:984-5dadca2d8da46\"><img loading=\"lazy\" decoding=\"async\" src=\"https:\/\/www.mbp.chrzanow.pl\/cache\/widgetkit\/gallery\/984\/DSC_0210-92aeb55936.JPG\" alt=\"DSC_0210\" width=\"155\" height=\"155\" \/><\/a> <a class=\"\" href=\"https:\/\/www.mbp.chrzanow.pl\/images\/ASczerwik\/DSC_0965.JPG\" data-lightbox=\"group:984-5dadca2d8da46\"><img loading=\"lazy\" decoding=\"async\" src=\"https:\/\/www.mbp.chrzanow.pl\/cache\/widgetkit\/gallery\/984\/DSC_0965-2f64069a55.JPG\" alt=\"DSC_0965\" width=\"155\" height=\"155\" \/><\/a><\/div>\n<\/div>\n","protected":false},"excerpt":{"rendered":"<p> [&hellip;]<\/p>\n","protected":false},"author":1,"featured_media":671,"comment_status":"open","ping_status":"open","sticky":false,"template":"","format":"standard","meta":{"footnotes":""},"categories":[3],"tags":[],"class_list":["post-666","post","type-post","status-publish","format-standard","has-post-thumbnail","hentry","category-relacje"],"yoast_head":"<!-- This site is optimized with the Yoast SEO plugin v27.5 - https:\/\/yoast.com\/product\/yoast-seo-wordpress\/ -->\n<title>Akademia S\u0142owa w niecodziennej oprawie - Akademia S\u0142owa - Chrzan\u00f3w<\/title>\n<meta name=\"robots\" content=\"index, follow, max-snippet:-1, max-image-preview:large, max-video-preview:-1\" \/>\n<link rel=\"canonical\" href=\"https:\/\/www.mbp.chrzanow.pl\/akademiaslowa\/index.php\/2019\/10\/21\/akademia-slowa-w-niecodziennej-oprawie\/\" \/>\n<meta property=\"og:locale\" content=\"pl_PL\" \/>\n<meta property=\"og:type\" content=\"article\" \/>\n<meta property=\"og:title\" content=\"Akademia S\u0142owa w niecodziennej oprawie - Akademia S\u0142owa - Chrzan\u00f3w\" \/>\n<meta property=\"og:description\" content=\"[&hellip;]\" \/>\n<meta property=\"og:url\" content=\"https:\/\/www.mbp.chrzanow.pl\/akademiaslowa\/index.php\/2019\/10\/21\/akademia-slowa-w-niecodziennej-oprawie\/\" \/>\n<meta property=\"og:site_name\" content=\"Akademia S\u0142owa - Chrzan\u00f3w\" \/>\n<meta property=\"article:published_time\" content=\"2019-10-21T15:08:48+00:00\" \/>\n<meta property=\"article:modified_time\" content=\"2019-10-21T15:11:48+00:00\" \/>\n<meta property=\"og:image\" content=\"https:\/\/www.mbp.chrzanow.pl\/akademiaslowa\/wp-content\/uploads\/2019\/10\/DSC_0004.jpg\" \/>\n\t<meta property=\"og:image:width\" content=\"1024\" \/>\n\t<meta property=\"og:image:height\" content=\"678\" \/>\n\t<meta property=\"og:image:type\" content=\"image\/jpeg\" \/>\n<meta name=\"author\" content=\"admAS\" \/>\n<meta name=\"twitter:card\" content=\"summary_large_image\" \/>\n<meta name=\"twitter:label1\" content=\"Napisane przez\" \/>\n\t<meta name=\"twitter:data1\" content=\"admAS\" \/>\n\t<meta name=\"twitter:label2\" content=\"Szacowany czas czytania\" \/>\n\t<meta name=\"twitter:data2\" content=\"1 minuta\" \/>\n<script type=\"application\/ld+json\" class=\"yoast-schema-graph\">{\"@context\":\"https:\\\/\\\/schema.org\",\"@graph\":[{\"@type\":\"Article\",\"@id\":\"https:\\\/\\\/www.mbp.chrzanow.pl\\\/akademiaslowa\\\/index.php\\\/2019\\\/10\\\/21\\\/akademia-slowa-w-niecodziennej-oprawie\\\/#article\",\"isPartOf\":{\"@id\":\"https:\\\/\\\/www.mbp.chrzanow.pl\\\/akademiaslowa\\\/index.php\\\/2019\\\/10\\\/21\\\/akademia-slowa-w-niecodziennej-oprawie\\\/\"},\"author\":{\"name\":\"admAS\",\"@id\":\"https:\\\/\\\/www.mbp.chrzanow.pl\\\/akademiaslowa\\\/#\\\/schema\\\/person\\\/f7f71edfa96be202a208ab75307856e9\"},\"headline\":\"Akademia S\u0142owa w niecodziennej oprawie\",\"datePublished\":\"2019-10-21T15:08:48+00:00\",\"dateModified\":\"2019-10-21T15:11:48+00:00\",\"mainEntityOfPage\":{\"@id\":\"https:\\\/\\\/www.mbp.chrzanow.pl\\\/akademiaslowa\\\/index.php\\\/2019\\\/10\\\/21\\\/akademia-slowa-w-niecodziennej-oprawie\\\/\"},\"wordCount\":187,\"commentCount\":0,\"publisher\":{\"@id\":\"https:\\\/\\\/www.mbp.chrzanow.pl\\\/akademiaslowa\\\/#organization\"},\"image\":{\"@id\":\"https:\\\/\\\/www.mbp.chrzanow.pl\\\/akademiaslowa\\\/index.php\\\/2019\\\/10\\\/21\\\/akademia-slowa-w-niecodziennej-oprawie\\\/#primaryimage\"},\"thumbnailUrl\":\"https:\\\/\\\/www.mbp.chrzanow.pl\\\/akademiaslowa\\\/wp-content\\\/uploads\\\/2019\\\/10\\\/DSC_0004.jpg\",\"articleSection\":[\"Relacje\"],\"inLanguage\":\"pl-PL\",\"potentialAction\":[{\"@type\":\"CommentAction\",\"name\":\"Comment\",\"target\":[\"https:\\\/\\\/www.mbp.chrzanow.pl\\\/akademiaslowa\\\/index.php\\\/2019\\\/10\\\/21\\\/akademia-slowa-w-niecodziennej-oprawie\\\/#respond\"]}]},{\"@type\":\"WebPage\",\"@id\":\"https:\\\/\\\/www.mbp.chrzanow.pl\\\/akademiaslowa\\\/index.php\\\/2019\\\/10\\\/21\\\/akademia-slowa-w-niecodziennej-oprawie\\\/\",\"url\":\"https:\\\/\\\/www.mbp.chrzanow.pl\\\/akademiaslowa\\\/index.php\\\/2019\\\/10\\\/21\\\/akademia-slowa-w-niecodziennej-oprawie\\\/\",\"name\":\"Akademia S\u0142owa w niecodziennej oprawie - Akademia S\u0142owa - Chrzan\u00f3w\",\"isPartOf\":{\"@id\":\"https:\\\/\\\/www.mbp.chrzanow.pl\\\/akademiaslowa\\\/#website\"},\"primaryImageOfPage\":{\"@id\":\"https:\\\/\\\/www.mbp.chrzanow.pl\\\/akademiaslowa\\\/index.php\\\/2019\\\/10\\\/21\\\/akademia-slowa-w-niecodziennej-oprawie\\\/#primaryimage\"},\"image\":{\"@id\":\"https:\\\/\\\/www.mbp.chrzanow.pl\\\/akademiaslowa\\\/index.php\\\/2019\\\/10\\\/21\\\/akademia-slowa-w-niecodziennej-oprawie\\\/#primaryimage\"},\"thumbnailUrl\":\"https:\\\/\\\/www.mbp.chrzanow.pl\\\/akademiaslowa\\\/wp-content\\\/uploads\\\/2019\\\/10\\\/DSC_0004.jpg\",\"datePublished\":\"2019-10-21T15:08:48+00:00\",\"dateModified\":\"2019-10-21T15:11:48+00:00\",\"breadcrumb\":{\"@id\":\"https:\\\/\\\/www.mbp.chrzanow.pl\\\/akademiaslowa\\\/index.php\\\/2019\\\/10\\\/21\\\/akademia-slowa-w-niecodziennej-oprawie\\\/#breadcrumb\"},\"inLanguage\":\"pl-PL\",\"potentialAction\":[{\"@type\":\"ReadAction\",\"target\":[\"https:\\\/\\\/www.mbp.chrzanow.pl\\\/akademiaslowa\\\/index.php\\\/2019\\\/10\\\/21\\\/akademia-slowa-w-niecodziennej-oprawie\\\/\"]}]},{\"@type\":\"ImageObject\",\"inLanguage\":\"pl-PL\",\"@id\":\"https:\\\/\\\/www.mbp.chrzanow.pl\\\/akademiaslowa\\\/index.php\\\/2019\\\/10\\\/21\\\/akademia-slowa-w-niecodziennej-oprawie\\\/#primaryimage\",\"url\":\"https:\\\/\\\/www.mbp.chrzanow.pl\\\/akademiaslowa\\\/wp-content\\\/uploads\\\/2019\\\/10\\\/DSC_0004.jpg\",\"contentUrl\":\"https:\\\/\\\/www.mbp.chrzanow.pl\\\/akademiaslowa\\\/wp-content\\\/uploads\\\/2019\\\/10\\\/DSC_0004.jpg\",\"width\":1024,\"height\":678},{\"@type\":\"BreadcrumbList\",\"@id\":\"https:\\\/\\\/www.mbp.chrzanow.pl\\\/akademiaslowa\\\/index.php\\\/2019\\\/10\\\/21\\\/akademia-slowa-w-niecodziennej-oprawie\\\/#breadcrumb\",\"itemListElement\":[{\"@type\":\"ListItem\",\"position\":1,\"name\":\"Strona g\u0142\u00f3wna\",\"item\":\"https:\\\/\\\/www.mbp.chrzanow.pl\\\/akademiaslowa\\\/\"},{\"@type\":\"ListItem\",\"position\":2,\"name\":\"Akademia S\u0142owa w niecodziennej oprawie\"}]},{\"@type\":\"WebSite\",\"@id\":\"https:\\\/\\\/www.mbp.chrzanow.pl\\\/akademiaslowa\\\/#website\",\"url\":\"https:\\\/\\\/www.mbp.chrzanow.pl\\\/akademiaslowa\\\/\",\"name\":\"Akademia S\u0142owa - Chrzan\u00f3w\",\"description\":\"Czym poezja...\",\"publisher\":{\"@id\":\"https:\\\/\\\/www.mbp.chrzanow.pl\\\/akademiaslowa\\\/#organization\"},\"potentialAction\":[{\"@type\":\"SearchAction\",\"target\":{\"@type\":\"EntryPoint\",\"urlTemplate\":\"https:\\\/\\\/www.mbp.chrzanow.pl\\\/akademiaslowa\\\/?s={search_term_string}\"},\"query-input\":{\"@type\":\"PropertyValueSpecification\",\"valueRequired\":true,\"valueName\":\"search_term_string\"}}],\"inLanguage\":\"pl-PL\"},{\"@type\":\"Organization\",\"@id\":\"https:\\\/\\\/www.mbp.chrzanow.pl\\\/akademiaslowa\\\/#organization\",\"name\":\"Akademia S\u0142owa Chrzan\u00f3w\",\"url\":\"https:\\\/\\\/www.mbp.chrzanow.pl\\\/akademiaslowa\\\/\",\"logo\":{\"@type\":\"ImageObject\",\"inLanguage\":\"pl-PL\",\"@id\":\"https:\\\/\\\/www.mbp.chrzanow.pl\\\/akademiaslowa\\\/#\\\/schema\\\/logo\\\/image\\\/\",\"url\":\"https:\\\/\\\/www.mbp.chrzanow.pl\\\/akademiaslowa\\\/wp-content\\\/uploads\\\/2017\\\/12\\\/AkademiaSlowa_www.jpg\",\"contentUrl\":\"https:\\\/\\\/www.mbp.chrzanow.pl\\\/akademiaslowa\\\/wp-content\\\/uploads\\\/2017\\\/12\\\/AkademiaSlowa_www.jpg\",\"width\":500,\"height\":79,\"caption\":\"Akademia S\u0142owa Chrzan\u00f3w\"},\"image\":{\"@id\":\"https:\\\/\\\/www.mbp.chrzanow.pl\\\/akademiaslowa\\\/#\\\/schema\\\/logo\\\/image\\\/\"}},{\"@type\":\"Person\",\"@id\":\"https:\\\/\\\/www.mbp.chrzanow.pl\\\/akademiaslowa\\\/#\\\/schema\\\/person\\\/f7f71edfa96be202a208ab75307856e9\",\"name\":\"admAS\",\"image\":{\"@type\":\"ImageObject\",\"inLanguage\":\"pl-PL\",\"@id\":\"https:\\\/\\\/secure.gravatar.com\\\/avatar\\\/5b078c44c109f2248109bb28ecb0c853517953dc1e06bb96fea8699e9f69bcac?s=96&d=mm&r=g\",\"url\":\"https:\\\/\\\/secure.gravatar.com\\\/avatar\\\/5b078c44c109f2248109bb28ecb0c853517953dc1e06bb96fea8699e9f69bcac?s=96&d=mm&r=g\",\"contentUrl\":\"https:\\\/\\\/secure.gravatar.com\\\/avatar\\\/5b078c44c109f2248109bb28ecb0c853517953dc1e06bb96fea8699e9f69bcac?s=96&d=mm&r=g\",\"caption\":\"admAS\"},\"url\":\"https:\\\/\\\/www.mbp.chrzanow.pl\\\/akademiaslowa\\\/index.php\\\/author\\\/admas\\\/\"}]}<\/script>\n<!-- \/ Yoast SEO plugin. -->","yoast_head_json":{"title":"Akademia S\u0142owa w niecodziennej oprawie - Akademia S\u0142owa - Chrzan\u00f3w","robots":{"index":"index","follow":"follow","max-snippet":"max-snippet:-1","max-image-preview":"max-image-preview:large","max-video-preview":"max-video-preview:-1"},"canonical":"https:\/\/www.mbp.chrzanow.pl\/akademiaslowa\/index.php\/2019\/10\/21\/akademia-slowa-w-niecodziennej-oprawie\/","og_locale":"pl_PL","og_type":"article","og_title":"Akademia S\u0142owa w niecodziennej oprawie - Akademia S\u0142owa - Chrzan\u00f3w","og_description":"[&hellip;]","og_url":"https:\/\/www.mbp.chrzanow.pl\/akademiaslowa\/index.php\/2019\/10\/21\/akademia-slowa-w-niecodziennej-oprawie\/","og_site_name":"Akademia S\u0142owa - Chrzan\u00f3w","article_published_time":"2019-10-21T15:08:48+00:00","article_modified_time":"2019-10-21T15:11:48+00:00","og_image":[{"width":1024,"height":678,"url":"https:\/\/www.mbp.chrzanow.pl\/akademiaslowa\/wp-content\/uploads\/2019\/10\/DSC_0004.jpg","type":"image\/jpeg"}],"author":"admAS","twitter_card":"summary_large_image","twitter_misc":{"Napisane przez":"admAS","Szacowany czas czytania":"1 minuta"},"schema":{"@context":"https:\/\/schema.org","@graph":[{"@type":"Article","@id":"https:\/\/www.mbp.chrzanow.pl\/akademiaslowa\/index.php\/2019\/10\/21\/akademia-slowa-w-niecodziennej-oprawie\/#article","isPartOf":{"@id":"https:\/\/www.mbp.chrzanow.pl\/akademiaslowa\/index.php\/2019\/10\/21\/akademia-slowa-w-niecodziennej-oprawie\/"},"author":{"name":"admAS","@id":"https:\/\/www.mbp.chrzanow.pl\/akademiaslowa\/#\/schema\/person\/f7f71edfa96be202a208ab75307856e9"},"headline":"Akademia S\u0142owa w niecodziennej oprawie","datePublished":"2019-10-21T15:08:48+00:00","dateModified":"2019-10-21T15:11:48+00:00","mainEntityOfPage":{"@id":"https:\/\/www.mbp.chrzanow.pl\/akademiaslowa\/index.php\/2019\/10\/21\/akademia-slowa-w-niecodziennej-oprawie\/"},"wordCount":187,"commentCount":0,"publisher":{"@id":"https:\/\/www.mbp.chrzanow.pl\/akademiaslowa\/#organization"},"image":{"@id":"https:\/\/www.mbp.chrzanow.pl\/akademiaslowa\/index.php\/2019\/10\/21\/akademia-slowa-w-niecodziennej-oprawie\/#primaryimage"},"thumbnailUrl":"https:\/\/www.mbp.chrzanow.pl\/akademiaslowa\/wp-content\/uploads\/2019\/10\/DSC_0004.jpg","articleSection":["Relacje"],"inLanguage":"pl-PL","potentialAction":[{"@type":"CommentAction","name":"Comment","target":["https:\/\/www.mbp.chrzanow.pl\/akademiaslowa\/index.php\/2019\/10\/21\/akademia-slowa-w-niecodziennej-oprawie\/#respond"]}]},{"@type":"WebPage","@id":"https:\/\/www.mbp.chrzanow.pl\/akademiaslowa\/index.php\/2019\/10\/21\/akademia-slowa-w-niecodziennej-oprawie\/","url":"https:\/\/www.mbp.chrzanow.pl\/akademiaslowa\/index.php\/2019\/10\/21\/akademia-slowa-w-niecodziennej-oprawie\/","name":"Akademia S\u0142owa w niecodziennej oprawie - Akademia S\u0142owa - Chrzan\u00f3w","isPartOf":{"@id":"https:\/\/www.mbp.chrzanow.pl\/akademiaslowa\/#website"},"primaryImageOfPage":{"@id":"https:\/\/www.mbp.chrzanow.pl\/akademiaslowa\/index.php\/2019\/10\/21\/akademia-slowa-w-niecodziennej-oprawie\/#primaryimage"},"image":{"@id":"https:\/\/www.mbp.chrzanow.pl\/akademiaslowa\/index.php\/2019\/10\/21\/akademia-slowa-w-niecodziennej-oprawie\/#primaryimage"},"thumbnailUrl":"https:\/\/www.mbp.chrzanow.pl\/akademiaslowa\/wp-content\/uploads\/2019\/10\/DSC_0004.jpg","datePublished":"2019-10-21T15:08:48+00:00","dateModified":"2019-10-21T15:11:48+00:00","breadcrumb":{"@id":"https:\/\/www.mbp.chrzanow.pl\/akademiaslowa\/index.php\/2019\/10\/21\/akademia-slowa-w-niecodziennej-oprawie\/#breadcrumb"},"inLanguage":"pl-PL","potentialAction":[{"@type":"ReadAction","target":["https:\/\/www.mbp.chrzanow.pl\/akademiaslowa\/index.php\/2019\/10\/21\/akademia-slowa-w-niecodziennej-oprawie\/"]}]},{"@type":"ImageObject","inLanguage":"pl-PL","@id":"https:\/\/www.mbp.chrzanow.pl\/akademiaslowa\/index.php\/2019\/10\/21\/akademia-slowa-w-niecodziennej-oprawie\/#primaryimage","url":"https:\/\/www.mbp.chrzanow.pl\/akademiaslowa\/wp-content\/uploads\/2019\/10\/DSC_0004.jpg","contentUrl":"https:\/\/www.mbp.chrzanow.pl\/akademiaslowa\/wp-content\/uploads\/2019\/10\/DSC_0004.jpg","width":1024,"height":678},{"@type":"BreadcrumbList","@id":"https:\/\/www.mbp.chrzanow.pl\/akademiaslowa\/index.php\/2019\/10\/21\/akademia-slowa-w-niecodziennej-oprawie\/#breadcrumb","itemListElement":[{"@type":"ListItem","position":1,"name":"Strona g\u0142\u00f3wna","item":"https:\/\/www.mbp.chrzanow.pl\/akademiaslowa\/"},{"@type":"ListItem","position":2,"name":"Akademia S\u0142owa w niecodziennej oprawie"}]},{"@type":"WebSite","@id":"https:\/\/www.mbp.chrzanow.pl\/akademiaslowa\/#website","url":"https:\/\/www.mbp.chrzanow.pl\/akademiaslowa\/","name":"Akademia S\u0142owa - Chrzan\u00f3w","description":"Czym poezja...","publisher":{"@id":"https:\/\/www.mbp.chrzanow.pl\/akademiaslowa\/#organization"},"potentialAction":[{"@type":"SearchAction","target":{"@type":"EntryPoint","urlTemplate":"https:\/\/www.mbp.chrzanow.pl\/akademiaslowa\/?s={search_term_string}"},"query-input":{"@type":"PropertyValueSpecification","valueRequired":true,"valueName":"search_term_string"}}],"inLanguage":"pl-PL"},{"@type":"Organization","@id":"https:\/\/www.mbp.chrzanow.pl\/akademiaslowa\/#organization","name":"Akademia S\u0142owa Chrzan\u00f3w","url":"https:\/\/www.mbp.chrzanow.pl\/akademiaslowa\/","logo":{"@type":"ImageObject","inLanguage":"pl-PL","@id":"https:\/\/www.mbp.chrzanow.pl\/akademiaslowa\/#\/schema\/logo\/image\/","url":"https:\/\/www.mbp.chrzanow.pl\/akademiaslowa\/wp-content\/uploads\/2017\/12\/AkademiaSlowa_www.jpg","contentUrl":"https:\/\/www.mbp.chrzanow.pl\/akademiaslowa\/wp-content\/uploads\/2017\/12\/AkademiaSlowa_www.jpg","width":500,"height":79,"caption":"Akademia S\u0142owa Chrzan\u00f3w"},"image":{"@id":"https:\/\/www.mbp.chrzanow.pl\/akademiaslowa\/#\/schema\/logo\/image\/"}},{"@type":"Person","@id":"https:\/\/www.mbp.chrzanow.pl\/akademiaslowa\/#\/schema\/person\/f7f71edfa96be202a208ab75307856e9","name":"admAS","image":{"@type":"ImageObject","inLanguage":"pl-PL","@id":"https:\/\/secure.gravatar.com\/avatar\/5b078c44c109f2248109bb28ecb0c853517953dc1e06bb96fea8699e9f69bcac?s=96&d=mm&r=g","url":"https:\/\/secure.gravatar.com\/avatar\/5b078c44c109f2248109bb28ecb0c853517953dc1e06bb96fea8699e9f69bcac?s=96&d=mm&r=g","contentUrl":"https:\/\/secure.gravatar.com\/avatar\/5b078c44c109f2248109bb28ecb0c853517953dc1e06bb96fea8699e9f69bcac?s=96&d=mm&r=g","caption":"admAS"},"url":"https:\/\/www.mbp.chrzanow.pl\/akademiaslowa\/index.php\/author\/admas\/"}]}},"_links":{"self":[{"href":"https:\/\/www.mbp.chrzanow.pl\/akademiaslowa\/index.php\/wp-json\/wp\/v2\/posts\/666","targetHints":{"allow":["GET"]}}],"collection":[{"href":"https:\/\/www.mbp.chrzanow.pl\/akademiaslowa\/index.php\/wp-json\/wp\/v2\/posts"}],"about":[{"href":"https:\/\/www.mbp.chrzanow.pl\/akademiaslowa\/index.php\/wp-json\/wp\/v2\/types\/post"}],"author":[{"embeddable":true,"href":"https:\/\/www.mbp.chrzanow.pl\/akademiaslowa\/index.php\/wp-json\/wp\/v2\/users\/1"}],"replies":[{"embeddable":true,"href":"https:\/\/www.mbp.chrzanow.pl\/akademiaslowa\/index.php\/wp-json\/wp\/v2\/comments?post=666"}],"version-history":[{"count":4,"href":"https:\/\/www.mbp.chrzanow.pl\/akademiaslowa\/index.php\/wp-json\/wp\/v2\/posts\/666\/revisions"}],"predecessor-version":[{"id":670,"href":"https:\/\/www.mbp.chrzanow.pl\/akademiaslowa\/index.php\/wp-json\/wp\/v2\/posts\/666\/revisions\/670"}],"wp:featuredmedia":[{"embeddable":true,"href":"https:\/\/www.mbp.chrzanow.pl\/akademiaslowa\/index.php\/wp-json\/wp\/v2\/media\/671"}],"wp:attachment":[{"href":"https:\/\/www.mbp.chrzanow.pl\/akademiaslowa\/index.php\/wp-json\/wp\/v2\/media?parent=666"}],"wp:term":[{"taxonomy":"category","embeddable":true,"href":"https:\/\/www.mbp.chrzanow.pl\/akademiaslowa\/index.php\/wp-json\/wp\/v2\/categories?post=666"},{"taxonomy":"post_tag","embeddable":true,"href":"https:\/\/www.mbp.chrzanow.pl\/akademiaslowa\/index.php\/wp-json\/wp\/v2\/tags?post=666"}],"curies":[{"name":"wp","href":"https:\/\/api.w.org\/{rel}","templated":true}]}}