{"id":959,"date":"2020-11-02T10:33:37","date_gmt":"2020-11-02T09:33:37","guid":{"rendered":"http:\/\/www.mbp.chrzanow.pl\/akademiaslowa\/?p=959"},"modified":"2021-02-15T09:09:06","modified_gmt":"2021-02-15T08:09:06","slug":"smak-recenzji-dzis-bedzie-jaka-matka-taka-cera","status":"publish","type":"post","link":"https:\/\/www.mbp.chrzanow.pl\/akademiaslowa\/index.php\/2020\/11\/02\/smak-recenzji-dzis-bedzie-jaka-matka-taka-cera\/","title":{"rendered":"SMAK RECENZJI: Jaka matka taka cera&#8230;"},"content":{"rendered":"\t\t<div data-elementor-type=\"wp-post\" data-elementor-id=\"959\" class=\"elementor elementor-959\">\n\t\t\t\t\t\t<section class=\"elementor-section elementor-top-section elementor-element elementor-element-1458eecd elementor-section-boxed elementor-section-height-default elementor-section-height-default\" data-id=\"1458eecd\" data-element_type=\"section\" data-e-type=\"section\">\n\t\t\t\t\t\t<div class=\"elementor-container elementor-column-gap-default\">\n\t\t\t\t\t<div class=\"elementor-column elementor-col-50 elementor-top-column elementor-element elementor-element-6073f778\" data-id=\"6073f778\" data-element_type=\"column\" data-e-type=\"column\">\n\t\t\t<div class=\"elementor-widget-wrap elementor-element-populated\">\n\t\t\t\t\t\t<div class=\"elementor-element elementor-element-4456535b elementor-view-default elementor-widget elementor-widget-icon\" data-id=\"4456535b\" data-element_type=\"widget\" data-e-type=\"widget\" data-widget_type=\"icon.default\">\n\t\t\t\t<div class=\"elementor-widget-container\">\n\t\t\t\t\t\t\t<div class=\"elementor-icon-wrapper\">\n\t\t\t<div class=\"elementor-icon\">\n\t\t\t<i aria-hidden=\"true\" class=\"far fa-calendar-alt\"><\/i>\t\t\t<\/div>\n\t\t<\/div>\n\t\t\t\t\t\t<\/div>\n\t\t\t\t<\/div>\n\t\t\t\t\t<\/div>\n\t\t<\/div>\n\t\t\t\t<div class=\"elementor-column elementor-col-50 elementor-top-column elementor-element elementor-element-436e32ff\" data-id=\"436e32ff\" data-element_type=\"column\" data-e-type=\"column\">\n\t\t\t<div class=\"elementor-widget-wrap elementor-element-populated\">\n\t\t\t\t\t\t<div class=\"elementor-element elementor-element-443fefab elementor-widget elementor-widget-text-editor\" data-id=\"443fefab\" data-element_type=\"widget\" data-e-type=\"widget\" data-widget_type=\"text-editor.default\">\n\t\t\t\t<div class=\"elementor-widget-container\">\n\t\t\t\t\t\t\t\t\t<p>2.11.2020<\/p>\t\t\t\t\t\t\t\t<\/div>\n\t\t\t\t<\/div>\n\t\t\t\t\t<\/div>\n\t\t<\/div>\n\t\t\t\t\t<\/div>\n\t\t<\/section>\n\t\t\t\t<section class=\"elementor-section elementor-top-section elementor-element elementor-element-6d42788a elementor-section-boxed elementor-section-height-default elementor-section-height-default\" data-id=\"6d42788a\" data-element_type=\"section\" data-e-type=\"section\">\n\t\t\t\t\t\t<div class=\"elementor-container elementor-column-gap-default\">\n\t\t\t\t\t<div class=\"elementor-column elementor-col-100 elementor-top-column elementor-element elementor-element-530afeb9\" data-id=\"530afeb9\" data-element_type=\"column\" data-e-type=\"column\">\n\t\t\t<div class=\"elementor-widget-wrap elementor-element-populated\">\n\t\t\t\t\t\t<div class=\"elementor-element elementor-element-6734106f elementor-widget elementor-widget-text-editor\" data-id=\"6734106f\" data-element_type=\"widget\" data-e-type=\"widget\" data-widget_type=\"text-editor.default\">\n\t\t\t\t<div class=\"elementor-widget-container\">\n\t\t\t\t\t\t\t\t\t<p><\/p><p><\/p><p><strong>Poleca: <\/strong><strong>MK<sup>2<\/sup> (mol ksi\u0105\u017ckowy do kwadratu)<\/strong><strong><br \/><\/strong><\/p><p><strong>Anna Dziewit-Meller, <\/strong><em><strong>Od jednego Lucypera, <\/strong><\/em><strong>Wydawanictwo Literackie 2020\u00a0<\/strong>\u00a0\u00a0\u00a0\u00a0\u00a0\u00a0\u00a0\u00a0\u00a0\u00a0\u00a0\u00a0\u00a0\u00a0\u00a0\u00a0<\/p><p>Ta powie\u015b\u0107 uwiod\u0142a mnie pierwszym zdaniem: Pierzyna w\u00a0poszwie w kwiaty\u2026<\/p><p>Zapowiada\u0142o mi\u0119kko\u015b\u0107, czu\u0142o\u015b\u0107 i wspomnienia, kt\u00f3re wzmacniaj\u0105 przez ca\u0142e \u017cycie, s\u0105 pod\u015bwiadomym drogowskazem i \u017ar\u00f3d\u0142em si\u0142y. Zaraz jednak okazuje si\u0119, \u017ce ta pierzyna w bia\u0142o\u017c\u00f3\u0142te margerytki jest tu tylko samotnym, nie bardzo przystaj\u0105cym do klimatu rekwizytem. Zaiste, nie ma si\u0119 tu do kogo przytuli\u0107\u2026.<\/p><p>Katarzyna to prawnuczka, wnuczka i c\u00f3rka \u201ekrzepkich\u00a0 dziouch\u201d \u015bl\u0105skich, kobiet du\u017cych i silnych, skazanych na s\u0142abych m\u0119\u017cczyzn, ale paradoksalnie ca\u0142kowicie im podporz\u0105dkowanym. Wyje\u017cd\u017ca do Holandii, robi karier\u0119 naukow\u0105 i zatrzaskuje wszystkie drzwi do \u015bl\u0105skiego \u017cycia. Czasami jednak dzwoni Babcia Miejscowa i ten g\u0142os, \u015bl\u0105ska gwara przenosz\u0105 ja na chwil\u0119 do miejsca, z kt\u00f3rego uciek\u0142a \u2013 \u015bwiata odbarwionego, czarnego jak w\u0119giel, pe\u0142nego niedom\u00f3wie\u0144, ch\u0142odu i oboj\u0119tno\u015bci.\u00a0 I cho\u0107 chcia\u0142aby wreszcie zrzuci\u0107 z siebie ten ci\u0119\u017car przekazywany z pokolenia na pokolenie, kt\u00f3ry u niej w ko\u0144cu zamieni\u0142 si\u0119 w anorektyczn\u0105 ko\u015b\u0107 tkwi\u0105ca w gardle, to jednak jedno wyra\u017ane wspomnienie nie daje jej spokoju &#8211; obraz \u201ewysznupanego\u201d w domu Babci Miejscowej pude\u0142ka z rysunkiem Stryje\u0144skiej na wieczku i\u00a0fotografii Marijki, na wspomnienie kt\u00f3rej rodzina wstydliwie ucieka\u0142a spojrzeniem, wszelkie pytania zbywaj\u0105c milczeniem&#8230; Tajemnica z czas\u00f3w gdy na \u015al\u0105sku budowano socjalizm p\u0119cznia\u0142a latami i nabrzmiewa\u0142a jak wrz\u00f3d\u2026<\/p><p>Zako\u0144czenie tej historii jest niespodziewane, zaskakuj\u0105ce i\u00a0naprawd\u0119 godne przynajmniej jeszcze jednego rozdzia\u0142u. Daje nadziej\u0119. Grube pok\u0142ady czarnej sadzy i py\u0142u w\u0119glowego jakby stopnia\u0142y nieco, a \u017cycie otwiera Katarzynie furtk\u0119 na ja\u015bniejsz\u0105 stron\u0119 \u015bwiata.<\/p><p>Czyta si\u0119 t\u0119 ksi\u0105\u017ck\u0119 na \u015bci\u015bni\u0119tym oddechu, bo nikt tych kobiet nie oszcz\u0119dza, a i one nie oszcz\u0119dzaj\u0105 siebie nawzajem. Jest pe\u0142na b\u00f3lu i w\u015bciek\u0142o\u015bci, bez rozja\u015bniania, bez os\u0142ody, bez znieczulenia. Realia epoki ilustruj\u0105 autentyczne dokumenty IPN poprzedzaj\u0105ce kolejne rozdzia\u0142y.<\/p><p>I pewnie nie do takiej \u201eliteratury kobiecej\u201d jeste\u015bmy, my kobiety przyzwyczajone. Ale jest to ksi\u0105\u017cka niezwyk\u0142a, nieprzeci\u0119tna i dlatego koniecznie trzeba j\u0105 przeczyta\u0107, cho\u0107 mam w\u0105tpliwo\u015b\u0107 czy obraz \u015bl\u0105skiej rodziny w takim kszta\u0142cie usatysfakcjonuje kobiety \u2013 \u015al\u0105zaczki pami\u0119taj\u0105ce ten ciemny czas.<\/p><p>Anna Dziewit-Meller wychowa\u0142a si\u0119 na \u015al\u0105sku i w swoich ksi\u0105\u017ckach powraca do rodzinnych stron. \u201eG\u00f3ra Tajget\u201d wydana w 2016 r. r\u00f3wnie doskona\u0142a w formie i tak\u017ce niezwykle poruszaj\u0105ca to r\u00f3wnie\u017c \u015bl\u0105ska historia, ale pokazana z nieco innej, historycznej perspektywy. Gdyby jednak kto\u015b zechcia\u0142by pozna\u0107 ca\u0142kiem inne wcielenie Autorki, polecam podr\u00f3\u017cnicz\u0105 opowie\u015b\u0107 o w\u0119dr\u00f3wce przez Gruzj\u0119, napisan\u0105 wsp\u00f3lnie z\u00a0m\u0119\u017cem Marcinem Mellerem \u201eGaumard\u017cos\u201d. B\u0142yskotliwie dowcipna, pogodna, pe\u0142na anegdot i wa\u017cnych turystycznych szczeg\u00f3\u0142\u00f3w. Zach\u0119cam. Wszystkie trzy tytu\u0142y dost\u0119pne s\u0105 w\u00a0naszej\u00a0 bibliotece.<\/p><p>MK<sup>2<\/sup><\/p><p><\/p><p><\/p><p><\/p><p><\/p><p><\/p><p><\/p><p><\/p><p><\/p><p><\/p><p><\/p>\t\t\t\t\t\t\t\t<\/div>\n\t\t\t\t<\/div>\n\t\t\t\t\t<\/div>\n\t\t<\/div>\n\t\t\t\t\t<\/div>\n\t\t<\/section>\n\t\t\t\t<section class=\"elementor-section elementor-top-section elementor-element elementor-element-475ee3bb elementor-section-boxed elementor-section-height-default elementor-section-height-default\" data-id=\"475ee3bb\" data-element_type=\"section\" data-e-type=\"section\">\n\t\t\t\t\t\t<div class=\"elementor-container elementor-column-gap-default\">\n\t\t\t\t\t<div class=\"elementor-column elementor-col-100 elementor-top-column elementor-element elementor-element-a3604e1\" data-id=\"a3604e1\" data-element_type=\"column\" data-e-type=\"column\">\n\t\t\t<div class=\"elementor-widget-wrap elementor-element-populated\">\n\t\t\t\t\t\t<div class=\"elementor-element elementor-element-c854316 elementor-widget elementor-widget-image\" data-id=\"c854316\" data-element_type=\"widget\" data-e-type=\"widget\" data-widget_type=\"image.default\">\n\t\t\t\t<div class=\"elementor-widget-container\">\n\t\t\t\t\t\t\t\t\t\t\t\t\t\t\t<img fetchpriority=\"high\" decoding=\"async\" width=\"1024\" height=\"1024\" src=\"http:\/\/www.mbp.chrzanow.pl\/akademiaslowa\/wp-content\/uploads\/2020\/11\/od-jednego-lucypera_kusinakulture_01-1-1024x1024.jpg\" class=\"attachment-large size-large wp-image-961\" alt=\"\" srcset=\"http:\/\/www.mbp.chrzanow.pl\/akademiaslowa\/wp-content\/uploads\/2020\/11\/od-jednego-lucypera_kusinakulture_01-1-1024x1024.jpg 1024w, http:\/\/www.mbp.chrzanow.pl\/akademiaslowa\/wp-content\/uploads\/2020\/11\/od-jednego-lucypera_kusinakulture_01-1-300x300.jpg 300w, http:\/\/www.mbp.chrzanow.pl\/akademiaslowa\/wp-content\/uploads\/2020\/11\/od-jednego-lucypera_kusinakulture_01-1-150x150.jpg 150w, http:\/\/www.mbp.chrzanow.pl\/akademiaslowa\/wp-content\/uploads\/2020\/11\/od-jednego-lucypera_kusinakulture_01-1-768x768.jpg 768w, http:\/\/www.mbp.chrzanow.pl\/akademiaslowa\/wp-content\/uploads\/2020\/11\/od-jednego-lucypera_kusinakulture_01-1-750x750.jpg 750w, http:\/\/www.mbp.chrzanow.pl\/akademiaslowa\/wp-content\/uploads\/2020\/11\/od-jednego-lucypera_kusinakulture_01-1.jpg 1200w\" sizes=\"(max-width: 1024px) 100vw, 1024px\" \/>\t\t\t\t\t\t\t\t\t\t\t\t\t\t\t<\/div>\n\t\t\t\t<\/div>\n\t\t\t\t\t<\/div>\n\t\t<\/div>\n\t\t\t\t\t<\/div>\n\t\t<\/section>\n\t\t\t\t<\/div>\n\t\t","protected":false},"excerpt":{"rendered":"<p> [&hellip;]<\/p>\n","protected":false},"author":3,"featured_media":0,"comment_status":"open","ping_status":"open","sticky":false,"template":"","format":"standard","meta":{"footnotes":""},"categories":[10],"tags":[17,18,16],"class_list":["post-959","post","type-post","status-publish","format-standard","hentry","category-recenzje","tag-akademia-slowa","tag-recenzje2020","tag-wanda-ziegler"],"yoast_head":"<!-- This site is optimized with the Yoast SEO plugin v27.5 - https:\/\/yoast.com\/product\/yoast-seo-wordpress\/ -->\n<title>SMAK RECENZJI: Jaka matka taka cera... - Akademia S\u0142owa - Chrzan\u00f3w<\/title>\n<meta name=\"robots\" content=\"index, follow, max-snippet:-1, max-image-preview:large, max-video-preview:-1\" \/>\n<link rel=\"canonical\" href=\"https:\/\/www.mbp.chrzanow.pl\/akademiaslowa\/index.php\/2020\/11\/02\/smak-recenzji-dzis-bedzie-jaka-matka-taka-cera\/\" \/>\n<meta property=\"og:locale\" content=\"pl_PL\" \/>\n<meta property=\"og:type\" content=\"article\" \/>\n<meta property=\"og:title\" content=\"SMAK RECENZJI: Jaka matka taka cera... - Akademia S\u0142owa - Chrzan\u00f3w\" \/>\n<meta property=\"og:description\" content=\"[&hellip;]\" \/>\n<meta property=\"og:url\" content=\"https:\/\/www.mbp.chrzanow.pl\/akademiaslowa\/index.php\/2020\/11\/02\/smak-recenzji-dzis-bedzie-jaka-matka-taka-cera\/\" \/>\n<meta property=\"og:site_name\" content=\"Akademia S\u0142owa - Chrzan\u00f3w\" \/>\n<meta property=\"article:published_time\" content=\"2020-11-02T09:33:37+00:00\" \/>\n<meta property=\"article:modified_time\" content=\"2021-02-15T08:09:06+00:00\" \/>\n<meta property=\"og:image\" content=\"http:\/\/www.mbp.chrzanow.pl\/akademiaslowa\/wp-content\/uploads\/2020\/11\/od-jednego-lucypera_kusinakulture_01-1-1024x1024.jpg\" \/>\n<meta name=\"author\" content=\"Prom\" \/>\n<meta name=\"twitter:card\" content=\"summary_large_image\" \/>\n<meta name=\"twitter:label1\" content=\"Napisane przez\" \/>\n\t<meta name=\"twitter:data1\" content=\"Prom\" \/>\n<script type=\"application\/ld+json\" class=\"yoast-schema-graph\">{\"@context\":\"https:\\\/\\\/schema.org\",\"@graph\":[{\"@type\":\"Article\",\"@id\":\"https:\\\/\\\/www.mbp.chrzanow.pl\\\/akademiaslowa\\\/index.php\\\/2020\\\/11\\\/02\\\/smak-recenzji-dzis-bedzie-jaka-matka-taka-cera\\\/#article\",\"isPartOf\":{\"@id\":\"https:\\\/\\\/www.mbp.chrzanow.pl\\\/akademiaslowa\\\/index.php\\\/2020\\\/11\\\/02\\\/smak-recenzji-dzis-bedzie-jaka-matka-taka-cera\\\/\"},\"author\":{\"name\":\"Prom\",\"@id\":\"https:\\\/\\\/www.mbp.chrzanow.pl\\\/akademiaslowa\\\/#\\\/schema\\\/person\\\/fe7a35ef0376d4e76846aeae319d9fd8\"},\"headline\":\"SMAK RECENZJI: Jaka matka taka cera&#8230;\",\"datePublished\":\"2020-11-02T09:33:37+00:00\",\"dateModified\":\"2021-02-15T08:09:06+00:00\",\"mainEntityOfPage\":{\"@id\":\"https:\\\/\\\/www.mbp.chrzanow.pl\\\/akademiaslowa\\\/index.php\\\/2020\\\/11\\\/02\\\/smak-recenzji-dzis-bedzie-jaka-matka-taka-cera\\\/\"},\"wordCount\":6,\"commentCount\":0,\"publisher\":{\"@id\":\"https:\\\/\\\/www.mbp.chrzanow.pl\\\/akademiaslowa\\\/#organization\"},\"image\":{\"@id\":\"https:\\\/\\\/www.mbp.chrzanow.pl\\\/akademiaslowa\\\/index.php\\\/2020\\\/11\\\/02\\\/smak-recenzji-dzis-bedzie-jaka-matka-taka-cera\\\/#primaryimage\"},\"thumbnailUrl\":\"http:\\\/\\\/www.mbp.chrzanow.pl\\\/akademiaslowa\\\/wp-content\\\/uploads\\\/2020\\\/11\\\/od-jednego-lucypera_kusinakulture_01-1-1024x1024.jpg\",\"keywords\":[\"Akademia S\u0142owa\",\"Recenzje2020\",\"Wanda Ziegler\"],\"articleSection\":[\"Recenzje\"],\"inLanguage\":\"pl-PL\",\"potentialAction\":[{\"@type\":\"CommentAction\",\"name\":\"Comment\",\"target\":[\"https:\\\/\\\/www.mbp.chrzanow.pl\\\/akademiaslowa\\\/index.php\\\/2020\\\/11\\\/02\\\/smak-recenzji-dzis-bedzie-jaka-matka-taka-cera\\\/#respond\"]}]},{\"@type\":\"WebPage\",\"@id\":\"https:\\\/\\\/www.mbp.chrzanow.pl\\\/akademiaslowa\\\/index.php\\\/2020\\\/11\\\/02\\\/smak-recenzji-dzis-bedzie-jaka-matka-taka-cera\\\/\",\"url\":\"https:\\\/\\\/www.mbp.chrzanow.pl\\\/akademiaslowa\\\/index.php\\\/2020\\\/11\\\/02\\\/smak-recenzji-dzis-bedzie-jaka-matka-taka-cera\\\/\",\"name\":\"SMAK RECENZJI: Jaka matka taka cera... - Akademia S\u0142owa - Chrzan\u00f3w\",\"isPartOf\":{\"@id\":\"https:\\\/\\\/www.mbp.chrzanow.pl\\\/akademiaslowa\\\/#website\"},\"primaryImageOfPage\":{\"@id\":\"https:\\\/\\\/www.mbp.chrzanow.pl\\\/akademiaslowa\\\/index.php\\\/2020\\\/11\\\/02\\\/smak-recenzji-dzis-bedzie-jaka-matka-taka-cera\\\/#primaryimage\"},\"image\":{\"@id\":\"https:\\\/\\\/www.mbp.chrzanow.pl\\\/akademiaslowa\\\/index.php\\\/2020\\\/11\\\/02\\\/smak-recenzji-dzis-bedzie-jaka-matka-taka-cera\\\/#primaryimage\"},\"thumbnailUrl\":\"http:\\\/\\\/www.mbp.chrzanow.pl\\\/akademiaslowa\\\/wp-content\\\/uploads\\\/2020\\\/11\\\/od-jednego-lucypera_kusinakulture_01-1-1024x1024.jpg\",\"datePublished\":\"2020-11-02T09:33:37+00:00\",\"dateModified\":\"2021-02-15T08:09:06+00:00\",\"breadcrumb\":{\"@id\":\"https:\\\/\\\/www.mbp.chrzanow.pl\\\/akademiaslowa\\\/index.php\\\/2020\\\/11\\\/02\\\/smak-recenzji-dzis-bedzie-jaka-matka-taka-cera\\\/#breadcrumb\"},\"inLanguage\":\"pl-PL\",\"potentialAction\":[{\"@type\":\"ReadAction\",\"target\":[\"https:\\\/\\\/www.mbp.chrzanow.pl\\\/akademiaslowa\\\/index.php\\\/2020\\\/11\\\/02\\\/smak-recenzji-dzis-bedzie-jaka-matka-taka-cera\\\/\"]}]},{\"@type\":\"ImageObject\",\"inLanguage\":\"pl-PL\",\"@id\":\"https:\\\/\\\/www.mbp.chrzanow.pl\\\/akademiaslowa\\\/index.php\\\/2020\\\/11\\\/02\\\/smak-recenzji-dzis-bedzie-jaka-matka-taka-cera\\\/#primaryimage\",\"url\":\"https:\\\/\\\/www.mbp.chrzanow.pl\\\/akademiaslowa\\\/wp-content\\\/uploads\\\/2020\\\/11\\\/od-jednego-lucypera_kusinakulture_01-1.jpg\",\"contentUrl\":\"https:\\\/\\\/www.mbp.chrzanow.pl\\\/akademiaslowa\\\/wp-content\\\/uploads\\\/2020\\\/11\\\/od-jednego-lucypera_kusinakulture_01-1.jpg\",\"width\":1200,\"height\":1200},{\"@type\":\"BreadcrumbList\",\"@id\":\"https:\\\/\\\/www.mbp.chrzanow.pl\\\/akademiaslowa\\\/index.php\\\/2020\\\/11\\\/02\\\/smak-recenzji-dzis-bedzie-jaka-matka-taka-cera\\\/#breadcrumb\",\"itemListElement\":[{\"@type\":\"ListItem\",\"position\":1,\"name\":\"Strona g\u0142\u00f3wna\",\"item\":\"https:\\\/\\\/www.mbp.chrzanow.pl\\\/akademiaslowa\\\/\"},{\"@type\":\"ListItem\",\"position\":2,\"name\":\"SMAK RECENZJI: Jaka matka taka cera&#8230;\"}]},{\"@type\":\"WebSite\",\"@id\":\"https:\\\/\\\/www.mbp.chrzanow.pl\\\/akademiaslowa\\\/#website\",\"url\":\"https:\\\/\\\/www.mbp.chrzanow.pl\\\/akademiaslowa\\\/\",\"name\":\"Akademia S\u0142owa - Chrzan\u00f3w\",\"description\":\"Czym poezja...\",\"publisher\":{\"@id\":\"https:\\\/\\\/www.mbp.chrzanow.pl\\\/akademiaslowa\\\/#organization\"},\"potentialAction\":[{\"@type\":\"SearchAction\",\"target\":{\"@type\":\"EntryPoint\",\"urlTemplate\":\"https:\\\/\\\/www.mbp.chrzanow.pl\\\/akademiaslowa\\\/?s={search_term_string}\"},\"query-input\":{\"@type\":\"PropertyValueSpecification\",\"valueRequired\":true,\"valueName\":\"search_term_string\"}}],\"inLanguage\":\"pl-PL\"},{\"@type\":\"Organization\",\"@id\":\"https:\\\/\\\/www.mbp.chrzanow.pl\\\/akademiaslowa\\\/#organization\",\"name\":\"Akademia S\u0142owa Chrzan\u00f3w\",\"url\":\"https:\\\/\\\/www.mbp.chrzanow.pl\\\/akademiaslowa\\\/\",\"logo\":{\"@type\":\"ImageObject\",\"inLanguage\":\"pl-PL\",\"@id\":\"https:\\\/\\\/www.mbp.chrzanow.pl\\\/akademiaslowa\\\/#\\\/schema\\\/logo\\\/image\\\/\",\"url\":\"https:\\\/\\\/www.mbp.chrzanow.pl\\\/akademiaslowa\\\/wp-content\\\/uploads\\\/2017\\\/12\\\/AkademiaSlowa_www.jpg\",\"contentUrl\":\"https:\\\/\\\/www.mbp.chrzanow.pl\\\/akademiaslowa\\\/wp-content\\\/uploads\\\/2017\\\/12\\\/AkademiaSlowa_www.jpg\",\"width\":500,\"height\":79,\"caption\":\"Akademia S\u0142owa Chrzan\u00f3w\"},\"image\":{\"@id\":\"https:\\\/\\\/www.mbp.chrzanow.pl\\\/akademiaslowa\\\/#\\\/schema\\\/logo\\\/image\\\/\"}},{\"@type\":\"Person\",\"@id\":\"https:\\\/\\\/www.mbp.chrzanow.pl\\\/akademiaslowa\\\/#\\\/schema\\\/person\\\/fe7a35ef0376d4e76846aeae319d9fd8\",\"name\":\"Prom\",\"image\":{\"@type\":\"ImageObject\",\"inLanguage\":\"pl-PL\",\"@id\":\"https:\\\/\\\/secure.gravatar.com\\\/avatar\\\/f60fbd4aa9e3207ab0785fd91859281f74f6e854743680d402cbd83a1b744580?s=96&d=mm&r=g\",\"url\":\"https:\\\/\\\/secure.gravatar.com\\\/avatar\\\/f60fbd4aa9e3207ab0785fd91859281f74f6e854743680d402cbd83a1b744580?s=96&d=mm&r=g\",\"contentUrl\":\"https:\\\/\\\/secure.gravatar.com\\\/avatar\\\/f60fbd4aa9e3207ab0785fd91859281f74f6e854743680d402cbd83a1b744580?s=96&d=mm&r=g\",\"caption\":\"Prom\"},\"url\":\"https:\\\/\\\/www.mbp.chrzanow.pl\\\/akademiaslowa\\\/index.php\\\/author\\\/promocja\\\/\"}]}<\/script>\n<!-- \/ Yoast SEO plugin. -->","yoast_head_json":{"title":"SMAK RECENZJI: Jaka matka taka cera... - Akademia S\u0142owa - Chrzan\u00f3w","robots":{"index":"index","follow":"follow","max-snippet":"max-snippet:-1","max-image-preview":"max-image-preview:large","max-video-preview":"max-video-preview:-1"},"canonical":"https:\/\/www.mbp.chrzanow.pl\/akademiaslowa\/index.php\/2020\/11\/02\/smak-recenzji-dzis-bedzie-jaka-matka-taka-cera\/","og_locale":"pl_PL","og_type":"article","og_title":"SMAK RECENZJI: Jaka matka taka cera... - Akademia S\u0142owa - Chrzan\u00f3w","og_description":"[&hellip;]","og_url":"https:\/\/www.mbp.chrzanow.pl\/akademiaslowa\/index.php\/2020\/11\/02\/smak-recenzji-dzis-bedzie-jaka-matka-taka-cera\/","og_site_name":"Akademia S\u0142owa - Chrzan\u00f3w","article_published_time":"2020-11-02T09:33:37+00:00","article_modified_time":"2021-02-15T08:09:06+00:00","og_image":[{"url":"http:\/\/www.mbp.chrzanow.pl\/akademiaslowa\/wp-content\/uploads\/2020\/11\/od-jednego-lucypera_kusinakulture_01-1-1024x1024.jpg","type":"","width":"","height":""}],"author":"Prom","twitter_card":"summary_large_image","twitter_misc":{"Napisane przez":"Prom"},"schema":{"@context":"https:\/\/schema.org","@graph":[{"@type":"Article","@id":"https:\/\/www.mbp.chrzanow.pl\/akademiaslowa\/index.php\/2020\/11\/02\/smak-recenzji-dzis-bedzie-jaka-matka-taka-cera\/#article","isPartOf":{"@id":"https:\/\/www.mbp.chrzanow.pl\/akademiaslowa\/index.php\/2020\/11\/02\/smak-recenzji-dzis-bedzie-jaka-matka-taka-cera\/"},"author":{"name":"Prom","@id":"https:\/\/www.mbp.chrzanow.pl\/akademiaslowa\/#\/schema\/person\/fe7a35ef0376d4e76846aeae319d9fd8"},"headline":"SMAK RECENZJI: Jaka matka taka cera&#8230;","datePublished":"2020-11-02T09:33:37+00:00","dateModified":"2021-02-15T08:09:06+00:00","mainEntityOfPage":{"@id":"https:\/\/www.mbp.chrzanow.pl\/akademiaslowa\/index.php\/2020\/11\/02\/smak-recenzji-dzis-bedzie-jaka-matka-taka-cera\/"},"wordCount":6,"commentCount":0,"publisher":{"@id":"https:\/\/www.mbp.chrzanow.pl\/akademiaslowa\/#organization"},"image":{"@id":"https:\/\/www.mbp.chrzanow.pl\/akademiaslowa\/index.php\/2020\/11\/02\/smak-recenzji-dzis-bedzie-jaka-matka-taka-cera\/#primaryimage"},"thumbnailUrl":"http:\/\/www.mbp.chrzanow.pl\/akademiaslowa\/wp-content\/uploads\/2020\/11\/od-jednego-lucypera_kusinakulture_01-1-1024x1024.jpg","keywords":["Akademia S\u0142owa","Recenzje2020","Wanda Ziegler"],"articleSection":["Recenzje"],"inLanguage":"pl-PL","potentialAction":[{"@type":"CommentAction","name":"Comment","target":["https:\/\/www.mbp.chrzanow.pl\/akademiaslowa\/index.php\/2020\/11\/02\/smak-recenzji-dzis-bedzie-jaka-matka-taka-cera\/#respond"]}]},{"@type":"WebPage","@id":"https:\/\/www.mbp.chrzanow.pl\/akademiaslowa\/index.php\/2020\/11\/02\/smak-recenzji-dzis-bedzie-jaka-matka-taka-cera\/","url":"https:\/\/www.mbp.chrzanow.pl\/akademiaslowa\/index.php\/2020\/11\/02\/smak-recenzji-dzis-bedzie-jaka-matka-taka-cera\/","name":"SMAK RECENZJI: Jaka matka taka cera... - Akademia S\u0142owa - Chrzan\u00f3w","isPartOf":{"@id":"https:\/\/www.mbp.chrzanow.pl\/akademiaslowa\/#website"},"primaryImageOfPage":{"@id":"https:\/\/www.mbp.chrzanow.pl\/akademiaslowa\/index.php\/2020\/11\/02\/smak-recenzji-dzis-bedzie-jaka-matka-taka-cera\/#primaryimage"},"image":{"@id":"https:\/\/www.mbp.chrzanow.pl\/akademiaslowa\/index.php\/2020\/11\/02\/smak-recenzji-dzis-bedzie-jaka-matka-taka-cera\/#primaryimage"},"thumbnailUrl":"http:\/\/www.mbp.chrzanow.pl\/akademiaslowa\/wp-content\/uploads\/2020\/11\/od-jednego-lucypera_kusinakulture_01-1-1024x1024.jpg","datePublished":"2020-11-02T09:33:37+00:00","dateModified":"2021-02-15T08:09:06+00:00","breadcrumb":{"@id":"https:\/\/www.mbp.chrzanow.pl\/akademiaslowa\/index.php\/2020\/11\/02\/smak-recenzji-dzis-bedzie-jaka-matka-taka-cera\/#breadcrumb"},"inLanguage":"pl-PL","potentialAction":[{"@type":"ReadAction","target":["https:\/\/www.mbp.chrzanow.pl\/akademiaslowa\/index.php\/2020\/11\/02\/smak-recenzji-dzis-bedzie-jaka-matka-taka-cera\/"]}]},{"@type":"ImageObject","inLanguage":"pl-PL","@id":"https:\/\/www.mbp.chrzanow.pl\/akademiaslowa\/index.php\/2020\/11\/02\/smak-recenzji-dzis-bedzie-jaka-matka-taka-cera\/#primaryimage","url":"https:\/\/www.mbp.chrzanow.pl\/akademiaslowa\/wp-content\/uploads\/2020\/11\/od-jednego-lucypera_kusinakulture_01-1.jpg","contentUrl":"https:\/\/www.mbp.chrzanow.pl\/akademiaslowa\/wp-content\/uploads\/2020\/11\/od-jednego-lucypera_kusinakulture_01-1.jpg","width":1200,"height":1200},{"@type":"BreadcrumbList","@id":"https:\/\/www.mbp.chrzanow.pl\/akademiaslowa\/index.php\/2020\/11\/02\/smak-recenzji-dzis-bedzie-jaka-matka-taka-cera\/#breadcrumb","itemListElement":[{"@type":"ListItem","position":1,"name":"Strona g\u0142\u00f3wna","item":"https:\/\/www.mbp.chrzanow.pl\/akademiaslowa\/"},{"@type":"ListItem","position":2,"name":"SMAK RECENZJI: Jaka matka taka cera&#8230;"}]},{"@type":"WebSite","@id":"https:\/\/www.mbp.chrzanow.pl\/akademiaslowa\/#website","url":"https:\/\/www.mbp.chrzanow.pl\/akademiaslowa\/","name":"Akademia S\u0142owa - Chrzan\u00f3w","description":"Czym poezja...","publisher":{"@id":"https:\/\/www.mbp.chrzanow.pl\/akademiaslowa\/#organization"},"potentialAction":[{"@type":"SearchAction","target":{"@type":"EntryPoint","urlTemplate":"https:\/\/www.mbp.chrzanow.pl\/akademiaslowa\/?s={search_term_string}"},"query-input":{"@type":"PropertyValueSpecification","valueRequired":true,"valueName":"search_term_string"}}],"inLanguage":"pl-PL"},{"@type":"Organization","@id":"https:\/\/www.mbp.chrzanow.pl\/akademiaslowa\/#organization","name":"Akademia S\u0142owa Chrzan\u00f3w","url":"https:\/\/www.mbp.chrzanow.pl\/akademiaslowa\/","logo":{"@type":"ImageObject","inLanguage":"pl-PL","@id":"https:\/\/www.mbp.chrzanow.pl\/akademiaslowa\/#\/schema\/logo\/image\/","url":"https:\/\/www.mbp.chrzanow.pl\/akademiaslowa\/wp-content\/uploads\/2017\/12\/AkademiaSlowa_www.jpg","contentUrl":"https:\/\/www.mbp.chrzanow.pl\/akademiaslowa\/wp-content\/uploads\/2017\/12\/AkademiaSlowa_www.jpg","width":500,"height":79,"caption":"Akademia S\u0142owa Chrzan\u00f3w"},"image":{"@id":"https:\/\/www.mbp.chrzanow.pl\/akademiaslowa\/#\/schema\/logo\/image\/"}},{"@type":"Person","@id":"https:\/\/www.mbp.chrzanow.pl\/akademiaslowa\/#\/schema\/person\/fe7a35ef0376d4e76846aeae319d9fd8","name":"Prom","image":{"@type":"ImageObject","inLanguage":"pl-PL","@id":"https:\/\/secure.gravatar.com\/avatar\/f60fbd4aa9e3207ab0785fd91859281f74f6e854743680d402cbd83a1b744580?s=96&d=mm&r=g","url":"https:\/\/secure.gravatar.com\/avatar\/f60fbd4aa9e3207ab0785fd91859281f74f6e854743680d402cbd83a1b744580?s=96&d=mm&r=g","contentUrl":"https:\/\/secure.gravatar.com\/avatar\/f60fbd4aa9e3207ab0785fd91859281f74f6e854743680d402cbd83a1b744580?s=96&d=mm&r=g","caption":"Prom"},"url":"https:\/\/www.mbp.chrzanow.pl\/akademiaslowa\/index.php\/author\/promocja\/"}]}},"_links":{"self":[{"href":"https:\/\/www.mbp.chrzanow.pl\/akademiaslowa\/index.php\/wp-json\/wp\/v2\/posts\/959","targetHints":{"allow":["GET"]}}],"collection":[{"href":"https:\/\/www.mbp.chrzanow.pl\/akademiaslowa\/index.php\/wp-json\/wp\/v2\/posts"}],"about":[{"href":"https:\/\/www.mbp.chrzanow.pl\/akademiaslowa\/index.php\/wp-json\/wp\/v2\/types\/post"}],"author":[{"embeddable":true,"href":"https:\/\/www.mbp.chrzanow.pl\/akademiaslowa\/index.php\/wp-json\/wp\/v2\/users\/3"}],"replies":[{"embeddable":true,"href":"https:\/\/www.mbp.chrzanow.pl\/akademiaslowa\/index.php\/wp-json\/wp\/v2\/comments?post=959"}],"version-history":[{"count":4,"href":"https:\/\/www.mbp.chrzanow.pl\/akademiaslowa\/index.php\/wp-json\/wp\/v2\/posts\/959\/revisions"}],"predecessor-version":[{"id":1030,"href":"https:\/\/www.mbp.chrzanow.pl\/akademiaslowa\/index.php\/wp-json\/wp\/v2\/posts\/959\/revisions\/1030"}],"wp:attachment":[{"href":"https:\/\/www.mbp.chrzanow.pl\/akademiaslowa\/index.php\/wp-json\/wp\/v2\/media?parent=959"}],"wp:term":[{"taxonomy":"category","embeddable":true,"href":"https:\/\/www.mbp.chrzanow.pl\/akademiaslowa\/index.php\/wp-json\/wp\/v2\/categories?post=959"},{"taxonomy":"post_tag","embeddable":true,"href":"https:\/\/www.mbp.chrzanow.pl\/akademiaslowa\/index.php\/wp-json\/wp\/v2\/tags?post=959"}],"curies":[{"name":"wp","href":"https:\/\/api.w.org\/{rel}","templated":true}]}}