{"id":1126,"date":"2021-11-02T08:49:31","date_gmt":"2021-11-02T07:49:31","guid":{"rendered":"https:\/\/www.mbp.chrzanow.pl\/dkkchrzanow\/?p=1126"},"modified":"2021-11-02T08:56:52","modified_gmt":"2021-11-02T07:56:52","slug":"spotkanie-dkk-jacek-hugo-bader-skucha-relacja","status":"publish","type":"post","link":"https:\/\/www.mbp.chrzanow.pl\/dkkchrzanow\/?p=1126","title":{"rendered":"Spotkanie DKK \u2013 Jacek Hugo &#8211; Bader, \u201cSkucha\u201d \u2013 relacja"},"content":{"rendered":"\t\t<div data-elementor-type=\"wp-post\" data-elementor-id=\"1126\" class=\"elementor elementor-1126\">\n\t\t\t\t\t\t<section class=\"elementor-section elementor-top-section elementor-element elementor-element-00ddea7 elementor-section-boxed elementor-section-height-default elementor-section-height-default\" data-id=\"00ddea7\" data-element_type=\"section\" data-e-type=\"section\">\n\t\t\t\t\t\t<div class=\"elementor-container elementor-column-gap-default\">\n\t\t\t\t\t<div class=\"elementor-column elementor-col-100 elementor-top-column elementor-element elementor-element-fe99354\" data-id=\"fe99354\" data-element_type=\"column\" data-e-type=\"column\">\n\t\t\t<div class=\"elementor-widget-wrap elementor-element-populated\">\n\t\t\t\t\t\t<div class=\"elementor-element elementor-element-99ef4ec elementor-widget elementor-widget-text-editor\" data-id=\"99ef4ec\" data-element_type=\"widget\" data-e-type=\"widget\" data-widget_type=\"text-editor.default\">\n\t\t\t\t<div class=\"elementor-widget-container\">\n\t\t\t\t\t\t\t\t\t<div><section class=\"elementor-section elementor-top-section elementor-element elementor-element-7ad4170 elementor-section-boxed elementor-section-height-default elementor-section-height-default\" data-id=\"7ad4170\" data-element_type=\"section\" data-settings=\"{&quot;_ha_eqh_enable&quot;:false}\"><div class=\"elementor-container elementor-column-gap-default\"><div class=\"elementor-row\"><div class=\"elementor-column elementor-col-100 elementor-top-column elementor-element elementor-element-86bd5cc\" data-id=\"86bd5cc\" data-element_type=\"column\"><div class=\"elementor-column-wrap elementor-element-populated\"><div class=\"elementor-widget-wrap\"><div class=\"elementor-element elementor-element-8c8b6ef elementor-widget elementor-widget-text-editor\" data-id=\"8c8b6ef\" data-element_type=\"widget\" data-widget_type=\"text-editor.default\"><div class=\"elementor-widget-container\"><div class=\"elementor-text-editor elementor-clearfix\"><div><p data-uw-styling-context=\"true\">28 pa\u017adziernika, o godz. 17:30 odby\u0142o si\u0119 spotkanie <strong data-uw-styling-context=\"true\">DKK \u2013 Dyskusyjnego Klubu Ksi\u0105\u017cki<\/strong>. Tym razem dyskutowali\u015bmy o ksi\u0105\u017cce <strong data-uw-styling-context=\"true\">Jacka Hugo \u2013 Badera \u201cSkucha\u201d<\/strong>.<\/p><div class=\"text text-with-border\"><p data-uw-styling-context=\"true\"><strong data-uw-styling-context=\"true\">Jacek Hugo \u2013 Bader<\/strong> to polski dziennikarz i przede wszystkim reporta\u017cysta, kt\u00f3rzy w bran\u017cy pracuje ju\u017c od pocz\u0105tku lat 90.. Uko\u0144czy\u0142 studia pedagogiczne, co pozwoli\u0142o mu podj\u0105\u0107 prac\u0119 jako nauczyciel historii w szkole specjalnej. Ponadto by\u0142 r\u00f3wnie\u017c pedagogiem szkolnym i socjoterapeut\u0105 w poradni ma\u0142\u017ce\u0144skiej.<br \/><br \/>Bader dzia\u0142a\u0142 r\u00f3wnie\u017c w opozycji demokratycznej i by\u0142 ostatnim szefem kolporta\u017cu Mi\u0119dzyzak\u0142adowej Komisji Koordynacyjnej, podziemnej struktury \u201eSolidarno\u015bci\u201d, wydaj\u0105cej tygodnik \u201eWola\u201d i drukuj\u0105cej \u201eTygodnik Mazowsze\u201d. Od wielu lat pisarz jest zwi\u0105zany z \u201eGazet\u0105 wyborcz\u0105\u201d. Do dzia\u0142u reporta\u017cu do\u0142\u0105czy\u0142 po wygranym konkursie. Jego teksty dotycz\u0105 g\u0142\u00f3wnie kraj\u00f3w by\u0142ego ZSRR. Za swoj\u0105 tw\u00f3rczo\u015b\u0107 otrzyma\u0142 wiele presti\u017cowych wyr\u00f3\u017cnie\u0144 i nominacji, m.in. Grand Press, Nagrod\u0119 Bursztynowego Motyla im. Arkadego Fiedlera czy Czwarty \u017bywio\u0142 przyznawan\u0105 przez publiczno\u015b\u0107 podczas Festiwalu Podr\u00f3\u017cnik\u00f3w Trzy \u017bywio\u0142y. W 2014 roku prezydent Bronis\u0142aw Komorowski odznaczy\u0142 go Krzy\u017cem Kawalerskim Orderu Odrodzenia Polski.<br \/><br \/>Warto wspomnie\u0107 tutaj, \u017ce to w\u0142a\u015bnie Hugo-Bader odpowiedzialny jest za dziennikarsk\u0105 prowokacj\u0119 podczas Marszu Niepodleg\u0142o\u015bci w 2016 roku. Ucharakteryzowa\u0142 si\u0119 na osob\u0119 czarnosk\u00f3r\u0105, po czym wzi\u0105\u0142 udzia\u0142 w wydarzeniu. Nast\u0119pnie za\u015b opublikowa\u0142 do\u015b\u0107 kontrowersyjny reporta\u017c.<br \/><br \/>Do najbardziej popularnych i wartych uwagi tekst\u00f3w Jacka Hugo-Badera nale\u017c\u0105: Skucha, Bia\u0142a Gor\u0105czka, Dzienniki ko\u0142ymskie czy D\u0142ugi film o mi\u0142o\u015bci. Powr\u00f3t na Broad Peak.<\/p><\/div><\/div><div data-uw-styling-context=\"true\">\u0179r\u00f3d\u0142o informacji: <a href=\"https:\/\/www.taniaksiazka.pl\/autor\/jacek-hugo-bader\" data-uw-styling-context=\"true\">https:\/\/www.taniaksiazka.pl<\/a><\/div><div>\u00a0<\/div><div data-uw-styling-context=\"true\">Oto kilka zdj\u0119\u0107 z naszego spotkania.<\/div><\/div><\/div><\/div><\/div><\/div><\/div><\/div><\/div><\/section><\/div>\t\t\t\t\t\t\t\t<\/div>\n\t\t\t\t<\/div>\n\t\t\t\t\t<\/div>\n\t\t<\/div>\n\t\t\t\t\t<\/div>\n\t\t<\/section>\n\t\t\t\t<section class=\"elementor-section elementor-top-section elementor-element elementor-element-a65c482 elementor-section-boxed elementor-section-height-default elementor-section-height-default\" data-id=\"a65c482\" data-element_type=\"section\" data-e-type=\"section\">\n\t\t\t\t\t\t<div class=\"elementor-container elementor-column-gap-default\">\n\t\t\t\t\t<div class=\"elementor-column elementor-col-100 elementor-top-column elementor-element elementor-element-dfea960\" data-id=\"dfea960\" data-element_type=\"column\" data-e-type=\"column\">\n\t\t\t<div class=\"elementor-widget-wrap elementor-element-populated\">\n\t\t\t\t\t\t<div class=\"elementor-element elementor-element-898aa32 elementor-widget elementor-widget-image-gallery\" data-id=\"898aa32\" data-element_type=\"widget\" data-e-type=\"widget\" data-widget_type=\"image-gallery.default\">\n\t\t\t\t<div class=\"elementor-widget-container\">\n\t\t\t\t\t\t\t<div class=\"elementor-image-gallery\">\n\t\t\t<div id='gallery-1' class='gallery galleryid-1126 gallery-columns-4 gallery-size-thumbnail'><figure class='gallery-item'>\n\t\t\t<div class='gallery-icon landscape'>\n\t\t\t\t<a data-elementor-open-lightbox=\"yes\" data-elementor-lightbox-slideshow=\"898aa32\" data-elementor-lightbox-title=\"DSC_0093_nowe\" data-e-action-hash=\"#elementor-action%3Aaction%3Dlightbox%26settings%3DeyJpZCI6MTEzMCwidXJsIjoiaHR0cHM6XC9cL3d3dy5tYnAuY2hyemFub3cucGxcL2Rra2Nocnphbm93XC93cC1jb250ZW50XC91cGxvYWRzXC8yMDIxXC8xMVwvRFNDXzAwOTNfbm93ZS1zY2FsZWQuanBnIiwic2xpZGVzaG93IjoiODk4YWEzMiJ9\" href='https:\/\/www.mbp.chrzanow.pl\/dkkchrzanow\/wp-content\/uploads\/2021\/11\/DSC_0093_nowe-scaled.jpg'><img decoding=\"async\" width=\"150\" height=\"150\" src=\"https:\/\/www.mbp.chrzanow.pl\/dkkchrzanow\/wp-content\/uploads\/2021\/11\/DSC_0093_nowe-150x150.jpg\" class=\"attachment-thumbnail size-thumbnail\" alt=\"\" srcset=\"https:\/\/www.mbp.chrzanow.pl\/dkkchrzanow\/wp-content\/uploads\/2021\/11\/DSC_0093_nowe-150x150.jpg 150w, https:\/\/www.mbp.chrzanow.pl\/dkkchrzanow\/wp-content\/uploads\/2021\/11\/DSC_0093_nowe-75x75.jpg 75w\" sizes=\"(max-width: 150px) 100vw, 150px\" \/><\/a>\n\t\t\t<\/div><\/figure><figure class='gallery-item'>\n\t\t\t<div class='gallery-icon landscape'>\n\t\t\t\t<a data-elementor-open-lightbox=\"yes\" data-elementor-lightbox-slideshow=\"898aa32\" data-elementor-lightbox-title=\"DSC_0101_nowe\" data-e-action-hash=\"#elementor-action%3Aaction%3Dlightbox%26settings%3DeyJpZCI6MTEzMSwidXJsIjoiaHR0cHM6XC9cL3d3dy5tYnAuY2hyemFub3cucGxcL2Rra2Nocnphbm93XC93cC1jb250ZW50XC91cGxvYWRzXC8yMDIxXC8xMVwvRFNDXzAxMDFfbm93ZS1zY2FsZWQuanBnIiwic2xpZGVzaG93IjoiODk4YWEzMiJ9\" href='https:\/\/www.mbp.chrzanow.pl\/dkkchrzanow\/wp-content\/uploads\/2021\/11\/DSC_0101_nowe-scaled.jpg'><img decoding=\"async\" width=\"150\" height=\"150\" src=\"https:\/\/www.mbp.chrzanow.pl\/dkkchrzanow\/wp-content\/uploads\/2021\/11\/DSC_0101_nowe-150x150.jpg\" class=\"attachment-thumbnail size-thumbnail\" alt=\"\" srcset=\"https:\/\/www.mbp.chrzanow.pl\/dkkchrzanow\/wp-content\/uploads\/2021\/11\/DSC_0101_nowe-150x150.jpg 150w, https:\/\/www.mbp.chrzanow.pl\/dkkchrzanow\/wp-content\/uploads\/2021\/11\/DSC_0101_nowe-75x75.jpg 75w\" sizes=\"(max-width: 150px) 100vw, 150px\" \/><\/a>\n\t\t\t<\/div><\/figure><figure class='gallery-item'>\n\t\t\t<div class='gallery-icon landscape'>\n\t\t\t\t<a data-elementor-open-lightbox=\"yes\" data-elementor-lightbox-slideshow=\"898aa32\" data-elementor-lightbox-title=\"DSC_0104_nowe\" data-e-action-hash=\"#elementor-action%3Aaction%3Dlightbox%26settings%3DeyJpZCI6MTEzMywidXJsIjoiaHR0cHM6XC9cL3d3dy5tYnAuY2hyemFub3cucGxcL2Rra2Nocnphbm93XC93cC1jb250ZW50XC91cGxvYWRzXC8yMDIxXC8xMVwvRFNDXzAxMDRfbm93ZS1zY2FsZWQuanBnIiwic2xpZGVzaG93IjoiODk4YWEzMiJ9\" href='https:\/\/www.mbp.chrzanow.pl\/dkkchrzanow\/wp-content\/uploads\/2021\/11\/DSC_0104_nowe-scaled.jpg'><img decoding=\"async\" width=\"150\" height=\"150\" src=\"https:\/\/www.mbp.chrzanow.pl\/dkkchrzanow\/wp-content\/uploads\/2021\/11\/DSC_0104_nowe-150x150.jpg\" class=\"attachment-thumbnail size-thumbnail\" alt=\"\" srcset=\"https:\/\/www.mbp.chrzanow.pl\/dkkchrzanow\/wp-content\/uploads\/2021\/11\/DSC_0104_nowe-150x150.jpg 150w, https:\/\/www.mbp.chrzanow.pl\/dkkchrzanow\/wp-content\/uploads\/2021\/11\/DSC_0104_nowe-75x75.jpg 75w\" sizes=\"(max-width: 150px) 100vw, 150px\" \/><\/a>\n\t\t\t<\/div><\/figure><figure class='gallery-item'>\n\t\t\t<div class='gallery-icon landscape'>\n\t\t\t\t<a data-elementor-open-lightbox=\"yes\" data-elementor-lightbox-slideshow=\"898aa32\" data-elementor-lightbox-title=\"DSC_0102_nowe\" data-e-action-hash=\"#elementor-action%3Aaction%3Dlightbox%26settings%3DeyJpZCI6MTEzMiwidXJsIjoiaHR0cHM6XC9cL3d3dy5tYnAuY2hyemFub3cucGxcL2Rra2Nocnphbm93XC93cC1jb250ZW50XC91cGxvYWRzXC8yMDIxXC8xMVwvRFNDXzAxMDJfbm93ZS1zY2FsZWQuanBnIiwic2xpZGVzaG93IjoiODk4YWEzMiJ9\" href='https:\/\/www.mbp.chrzanow.pl\/dkkchrzanow\/wp-content\/uploads\/2021\/11\/DSC_0102_nowe-scaled.jpg'><img loading=\"lazy\" decoding=\"async\" width=\"150\" height=\"150\" src=\"https:\/\/www.mbp.chrzanow.pl\/dkkchrzanow\/wp-content\/uploads\/2021\/11\/DSC_0102_nowe-150x150.jpg\" class=\"attachment-thumbnail size-thumbnail\" alt=\"\" srcset=\"https:\/\/www.mbp.chrzanow.pl\/dkkchrzanow\/wp-content\/uploads\/2021\/11\/DSC_0102_nowe-150x150.jpg 150w, https:\/\/www.mbp.chrzanow.pl\/dkkchrzanow\/wp-content\/uploads\/2021\/11\/DSC_0102_nowe-75x75.jpg 75w\" sizes=\"(max-width: 150px) 100vw, 150px\" \/><\/a>\n\t\t\t<\/div><\/figure>\n\t\t<\/div>\n\t\t<\/div>\n\t\t\t\t\t\t<\/div>\n\t\t\t\t<\/div>\n\t\t\t\t\t<\/div>\n\t\t<\/div>\n\t\t\t\t\t<\/div>\n\t\t<\/section>\n\t\t\t\t<section class=\"elementor-section elementor-inner-section elementor-element elementor-element-4329f8d5 elementor-section-boxed elementor-section-height-default elementor-section-height-default\" data-id=\"4329f8d5\" data-element_type=\"section\" data-e-type=\"section\">\n\t\t\t\t\t\t<div class=\"elementor-container elementor-column-gap-default\">\n\t\t\t\t\t<div class=\"elementor-column elementor-col-25 elementor-inner-column elementor-element elementor-element-5a016253\" data-id=\"5a016253\" data-element_type=\"column\" data-e-type=\"column\">\n\t\t\t<div class=\"elementor-widget-wrap\">\n\t\t\t\t\t\t\t<\/div>\n\t\t<\/div>\n\t\t\t\t<div class=\"elementor-column elementor-col-25 elementor-inner-column elementor-element elementor-element-62b512ae\" data-id=\"62b512ae\" data-element_type=\"column\" data-e-type=\"column\">\n\t\t\t<div class=\"elementor-widget-wrap elementor-element-populated\">\n\t\t\t\t\t\t<div class=\"elementor-element elementor-element-56ca11de elementor-align-center elementor-icon-list--layout-traditional elementor-list-item-link-full_width elementor-widget elementor-widget-icon-list\" data-id=\"56ca11de\" data-element_type=\"widget\" data-e-type=\"widget\" data-widget_type=\"icon-list.default\">\n\t\t\t\t<div class=\"elementor-widget-container\">\n\t\t\t\t\t\t\t<ul class=\"elementor-icon-list-items\">\n\t\t\t\t\t\t\t<li class=\"elementor-icon-list-item\">\n\t\t\t\t\t\t\t\t\t\t\t<a href=\"https:\/\/www.facebook.com\/mbp.chrzanow\/\" target=\"_blank\">\n\n\t\t\t\t\t\t\t\t\t\t\t\t<span class=\"elementor-icon-list-icon\">\n\t\t\t\t\t\t\t\t\t\t\t\t\t\t\t\t<i class=\"fa fa-check\" aria-hidden=\"true\"><\/i>\n\t\t\t\t\t\t\t\t\t\t\t\t\t<\/span>\n\t\t\t\t\t\t\t\t\t\t<span class=\"elementor-icon-list-text\"><\/span>\n\t\t\t\t\t\t\t\t\t\t\t<\/a>\n\t\t\t\t\t\t\t\t\t<\/li>\n\t\t\t\t\t\t<\/ul>\n\t\t\t\t\t\t<\/div>\n\t\t\t\t<\/div>\n\t\t\t\t\t<\/div>\n\t\t<\/div>\n\t\t\t\t<div class=\"elementor-column elementor-col-25 elementor-inner-column elementor-element elementor-element-71242201\" data-id=\"71242201\" data-element_type=\"column\" data-e-type=\"column\">\n\t\t\t<div class=\"elementor-widget-wrap elementor-element-populated\">\n\t\t\t\t\t\t<div class=\"elementor-element elementor-element-75fb693d elementor-align-center elementor-icon-list--layout-traditional elementor-list-item-link-full_width elementor-widget elementor-widget-icon-list\" data-id=\"75fb693d\" data-element_type=\"widget\" data-e-type=\"widget\" data-widget_type=\"icon-list.default\">\n\t\t\t\t<div class=\"elementor-widget-container\">\n\t\t\t\t\t\t\t<ul class=\"elementor-icon-list-items\">\n\t\t\t\t\t\t\t<li class=\"elementor-icon-list-item\">\n\t\t\t\t\t\t\t\t\t\t\t<a href=\"https:\/\/www.instagram.com\/mbp_chrzanow\/\" target=\"_blank\">\n\n\t\t\t\t\t\t\t\t\t\t\t\t<span class=\"elementor-icon-list-icon\">\n\t\t\t\t\t\t\t\t\t\t\t\t\t\t\t\t<i class=\"fa fa-check\" aria-hidden=\"true\"><\/i>\n\t\t\t\t\t\t\t\t\t\t\t\t\t<\/span>\n\t\t\t\t\t\t\t\t\t\t<span class=\"elementor-icon-list-text\"><\/span>\n\t\t\t\t\t\t\t\t\t\t\t<\/a>\n\t\t\t\t\t\t\t\t\t<\/li>\n\t\t\t\t\t\t<\/ul>\n\t\t\t\t\t\t<\/div>\n\t\t\t\t<\/div>\n\t\t\t\t\t<\/div>\n\t\t<\/div>\n\t\t\t\t<div class=\"elementor-column elementor-col-25 elementor-inner-column elementor-element elementor-element-340a32b0\" data-id=\"340a32b0\" data-element_type=\"column\" data-e-type=\"column\">\n\t\t\t<div class=\"elementor-widget-wrap elementor-element-populated\">\n\t\t\t\t\t\t<div class=\"elementor-element elementor-element-3a4aff95 elementor-align-center elementor-icon-list--layout-traditional elementor-list-item-link-full_width elementor-widget elementor-widget-icon-list\" data-id=\"3a4aff95\" data-element_type=\"widget\" data-e-type=\"widget\" data-widget_type=\"icon-list.default\">\n\t\t\t\t<div class=\"elementor-widget-container\">\n\t\t\t\t\t\t\t<ul class=\"elementor-icon-list-items\">\n\t\t\t\t\t\t\t<li class=\"elementor-icon-list-item\">\n\t\t\t\t\t\t\t\t\t\t\t<a href=\"https:\/\/www.youtube.com\/user\/MBPChrzanow\" target=\"_blank\">\n\n\t\t\t\t\t\t\t\t\t\t\t\t<span class=\"elementor-icon-list-icon\">\n\t\t\t\t\t\t\t\t\t\t\t\t\t\t\t\t<i class=\"fa fa-check\" aria-hidden=\"true\"><\/i>\n\t\t\t\t\t\t\t\t\t\t\t\t\t<\/span>\n\t\t\t\t\t\t\t\t\t\t<span class=\"elementor-icon-list-text\"><\/span>\n\t\t\t\t\t\t\t\t\t\t\t<\/a>\n\t\t\t\t\t\t\t\t\t<\/li>\n\t\t\t\t\t\t<\/ul>\n\t\t\t\t\t\t<\/div>\n\t\t\t\t<\/div>\n\t\t\t\t\t<\/div>\n\t\t<\/div>\n\t\t\t\t\t<\/div>\n\t\t<\/section>\n\t\t\t\t<\/div>\n\t\t","protected":false},"excerpt":{"rendered":"<p>28 pa\u017adziernika, o godz. 17:30 odby\u0142o si\u0119 spotkanie DKK \u2013 Dyskusyjnego Klubu Ksi\u0105\u017cki. Tym razem dyskutowali\u015bmy o ksi\u0105\u017cce Jacka Hugo \u2013 Badera \u201cSkucha\u201d. Jacek Hugo&hellip; <\/p>\n","protected":false},"author":3,"featured_media":1128,"comment_status":"closed","ping_status":"open","sticky":false,"template":"","format":"standard","meta":{"footnotes":""},"categories":[3],"tags":[44],"class_list":["post-1126","post","type-post","status-publish","format-standard","has-post-thumbnail","hentry","category-czytamzdkk","tag-relacja"],"_links":{"self":[{"href":"https:\/\/www.mbp.chrzanow.pl\/dkkchrzanow\/index.php?rest_route=\/wp\/v2\/posts\/1126","targetHints":{"allow":["GET"]}}],"collection":[{"href":"https:\/\/www.mbp.chrzanow.pl\/dkkchrzanow\/index.php?rest_route=\/wp\/v2\/posts"}],"about":[{"href":"https:\/\/www.mbp.chrzanow.pl\/dkkchrzanow\/index.php?rest_route=\/wp\/v2\/types\/post"}],"author":[{"embeddable":true,"href":"https:\/\/www.mbp.chrzanow.pl\/dkkchrzanow\/index.php?rest_route=\/wp\/v2\/users\/3"}],"replies":[{"embeddable":true,"href":"https:\/\/www.mbp.chrzanow.pl\/dkkchrzanow\/index.php?rest_route=%2Fwp%2Fv2%2Fcomments&post=1126"}],"version-history":[{"count":9,"href":"https:\/\/www.mbp.chrzanow.pl\/dkkchrzanow\/index.php?rest_route=\/wp\/v2\/posts\/1126\/revisions"}],"predecessor-version":[{"id":1140,"href":"https:\/\/www.mbp.chrzanow.pl\/dkkchrzanow\/index.php?rest_route=\/wp\/v2\/posts\/1126\/revisions\/1140"}],"wp:featuredmedia":[{"embeddable":true,"href":"https:\/\/www.mbp.chrzanow.pl\/dkkchrzanow\/index.php?rest_route=\/wp\/v2\/media\/1128"}],"wp:attachment":[{"href":"https:\/\/www.mbp.chrzanow.pl\/dkkchrzanow\/index.php?rest_route=%2Fwp%2Fv2%2Fmedia&parent=1126"}],"wp:term":[{"taxonomy":"category","embeddable":true,"href":"https:\/\/www.mbp.chrzanow.pl\/dkkchrzanow\/index.php?rest_route=%2Fwp%2Fv2%2Fcategories&post=1126"},{"taxonomy":"post_tag","embeddable":true,"href":"https:\/\/www.mbp.chrzanow.pl\/dkkchrzanow\/index.php?rest_route=%2Fwp%2Fv2%2Ftags&post=1126"}],"curies":[{"name":"wp","href":"https:\/\/api.w.org\/{rel}","templated":true}]}}