{"id":1295,"date":"2022-05-27T14:16:50","date_gmt":"2022-05-27T12:16:50","guid":{"rendered":"https:\/\/www.mbp.chrzanow.pl\/dkkchrzanow\/?p=1295"},"modified":"2022-05-27T14:53:58","modified_gmt":"2022-05-27T12:53:58","slug":"spotkanie-dkk-jostein-gaarder-w-sam-raz-krotka-opowiesc-o-prawie-wszystkim-relacja","status":"publish","type":"post","link":"https:\/\/www.mbp.chrzanow.pl\/dkkchrzanow\/?p=1295","title":{"rendered":"Spotkanie DKK \u2013 Jostein Gaarder, &#8222;W sam raz. Kr\u00f3tka opowie\u015b\u0107 o prawie wszystkim&#8221;\u2013 relacja"},"content":{"rendered":"\t\t<div data-elementor-type=\"wp-post\" data-elementor-id=\"1295\" class=\"elementor elementor-1295\">\n\t\t\t\t\t\t<section class=\"elementor-section elementor-top-section elementor-element elementor-element-00ddea7 elementor-section-boxed elementor-section-height-default elementor-section-height-default\" data-id=\"00ddea7\" data-element_type=\"section\" data-e-type=\"section\">\n\t\t\t\t\t\t<div class=\"elementor-container elementor-column-gap-default\">\n\t\t\t\t\t<div class=\"elementor-column elementor-col-100 elementor-top-column elementor-element elementor-element-fe99354\" data-id=\"fe99354\" data-element_type=\"column\" data-e-type=\"column\">\n\t\t\t<div class=\"elementor-widget-wrap elementor-element-populated\">\n\t\t\t\t\t\t<div class=\"elementor-element elementor-element-99ef4ec elementor-widget elementor-widget-text-editor\" data-id=\"99ef4ec\" data-element_type=\"widget\" data-e-type=\"widget\" data-widget_type=\"text-editor.default\">\n\t\t\t\t<div class=\"elementor-widget-container\">\n\t\t\t\t\t\t\t\t\t<p data-uw-styling-context=\"true\"><strong data-uw-styling-context=\"true\">26 .05<\/strong>\u00a0(czwartek)\u00a0<strong data-uw-styling-context=\"true\">2022<\/strong>, o godz. 17:30, odby\u0142o si\u0119 spotkanie\u00a0<a href=\"https:\/\/www.mbp.chrzanow.pl\/dkkchrzanow\/\" target=\"_blank\" rel=\"noopener\" data-uw-styling-context=\"true\">DKK \u2013 Dyskusyjnego Klubu Ksi\u0105\u017cki<\/a>.<\/p><p data-uw-styling-context=\"true\">Dyskutowali\u015bmy o ksi\u0105\u017cce\u00a0<b data-uw-styling-context=\"true\">Josteina Gaarder, W sam raz. Kr\u00f3tka opowie\u015b\u0107 o prawie wszystkim.<\/b><\/p><p data-uw-styling-context=\"true\">Wyb\u00f3r ksi\u0105\u017cki\u00a0 \u2013 doskona\u0142y. Si\u0119gaj\u0105c po powie\u015b\u0107 Gaardera nie mieli\u015bmy poj\u0119cia czego si\u0119 spodziewa\u0107, chocia\u017c pami\u0119tali\u015bmy Jego\u00a0 \u201e\u015awiata Zofii\u201d, kt\u00f3ry by\u0142 hitem w latach 90-tych.\u00a0 Ksi\u0105\u017cka zdecydowanie \u201cw sam raz\u201d \u2013 porwa\u0142a nas\u00a0 swoj\u0105 narracj\u0105 i sk\u0142oni\u0142a do przemy\u015ble\u0144. Dyskusja jak zawsze by\u0142a burzliwa\u2026 POLECAMY!\u00a0<\/p>\t\t\t\t\t\t\t\t<\/div>\n\t\t\t\t<\/div>\n\t\t\t\t\t<\/div>\n\t\t<\/div>\n\t\t\t\t\t<\/div>\n\t\t<\/section>\n\t\t\t\t<section class=\"elementor-section elementor-top-section elementor-element elementor-element-a65c482 elementor-section-boxed elementor-section-height-default elementor-section-height-default\" data-id=\"a65c482\" data-element_type=\"section\" data-e-type=\"section\">\n\t\t\t\t\t\t<div class=\"elementor-container elementor-column-gap-default\">\n\t\t\t\t\t<div class=\"elementor-column elementor-col-100 elementor-top-column elementor-element elementor-element-dfea960\" data-id=\"dfea960\" data-element_type=\"column\" data-e-type=\"column\">\n\t\t\t<div class=\"elementor-widget-wrap elementor-element-populated\">\n\t\t\t\t\t\t<div class=\"elementor-element elementor-element-898aa32 gallery-spacing-custom elementor-widget elementor-widget-image-gallery\" data-id=\"898aa32\" data-element_type=\"widget\" data-e-type=\"widget\" data-widget_type=\"image-gallery.default\">\n\t\t\t\t<div class=\"elementor-widget-container\">\n\t\t\t\t\t\t\t<div class=\"elementor-image-gallery\">\n\t\t\t<div id='gallery-1' class='gallery galleryid-1295 gallery-columns-4 gallery-size-thumbnail'><figure class='gallery-item'>\n\t\t\t<div class='gallery-icon portrait'>\n\t\t\t\t<a data-elementor-open-lightbox=\"yes\" data-elementor-lightbox-slideshow=\"898aa32\" data-elementor-lightbox-title=\"DSC_0066\" data-e-action-hash=\"#elementor-action%3Aaction%3Dlightbox%26settings%3DeyJpZCI6MTMwMSwidXJsIjoiaHR0cHM6XC9cL3d3dy5tYnAuY2hyemFub3cucGxcL2Rra2Nocnphbm93XC93cC1jb250ZW50XC91cGxvYWRzXC8yMDIyXC8wNVwvRFNDXzAwNjYtMS5qcGciLCJzbGlkZXNob3ciOiI4OThhYTMyIn0%3D\" href='https:\/\/www.mbp.chrzanow.pl\/dkkchrzanow\/wp-content\/uploads\/2022\/05\/DSC_0066-1.jpg'><img decoding=\"async\" width=\"150\" height=\"150\" src=\"https:\/\/www.mbp.chrzanow.pl\/dkkchrzanow\/wp-content\/uploads\/2022\/05\/DSC_0066-1-150x150.jpg\" class=\"attachment-thumbnail size-thumbnail\" alt=\"\" srcset=\"https:\/\/www.mbp.chrzanow.pl\/dkkchrzanow\/wp-content\/uploads\/2022\/05\/DSC_0066-1-150x150.jpg 150w, https:\/\/www.mbp.chrzanow.pl\/dkkchrzanow\/wp-content\/uploads\/2022\/05\/DSC_0066-1-75x75.jpg 75w\" sizes=\"(max-width: 150px) 100vw, 150px\" \/><\/a>\n\t\t\t<\/div><\/figure><figure class='gallery-item'>\n\t\t\t<div class='gallery-icon landscape'>\n\t\t\t\t<a data-elementor-open-lightbox=\"yes\" data-elementor-lightbox-slideshow=\"898aa32\" data-elementor-lightbox-title=\"DSC_0067\" data-e-action-hash=\"#elementor-action%3Aaction%3Dlightbox%26settings%3DeyJpZCI6MTMwMiwidXJsIjoiaHR0cHM6XC9cL3d3dy5tYnAuY2hyemFub3cucGxcL2Rra2Nocnphbm93XC93cC1jb250ZW50XC91cGxvYWRzXC8yMDIyXC8wNVwvRFNDXzAwNjctMS5qcGciLCJzbGlkZXNob3ciOiI4OThhYTMyIn0%3D\" href='https:\/\/www.mbp.chrzanow.pl\/dkkchrzanow\/wp-content\/uploads\/2022\/05\/DSC_0067-1.jpg'><img decoding=\"async\" width=\"150\" height=\"150\" src=\"https:\/\/www.mbp.chrzanow.pl\/dkkchrzanow\/wp-content\/uploads\/2022\/05\/DSC_0067-1-150x150.jpg\" class=\"attachment-thumbnail size-thumbnail\" alt=\"\" srcset=\"https:\/\/www.mbp.chrzanow.pl\/dkkchrzanow\/wp-content\/uploads\/2022\/05\/DSC_0067-1-150x150.jpg 150w, https:\/\/www.mbp.chrzanow.pl\/dkkchrzanow\/wp-content\/uploads\/2022\/05\/DSC_0067-1-75x75.jpg 75w\" sizes=\"(max-width: 150px) 100vw, 150px\" \/><\/a>\n\t\t\t<\/div><\/figure><figure class='gallery-item'>\n\t\t\t<div class='gallery-icon landscape'>\n\t\t\t\t<a data-elementor-open-lightbox=\"yes\" data-elementor-lightbox-slideshow=\"898aa32\" data-elementor-lightbox-title=\"DSC_0064\" data-e-action-hash=\"#elementor-action%3Aaction%3Dlightbox%26settings%3DeyJpZCI6MTMwMywidXJsIjoiaHR0cHM6XC9cL3d3dy5tYnAuY2hyemFub3cucGxcL2Rra2Nocnphbm93XC93cC1jb250ZW50XC91cGxvYWRzXC8yMDIyXC8wNVwvRFNDXzAwNjQtMS5qcGciLCJzbGlkZXNob3ciOiI4OThhYTMyIn0%3D\" href='https:\/\/www.mbp.chrzanow.pl\/dkkchrzanow\/wp-content\/uploads\/2022\/05\/DSC_0064-1.jpg'><img decoding=\"async\" width=\"150\" height=\"150\" src=\"https:\/\/www.mbp.chrzanow.pl\/dkkchrzanow\/wp-content\/uploads\/2022\/05\/DSC_0064-1-150x150.jpg\" class=\"attachment-thumbnail size-thumbnail\" alt=\"\" srcset=\"https:\/\/www.mbp.chrzanow.pl\/dkkchrzanow\/wp-content\/uploads\/2022\/05\/DSC_0064-1-150x150.jpg 150w, https:\/\/www.mbp.chrzanow.pl\/dkkchrzanow\/wp-content\/uploads\/2022\/05\/DSC_0064-1-75x75.jpg 75w\" sizes=\"(max-width: 150px) 100vw, 150px\" \/><\/a>\n\t\t\t<\/div><\/figure><figure class='gallery-item'>\n\t\t\t<div class='gallery-icon landscape'>\n\t\t\t\t<a data-elementor-open-lightbox=\"yes\" data-elementor-lightbox-slideshow=\"898aa32\" data-elementor-lightbox-title=\"DSC_0065\" data-e-action-hash=\"#elementor-action%3Aaction%3Dlightbox%26settings%3DeyJpZCI6MTMwNCwidXJsIjoiaHR0cHM6XC9cL3d3dy5tYnAuY2hyemFub3cucGxcL2Rra2Nocnphbm93XC93cC1jb250ZW50XC91cGxvYWRzXC8yMDIyXC8wNVwvRFNDXzAwNjUtMS5qcGciLCJzbGlkZXNob3ciOiI4OThhYTMyIn0%3D\" href='https:\/\/www.mbp.chrzanow.pl\/dkkchrzanow\/wp-content\/uploads\/2022\/05\/DSC_0065-1.jpg'><img loading=\"lazy\" decoding=\"async\" width=\"150\" height=\"150\" src=\"https:\/\/www.mbp.chrzanow.pl\/dkkchrzanow\/wp-content\/uploads\/2022\/05\/DSC_0065-1-150x150.jpg\" class=\"attachment-thumbnail size-thumbnail\" alt=\"\" srcset=\"https:\/\/www.mbp.chrzanow.pl\/dkkchrzanow\/wp-content\/uploads\/2022\/05\/DSC_0065-1-150x150.jpg 150w, https:\/\/www.mbp.chrzanow.pl\/dkkchrzanow\/wp-content\/uploads\/2022\/05\/DSC_0065-1-75x75.jpg 75w\" sizes=\"(max-width: 150px) 100vw, 150px\" \/><\/a>\n\t\t\t<\/div><\/figure>\n\t\t<\/div>\n\t\t<\/div>\n\t\t\t\t\t\t<\/div>\n\t\t\t\t<\/div>\n\t\t\t\t\t<\/div>\n\t\t<\/div>\n\t\t\t\t\t<\/div>\n\t\t<\/section>\n\t\t\t\t<\/div>\n\t\t","protected":false},"excerpt":{"rendered":"<p>26 .05\u00a0(czwartek)\u00a02022, o godz. 17:30, odby\u0142o si\u0119 spotkanie\u00a0DKK \u2013 Dyskusyjnego Klubu Ksi\u0105\u017cki. Dyskutowali\u015bmy o ksi\u0105\u017cce\u00a0Josteina Gaarder, W sam raz. Kr\u00f3tka opowie\u015b\u0107 o prawie wszystkim. Wyb\u00f3r&hellip; <\/p>\n","protected":false},"author":3,"featured_media":1314,"comment_status":"closed","ping_status":"open","sticky":false,"template":"","format":"standard","meta":{"footnotes":""},"categories":[3],"tags":[52,44],"class_list":["post-1295","post","type-post","status-publish","format-standard","has-post-thumbnail","hentry","category-czytamzdkk","tag-52","tag-relacja"],"_links":{"self":[{"href":"https:\/\/www.mbp.chrzanow.pl\/dkkchrzanow\/index.php?rest_route=\/wp\/v2\/posts\/1295","targetHints":{"allow":["GET"]}}],"collection":[{"href":"https:\/\/www.mbp.chrzanow.pl\/dkkchrzanow\/index.php?rest_route=\/wp\/v2\/posts"}],"about":[{"href":"https:\/\/www.mbp.chrzanow.pl\/dkkchrzanow\/index.php?rest_route=\/wp\/v2\/types\/post"}],"author":[{"embeddable":true,"href":"https:\/\/www.mbp.chrzanow.pl\/dkkchrzanow\/index.php?rest_route=\/wp\/v2\/users\/3"}],"replies":[{"embeddable":true,"href":"https:\/\/www.mbp.chrzanow.pl\/dkkchrzanow\/index.php?rest_route=%2Fwp%2Fv2%2Fcomments&post=1295"}],"version-history":[{"count":16,"href":"https:\/\/www.mbp.chrzanow.pl\/dkkchrzanow\/index.php?rest_route=\/wp\/v2\/posts\/1295\/revisions"}],"predecessor-version":[{"id":1320,"href":"https:\/\/www.mbp.chrzanow.pl\/dkkchrzanow\/index.php?rest_route=\/wp\/v2\/posts\/1295\/revisions\/1320"}],"wp:featuredmedia":[{"embeddable":true,"href":"https:\/\/www.mbp.chrzanow.pl\/dkkchrzanow\/index.php?rest_route=\/wp\/v2\/media\/1314"}],"wp:attachment":[{"href":"https:\/\/www.mbp.chrzanow.pl\/dkkchrzanow\/index.php?rest_route=%2Fwp%2Fv2%2Fmedia&parent=1295"}],"wp:term":[{"taxonomy":"category","embeddable":true,"href":"https:\/\/www.mbp.chrzanow.pl\/dkkchrzanow\/index.php?rest_route=%2Fwp%2Fv2%2Fcategories&post=1295"},{"taxonomy":"post_tag","embeddable":true,"href":"https:\/\/www.mbp.chrzanow.pl\/dkkchrzanow\/index.php?rest_route=%2Fwp%2Fv2%2Ftags&post=1295"}],"curies":[{"name":"wp","href":"https:\/\/api.w.org\/{rel}","templated":true}]}}