{"id":139,"date":"2019-01-11T14:17:41","date_gmt":"2019-01-11T13:17:41","guid":{"rendered":"https:\/\/www.mbp.chrzanow.pl\/dkkchrzanow\/?p=139"},"modified":"2019-01-28T08:18:05","modified_gmt":"2019-01-28T07:18:05","slug":"zapowiedz-na-spotkanie-24-stycznia-2019-roku","status":"publish","type":"post","link":"https:\/\/www.mbp.chrzanow.pl\/dkkchrzanow\/?p=139","title":{"rendered":"\u201eKsi\u0105dz paradoks\u201d Magdalena Grzeba\u0142kowska 24.01.2019r."},"content":{"rendered":"\n<p>24 stycznia 2019 roku<\/p>\n\n\n\n<p class=\"has-background has-very-light-gray-background-color\"><em><strong>\u201eKsi\u0105dz paradoks. Biografia Jana Twardowskiego\u201d <\/strong><\/em><br>Magdalena Grzeba\u0142kowska<br>Wydawnictwo Znak  <\/p>\n\n\n\n<p>Debiut Magdaleny Grzeba\u0142kowskiej&nbsp; &#8211; wydana w 2015 r. biografia poety ksi\u0119dza Jana Twardowskiego \u201eKsi\u0105dz Paradoks\u201dsta\u0142a si\u0119 tematem bardzo ciekawego styczniowego spotkania DKK. &nbsp;Czytali\u015bmy i omawiali\u015bmy&nbsp; mniej wi\u0119cej po premierze filmu \u201eOstatnia rodzina\u201d, p\u00f3\u017aniejsze dzie\u0142o Grzeba\u0142kowskiej \u201eBeksi\u0144scy. Portret podw\u00f3jny\u201d, mieli\u015bmy wi\u0119c poj\u0119cie o warsztacie i mo\u017cliwo\u015bciach autorki. <\/p>\n\n\n\n<p>&nbsp;Na pocz\u0105tku dyskusji pojawi\u0142 si\u0119 problem, czy nie jest paradoksem tworzenie biografii osoby, kt\u00f3ra nie chcia\u0142a swojej biografii &#8211; \u201e zaciera\u0142a \u015blady\u201d, w wywiadach zmienia\u0142a fakty i opinie, a nawet niszczy\u0142a pami\u0105tki. &nbsp;Autorka mia\u0142a utrudnione zadanie, niekt\u00f3rzy pytani \u015bwiadkowie \u017cycia ksi\u0119dza Twardowskiego odm\u00f3wili kontaktu, brakowa\u0142o dokument\u00f3w, dziennikarskie \u015bledztwo utrudnia\u0142a tak\u017ce spadkobierczyni praw autorskich i spu\u015bcizny literackiej poety. W naszych przypuszczeniach pewnie st\u0105d wzi\u0105\u0142 si\u0119 literacki zabieg autorki: przeplatanie opowie\u015bci o \u017cyciu ksi\u0119dza Twardowskiego obszernymi cytatami z prasy codziennej, kt\u00f3re rysowa\u0142y mo\u017ce atmosfer\u0119 minionych lat, ale nie wnosi\u0142y wiele do znajomo\u015bci fakt\u00f3w z \u017cycia bohatera ksi\u0105\u017cki. Kilku uczestnikom dyskusji bardzo to przeszkadza\u0142o w lekturze.&nbsp;Na spotkaniu niekt\u00f3rzy dyskutanci zg\u0142osili nieznajomo\u015b\u0107 tw\u00f3rczo\u015bci ksi\u0119dza Twardowskiego, cz\u0119\u015b\u0107 czyta\u0142a wcze\u015bniej Jego poezje, ale nie by\u0142a nimi szczeg\u00f3lnie zachwycona, cz\u0119\u015b\u0107 os\u00f3b potwierdzi\u0142a fascynacj\u0119 jego wierszami. A pod koniec dyskusji jedna z jej uczestniczek nie\u015bmia\u0142o przyzna\u0142a si\u0119, \u017ce jest autork\u0105 pracy magisterskiej na temat poezji ksi\u0119dza Jana Twardowskiego. I cho\u0107 nie zachwyca si\u0119 jego tw\u00f3rczo\u015bci\u0105, chcia\u0142aby mie\u0107 w swoim otoczeniu takiego ksi\u0119dza, kt\u00f3ry w podobny spos\u00f3b przybli\u017ca\u0142by wiar\u0119 i postaw\u0119 chrze\u015bcijanina.&nbsp;Prze\u015bledzili\u015bmy te\u017c paradoksy z biografii bohatera, kt\u00f3rymi zaj\u0119\u0142a si\u0119 Grzeba\u0142kowska. &nbsp;Z jednej strony pragn\u0105\u0142 uznania dla swojej tw\u00f3rczo\u015bci, a z drugiej ucieka\u0142 przed fanami, nagrodami i pomniejsza\u0142 znaczenie swojej tw\u00f3rczo\u015bci. Nigdy nie m\u00f3wi\u0142 o sobie donio\u015ble \u201ekap\u0142an-poeta\u201d, ale \u201eksi\u0105dz, kt\u00f3ry pisze wiersze\u201d. By\u0142 cz\u0142owiekiem z wielkim poczuciem humoru, a jednocze\u015bnie rozpaczliwie samotnym. Poszukiwa\u0142 blisko\u015bci, tworzy\u0142 sobie rodzin\u0119, \u201eprzysposabia\u0142 wnuczki\u201d, a jednocze\u015bnie zerwa\u0142 w\u0142a\u015bciwie kontakty z cz\u0142onkami&nbsp; swojej prawdziwej rodziny. Jego ostatni\u0105 wol\u0105 by\u0142o spocz\u0105\u0107 na Pow\u0105zkach, obok matki, gdzie odwiedzaj\u0105cy mog\u0105 pos\u0142ucha\u0107 szumu brzozy i przynie\u015b\u0107 orzechy dla wiewi\u00f3rek. Hierarchowie Ko\u015bcio\u0142a wcisn\u0119li go jednak pod marmurow\u0105 p\u0142yt\u0119 w \u015awi\u0105tyni Opatrzno\u015bci Bo\u017cej, aby przyci\u0105gn\u0105\u0107 Jego popularno\u015bci\u0105 wiernych.&nbsp;Zastanawiali\u015bmy si\u0119 tak\u017ce nad fascynacj\u0105 ksi\u0119dza Twardowskiego kobietami &#8211; otacza\u0142 si\u0119 nimi, szuka\u0142 i piel\u0119gnowa\u0142 z nimi kontakty, a jednocze\u015bnie pisa\u0142 o czysto\u015bci, skromno\u015bci oraz powo\u0142aniu kap\u0142a\u0144skim . Cho\u0107 r\u00f3wnocze\u015bnie pisa\u0142, \u017ce \u201eczysto\u015b\u0107 jest krzy\u017cem\u201d. &nbsp;Pojawi\u0142 si\u0119 pogl\u0105d o \u201epierwiastku kobiecym\u201d w samym Twardowskim \u2013 jego zafascynowanie rzeczami i zjawiskami drobnymi, ledwo zauwa\u017calnymi dla innych, dba\u0142o\u015b\u0107 o szczeg\u00f3\u0142y wygl\u0105du \u2013 s\u0142ynny tupecik, kt\u00f3ry mia\u0142 maskowa\u0107 \u0142ysin\u0119, empatia i zrozumienie s\u0142abo\u015bci innych ludzi.&nbsp;<br>Dyskutowali\u015bmy tak\u017ce nad \u015bmierci\u0105 ksi\u0119dza Jana Twarowskiego, kt\u00f3r\u0105 to rozpoczyna si\u0119 narracja Grzeba\u0142kowskiej. Czy by\u0142a to \u015bmier\u0107 kr\u00f3lewska, godna, w otoczeniu dworu, czy raczej do\u015b\u0107 \u017ca\u0142osne i samotne odej\u015bcie, cho\u0107 w\u015br\u00f3d spadkobierc\u00f3w oczekuj\u0105cych na przej\u0119cie spu\u015bcizny poety. &nbsp;W swojej tw\u00f3rczo\u015bci demonstrowa\u0142 skromno\u015b\u0107 franciszka\u0144sk\u0105, podobnie stara\u0142 si\u0119 post\u0119powa\u0107 w \u017cyciu, a jednocze\u015bnie sta\u0142 si\u0119 celebryt\u0105 obecnym w mediach.&nbsp;Autorka tej relacji przypuszcza, \u017ce Jan Twardowski zaplanowa\u0142 swoje \u017cycie jako poeta i skromny kap\u0142an. Nie by\u0142 przygotowany na tak du\u017c\u0105 fal\u0119 popularno\u015bci, wci\u0105gn\u0105\u0142 go wir wydarze\u0144, w kt\u00f3rym straci\u0142 kontrol\u0119, wykonywa\u0142&nbsp; wi\u0119c w tym wirze do\u015b\u0107 chaotyczne ruchy, st\u0105d opisane przez Grzeba\u0142kowsk\u0105 paradoksy.&nbsp;<br>Nasz nestor &#8211; pan Jan tak podsumowa\u0142 nasze spotkanie &#8211; skoro nasza dyskusja by\u0142a dzi\u015b taka ciekawa i wielow\u0105tkowa, to znaczy, \u017ce Grzeba\u0142kowska napisa\u0142a dobr\u0105 i warto\u015bciow\u0105 ksi\u0105\u017ck\u0119.<br>Danuta Jakubowska <\/p>\n\n\n\n<p><\/p>\n\n\n\n<p><\/p>\n","protected":false},"excerpt":{"rendered":"<p>24 stycznia 2019 roku \u201eKsi\u0105dz paradoks. Biografia Jana Twardowskiego\u201d Magdalena Grzeba\u0142kowskaWydawnictwo Znak Debiut Magdaleny Grzeba\u0142kowskiej&nbsp; &#8211; wydana w 2015 r. biografia poety ksi\u0119dza Jana Twardowskiego&hellip; <\/p>\n","protected":false},"author":3,"featured_media":146,"comment_status":"closed","ping_status":"open","sticky":false,"template":"","format":"standard","meta":{"footnotes":""},"categories":[3],"tags":[],"class_list":["post-139","post","type-post","status-publish","format-standard","has-post-thumbnail","hentry","category-czytamzdkk"],"_links":{"self":[{"href":"https:\/\/www.mbp.chrzanow.pl\/dkkchrzanow\/index.php?rest_route=\/wp\/v2\/posts\/139","targetHints":{"allow":["GET"]}}],"collection":[{"href":"https:\/\/www.mbp.chrzanow.pl\/dkkchrzanow\/index.php?rest_route=\/wp\/v2\/posts"}],"about":[{"href":"https:\/\/www.mbp.chrzanow.pl\/dkkchrzanow\/index.php?rest_route=\/wp\/v2\/types\/post"}],"author":[{"embeddable":true,"href":"https:\/\/www.mbp.chrzanow.pl\/dkkchrzanow\/index.php?rest_route=\/wp\/v2\/users\/3"}],"replies":[{"embeddable":true,"href":"https:\/\/www.mbp.chrzanow.pl\/dkkchrzanow\/index.php?rest_route=%2Fwp%2Fv2%2Fcomments&post=139"}],"version-history":[{"count":16,"href":"https:\/\/www.mbp.chrzanow.pl\/dkkchrzanow\/index.php?rest_route=\/wp\/v2\/posts\/139\/revisions"}],"predecessor-version":[{"id":280,"href":"https:\/\/www.mbp.chrzanow.pl\/dkkchrzanow\/index.php?rest_route=\/wp\/v2\/posts\/139\/revisions\/280"}],"wp:featuredmedia":[{"embeddable":true,"href":"https:\/\/www.mbp.chrzanow.pl\/dkkchrzanow\/index.php?rest_route=\/wp\/v2\/media\/146"}],"wp:attachment":[{"href":"https:\/\/www.mbp.chrzanow.pl\/dkkchrzanow\/index.php?rest_route=%2Fwp%2Fv2%2Fmedia&parent=139"}],"wp:term":[{"taxonomy":"category","embeddable":true,"href":"https:\/\/www.mbp.chrzanow.pl\/dkkchrzanow\/index.php?rest_route=%2Fwp%2Fv2%2Fcategories&post=139"},{"taxonomy":"post_tag","embeddable":true,"href":"https:\/\/www.mbp.chrzanow.pl\/dkkchrzanow\/index.php?rest_route=%2Fwp%2Fv2%2Ftags&post=139"}],"curies":[{"name":"wp","href":"https:\/\/api.w.org\/{rel}","templated":true}]}}