{"id":1834,"date":"2023-06-02T12:56:09","date_gmt":"2023-06-02T10:56:09","guid":{"rendered":"https:\/\/www.mbp.chrzanow.pl\/dkkchrzanow\/?p=1834"},"modified":"2023-06-02T12:58:39","modified_gmt":"2023-06-02T10:58:39","slug":"spotkanie-autorskie-z-jakubem-maleckim-9-06-2023-godz-1730","status":"publish","type":"post","link":"https:\/\/www.mbp.chrzanow.pl\/dkkchrzanow\/?p=1834","title":{"rendered":"Spotkanie autorskie z Jakubem Ma\u0142eckim 9.06.2023, godz. 17:30"},"content":{"rendered":"\t\t<div data-elementor-type=\"wp-post\" data-elementor-id=\"1834\" class=\"elementor elementor-1834\">\n\t\t\t\t\t\t<section class=\"elementor-section elementor-top-section elementor-element elementor-element-a2e12ac elementor-section-boxed elementor-section-height-default elementor-section-height-default\" data-id=\"a2e12ac\" data-element_type=\"section\" data-e-type=\"section\">\n\t\t\t\t\t\t<div class=\"elementor-container elementor-column-gap-default\">\n\t\t\t\t\t<div class=\"elementor-column elementor-col-100 elementor-top-column elementor-element elementor-element-4491059\" data-id=\"4491059\" data-element_type=\"column\" data-e-type=\"column\">\n\t\t\t<div class=\"elementor-widget-wrap elementor-element-populated\">\n\t\t\t\t\t\t<div class=\"elementor-element elementor-element-c29256d elementor-widget elementor-widget-text-editor\" data-id=\"c29256d\" data-element_type=\"widget\" data-e-type=\"widget\" data-widget_type=\"text-editor.default\">\n\t\t\t\t<div class=\"elementor-widget-container\">\n\t\t\t\t\t\t\t\t\t<section data-id=\"7b5c655\" data-element_type=\"section\" data-settings=\"{\">\n<div data-id=\"14bd9db\" data-element_type=\"column\">\n<div data-id=\"c41e7bc\" data-element_type=\"widget\" data-widget_type=\"text-editor.default\">\n<div data-contents=\"true\">\n<div data-block=\"true\" data-editor=\"9d471\" data-offset-key=\"15d6u-0-0\">\n<div data-offset-key=\"15d6u-0-0\">\n<section class=\"elementor-section elementor-top-section elementor-element elementor-element-7a4e753 elementor-section-boxed elementor-section-height-default elementor-section-height-default\" data-id=\"7a4e753\" data-element_type=\"section\" data-settings=\"{&quot;_ha_eqh_enable&quot;:false}\">\n<div class=\"elementor-container elementor-column-gap-default\">\n<div class=\"elementor-column elementor-col-100 elementor-top-column elementor-element elementor-element-80fcb49\" data-id=\"80fcb49\" data-element_type=\"column\">\n<div class=\"elementor-widget-wrap elementor-element-populated\">\n<div class=\"elementor-element elementor-element-246845b elementor-widget elementor-widget-text-editor\" data-id=\"246845b\" data-element_type=\"widget\" data-widget_type=\"text-editor.default\">\n<div class=\"elementor-widget-container\">\n<p style=\"font-size: 14px; font-style: normal; margin-bottom: 1.6em; color: rgb(0, 0, 0); font-family: &quot;Open Sans&quot;, sans-serif;\"><span style=\"font-weight: 700; font-size: 14px;\">9 czerwca&nbsp;<\/span>(pi\u0105tek) o godz.&nbsp;<span style=\"font-weight: 700;\">17:30<\/span>, w ramach&nbsp;<span style=\"font-weight: 700; font-size: 14px;\">projektu BLISKO,<\/span>&nbsp;odb\u0119dzie si\u0119&nbsp;<span style=\"font-weight: 700; font-size: 14px;\">spotkanie z<\/span><a href=\"http:\/\/www.jakubmalecki.pl\/\" target=\"_blank\" style=\"\"> <b>Jakubem Ma\u0142eckim<\/b><\/a><span style=\"font-size: 14px;\"><b>&nbsp;<\/b><\/span>\u2013 utalentowanym pisarzem m\u0142odego pokolenia, autorem powie\u015bci, m.in \u201cRdza\u201d,\u201dDygot\u201d, \u201c\u015alady\u201d, \u201cHoryzont\u201d.<\/p>\n<p style=\"font-size: 14px; font-style: normal; font-weight: 400; margin-bottom: 1.6em; color: rgb(0, 0, 0); font-family: &quot;Open Sans&quot;, sans-serif;\"><span style=\"font-size: 14px; font-weight: 700;\">Jakub Ma\u0142ecki<\/span>&nbsp;\u2013 polski t\u0142umacz oraz pisarz zaliczany pocz\u0105tkowo do nurtu fantastyki, obecnie pisz\u0105cy g\u0142\u00f3wnie literatur\u0119 o<span class=\"text_exposed_show\" style=\"font-size: 14px;\">byczajow\u0105:<br>\u2013 w marcu 2007 roku zadebiutowa\u0142 opowiadaniem \u201cD\u0142onie\u201d na \u0142amach magazynu \u201eScience Fiction, Fantasy i Horror\u201d<br>Kolejne jego teksty znalaz\u0142y si\u0119 w \u201eNowej Fantastyce\u201d \u201eMagazynie Fantastycznym\u201d oraz antologiach ksi\u0105\u017ckowych<br>\u2013 opowiadanie \u201cZa godzin\u0119 powinna tu by\u0107\u201d ze zbioru Zaksi\u0119gowani zosta\u0142o nominowane do nagrody im. Janusza A. Zajdla za rok 2009<br>\u2013 w roku 2012 otrzyma\u0142 nagrod\u0119 \u015al\u0105kfa w kategorii Tw\u00f3rca Roku<br>\u2013 za powie\u015b\u0107 \u201cD\u017cozef\u201d uzyska\u0142 nominacj\u0119 do Nagrody im. Janusza A. Zajdla<br>\u2013 za przek\u0142ad ksi\u0105\u017cki \u201cListy niezapomniane\u201d na j\u0119zyk polski zdoby\u0142 Nagrod\u0119 Literack\u0105 \u201eMagazynu Literackiego Ksi\u0105\u017cki\u201d<br>\u2013 za powie\u015b\u0107 \u201cDygot\u201d nominowany by\u0142 do Nagrody Literackiej Europy \u015arodkowej Angelus i Pozna\u0144skiej Nagrody Literackiej oraz zosta\u0142 laureatem Nagrody Literackiej im. Jerzego \u017bu\u0142awskiego (Z\u0142ote Wyr\u00f3\u017cnienie)<br>\u2013 za \u201c\u015alady\u201d zosta\u0142 nominowany do Nagrody Literackiej \u201eNike\u201d 2017<br>\u2013 w 2017 zosta\u0142 laureatem stypendium M\u0142oda Polska przyznawanego przez Ministerstwo Kultury i Dziedzictwa Narodowego<\/span><\/p>\n<p style=\"font-size: 14px; font-style: normal; font-weight: 400; margin-bottom: 1.6em; color: rgb(0, 0, 0); font-family: &quot;Open Sans&quot;, sans-serif;\">Zapraszamy !<\/p><\/div><\/div><\/div><\/div><\/div><\/section>\n<\/div>\n<\/div>\n<\/div>\n<\/div>\n<\/div>\n<\/section>\t\t\t\t\t\t\t\t<\/div>\n\t\t\t\t<\/div>\n\t\t\t\t\t<\/div>\n\t\t<\/div>\n\t\t\t\t\t<\/div>\n\t\t<\/section>\n\t\t\t\t<section class=\"elementor-section elementor-inner-section elementor-element elementor-element-469c6fa6 elementor-section-boxed elementor-section-height-default elementor-section-height-default\" data-id=\"469c6fa6\" data-element_type=\"section\" data-e-type=\"section\">\n\t\t\t\t\t\t<div class=\"elementor-container elementor-column-gap-default\">\n\t\t\t\t\t<div class=\"elementor-column elementor-col-25 elementor-inner-column elementor-element elementor-element-5065ee53\" data-id=\"5065ee53\" data-element_type=\"column\" data-e-type=\"column\">\n\t\t\t<div class=\"elementor-widget-wrap\">\n\t\t\t\t\t\t\t<\/div>\n\t\t<\/div>\n\t\t\t\t<div class=\"elementor-column elementor-col-25 elementor-inner-column elementor-element elementor-element-60151e6f\" data-id=\"60151e6f\" data-element_type=\"column\" data-e-type=\"column\">\n\t\t\t<div class=\"elementor-widget-wrap elementor-element-populated\">\n\t\t\t\t\t\t<div class=\"elementor-element elementor-element-490b1725 elementor-align-center elementor-icon-list--layout-traditional elementor-list-item-link-full_width elementor-widget elementor-widget-icon-list\" data-id=\"490b1725\" data-element_type=\"widget\" data-e-type=\"widget\" data-widget_type=\"icon-list.default\">\n\t\t\t\t<div class=\"elementor-widget-container\">\n\t\t\t\t\t\t\t<ul class=\"elementor-icon-list-items\">\n\t\t\t\t\t\t\t<li class=\"elementor-icon-list-item\">\n\t\t\t\t\t\t\t\t\t\t\t<a href=\"https:\/\/www.facebook.com\/mbp.chrzanow\/\" target=\"_blank\">\n\n\t\t\t\t\t\t\t\t\t\t\t\t<span class=\"elementor-icon-list-icon\">\n\t\t\t\t\t\t\t\t\t\t\t\t\t\t\t\t<i class=\"fa fa-check\" aria-hidden=\"true\"><\/i>\n\t\t\t\t\t\t\t\t\t\t\t\t\t<\/span>\n\t\t\t\t\t\t\t\t\t\t<span class=\"elementor-icon-list-text\"><\/span>\n\t\t\t\t\t\t\t\t\t\t\t<\/a>\n\t\t\t\t\t\t\t\t\t<\/li>\n\t\t\t\t\t\t<\/ul>\n\t\t\t\t\t\t<\/div>\n\t\t\t\t<\/div>\n\t\t\t\t\t<\/div>\n\t\t<\/div>\n\t\t\t\t<div class=\"elementor-column elementor-col-25 elementor-inner-column elementor-element elementor-element-4deb12de\" data-id=\"4deb12de\" data-element_type=\"column\" data-e-type=\"column\">\n\t\t\t<div class=\"elementor-widget-wrap elementor-element-populated\">\n\t\t\t\t\t\t<div class=\"elementor-element elementor-element-44a4eb65 elementor-align-center elementor-icon-list--layout-traditional elementor-list-item-link-full_width elementor-widget elementor-widget-icon-list\" data-id=\"44a4eb65\" data-element_type=\"widget\" data-e-type=\"widget\" data-widget_type=\"icon-list.default\">\n\t\t\t\t<div class=\"elementor-widget-container\">\n\t\t\t\t\t\t\t<ul class=\"elementor-icon-list-items\">\n\t\t\t\t\t\t\t<li class=\"elementor-icon-list-item\">\n\t\t\t\t\t\t\t\t\t\t\t<a href=\"https:\/\/www.instagram.com\/mbp_chrzanow\/\" target=\"_blank\">\n\n\t\t\t\t\t\t\t\t\t\t\t\t<span class=\"elementor-icon-list-icon\">\n\t\t\t\t\t\t\t\t\t\t\t\t\t\t\t\t<i class=\"fa fa-check\" aria-hidden=\"true\"><\/i>\n\t\t\t\t\t\t\t\t\t\t\t\t\t<\/span>\n\t\t\t\t\t\t\t\t\t\t<span class=\"elementor-icon-list-text\"><\/span>\n\t\t\t\t\t\t\t\t\t\t\t<\/a>\n\t\t\t\t\t\t\t\t\t<\/li>\n\t\t\t\t\t\t<\/ul>\n\t\t\t\t\t\t<\/div>\n\t\t\t\t<\/div>\n\t\t\t\t\t<\/div>\n\t\t<\/div>\n\t\t\t\t<div class=\"elementor-column elementor-col-25 elementor-inner-column elementor-element elementor-element-a3c0d1b\" data-id=\"a3c0d1b\" data-element_type=\"column\" data-e-type=\"column\">\n\t\t\t<div class=\"elementor-widget-wrap elementor-element-populated\">\n\t\t\t\t\t\t<div class=\"elementor-element elementor-element-40afa214 elementor-align-center elementor-icon-list--layout-traditional elementor-list-item-link-full_width elementor-widget elementor-widget-icon-list\" data-id=\"40afa214\" data-element_type=\"widget\" data-e-type=\"widget\" data-widget_type=\"icon-list.default\">\n\t\t\t\t<div class=\"elementor-widget-container\">\n\t\t\t\t\t\t\t<ul class=\"elementor-icon-list-items\">\n\t\t\t\t\t\t\t<li class=\"elementor-icon-list-item\">\n\t\t\t\t\t\t\t\t\t\t\t<a href=\"https:\/\/www.youtube.com\/user\/MBPChrzanow\" target=\"_blank\">\n\n\t\t\t\t\t\t\t\t\t\t\t\t<span class=\"elementor-icon-list-icon\">\n\t\t\t\t\t\t\t\t\t\t\t\t\t\t\t\t<i class=\"fa fa-check\" aria-hidden=\"true\"><\/i>\n\t\t\t\t\t\t\t\t\t\t\t\t\t<\/span>\n\t\t\t\t\t\t\t\t\t\t<span class=\"elementor-icon-list-text\"><\/span>\n\t\t\t\t\t\t\t\t\t\t\t<\/a>\n\t\t\t\t\t\t\t\t\t<\/li>\n\t\t\t\t\t\t<\/ul>\n\t\t\t\t\t\t<\/div>\n\t\t\t\t<\/div>\n\t\t\t\t\t<\/div>\n\t\t<\/div>\n\t\t\t\t\t<\/div>\n\t\t<\/section>\n\t\t\t\t<\/div>\n\t\t","protected":false},"excerpt":{"rendered":"<p>9 czerwca&nbsp;(pi\u0105tek) o godz.&nbsp;17:30, w ramach&nbsp;projektu BLISKO,&nbsp;odb\u0119dzie si\u0119&nbsp;spotkanie z Jakubem Ma\u0142eckim&nbsp;\u2013 utalentowanym pisarzem m\u0142odego pokolenia, autorem powie\u015bci, m.in \u201cRdza\u201d,\u201dDygot\u201d, \u201c\u015alady\u201d, \u201cHoryzont\u201d. Jakub Ma\u0142ecki&nbsp;\u2013 polski t\u0142umacz&hellip; <\/p>\n","protected":false},"author":3,"featured_media":1836,"comment_status":"closed","ping_status":"open","sticky":false,"template":"","format":"standard","meta":{"footnotes":""},"categories":[3,4],"tags":[55,43],"class_list":["post-1834","post","type-post","status-publish","format-standard","has-post-thumbnail","hentry","category-czytamzdkk","category-spotkania-autorskie","tag-55","tag-zapowiedz"],"_links":{"self":[{"href":"https:\/\/www.mbp.chrzanow.pl\/dkkchrzanow\/index.php?rest_route=\/wp\/v2\/posts\/1834","targetHints":{"allow":["GET"]}}],"collection":[{"href":"https:\/\/www.mbp.chrzanow.pl\/dkkchrzanow\/index.php?rest_route=\/wp\/v2\/posts"}],"about":[{"href":"https:\/\/www.mbp.chrzanow.pl\/dkkchrzanow\/index.php?rest_route=\/wp\/v2\/types\/post"}],"author":[{"embeddable":true,"href":"https:\/\/www.mbp.chrzanow.pl\/dkkchrzanow\/index.php?rest_route=\/wp\/v2\/users\/3"}],"replies":[{"embeddable":true,"href":"https:\/\/www.mbp.chrzanow.pl\/dkkchrzanow\/index.php?rest_route=%2Fwp%2Fv2%2Fcomments&post=1834"}],"version-history":[{"count":5,"href":"https:\/\/www.mbp.chrzanow.pl\/dkkchrzanow\/index.php?rest_route=\/wp\/v2\/posts\/1834\/revisions"}],"predecessor-version":[{"id":1840,"href":"https:\/\/www.mbp.chrzanow.pl\/dkkchrzanow\/index.php?rest_route=\/wp\/v2\/posts\/1834\/revisions\/1840"}],"wp:featuredmedia":[{"embeddable":true,"href":"https:\/\/www.mbp.chrzanow.pl\/dkkchrzanow\/index.php?rest_route=\/wp\/v2\/media\/1836"}],"wp:attachment":[{"href":"https:\/\/www.mbp.chrzanow.pl\/dkkchrzanow\/index.php?rest_route=%2Fwp%2Fv2%2Fmedia&parent=1834"}],"wp:term":[{"taxonomy":"category","embeddable":true,"href":"https:\/\/www.mbp.chrzanow.pl\/dkkchrzanow\/index.php?rest_route=%2Fwp%2Fv2%2Fcategories&post=1834"},{"taxonomy":"post_tag","embeddable":true,"href":"https:\/\/www.mbp.chrzanow.pl\/dkkchrzanow\/index.php?rest_route=%2Fwp%2Fv2%2Ftags&post=1834"}],"curies":[{"name":"wp","href":"https:\/\/api.w.org\/{rel}","templated":true}]}}