{"id":1905,"date":"2023-10-03T08:00:48","date_gmt":"2023-10-03T06:00:48","guid":{"rendered":"https:\/\/www.mbp.chrzanow.pl\/dkkchrzanow\/?p=1905"},"modified":"2023-10-12T13:25:46","modified_gmt":"2023-10-12T11:25:46","slug":"spotkanie-autorskie-z-wojciechem-tochmanem-20-10-2023-godz-1730","status":"publish","type":"post","link":"https:\/\/www.mbp.chrzanow.pl\/dkkchrzanow\/?p=1905","title":{"rendered":"Spotkanie autorskie z Wojciechem Tochmanem 20.10.2023, godz. 17:30"},"content":{"rendered":"\t\t<div data-elementor-type=\"wp-post\" data-elementor-id=\"1905\" class=\"elementor elementor-1905\">\n\t\t\t\t\t\t<section class=\"elementor-section elementor-top-section elementor-element elementor-element-a2e12ac elementor-section-boxed elementor-section-height-default elementor-section-height-default\" data-id=\"a2e12ac\" data-element_type=\"section\" data-e-type=\"section\">\n\t\t\t\t\t\t<div class=\"elementor-container elementor-column-gap-default\">\n\t\t\t\t\t<div class=\"elementor-column elementor-col-100 elementor-top-column elementor-element elementor-element-4491059\" data-id=\"4491059\" data-element_type=\"column\" data-e-type=\"column\">\n\t\t\t<div class=\"elementor-widget-wrap elementor-element-populated\">\n\t\t\t\t\t\t<div class=\"elementor-element elementor-element-c29256d elementor-widget elementor-widget-text-editor\" data-id=\"c29256d\" data-element_type=\"widget\" data-e-type=\"widget\" data-widget_type=\"text-editor.default\">\n\t\t\t\t<div class=\"elementor-widget-container\">\n\t\t\t\t\t\t\t\t\t<section data-id=\"7b5c655\" data-element_type=\"section\" data-settings=\"{\"><div data-id=\"14bd9db\" data-element_type=\"column\"><div data-id=\"c41e7bc\" data-element_type=\"widget\" data-widget_type=\"text-editor.default\"><div data-contents=\"true\"><div data-block=\"true\" data-editor=\"9d471\" data-offset-key=\"15d6u-0-0\"><div data-offset-key=\"15d6u-0-0\"><section class=\"elementor-section elementor-top-section elementor-element elementor-element-7a4e753 elementor-section-boxed elementor-section-height-default elementor-section-height-default\" data-id=\"7a4e753\" data-element_type=\"section\" data-settings=\"{&quot;_ha_eqh_enable&quot;:false}\"><div class=\"elementor-container elementor-column-gap-default\"><div class=\"elementor-column elementor-col-100 elementor-top-column elementor-element elementor-element-80fcb49\" data-id=\"80fcb49\" data-element_type=\"column\"><div class=\"elementor-widget-wrap elementor-element-populated\"><div class=\"elementor-element elementor-element-246845b elementor-widget elementor-widget-text-editor\" data-id=\"246845b\" data-element_type=\"widget\" data-widget_type=\"text-editor.default\"><div class=\"elementor-widget-container\"><p style=\"font-size: 14px; font-style: normal; margin-bottom: 1.6em; color: #000000; font-family: 'Open Sans', sans-serif;\"><span style=\"font-weight: bold; font-size: 14px;\">20 pa\u017adziernika <\/span>(pi\u0105tek) o godz.\u00a0<span style=\"font-weight: bold;\">17:30<\/span>, w ramach <strong>DKK &#8211;<\/strong> <span style=\"font-weight: bold; font-size: 14px;\">Dyskusyjnego Klubu Ksi\u0105\u017cki,<\/span>\u00a0odb\u0119dzie si\u0119\u00a0<span style=\"font-weight: bold; font-size: 14px;\">spotkanie z<\/span> <a href=\"https:\/\/www.facebook.com\/WojciechTochmanReporter\/?locale=pl_PL\"><b>Wojciechem Tochmanem<\/b><\/a>\u2013\u00a0 pisarzem oraz reporterem, autorem m.in \u201cW\u015bciek\u0142y pies\u201d, \u201dJakby\u015b kamie\u0144 jad\u0142a\u201d i najnowszej &#8222;Historia na \u015bmier\u0107 i \u017cycie&#8221;.<\/p><section class=\"elementor-section elementor-top-section elementor-element elementor-element-7934328 elementor-section-boxed elementor-section-height-default elementor-section-height-default\" data-id=\"7934328\" data-element_type=\"section\" data-settings=\"{&quot;_ha_eqh_enable&quot;:false}\"><div class=\"elementor-container elementor-column-gap-default\"><div class=\"elementor-column elementor-col-100 elementor-top-column elementor-element elementor-element-8be5e47\" data-id=\"8be5e47\" data-element_type=\"column\"><div class=\"elementor-widget-wrap elementor-element-populated\"><div class=\"elementor-element elementor-element-d3ee356 elementor-widget elementor-widget-text-editor\" data-id=\"d3ee356\" data-element_type=\"widget\" data-widget_type=\"text-editor.default\"><div class=\"elementor-widget-container\"><p><strong>Wojciech Tochman<\/strong>\u00a0\u2013 polski reporter i pisarz, autor wielu publikacji, w tym:\u00a0\u00a0<span class=\"text_exposed_show\"><br \/>\u2013 w\u00a0 2000 roku zadebiutowa\u0142 zbiorem reporta\u017cy \u201cSchod\u00f3w si\u0119 nie pali\u201d, kt\u00f3ry znalaz\u0142 si\u0119 w finale Nagrody Nike 2001.<br \/>\u2013 2002 roku wyda\u0142 swoj\u0105 drug\u0105 ksi\u0105\u017ck\u0119 \u201cJakby\u015b kamie\u0144 jad\u0142a\u201d, kt\u00f3ra skupia\u0142a si\u0119 na postjugos\u0142owia\u0144skiej rzeczywisto\u015bci, kt\u00f3ra by\u0142a dziedzictwem wojny tocz\u0105cej si\u0119 w latach 1992-1995.<br \/>\u2013 2005 roku wyda\u0142 \u201cC\u00f3re\u0144k\u0119\u201d \u2013 reporters\u0105 opowie\u015b\u0107, w kt\u00f3rej Tochman\u00a0 opowiada o poszukiwaniach swojej kole\u017canki \u2013 reporterki Beaty Pawlak.<br \/>\u2013 w 2010 wyda\u0142 \u201cDzi\u015b narysujemy \u015bmier\u0107\u201d, w kt\u00f3rej\u00a0 przypomina o ludob\u00f3jstwie w Rwandzie.\u00a0 Masakrze dokonanej przez Hutu na cz\u0142onkach plemienia Tutsi w 1994 roku. Opowiada o setkach ocala\u0142ych, kt\u00f3rzy do tej pory pr\u00f3buj\u0105 upora\u0107 si\u0119 z traum\u0105 tych wydarze\u0144.<\/span><\/p><p>Wyr\u00f3\u017cniony takimi nagrodami jak:<br \/>\u2013 1998 \u2013 Reporter Roku<br \/>\u2013 2004 \u2013 finalista presti\u017cowej nagrody Prix RFI \u201cT\u00e9moin du Monde\u201d przyznawanej w Pary\u017cu przez Radio France International<br \/>\u2013 2016 \u2013 nagroda za reporta\u017c im. Ryszarda Kapu\u015bci\u0144skiego<\/p><p>Wojciech Tochman od lat zajmuje si\u0119 poszukiwaniem ludzi zaginionych. W latach 1996\u20132002 na antenie Telewizji Polskiej prowadzi\u0142 program \u201cKtokolwiek widzia\u0142, ktokolwiek wie\u201d. W 1999 roku stworzy\u0142 Centrum Poszukiwa\u0144 Ludzi Zaginionych ITAKA. W roku 2009 razem z Mariuszem Szczyg\u0142em i Paw\u0142em Go\u017ali\u0144skim za\u0142o\u017cy\u0142 Instytut Reporta\u017cu.<\/p><\/div><\/div><\/div><\/div><\/div><\/section><section class=\"elementor-section elementor-top-section elementor-element elementor-element-b8557fa elementor-section-boxed elementor-section-height-default elementor-section-height-default\" data-id=\"b8557fa\" data-element_type=\"section\" data-settings=\"{&quot;_ha_eqh_enable&quot;:false}\"><div class=\"elementor-container elementor-column-gap-default\"><div class=\"elementor-column elementor-col-100 elementor-top-column elementor-element elementor-element-d3c3c2e\" data-id=\"d3c3c2e\" data-element_type=\"column\"><div class=\"elementor-widget-wrap elementor-element-populated\"><div class=\"elementor-element elementor-element-4a9c784 elementor-widget elementor-widget-text-editor\" data-id=\"4a9c784\" data-element_type=\"widget\" data-widget_type=\"text-editor.default\"><div class=\"elementor-widget-container\"><p>\u017ar\u00f3d\u0142o zdj\u0119cia na plakacie: www.wyborcza.pl.<\/p><p>\u00a0<\/p><p><strong>Program \u201eDyskusyjne Kluby Ksi\u0105\u017cki\u201d dofinansowano ze \u015brodk\u00f3w Ministra Kultury i Dziedzictwa Narodowego.<\/strong><\/p><\/div><\/div><\/div><\/div><\/div><\/section><\/div><\/div><\/div><\/div><\/div><\/section><\/div><\/div><\/div><\/div><\/div><\/section>\t\t\t\t\t\t\t\t<\/div>\n\t\t\t\t<\/div>\n\t\t\t\t\t<\/div>\n\t\t<\/div>\n\t\t\t\t\t<\/div>\n\t\t<\/section>\n\t\t\t\t<section class=\"elementor-section elementor-inner-section elementor-element elementor-element-469c6fa6 elementor-section-boxed elementor-section-height-default elementor-section-height-default\" data-id=\"469c6fa6\" data-element_type=\"section\" data-e-type=\"section\">\n\t\t\t\t\t\t<div class=\"elementor-container elementor-column-gap-default\">\n\t\t\t\t\t<div class=\"elementor-column elementor-col-25 elementor-inner-column elementor-element elementor-element-5065ee53\" data-id=\"5065ee53\" data-element_type=\"column\" data-e-type=\"column\">\n\t\t\t<div class=\"elementor-widget-wrap\">\n\t\t\t\t\t\t\t<\/div>\n\t\t<\/div>\n\t\t\t\t<div class=\"elementor-column elementor-col-25 elementor-inner-column elementor-element elementor-element-60151e6f\" data-id=\"60151e6f\" data-element_type=\"column\" data-e-type=\"column\">\n\t\t\t<div class=\"elementor-widget-wrap elementor-element-populated\">\n\t\t\t\t\t\t<div class=\"elementor-element elementor-element-490b1725 elementor-align-center elementor-icon-list--layout-traditional elementor-list-item-link-full_width elementor-widget elementor-widget-icon-list\" data-id=\"490b1725\" data-element_type=\"widget\" data-e-type=\"widget\" data-widget_type=\"icon-list.default\">\n\t\t\t\t<div class=\"elementor-widget-container\">\n\t\t\t\t\t\t\t<ul class=\"elementor-icon-list-items\">\n\t\t\t\t\t\t\t<li class=\"elementor-icon-list-item\">\n\t\t\t\t\t\t\t\t\t\t\t<a href=\"https:\/\/www.facebook.com\/mbp.chrzanow\/\" target=\"_blank\">\n\n\t\t\t\t\t\t\t\t\t\t\t\t<span class=\"elementor-icon-list-icon\">\n\t\t\t\t\t\t\t\t\t\t\t\t\t\t\t\t<i class=\"fa fa-check\" aria-hidden=\"true\"><\/i>\n\t\t\t\t\t\t\t\t\t\t\t\t\t<\/span>\n\t\t\t\t\t\t\t\t\t\t<span class=\"elementor-icon-list-text\"><\/span>\n\t\t\t\t\t\t\t\t\t\t\t<\/a>\n\t\t\t\t\t\t\t\t\t<\/li>\n\t\t\t\t\t\t<\/ul>\n\t\t\t\t\t\t<\/div>\n\t\t\t\t<\/div>\n\t\t\t\t\t<\/div>\n\t\t<\/div>\n\t\t\t\t<div class=\"elementor-column elementor-col-25 elementor-inner-column elementor-element elementor-element-4deb12de\" data-id=\"4deb12de\" data-element_type=\"column\" data-e-type=\"column\">\n\t\t\t<div class=\"elementor-widget-wrap elementor-element-populated\">\n\t\t\t\t\t\t<div class=\"elementor-element elementor-element-44a4eb65 elementor-align-center elementor-icon-list--layout-traditional elementor-list-item-link-full_width elementor-widget elementor-widget-icon-list\" data-id=\"44a4eb65\" data-element_type=\"widget\" data-e-type=\"widget\" data-widget_type=\"icon-list.default\">\n\t\t\t\t<div class=\"elementor-widget-container\">\n\t\t\t\t\t\t\t<ul class=\"elementor-icon-list-items\">\n\t\t\t\t\t\t\t<li class=\"elementor-icon-list-item\">\n\t\t\t\t\t\t\t\t\t\t\t<a href=\"https:\/\/www.instagram.com\/mbp_chrzanow\/\" target=\"_blank\">\n\n\t\t\t\t\t\t\t\t\t\t\t\t<span class=\"elementor-icon-list-icon\">\n\t\t\t\t\t\t\t\t\t\t\t\t\t\t\t\t<i class=\"fa fa-check\" aria-hidden=\"true\"><\/i>\n\t\t\t\t\t\t\t\t\t\t\t\t\t<\/span>\n\t\t\t\t\t\t\t\t\t\t<span class=\"elementor-icon-list-text\"><\/span>\n\t\t\t\t\t\t\t\t\t\t\t<\/a>\n\t\t\t\t\t\t\t\t\t<\/li>\n\t\t\t\t\t\t<\/ul>\n\t\t\t\t\t\t<\/div>\n\t\t\t\t<\/div>\n\t\t\t\t\t<\/div>\n\t\t<\/div>\n\t\t\t\t<div class=\"elementor-column elementor-col-25 elementor-inner-column elementor-element elementor-element-a3c0d1b\" data-id=\"a3c0d1b\" data-element_type=\"column\" data-e-type=\"column\">\n\t\t\t<div class=\"elementor-widget-wrap elementor-element-populated\">\n\t\t\t\t\t\t<div class=\"elementor-element elementor-element-40afa214 elementor-align-center elementor-icon-list--layout-traditional elementor-list-item-link-full_width elementor-widget elementor-widget-icon-list\" data-id=\"40afa214\" data-element_type=\"widget\" data-e-type=\"widget\" data-widget_type=\"icon-list.default\">\n\t\t\t\t<div class=\"elementor-widget-container\">\n\t\t\t\t\t\t\t<ul class=\"elementor-icon-list-items\">\n\t\t\t\t\t\t\t<li class=\"elementor-icon-list-item\">\n\t\t\t\t\t\t\t\t\t\t\t<a href=\"https:\/\/www.youtube.com\/user\/MBPChrzanow\" target=\"_blank\">\n\n\t\t\t\t\t\t\t\t\t\t\t\t<span class=\"elementor-icon-list-icon\">\n\t\t\t\t\t\t\t\t\t\t\t\t\t\t\t\t<i class=\"fa fa-check\" aria-hidden=\"true\"><\/i>\n\t\t\t\t\t\t\t\t\t\t\t\t\t<\/span>\n\t\t\t\t\t\t\t\t\t\t<span class=\"elementor-icon-list-text\"><\/span>\n\t\t\t\t\t\t\t\t\t\t\t<\/a>\n\t\t\t\t\t\t\t\t\t<\/li>\n\t\t\t\t\t\t<\/ul>\n\t\t\t\t\t\t<\/div>\n\t\t\t\t<\/div>\n\t\t\t\t\t<\/div>\n\t\t<\/div>\n\t\t\t\t\t<\/div>\n\t\t<\/section>\n\t\t\t\t<\/div>\n\t\t","protected":false},"excerpt":{"rendered":"<p>20 pa\u017adziernika (pi\u0105tek) o godz.\u00a017:30, w ramach DKK &#8211; Dyskusyjnego Klubu Ksi\u0105\u017cki,\u00a0odb\u0119dzie si\u0119\u00a0spotkanie z Wojciechem Tochmanem\u2013\u00a0 pisarzem oraz reporterem, autorem m.in \u201cW\u015bciek\u0142y pies\u201d, \u201dJakby\u015b kamie\u0144&hellip; <\/p>\n","protected":false},"author":3,"featured_media":1916,"comment_status":"closed","ping_status":"open","sticky":false,"template":"","format":"standard","meta":{"footnotes":""},"categories":[3,4],"tags":[55,43],"class_list":["post-1905","post","type-post","status-publish","format-standard","has-post-thumbnail","hentry","category-czytamzdkk","category-spotkania-autorskie","tag-55","tag-zapowiedz"],"_links":{"self":[{"href":"https:\/\/www.mbp.chrzanow.pl\/dkkchrzanow\/index.php?rest_route=\/wp\/v2\/posts\/1905","targetHints":{"allow":["GET"]}}],"collection":[{"href":"https:\/\/www.mbp.chrzanow.pl\/dkkchrzanow\/index.php?rest_route=\/wp\/v2\/posts"}],"about":[{"href":"https:\/\/www.mbp.chrzanow.pl\/dkkchrzanow\/index.php?rest_route=\/wp\/v2\/types\/post"}],"author":[{"embeddable":true,"href":"https:\/\/www.mbp.chrzanow.pl\/dkkchrzanow\/index.php?rest_route=\/wp\/v2\/users\/3"}],"replies":[{"embeddable":true,"href":"https:\/\/www.mbp.chrzanow.pl\/dkkchrzanow\/index.php?rest_route=%2Fwp%2Fv2%2Fcomments&post=1905"}],"version-history":[{"count":9,"href":"https:\/\/www.mbp.chrzanow.pl\/dkkchrzanow\/index.php?rest_route=\/wp\/v2\/posts\/1905\/revisions"}],"predecessor-version":[{"id":1917,"href":"https:\/\/www.mbp.chrzanow.pl\/dkkchrzanow\/index.php?rest_route=\/wp\/v2\/posts\/1905\/revisions\/1917"}],"wp:featuredmedia":[{"embeddable":true,"href":"https:\/\/www.mbp.chrzanow.pl\/dkkchrzanow\/index.php?rest_route=\/wp\/v2\/media\/1916"}],"wp:attachment":[{"href":"https:\/\/www.mbp.chrzanow.pl\/dkkchrzanow\/index.php?rest_route=%2Fwp%2Fv2%2Fmedia&parent=1905"}],"wp:term":[{"taxonomy":"category","embeddable":true,"href":"https:\/\/www.mbp.chrzanow.pl\/dkkchrzanow\/index.php?rest_route=%2Fwp%2Fv2%2Fcategories&post=1905"},{"taxonomy":"post_tag","embeddable":true,"href":"https:\/\/www.mbp.chrzanow.pl\/dkkchrzanow\/index.php?rest_route=%2Fwp%2Fv2%2Ftags&post=1905"}],"curies":[{"name":"wp","href":"https:\/\/api.w.org\/{rel}","templated":true}]}}