{"id":3080,"date":"2025-03-31T09:29:13","date_gmt":"2025-03-31T07:29:13","guid":{"rendered":"https:\/\/www.mbp.chrzanow.pl\/dkkchrzanow\/?p=3080"},"modified":"2025-03-31T09:37:30","modified_gmt":"2025-03-31T07:37:30","slug":"dkk-dyskusja-o-ksiazce-magdalena-grzebalkowska-1945-wojna-i-pokoj","status":"publish","type":"post","link":"https:\/\/www.mbp.chrzanow.pl\/dkkchrzanow\/?p=3080","title":{"rendered":"DKK Dyskusja o ksi\u0105\u017cce: Magdalena Grzeba\u0142kowska &#8211; 1945. Wojna i Pok\u00f3j"},"content":{"rendered":"\t\t<div data-elementor-type=\"wp-post\" data-elementor-id=\"3080\" class=\"elementor elementor-3080\">\n\t\t\t\t\t\t<section class=\"elementor-section elementor-top-section elementor-element elementor-element-a2e12ac elementor-section-boxed elementor-section-height-default elementor-section-height-default\" data-id=\"a2e12ac\" data-element_type=\"section\" data-e-type=\"section\">\n\t\t\t\t\t\t<div class=\"elementor-container elementor-column-gap-default\">\n\t\t\t\t\t<div class=\"elementor-column elementor-col-100 elementor-top-column elementor-element elementor-element-4491059\" data-id=\"4491059\" data-element_type=\"column\" data-e-type=\"column\">\n\t\t\t<div class=\"elementor-widget-wrap elementor-element-populated\">\n\t\t\t\t\t\t<div class=\"elementor-element elementor-element-c29256d elementor-widget elementor-widget-text-editor\" data-id=\"c29256d\" data-element_type=\"widget\" data-e-type=\"widget\" data-widget_type=\"text-editor.default\">\n\t\t\t\t<div class=\"elementor-widget-container\">\n\t\t\t\t\t\t\t\t\t<p>Na marcowym spotkaniu naszego Dyskusyjnego Klubu Ksi\u0105\u017cki, rozmawiali\u015bmy o ksi\u0105\u017cce <strong>Magdaleny Grzeba\u0142kowskiej, 1945. Wojna i Pok\u00f3j<\/strong>.<\/p><p data-pm-slice=\"1 1 []\">Uczestnicy podkre\u015blali niezwyk\u0142\u0105 umiej\u0119tno\u015b\u0107 autorki do \u0142\u0105czenia osobistych historii z szerokim t\u0142em historycznym. Klubowicze dzielili si\u0119 wspomnieniami swoich bliskich o \u017cyciu w powojennym \u015bwiecie i ich trudach.\u00a0<\/p><p>Nie zabrak\u0142o tak\u017ce refleksji na temat tego, jak Grzeba\u0142kowska ukazuje r\u00f3\u017cne perspektywy historyczne, oddaj\u0105c g\u0142os zar\u00f3wno ofiarom, jak i tym, kt\u00f3rzy musieli podejmowa\u0107 trudne decyzje. Dyskutowali\u015bmy r\u00f3wnie\u017c o tym, jak wa\u017cna jest znajomo\u015b\u0107 historii.<\/p><p>Kolejne spotkanie Dyskusyjnego Klubu Ksi\u0105\u017cki odb\u0119dzie si\u0119 24 kwietnia, a omawian\u0105 lektur\u0105 b\u0119dzie <a href=\"https:\/\/lubimyczytac.pl\/ksiazka\/5095877\/koniec\">Koniec<\/a>, autorstwa <a href=\"https:\/\/lubimyczytac.pl\/autor\/116735\/marta-hermanowicz\">Marty Hermanowicz<\/a><\/p><p>Szczeg\u00f3\u0142y wkr\u00f3tce na naszej stronie.<\/p>\t\t\t\t\t\t\t\t<\/div>\n\t\t\t\t<\/div>\n\t\t\t\t\t<\/div>\n\t\t<\/div>\n\t\t\t\t\t<\/div>\n\t\t<\/section>\n\t\t\t\t<section class=\"elementor-section elementor-top-section elementor-element elementor-element-42aea51 elementor-section-boxed elementor-section-height-default elementor-section-height-default\" data-id=\"42aea51\" data-element_type=\"section\" data-e-type=\"section\">\n\t\t\t\t\t\t<div class=\"elementor-container elementor-column-gap-default\">\n\t\t\t\t\t<div class=\"elementor-column elementor-col-100 elementor-top-column elementor-element elementor-element-7d007af\" data-id=\"7d007af\" data-element_type=\"column\" data-e-type=\"column\">\n\t\t\t<div class=\"elementor-widget-wrap elementor-element-populated\">\n\t\t\t\t\t\t<div class=\"elementor-element elementor-element-c606f60 gallery-spacing-custom elementor-widget elementor-widget-image-gallery\" data-id=\"c606f60\" data-element_type=\"widget\" data-e-type=\"widget\" data-widget_type=\"image-gallery.default\">\n\t\t\t\t<div class=\"elementor-widget-container\">\n\t\t\t\t\t\t\t<div class=\"elementor-image-gallery\">\n\t\t\t<div id='gallery-1' class='gallery galleryid-3080 gallery-columns-4 gallery-size-thumbnail'><figure class='gallery-item'>\n\t\t\t<div class='gallery-icon landscape'>\n\t\t\t\t<a data-elementor-open-lightbox=\"yes\" data-elementor-lightbox-slideshow=\"c606f60\" data-elementor-lightbox-title=\"dkk_marzec_nw\" data-e-action-hash=\"#elementor-action%3Aaction%3Dlightbox%26settings%3DeyJpZCI6MzA4MywidXJsIjoiaHR0cHM6XC9cL3d3dy5tYnAuY2hyemFub3cucGxcL2Rra2Nocnphbm93XC93cC1jb250ZW50XC91cGxvYWRzXC8yMDI1XC8wM1wvZGtrX21hcnplY19udy1zY2FsZWQuanBnIiwic2xpZGVzaG93IjoiYzYwNmY2MCJ9\" href='https:\/\/www.mbp.chrzanow.pl\/dkkchrzanow\/wp-content\/uploads\/2025\/03\/dkk_marzec_nw-scaled.jpg'><img decoding=\"async\" width=\"150\" height=\"150\" src=\"https:\/\/www.mbp.chrzanow.pl\/dkkchrzanow\/wp-content\/uploads\/2025\/03\/dkk_marzec_nw-150x150.jpg\" class=\"attachment-thumbnail size-thumbnail\" alt=\"\" srcset=\"https:\/\/www.mbp.chrzanow.pl\/dkkchrzanow\/wp-content\/uploads\/2025\/03\/dkk_marzec_nw-150x150.jpg 150w, https:\/\/www.mbp.chrzanow.pl\/dkkchrzanow\/wp-content\/uploads\/2025\/03\/dkk_marzec_nw-75x75.jpg 75w\" sizes=\"(max-width: 150px) 100vw, 150px\" \/><\/a>\n\t\t\t<\/div><\/figure><figure class='gallery-item'>\n\t\t\t<div class='gallery-icon landscape'>\n\t\t\t\t<a data-elementor-open-lightbox=\"yes\" data-elementor-lightbox-slideshow=\"c606f60\" data-elementor-lightbox-title=\"dkk_marzec_nw_2\" data-e-action-hash=\"#elementor-action%3Aaction%3Dlightbox%26settings%3DeyJpZCI6MzA4NCwidXJsIjoiaHR0cHM6XC9cL3d3dy5tYnAuY2hyemFub3cucGxcL2Rra2Nocnphbm93XC93cC1jb250ZW50XC91cGxvYWRzXC8yMDI1XC8wM1wvZGtrX21hcnplY19ud18yLXNjYWxlZC5qcGciLCJzbGlkZXNob3ciOiJjNjA2ZjYwIn0%3D\" href='https:\/\/www.mbp.chrzanow.pl\/dkkchrzanow\/wp-content\/uploads\/2025\/03\/dkk_marzec_nw_2-scaled.jpg'><img decoding=\"async\" width=\"150\" height=\"150\" src=\"https:\/\/www.mbp.chrzanow.pl\/dkkchrzanow\/wp-content\/uploads\/2025\/03\/dkk_marzec_nw_2-150x150.jpg\" class=\"attachment-thumbnail size-thumbnail\" alt=\"\" srcset=\"https:\/\/www.mbp.chrzanow.pl\/dkkchrzanow\/wp-content\/uploads\/2025\/03\/dkk_marzec_nw_2-150x150.jpg 150w, https:\/\/www.mbp.chrzanow.pl\/dkkchrzanow\/wp-content\/uploads\/2025\/03\/dkk_marzec_nw_2-75x75.jpg 75w\" sizes=\"(max-width: 150px) 100vw, 150px\" \/><\/a>\n\t\t\t<\/div><\/figure><figure class='gallery-item'>\n\t\t\t<div class='gallery-icon landscape'>\n\t\t\t\t<a data-elementor-open-lightbox=\"yes\" data-elementor-lightbox-slideshow=\"c606f60\" data-elementor-lightbox-title=\"dkk_marzec_nw_3\" data-e-action-hash=\"#elementor-action%3Aaction%3Dlightbox%26settings%3DeyJpZCI6MzA4NSwidXJsIjoiaHR0cHM6XC9cL3d3dy5tYnAuY2hyemFub3cucGxcL2Rra2Nocnphbm93XC93cC1jb250ZW50XC91cGxvYWRzXC8yMDI1XC8wM1wvZGtrX21hcnplY19ud18zLXNjYWxlZC5qcGciLCJzbGlkZXNob3ciOiJjNjA2ZjYwIn0%3D\" href='https:\/\/www.mbp.chrzanow.pl\/dkkchrzanow\/wp-content\/uploads\/2025\/03\/dkk_marzec_nw_3-scaled.jpg'><img decoding=\"async\" width=\"150\" height=\"150\" src=\"https:\/\/www.mbp.chrzanow.pl\/dkkchrzanow\/wp-content\/uploads\/2025\/03\/dkk_marzec_nw_3-150x150.jpg\" class=\"attachment-thumbnail size-thumbnail\" alt=\"\" srcset=\"https:\/\/www.mbp.chrzanow.pl\/dkkchrzanow\/wp-content\/uploads\/2025\/03\/dkk_marzec_nw_3-150x150.jpg 150w, https:\/\/www.mbp.chrzanow.pl\/dkkchrzanow\/wp-content\/uploads\/2025\/03\/dkk_marzec_nw_3-75x75.jpg 75w\" sizes=\"(max-width: 150px) 100vw, 150px\" \/><\/a>\n\t\t\t<\/div><\/figure><figure class='gallery-item'>\n\t\t\t<div class='gallery-icon landscape'>\n\t\t\t\t<a data-elementor-open-lightbox=\"yes\" data-elementor-lightbox-slideshow=\"c606f60\" data-elementor-lightbox-title=\"dkk_marzec_nw_4\" data-e-action-hash=\"#elementor-action%3Aaction%3Dlightbox%26settings%3DeyJpZCI6MzA4NiwidXJsIjoiaHR0cHM6XC9cL3d3dy5tYnAuY2hyemFub3cucGxcL2Rra2Nocnphbm93XC93cC1jb250ZW50XC91cGxvYWRzXC8yMDI1XC8wM1wvZGtrX21hcnplY19ud180LXNjYWxlZC5qcGciLCJzbGlkZXNob3ciOiJjNjA2ZjYwIn0%3D\" href='https:\/\/www.mbp.chrzanow.pl\/dkkchrzanow\/wp-content\/uploads\/2025\/03\/dkk_marzec_nw_4-scaled.jpg'><img loading=\"lazy\" decoding=\"async\" width=\"150\" height=\"150\" src=\"https:\/\/www.mbp.chrzanow.pl\/dkkchrzanow\/wp-content\/uploads\/2025\/03\/dkk_marzec_nw_4-150x150.jpg\" class=\"attachment-thumbnail size-thumbnail\" alt=\"\" srcset=\"https:\/\/www.mbp.chrzanow.pl\/dkkchrzanow\/wp-content\/uploads\/2025\/03\/dkk_marzec_nw_4-150x150.jpg 150w, https:\/\/www.mbp.chrzanow.pl\/dkkchrzanow\/wp-content\/uploads\/2025\/03\/dkk_marzec_nw_4-75x75.jpg 75w\" sizes=\"(max-width: 150px) 100vw, 150px\" \/><\/a>\n\t\t\t<\/div><\/figure><figure class='gallery-item'>\n\t\t\t<div class='gallery-icon landscape'>\n\t\t\t\t<a data-elementor-open-lightbox=\"yes\" data-elementor-lightbox-slideshow=\"c606f60\" data-elementor-lightbox-title=\"dkk_marzec_nw_5\" data-e-action-hash=\"#elementor-action%3Aaction%3Dlightbox%26settings%3DeyJpZCI6MzA4NywidXJsIjoiaHR0cHM6XC9cL3d3dy5tYnAuY2hyemFub3cucGxcL2Rra2Nocnphbm93XC93cC1jb250ZW50XC91cGxvYWRzXC8yMDI1XC8wM1wvZGtrX21hcnplY19ud181LXNjYWxlZC5qcGciLCJzbGlkZXNob3ciOiJjNjA2ZjYwIn0%3D\" href='https:\/\/www.mbp.chrzanow.pl\/dkkchrzanow\/wp-content\/uploads\/2025\/03\/dkk_marzec_nw_5-scaled.jpg'><img loading=\"lazy\" decoding=\"async\" width=\"150\" height=\"150\" src=\"https:\/\/www.mbp.chrzanow.pl\/dkkchrzanow\/wp-content\/uploads\/2025\/03\/dkk_marzec_nw_5-150x150.jpg\" class=\"attachment-thumbnail size-thumbnail\" alt=\"\" srcset=\"https:\/\/www.mbp.chrzanow.pl\/dkkchrzanow\/wp-content\/uploads\/2025\/03\/dkk_marzec_nw_5-150x150.jpg 150w, https:\/\/www.mbp.chrzanow.pl\/dkkchrzanow\/wp-content\/uploads\/2025\/03\/dkk_marzec_nw_5-75x75.jpg 75w\" sizes=\"(max-width: 150px) 100vw, 150px\" \/><\/a>\n\t\t\t<\/div><\/figure><figure class='gallery-item'>\n\t\t\t<div class='gallery-icon landscape'>\n\t\t\t\t<a data-elementor-open-lightbox=\"yes\" data-elementor-lightbox-slideshow=\"c606f60\" data-elementor-lightbox-title=\"dkk_marzec_nw_6\" data-e-action-hash=\"#elementor-action%3Aaction%3Dlightbox%26settings%3DeyJpZCI6MzA4OCwidXJsIjoiaHR0cHM6XC9cL3d3dy5tYnAuY2hyemFub3cucGxcL2Rra2Nocnphbm93XC93cC1jb250ZW50XC91cGxvYWRzXC8yMDI1XC8wM1wvZGtrX21hcnplY19ud182LXNjYWxlZC5qcGciLCJzbGlkZXNob3ciOiJjNjA2ZjYwIn0%3D\" href='https:\/\/www.mbp.chrzanow.pl\/dkkchrzanow\/wp-content\/uploads\/2025\/03\/dkk_marzec_nw_6-scaled.jpg'><img loading=\"lazy\" decoding=\"async\" width=\"150\" height=\"150\" src=\"https:\/\/www.mbp.chrzanow.pl\/dkkchrzanow\/wp-content\/uploads\/2025\/03\/dkk_marzec_nw_6-150x150.jpg\" class=\"attachment-thumbnail size-thumbnail\" alt=\"\" srcset=\"https:\/\/www.mbp.chrzanow.pl\/dkkchrzanow\/wp-content\/uploads\/2025\/03\/dkk_marzec_nw_6-150x150.jpg 150w, https:\/\/www.mbp.chrzanow.pl\/dkkchrzanow\/wp-content\/uploads\/2025\/03\/dkk_marzec_nw_6-75x75.jpg 75w\" sizes=\"(max-width: 150px) 100vw, 150px\" \/><\/a>\n\t\t\t<\/div><\/figure><figure class='gallery-item'>\n\t\t\t<div class='gallery-icon landscape'>\n\t\t\t\t<a data-elementor-open-lightbox=\"yes\" data-elementor-lightbox-slideshow=\"c606f60\" data-elementor-lightbox-title=\"dkk_marzec_nw_7\" data-e-action-hash=\"#elementor-action%3Aaction%3Dlightbox%26settings%3DeyJpZCI6MzA4OSwidXJsIjoiaHR0cHM6XC9cL3d3dy5tYnAuY2hyemFub3cucGxcL2Rra2Nocnphbm93XC93cC1jb250ZW50XC91cGxvYWRzXC8yMDI1XC8wM1wvZGtrX21hcnplY19ud183LXNjYWxlZC5qcGciLCJzbGlkZXNob3ciOiJjNjA2ZjYwIn0%3D\" href='https:\/\/www.mbp.chrzanow.pl\/dkkchrzanow\/wp-content\/uploads\/2025\/03\/dkk_marzec_nw_7-scaled.jpg'><img loading=\"lazy\" decoding=\"async\" width=\"150\" height=\"150\" src=\"https:\/\/www.mbp.chrzanow.pl\/dkkchrzanow\/wp-content\/uploads\/2025\/03\/dkk_marzec_nw_7-150x150.jpg\" class=\"attachment-thumbnail size-thumbnail\" alt=\"\" srcset=\"https:\/\/www.mbp.chrzanow.pl\/dkkchrzanow\/wp-content\/uploads\/2025\/03\/dkk_marzec_nw_7-150x150.jpg 150w, https:\/\/www.mbp.chrzanow.pl\/dkkchrzanow\/wp-content\/uploads\/2025\/03\/dkk_marzec_nw_7-75x75.jpg 75w\" sizes=\"(max-width: 150px) 100vw, 150px\" \/><\/a>\n\t\t\t<\/div><\/figure>\n\t\t<\/div>\n\t\t<\/div>\n\t\t\t\t\t\t<\/div>\n\t\t\t\t<\/div>\n\t\t\t\t\t<\/div>\n\t\t<\/div>\n\t\t\t\t\t<\/div>\n\t\t<\/section>\n\t\t\t\t<\/div>\n\t\t","protected":false},"excerpt":{"rendered":"<p>Na marcowym spotkaniu naszego Dyskusyjnego Klubu Ksi\u0105\u017cki, rozmawiali\u015bmy o ksi\u0105\u017cce Magdaleny Grzeba\u0142kowskiej, 1945. Wojna i Pok\u00f3j. Uczestnicy podkre\u015blali niezwyk\u0142\u0105 umiej\u0119tno\u015b\u0107 autorki do \u0142\u0105czenia osobistych historii&hellip; <\/p>\n","protected":false},"author":3,"featured_media":3082,"comment_status":"closed","ping_status":"open","sticky":false,"template":"","format":"standard","meta":{"footnotes":""},"categories":[3],"tags":[64,45,56,44],"class_list":["post-3080","post","type-post","status-publish","format-standard","has-post-thumbnail","hentry","category-czytamzdkk","tag-64","tag-dkk-dyskusyjny-klub-ksiazki","tag-promopoleca","tag-relacja"],"_links":{"self":[{"href":"https:\/\/www.mbp.chrzanow.pl\/dkkchrzanow\/index.php?rest_route=\/wp\/v2\/posts\/3080","targetHints":{"allow":["GET"]}}],"collection":[{"href":"https:\/\/www.mbp.chrzanow.pl\/dkkchrzanow\/index.php?rest_route=\/wp\/v2\/posts"}],"about":[{"href":"https:\/\/www.mbp.chrzanow.pl\/dkkchrzanow\/index.php?rest_route=\/wp\/v2\/types\/post"}],"author":[{"embeddable":true,"href":"https:\/\/www.mbp.chrzanow.pl\/dkkchrzanow\/index.php?rest_route=\/wp\/v2\/users\/3"}],"replies":[{"embeddable":true,"href":"https:\/\/www.mbp.chrzanow.pl\/dkkchrzanow\/index.php?rest_route=%2Fwp%2Fv2%2Fcomments&post=3080"}],"version-history":[{"count":4,"href":"https:\/\/www.mbp.chrzanow.pl\/dkkchrzanow\/index.php?rest_route=\/wp\/v2\/posts\/3080\/revisions"}],"predecessor-version":[{"id":3092,"href":"https:\/\/www.mbp.chrzanow.pl\/dkkchrzanow\/index.php?rest_route=\/wp\/v2\/posts\/3080\/revisions\/3092"}],"wp:featuredmedia":[{"embeddable":true,"href":"https:\/\/www.mbp.chrzanow.pl\/dkkchrzanow\/index.php?rest_route=\/wp\/v2\/media\/3082"}],"wp:attachment":[{"href":"https:\/\/www.mbp.chrzanow.pl\/dkkchrzanow\/index.php?rest_route=%2Fwp%2Fv2%2Fmedia&parent=3080"}],"wp:term":[{"taxonomy":"category","embeddable":true,"href":"https:\/\/www.mbp.chrzanow.pl\/dkkchrzanow\/index.php?rest_route=%2Fwp%2Fv2%2Fcategories&post=3080"},{"taxonomy":"post_tag","embeddable":true,"href":"https:\/\/www.mbp.chrzanow.pl\/dkkchrzanow\/index.php?rest_route=%2Fwp%2Fv2%2Ftags&post=3080"}],"curies":[{"name":"wp","href":"https:\/\/api.w.org\/{rel}","templated":true}]}}