{"id":927,"date":"2020-12-17T13:16:17","date_gmt":"2020-12-17T12:16:17","guid":{"rendered":"https:\/\/www.mbp.chrzanow.pl\/dkkchrzanow\/?p=927"},"modified":"2021-04-16T11:42:23","modified_gmt":"2021-04-16T09:42:23","slug":"irena-tuwim-nie-umarlam-z-milosci-anna-augustyniak-28-12-2020-godz-1730","status":"publish","type":"post","link":"https:\/\/www.mbp.chrzanow.pl\/dkkchrzanow\/?p=927","title":{"rendered":"\u201eIrena Tuwim. Nie umar\u0142am z mi\u0142o\u015bci\u201d, Anna Augustyniak, 31.12.2020, godz. 17:30"},"content":{"rendered":"\t\t<div data-elementor-type=\"wp-post\" data-elementor-id=\"927\" class=\"elementor elementor-927\">\n\t\t\t\t\t\t<section class=\"elementor-section elementor-top-section elementor-element elementor-element-9a50035 elementor-section-boxed elementor-section-height-default elementor-section-height-default\" data-id=\"9a50035\" data-element_type=\"section\" data-e-type=\"section\">\n\t\t\t\t\t\t<div class=\"elementor-container elementor-column-gap-default\">\n\t\t\t\t\t<div class=\"elementor-column elementor-col-100 elementor-top-column elementor-element elementor-element-a6a87e0\" data-id=\"a6a87e0\" data-element_type=\"column\" data-e-type=\"column\">\n\t\t\t<div class=\"elementor-widget-wrap elementor-element-populated\">\n\t\t\t\t\t\t<div class=\"elementor-element elementor-element-b4d4ff1 elementor-widget elementor-widget-text-editor\" data-id=\"b4d4ff1\" data-element_type=\"widget\" data-e-type=\"widget\" data-widget_type=\"text-editor.default\">\n\t\t\t\t<div class=\"elementor-widget-container\">\n\t\t\t\t\t\t\t\t\t<p>28 grudnia (poniedzia\u0142ek) o godz. 17.30 ob\u0119dzie si\u0119 kolejne, ostatnie w tym roku, spotkanie on-line DKK &#8211; Dyskusyjnego Klubu. Tym razem b\u0119dziemy dyskutowa\u0107 o ksi\u0105\u017cce\u00a0\u201eIrena Tuwim. Nie umar\u0142am\u00a0\u00a0z mi\u0142o\u015bci\u201d.\u00a0<\/p><p>Spotkanie odbywa si\u0119 na platformie TEAMS. Nagrywamy je 28 grudnia, a publikujemy 31 grudnia 2020.<\/p><p>Nasza kolejna dyskusja odb\u0119dzie si\u0119 w styczniu 2021:<br \/>Tytu\u0142: Maciej Czarnecki, Dzieci Norwegii: &#8222;O pa\u0144stwie (nad)opieku\u0144czym&#8221;.<br \/>Termin spotkania on-line: 25 stycznia, godz. 17.30 (poniedzia\u0142ek)\u00a0<\/p><p>Ksi\u0105\u017cki mo\u017cna odebra\u0107 w Dziale Promocji i Upowszechniania Czytelnictwa.<\/p><p>Loginy i has\u0142a bez zmian.<\/p><p>Zapraszamy!<\/p>\t\t\t\t\t\t\t\t<\/div>\n\t\t\t\t<\/div>\n\t\t\t\t\t<\/div>\n\t\t<\/div>\n\t\t\t\t\t<\/div>\n\t\t<\/section>\n\t\t\t\t<\/div>\n\t\t","protected":false},"excerpt":{"rendered":"<p>28 grudnia (poniedzia\u0142ek) o godz. 17.30 ob\u0119dzie si\u0119 kolejne, ostatnie w tym roku, spotkanie on-line DKK &#8211; Dyskusyjnego Klubu. Tym razem b\u0119dziemy dyskutowa\u0107 o ksi\u0105\u017cce\u00a0\u201eIrena&hellip; <\/p>\n","protected":false},"author":3,"featured_media":932,"comment_status":"closed","ping_status":"open","sticky":false,"template":"","format":"standard","meta":{"footnotes":""},"categories":[3],"tags":[43],"class_list":["post-927","post","type-post","status-publish","format-standard","has-post-thumbnail","hentry","category-czytamzdkk","tag-zapowiedz"],"_links":{"self":[{"href":"https:\/\/www.mbp.chrzanow.pl\/dkkchrzanow\/index.php?rest_route=\/wp\/v2\/posts\/927","targetHints":{"allow":["GET"]}}],"collection":[{"href":"https:\/\/www.mbp.chrzanow.pl\/dkkchrzanow\/index.php?rest_route=\/wp\/v2\/posts"}],"about":[{"href":"https:\/\/www.mbp.chrzanow.pl\/dkkchrzanow\/index.php?rest_route=\/wp\/v2\/types\/post"}],"author":[{"embeddable":true,"href":"https:\/\/www.mbp.chrzanow.pl\/dkkchrzanow\/index.php?rest_route=\/wp\/v2\/users\/3"}],"replies":[{"embeddable":true,"href":"https:\/\/www.mbp.chrzanow.pl\/dkkchrzanow\/index.php?rest_route=%2Fwp%2Fv2%2Fcomments&post=927"}],"version-history":[{"count":3,"href":"https:\/\/www.mbp.chrzanow.pl\/dkkchrzanow\/index.php?rest_route=\/wp\/v2\/posts\/927\/revisions"}],"predecessor-version":[{"id":934,"href":"https:\/\/www.mbp.chrzanow.pl\/dkkchrzanow\/index.php?rest_route=\/wp\/v2\/posts\/927\/revisions\/934"}],"wp:featuredmedia":[{"embeddable":true,"href":"https:\/\/www.mbp.chrzanow.pl\/dkkchrzanow\/index.php?rest_route=\/wp\/v2\/media\/932"}],"wp:attachment":[{"href":"https:\/\/www.mbp.chrzanow.pl\/dkkchrzanow\/index.php?rest_route=%2Fwp%2Fv2%2Fmedia&parent=927"}],"wp:term":[{"taxonomy":"category","embeddable":true,"href":"https:\/\/www.mbp.chrzanow.pl\/dkkchrzanow\/index.php?rest_route=%2Fwp%2Fv2%2Fcategories&post=927"},{"taxonomy":"post_tag","embeddable":true,"href":"https:\/\/www.mbp.chrzanow.pl\/dkkchrzanow\/index.php?rest_route=%2Fwp%2Fv2%2Ftags&post=927"}],"curies":[{"name":"wp","href":"https:\/\/api.w.org\/{rel}","templated":true}]}}