{"id":941,"date":"2021-01-13T09:13:10","date_gmt":"2021-01-13T08:13:10","guid":{"rendered":"https:\/\/www.mbp.chrzanow.pl\/dkkchrzanow\/?p=941"},"modified":"2021-03-19T17:09:33","modified_gmt":"2021-03-19T16:09:33","slug":"dzieci-norwegii-o-panstwie-nadopiekunczym-maciej-czarnecki-28-01-2021-godz-1730","status":"publish","type":"post","link":"https:\/\/www.mbp.chrzanow.pl\/dkkchrzanow\/?p=941","title":{"rendered":"&#8222;Dzieci Norwegii. O pa\u0144stwie (nad)opieku\u0144czym&#8221;\u201e Maciej Czarnecki, 28.01.2021, godz. 17:30"},"content":{"rendered":"\t\t<div data-elementor-type=\"wp-post\" data-elementor-id=\"941\" class=\"elementor elementor-941\">\n\t\t\t\t\t\t<section class=\"elementor-section elementor-top-section elementor-element elementor-element-1358d0c elementor-section-boxed elementor-section-height-default elementor-section-height-default\" data-id=\"1358d0c\" data-element_type=\"section\" data-e-type=\"section\">\n\t\t\t\t\t\t<div class=\"elementor-container elementor-column-gap-default\">\n\t\t\t\t\t<div class=\"elementor-column elementor-col-100 elementor-top-column elementor-element elementor-element-e932d61\" data-id=\"e932d61\" data-element_type=\"column\" data-e-type=\"column\">\n\t\t\t<div class=\"elementor-widget-wrap elementor-element-populated\">\n\t\t\t\t\t\t<div class=\"elementor-element elementor-element-8f075ce elementor-widget elementor-widget-text-editor\" data-id=\"8f075ce\" data-element_type=\"widget\" data-e-type=\"widget\" data-widget_type=\"text-editor.default\">\n\t\t\t\t<div class=\"elementor-widget-container\">\n\t\t\t\t\t\t\t\t\t<p>25 stycznia (poniedzia\u0142ek) o godz. 17.30 ob\u0119dzie si\u0119, pierwsze tym roku, spotkanie on-line DKK \u2013 Dyskusyjnego Klubu. Tym razem b\u0119dziemy dyskutowa\u0107 o ksi\u0105\u017cce &#8222;Dzieci Norwegii. O pa\u0144stwie (nad)opieku\u0144czym&#8221;.<\/p><p>Spotkanie odbywa si\u0119 na platformie TEAMS. Nagrywamy je 25 stycznia, a publikujemy 28 stycznia 2021.<\/p><p>Ksi\u0105\u017cki mo\u017cna odebra\u0107 w Dziale Promocji i Upowszechniania Czytelnictwa.<\/p><p>Loginy i has\u0142a bez zmian.<\/p><p>Zapraszamy!<\/p>\t\t\t\t\t\t\t\t<\/div>\n\t\t\t\t<\/div>\n\t\t\t\t\t<\/div>\n\t\t<\/div>\n\t\t\t\t\t<\/div>\n\t\t<\/section>\n\t\t\t\t<\/div>\n\t\t","protected":false},"excerpt":{"rendered":"<p>25 stycznia (poniedzia\u0142ek) o godz. 17.30 ob\u0119dzie si\u0119, pierwsze tym roku, spotkanie on-line DKK \u2013 Dyskusyjnego Klubu. Tym razem b\u0119dziemy dyskutowa\u0107 o ksi\u0105\u017cce &#8222;Dzieci Norwegii.&hellip; <\/p>\n","protected":false},"author":3,"featured_media":942,"comment_status":"closed","ping_status":"open","sticky":false,"template":"","format":"standard","meta":{"footnotes":""},"categories":[3],"tags":[43],"class_list":["post-941","post","type-post","status-publish","format-standard","has-post-thumbnail","hentry","category-czytamzdkk","tag-zapowiedz"],"_links":{"self":[{"href":"https:\/\/www.mbp.chrzanow.pl\/dkkchrzanow\/index.php?rest_route=\/wp\/v2\/posts\/941","targetHints":{"allow":["GET"]}}],"collection":[{"href":"https:\/\/www.mbp.chrzanow.pl\/dkkchrzanow\/index.php?rest_route=\/wp\/v2\/posts"}],"about":[{"href":"https:\/\/www.mbp.chrzanow.pl\/dkkchrzanow\/index.php?rest_route=\/wp\/v2\/types\/post"}],"author":[{"embeddable":true,"href":"https:\/\/www.mbp.chrzanow.pl\/dkkchrzanow\/index.php?rest_route=\/wp\/v2\/users\/3"}],"replies":[{"embeddable":true,"href":"https:\/\/www.mbp.chrzanow.pl\/dkkchrzanow\/index.php?rest_route=%2Fwp%2Fv2%2Fcomments&post=941"}],"version-history":[{"count":3,"href":"https:\/\/www.mbp.chrzanow.pl\/dkkchrzanow\/index.php?rest_route=\/wp\/v2\/posts\/941\/revisions"}],"predecessor-version":[{"id":982,"href":"https:\/\/www.mbp.chrzanow.pl\/dkkchrzanow\/index.php?rest_route=\/wp\/v2\/posts\/941\/revisions\/982"}],"wp:featuredmedia":[{"embeddable":true,"href":"https:\/\/www.mbp.chrzanow.pl\/dkkchrzanow\/index.php?rest_route=\/wp\/v2\/media\/942"}],"wp:attachment":[{"href":"https:\/\/www.mbp.chrzanow.pl\/dkkchrzanow\/index.php?rest_route=%2Fwp%2Fv2%2Fmedia&parent=941"}],"wp:term":[{"taxonomy":"category","embeddable":true,"href":"https:\/\/www.mbp.chrzanow.pl\/dkkchrzanow\/index.php?rest_route=%2Fwp%2Fv2%2Fcategories&post=941"},{"taxonomy":"post_tag","embeddable":true,"href":"https:\/\/www.mbp.chrzanow.pl\/dkkchrzanow\/index.php?rest_route=%2Fwp%2Fv2%2Ftags&post=941"}],"curies":[{"name":"wp","href":"https:\/\/api.w.org\/{rel}","templated":true}]}}