{"id":963,"date":"2021-02-15T09:58:56","date_gmt":"2021-02-15T08:58:56","guid":{"rendered":"https:\/\/www.mbp.chrzanow.pl\/dkkchrzanow\/?p=963"},"modified":"2021-04-16T11:42:15","modified_gmt":"2021-04-16T09:42:15","slug":"spotkanie-dkk-joanna-kuciel-frydryszak-illa-opowiesc-o-kazimierze-illakowiczownie-25-02-2021-godz-1730","status":"publish","type":"post","link":"https:\/\/www.mbp.chrzanow.pl\/dkkchrzanow\/?p=963","title":{"rendered":"Spotkanie DKK \u2013 Joanna Kuciel &#8211; Frydryszak, I\u0142\u0142a: opowie\u015b\u0107 o Kazimierze I\u0142\u0142akowicz\u00f3wnie, 25.02.2021, godz. 17:30"},"content":{"rendered":"\n<p>25 lutego (czwartek) o godz. 17:30 kolejne spotkanie online w ramach DKK &#8211; Dyskusyjnego Klubu Ksi\u0105\u017cki. Tym razem klubowicze rozmawia\u0107 b\u0119d\u0105 o ksi\u0105\u017cce Joanny Kuciel &#8211; Frydryszak <em>\u201eI\u0142\u0142a: opowie\u015b\u0107 o Kazimierze I\u0142\u0142akowicz\u00f3wnie&#8221;. <\/em><\/p>\n\n\n\n<p><em>Zapraszamy!<\/em> <\/p>\n","protected":false},"excerpt":{"rendered":"<p>25 lutego (czwartek) o godz. 17:30 kolejne spotkanie online w ramach DKK &#8211; Dyskusyjnego Klubu Ksi\u0105\u017cki. Tym razem klubowicze rozmawia\u0107 b\u0119d\u0105 o ksi\u0105\u017cce Joanny Kuciel&hellip; <\/p>\n","protected":false},"author":3,"featured_media":964,"comment_status":"closed","ping_status":"open","sticky":false,"template":"","format":"standard","meta":{"footnotes":""},"categories":[3],"tags":[43],"class_list":["post-963","post","type-post","status-publish","format-standard","has-post-thumbnail","hentry","category-czytamzdkk","tag-zapowiedz"],"_links":{"self":[{"href":"https:\/\/www.mbp.chrzanow.pl\/dkkchrzanow\/index.php?rest_route=\/wp\/v2\/posts\/963","targetHints":{"allow":["GET"]}}],"collection":[{"href":"https:\/\/www.mbp.chrzanow.pl\/dkkchrzanow\/index.php?rest_route=\/wp\/v2\/posts"}],"about":[{"href":"https:\/\/www.mbp.chrzanow.pl\/dkkchrzanow\/index.php?rest_route=\/wp\/v2\/types\/post"}],"author":[{"embeddable":true,"href":"https:\/\/www.mbp.chrzanow.pl\/dkkchrzanow\/index.php?rest_route=\/wp\/v2\/users\/3"}],"replies":[{"embeddable":true,"href":"https:\/\/www.mbp.chrzanow.pl\/dkkchrzanow\/index.php?rest_route=%2Fwp%2Fv2%2Fcomments&post=963"}],"version-history":[{"count":1,"href":"https:\/\/www.mbp.chrzanow.pl\/dkkchrzanow\/index.php?rest_route=\/wp\/v2\/posts\/963\/revisions"}],"predecessor-version":[{"id":965,"href":"https:\/\/www.mbp.chrzanow.pl\/dkkchrzanow\/index.php?rest_route=\/wp\/v2\/posts\/963\/revisions\/965"}],"wp:featuredmedia":[{"embeddable":true,"href":"https:\/\/www.mbp.chrzanow.pl\/dkkchrzanow\/index.php?rest_route=\/wp\/v2\/media\/964"}],"wp:attachment":[{"href":"https:\/\/www.mbp.chrzanow.pl\/dkkchrzanow\/index.php?rest_route=%2Fwp%2Fv2%2Fmedia&parent=963"}],"wp:term":[{"taxonomy":"category","embeddable":true,"href":"https:\/\/www.mbp.chrzanow.pl\/dkkchrzanow\/index.php?rest_route=%2Fwp%2Fv2%2Fcategories&post=963"},{"taxonomy":"post_tag","embeddable":true,"href":"https:\/\/www.mbp.chrzanow.pl\/dkkchrzanow\/index.php?rest_route=%2Fwp%2Fv2%2Ftags&post=963"}],"curies":[{"name":"wp","href":"https:\/\/api.w.org\/{rel}","templated":true}]}}