{"id":967,"date":"2021-02-25T17:30:17","date_gmt":"2021-02-25T16:30:17","guid":{"rendered":"https:\/\/www.mbp.chrzanow.pl\/dkkchrzanow\/?p=967"},"modified":"2021-04-16T11:42:06","modified_gmt":"2021-04-16T09:42:06","slug":"illa-opowiesc-o-kazimierze-illakowiczownie-joanna-kuciel-frydryszak-relacja-ze-spotkania-on-line-25-02-2021","status":"publish","type":"post","link":"https:\/\/www.mbp.chrzanow.pl\/dkkchrzanow\/?p=967","title":{"rendered":"\u201eI\u0142\u0142a: opowie\u015b\u0107 o Kazimierze I\u0142\u0142akowicz\u00f3wnie.\u201d\u201e Joanna Kuciel &#8211; Frydryszak \u2013 relacja ze spotkania on-line (25.02.2021)"},"content":{"rendered":"\t\t<div data-elementor-type=\"wp-post\" data-elementor-id=\"967\" class=\"elementor elementor-967\">\n\t\t\t\t\t\t<section class=\"elementor-section elementor-top-section elementor-element elementor-element-0e68147 elementor-section-boxed elementor-section-height-default elementor-section-height-default\" data-id=\"0e68147\" data-element_type=\"section\" data-e-type=\"section\">\n\t\t\t\t\t\t<div class=\"elementor-container elementor-column-gap-default\">\n\t\t\t\t\t<div class=\"elementor-column elementor-col-100 elementor-top-column elementor-element elementor-element-7aaf76b\" data-id=\"7aaf76b\" data-element_type=\"column\" data-e-type=\"column\">\n\t\t\t<div class=\"elementor-widget-wrap elementor-element-populated\">\n\t\t\t\t\t\t<div class=\"elementor-element elementor-element-386c2ee elementor-widget elementor-widget-text-editor\" data-id=\"386c2ee\" data-element_type=\"widget\" data-e-type=\"widget\" data-widget_type=\"text-editor.default\">\n\t\t\t\t<div class=\"elementor-widget-container\">\n\t\t\t\t\t\t\t\t\t<p>22 lutego (poniedzia\u0142ek) o godz. 17.30 odby\u0142o si\u0119 spotkanie on-line DKK \u2013 Dyskusyjnego Klubu. Tym razem dyskutowali\u015bmy o ksi\u0105\u017cce Joanny Kuciel &#8211; Frydryszak, \u201cI\u0142\u0142a: opowie\u015b\u0107 o Kazimierze I\u0142\u0142akowicz\u00f3wnie\u201d. Zapraszamy do obejrzenia!<\/p><p>Nasza kolejna dyskusja odb\u0119dzie si\u0119 w marcu.<\/p><p><strong>Autor i tytu\u0142: <\/strong>Dominika S\u0142owik<em>, Zimowla<br \/><\/em><\/p><p><strong>Termin spotkania on-line:<\/strong> 22 marca, godz. 17.30 (poniedzia\u0142ek)\u00a0<\/p><p>Ksi\u0105\u017cki mo\u017cna odebra\u0107 w Dziale Promocji i Upowszechniania Czytelnictwa.<\/p><p>Zapraszamy!<\/p>\t\t\t\t\t\t\t\t<\/div>\n\t\t\t\t<\/div>\n\t\t\t\t\t<\/div>\n\t\t<\/div>\n\t\t\t\t\t<\/div>\n\t\t<\/section>\n\t\t\t\t<section class=\"elementor-section elementor-top-section elementor-element elementor-element-efc73c4 elementor-section-boxed elementor-section-height-default elementor-section-height-default\" data-id=\"efc73c4\" data-element_type=\"section\" data-e-type=\"section\">\n\t\t\t\t\t\t<div class=\"elementor-container elementor-column-gap-default\">\n\t\t\t\t\t<div class=\"elementor-column elementor-col-100 elementor-top-column elementor-element elementor-element-63b78d4\" data-id=\"63b78d4\" data-element_type=\"column\" data-e-type=\"column\">\n\t\t\t<div class=\"elementor-widget-wrap elementor-element-populated\">\n\t\t\t\t\t\t<div class=\"elementor-element elementor-element-979170e elementor-widget elementor-widget-video\" data-id=\"979170e\" data-element_type=\"widget\" data-e-type=\"widget\" data-settings=\"{&quot;youtube_url&quot;:&quot;https:\\\/\\\/www.youtube.com\\\/watch?v=VzVJQ7mIlNg&amp;feature=youtu.be&quot;,&quot;video_type&quot;:&quot;youtube&quot;,&quot;controls&quot;:&quot;yes&quot;}\" data-widget_type=\"video.default\">\n\t\t\t\t<div class=\"elementor-widget-container\">\n\t\t\t\t\t\t\t<div class=\"elementor-wrapper elementor-open-inline\">\n\t\t\t<div class=\"elementor-video\"><\/div>\t\t<\/div>\n\t\t\t\t\t\t<\/div>\n\t\t\t\t<\/div>\n\t\t\t\t\t<\/div>\n\t\t<\/div>\n\t\t\t\t\t<\/div>\n\t\t<\/section>\n\t\t\t\t<\/div>\n\t\t","protected":false},"excerpt":{"rendered":"<p>22 lutego (poniedzia\u0142ek) o godz. 17.30 odby\u0142o si\u0119 spotkanie on-line DKK \u2013 Dyskusyjnego Klubu. Tym razem dyskutowali\u015bmy o ksi\u0105\u017cce Joanny Kuciel &#8211; Frydryszak, \u201cI\u0142\u0142a: opowie\u015b\u0107&hellip; <\/p>\n","protected":false},"author":3,"featured_media":968,"comment_status":"closed","ping_status":"open","sticky":false,"template":"","format":"standard","meta":{"footnotes":""},"categories":[3],"tags":[44],"class_list":["post-967","post","type-post","status-publish","format-standard","has-post-thumbnail","hentry","category-czytamzdkk","tag-relacja"],"_links":{"self":[{"href":"https:\/\/www.mbp.chrzanow.pl\/dkkchrzanow\/index.php?rest_route=\/wp\/v2\/posts\/967","targetHints":{"allow":["GET"]}}],"collection":[{"href":"https:\/\/www.mbp.chrzanow.pl\/dkkchrzanow\/index.php?rest_route=\/wp\/v2\/posts"}],"about":[{"href":"https:\/\/www.mbp.chrzanow.pl\/dkkchrzanow\/index.php?rest_route=\/wp\/v2\/types\/post"}],"author":[{"embeddable":true,"href":"https:\/\/www.mbp.chrzanow.pl\/dkkchrzanow\/index.php?rest_route=\/wp\/v2\/users\/3"}],"replies":[{"embeddable":true,"href":"https:\/\/www.mbp.chrzanow.pl\/dkkchrzanow\/index.php?rest_route=%2Fwp%2Fv2%2Fcomments&post=967"}],"version-history":[{"count":5,"href":"https:\/\/www.mbp.chrzanow.pl\/dkkchrzanow\/index.php?rest_route=\/wp\/v2\/posts\/967\/revisions"}],"predecessor-version":[{"id":998,"href":"https:\/\/www.mbp.chrzanow.pl\/dkkchrzanow\/index.php?rest_route=\/wp\/v2\/posts\/967\/revisions\/998"}],"wp:featuredmedia":[{"embeddable":true,"href":"https:\/\/www.mbp.chrzanow.pl\/dkkchrzanow\/index.php?rest_route=\/wp\/v2\/media\/968"}],"wp:attachment":[{"href":"https:\/\/www.mbp.chrzanow.pl\/dkkchrzanow\/index.php?rest_route=%2Fwp%2Fv2%2Fmedia&parent=967"}],"wp:term":[{"taxonomy":"category","embeddable":true,"href":"https:\/\/www.mbp.chrzanow.pl\/dkkchrzanow\/index.php?rest_route=%2Fwp%2Fv2%2Fcategories&post=967"},{"taxonomy":"post_tag","embeddable":true,"href":"https:\/\/www.mbp.chrzanow.pl\/dkkchrzanow\/index.php?rest_route=%2Fwp%2Fv2%2Ftags&post=967"}],"curies":[{"name":"wp","href":"https:\/\/api.w.org\/{rel}","templated":true}]}}