{"id":361,"date":"2019-07-25T10:12:41","date_gmt":"2019-07-25T08:12:41","guid":{"rendered":"https:\/\/www.mbp.chrzanow.pl\/lokomotywyniepodleglosci\/?p=361"},"modified":"2019-07-25T10:58:11","modified_gmt":"2019-07-25T08:58:11","slug":"spacer-z-widokiem-na-lokomotywe-rozwiaz-quest-i-zdobadz-skarb","status":"publish","type":"post","link":"https:\/\/www.mbp.chrzanow.pl\/lokomotywyniepodleglosci\/index.php\/2019\/07\/25\/spacer-z-widokiem-na-lokomotywe-rozwiaz-quest-i-zdobadz-skarb\/","title":{"rendered":"SPACER Z WIDOKIEM NA LOKOMOTYW\u0118 &#8211; rozwi\u0105\u017c quest i zdob\u0105d\u017a skarb!"},"content":{"rendered":"\n<p>Chcesz dowiedzie\u0107 si\u0119 jeszcze wi\u0119cej o Fabloku i jego pracownikach? Sprawdzi\u0107 jak dzisiaj wygl\u0105daj\u0105 chrzanowskie miejsca z nim zwi\u0105zane? <\/p>\n\n\n\n<p>Zapraszamy na SPACER Z WIDOKIEM NA LOKOMOTYW\u0118 &#8211; rozwi\u0105\u017c quest i zdob\u0105d\u017a skarb!<\/p>\n\n\n\n<p>Quest dost\u0119pny w:<\/p>\n\n\n\n<p>\u00b7         Miejskiej Bibliotece Publicznej w Chrzanowie, ul. Broniewskiego 10C<\/p>\n\n\n\n<p>\u00b7         Muzeum w Chrzanowie, ul. Mickiewicza 13 oraz &#8222;Dom Urba\u0144czyka&#8221;, al. Henryka 16  <\/p>\n\n\n\n<p>\u00b7         Punkcie Informacji Turystycznej w Chrzanowie, al. Henryka 40<\/p>\n\n\n\n<div class=\"wp-block-file\"><a href=\"https:\/\/www.mbp.chrzanow.pl\/lokomotywyniepodleglosci\/wp-content\/uploads\/2019\/07\/Chrzanow_questFablokpopr_DRUK.pdf\">lub pobierz -> QUEST (PDF)<\/a><a href=\"https:\/\/www.mbp.chrzanow.pl\/lokomotywyniepodleglosci\/wp-content\/uploads\/2019\/07\/Chrzanow_questFablokpopr_DRUK.pdf\" class=\"wp-block-file__button\" download>Pobierz<\/a><\/div>\n\n\n\n<p class=\"has-background has-very-light-gray-background-color\">Zrealizowano przez chrzanowsk\u0105 bibliotek\u0119 w ramach projektu  LOKOMOTYWY NIEPODLEG\u0141O\u015aCI  &#8211; program PIONIERZY  POLSKIEJ NIEPODLEG\u0141O\u015aCI.      <\/p>\n\n\n\n<p class=\"has-background has-very-light-gray-background-color\">Sfinansowano ze \u015brodk\u00f3w  Ministra Kultury i Dziedzictwa Narodowego  w ramach Programu Wieloletniego  NIEPODLEG\u0141A na lata 2017-2022.<br><\/p>\n","protected":false},"excerpt":{"rendered":"<p>Chcesz dowiedzie\u0107 si\u0119 jeszcze wi\u0119cej o Fabloku i jego pracownikach? Sprawdzi\u0107 jak dzisiaj wygl\u0105daj\u0105 chrzanowskie miejsca z nim zwi\u0105zane? Zapraszamy na SPACER Z WIDOKIEM NA LOKOMOTYW\u0118 &#8211; rozwi\u0105\u017c quest i zdob\u0105d\u017a skarb! Quest dost\u0119pny w: \u00b7 Miejskiej Bibliotece Publicznej w Chrzanowie, ul. Broniewskiego 10C \u00b7 Muzeum w Chrzanowie, ul. Mickiewicza 13 oraz &#8222;Dom Urba\u0144czyka&#8221;, al. [&hellip;]<\/p>\n","protected":false},"author":1,"featured_media":0,"comment_status":"closed","ping_status":"open","sticky":false,"template":"","format":"standard","meta":{"footnotes":""},"categories":[3],"tags":[],"class_list":["post-361","post","type-post","status-publish","format-standard","hentry","category-aktualnosci"],"_links":{"self":[{"href":"https:\/\/www.mbp.chrzanow.pl\/lokomotywyniepodleglosci\/index.php\/wp-json\/wp\/v2\/posts\/361","targetHints":{"allow":["GET"]}}],"collection":[{"href":"https:\/\/www.mbp.chrzanow.pl\/lokomotywyniepodleglosci\/index.php\/wp-json\/wp\/v2\/posts"}],"about":[{"href":"https:\/\/www.mbp.chrzanow.pl\/lokomotywyniepodleglosci\/index.php\/wp-json\/wp\/v2\/types\/post"}],"author":[{"embeddable":true,"href":"https:\/\/www.mbp.chrzanow.pl\/lokomotywyniepodleglosci\/index.php\/wp-json\/wp\/v2\/users\/1"}],"replies":[{"embeddable":true,"href":"https:\/\/www.mbp.chrzanow.pl\/lokomotywyniepodleglosci\/index.php\/wp-json\/wp\/v2\/comments?post=361"}],"version-history":[{"count":4,"href":"https:\/\/www.mbp.chrzanow.pl\/lokomotywyniepodleglosci\/index.php\/wp-json\/wp\/v2\/posts\/361\/revisions"}],"predecessor-version":[{"id":366,"href":"https:\/\/www.mbp.chrzanow.pl\/lokomotywyniepodleglosci\/index.php\/wp-json\/wp\/v2\/posts\/361\/revisions\/366"}],"wp:attachment":[{"href":"https:\/\/www.mbp.chrzanow.pl\/lokomotywyniepodleglosci\/index.php\/wp-json\/wp\/v2\/media?parent=361"}],"wp:term":[{"taxonomy":"category","embeddable":true,"href":"https:\/\/www.mbp.chrzanow.pl\/lokomotywyniepodleglosci\/index.php\/wp-json\/wp\/v2\/categories?post=361"},{"taxonomy":"post_tag","embeddable":true,"href":"https:\/\/www.mbp.chrzanow.pl\/lokomotywyniepodleglosci\/index.php\/wp-json\/wp\/v2\/tags?post=361"}],"curies":[{"name":"wp","href":"https:\/\/api.w.org\/{rel}","templated":true}]}}