{"id":437,"date":"2019-09-18T19:07:46","date_gmt":"2019-09-18T17:07:46","guid":{"rendered":"https:\/\/www.mbp.chrzanow.pl\/lokomotywyniepodleglosci\/?p=437"},"modified":"2019-09-18T19:16:29","modified_gmt":"2019-09-18T17:16:29","slug":"fablok-na-alei-henryka-czyli-zapraszamy-na-wystawe-plenerowa","status":"publish","type":"post","link":"https:\/\/www.mbp.chrzanow.pl\/lokomotywyniepodleglosci\/index.php\/2019\/09\/18\/fablok-na-alei-henryka-czyli-zapraszamy-na-wystawe-plenerowa\/","title":{"rendered":"FABLOK NA ALEI HENRYKA, czyli zapraszamy na wystaw\u0119 plenerow\u0105"},"content":{"rendered":"\n<p>Serdecznie zapraszamy mieszka\u0144c\u00f3w naszego miasta i regionu do obejrzenia ekspozycji niezwyk\u0142ej <strong>100 lat Pierwszej w Polsce. <\/strong><\/p>\n\n\n\n<!--more-->\n\n\n\n<p><br>By uczci\u0107 100-lecie powstania Pierwszej Fabryki Lokomotyw w Polsce, w ramach projektu Lokomotywy Niepodleg\u0142o\u015bci, dla mieszka\u0144c\u00f3w naszego miasta i regionu przygotowali\u015bmy wsp\u00f3lnie ze Stowarzyszeniem Stacja Chrzan\u00f3w, wystaw\u0119, kt\u00f3rej nadrz\u0119dnym celem jest pokazanie historii tego wa\u017cnego miejsca, osi\u0105gni\u0119\u0107 ludzi zwi\u0105zanych z Fablokiem, jego za\u0142o\u017cycieli, wybitnych konstruktor\u00f3w, pracownik\u00f3w. Na wystaw\u0119 sk\u0142adaj\u0105 si\u0119 archiwalne zdj\u0119cia, spora gar\u015b\u0107 informacji i ciekawostek, podanych w bardzo atrakcyjnej graficznie formie. Zapraszamy do zwiedzania wystawy, dzi\u0119kuj\u0105c jednocze\u015bnie tym, kt\u00f3rzy podzieli si\u0119 z nami swoj\u0105 wiedz\u0105 i cennymi pami\u0105tkami zwi\u0105zanymi z chrzanowsk\u0105 fabryk\u0105: mieszka\u0144com miasta, by\u0142ym Fablokowcom, Muzeum w Chrzanowie im. I. i M. Mazarakich oraz Stowarzyszeniu Stacja Chrzan\u00f3w. <br>Wstaw\u0119 prezentujemy przed Urz\u0119dem Miasta w Chrzanowie, Al. Henryka 20, do 21 pa\u017adziernika 2019 r.<\/p>\n\n\n\n<ul class=\"wp-block-gallery columns-1 is-cropped wp-block-gallery-1 is-layout-flex wp-block-gallery-is-layout-flex\"><li class=\"blocks-gallery-item\"><figure><img loading=\"lazy\" decoding=\"async\" width=\"768\" height=\"1024\" src=\"https:\/\/www.mbp.chrzanow.pl\/lokomotywyniepodleglosci\/wp-content\/uploads\/2019\/09\/IMG_20190918_111435-768x1024.jpg\" alt=\"\" data-id=\"445\" data-link=\"https:\/\/www.mbp.chrzanow.pl\/lokomotywyniepodleglosci\/index.php\/2019\/09\/18\/fablok-na-alei-henryka-czyli-zapraszamy-na-wystawe-plenerowa\/img_20190918_111435\/\" class=\"wp-image-445\" srcset=\"https:\/\/www.mbp.chrzanow.pl\/lokomotywyniepodleglosci\/wp-content\/uploads\/2019\/09\/IMG_20190918_111435-768x1024.jpg 768w, https:\/\/www.mbp.chrzanow.pl\/lokomotywyniepodleglosci\/wp-content\/uploads\/2019\/09\/IMG_20190918_111435-225x300.jpg 225w, https:\/\/www.mbp.chrzanow.pl\/lokomotywyniepodleglosci\/wp-content\/uploads\/2019\/09\/IMG_20190918_111435.jpg 960w\" sizes=\"auto, (max-width: 768px) 100vw, 768px\" \/><\/figure><\/li><li class=\"blocks-gallery-item\"><figure><img loading=\"lazy\" decoding=\"async\" width=\"768\" height=\"1024\" src=\"https:\/\/www.mbp.chrzanow.pl\/lokomotywyniepodleglosci\/wp-content\/uploads\/2019\/09\/IMG_20190918_111421-768x1024.jpg\" alt=\"\" data-id=\"444\" data-link=\"https:\/\/www.mbp.chrzanow.pl\/lokomotywyniepodleglosci\/index.php\/2019\/09\/18\/fablok-na-alei-henryka-czyli-zapraszamy-na-wystawe-plenerowa\/img_20190918_111421\/\" class=\"wp-image-444\" srcset=\"https:\/\/www.mbp.chrzanow.pl\/lokomotywyniepodleglosci\/wp-content\/uploads\/2019\/09\/IMG_20190918_111421-768x1024.jpg 768w, https:\/\/www.mbp.chrzanow.pl\/lokomotywyniepodleglosci\/wp-content\/uploads\/2019\/09\/IMG_20190918_111421-225x300.jpg 225w, https:\/\/www.mbp.chrzanow.pl\/lokomotywyniepodleglosci\/wp-content\/uploads\/2019\/09\/IMG_20190918_111421.jpg 960w\" sizes=\"auto, (max-width: 768px) 100vw, 768px\" \/><\/figure><\/li><li class=\"blocks-gallery-item\"><figure><img loading=\"lazy\" decoding=\"async\" width=\"768\" height=\"1024\" src=\"https:\/\/www.mbp.chrzanow.pl\/lokomotywyniepodleglosci\/wp-content\/uploads\/2019\/09\/IMG_20190918_111355-768x1024.jpg\" alt=\"\" data-id=\"443\" data-link=\"https:\/\/www.mbp.chrzanow.pl\/lokomotywyniepodleglosci\/index.php\/2019\/09\/18\/fablok-na-alei-henryka-czyli-zapraszamy-na-wystawe-plenerowa\/img_20190918_111355\/\" class=\"wp-image-443\" srcset=\"https:\/\/www.mbp.chrzanow.pl\/lokomotywyniepodleglosci\/wp-content\/uploads\/2019\/09\/IMG_20190918_111355-768x1024.jpg 768w, https:\/\/www.mbp.chrzanow.pl\/lokomotywyniepodleglosci\/wp-content\/uploads\/2019\/09\/IMG_20190918_111355-225x300.jpg 225w, https:\/\/www.mbp.chrzanow.pl\/lokomotywyniepodleglosci\/wp-content\/uploads\/2019\/09\/IMG_20190918_111355.jpg 960w\" sizes=\"auto, (max-width: 768px) 100vw, 768px\" \/><\/figure><\/li><li class=\"blocks-gallery-item\"><figure><img loading=\"lazy\" decoding=\"async\" width=\"1024\" height=\"768\" src=\"https:\/\/www.mbp.chrzanow.pl\/lokomotywyniepodleglosci\/wp-content\/uploads\/2019\/09\/IMG_20190918_111324-1024x768.jpg\" alt=\"\" data-id=\"442\" data-link=\"https:\/\/www.mbp.chrzanow.pl\/lokomotywyniepodleglosci\/index.php\/2019\/09\/18\/fablok-na-alei-henryka-czyli-zapraszamy-na-wystawe-plenerowa\/img_20190918_111324\/\" class=\"wp-image-442\" srcset=\"https:\/\/www.mbp.chrzanow.pl\/lokomotywyniepodleglosci\/wp-content\/uploads\/2019\/09\/IMG_20190918_111324-1024x768.jpg 1024w, https:\/\/www.mbp.chrzanow.pl\/lokomotywyniepodleglosci\/wp-content\/uploads\/2019\/09\/IMG_20190918_111324-300x225.jpg 300w, https:\/\/www.mbp.chrzanow.pl\/lokomotywyniepodleglosci\/wp-content\/uploads\/2019\/09\/IMG_20190918_111324-768x576.jpg 768w, https:\/\/www.mbp.chrzanow.pl\/lokomotywyniepodleglosci\/wp-content\/uploads\/2019\/09\/IMG_20190918_111324.jpg 1280w\" sizes=\"auto, (max-width: 1024px) 100vw, 1024px\" \/><\/figure><\/li><\/ul>\n\n\n\n<p class=\"has-background has-very-light-gray-background-color\">Zaj\u0119cia realizowane przez chrzanowsk\u0105 bibliotek\u0119 w ramach projektu  LOKOMOTYWY NIEPODLEG\u0141O\u015aCI \u2013 program PIONIERZY POLSKIEJ NIEPODLEG\u0141O\u015aCI. <\/p>\n\n\n\n<p class=\"has-background has-very-light-gray-background-color\">\nSfinansowano ze \u015brodk\u00f3w Ministra Kultury i Dziedzictwa Narodowego w \nramach Programu Wieloletniego NIEPODLEG\u0141A na lata 2017-2022.\n\n<\/p>\n","protected":false},"excerpt":{"rendered":"<p>Serdecznie zapraszamy mieszka\u0144c\u00f3w naszego miasta i regionu do obejrzenia ekspozycji niezwyk\u0142ej 100 lat Pierwszej w Polsce.<\/p>\n","protected":false},"author":1,"featured_media":441,"comment_status":"closed","ping_status":"open","sticky":false,"template":"","format":"standard","meta":{"footnotes":""},"categories":[3],"tags":[],"class_list":["post-437","post","type-post","status-publish","format-standard","has-post-thumbnail","hentry","category-aktualnosci"],"_links":{"self":[{"href":"https:\/\/www.mbp.chrzanow.pl\/lokomotywyniepodleglosci\/index.php\/wp-json\/wp\/v2\/posts\/437","targetHints":{"allow":["GET"]}}],"collection":[{"href":"https:\/\/www.mbp.chrzanow.pl\/lokomotywyniepodleglosci\/index.php\/wp-json\/wp\/v2\/posts"}],"about":[{"href":"https:\/\/www.mbp.chrzanow.pl\/lokomotywyniepodleglosci\/index.php\/wp-json\/wp\/v2\/types\/post"}],"author":[{"embeddable":true,"href":"https:\/\/www.mbp.chrzanow.pl\/lokomotywyniepodleglosci\/index.php\/wp-json\/wp\/v2\/users\/1"}],"replies":[{"embeddable":true,"href":"https:\/\/www.mbp.chrzanow.pl\/lokomotywyniepodleglosci\/index.php\/wp-json\/wp\/v2\/comments?post=437"}],"version-history":[{"count":5,"href":"https:\/\/www.mbp.chrzanow.pl\/lokomotywyniepodleglosci\/index.php\/wp-json\/wp\/v2\/posts\/437\/revisions"}],"predecessor-version":[{"id":447,"href":"https:\/\/www.mbp.chrzanow.pl\/lokomotywyniepodleglosci\/index.php\/wp-json\/wp\/v2\/posts\/437\/revisions\/447"}],"wp:featuredmedia":[{"embeddable":true,"href":"https:\/\/www.mbp.chrzanow.pl\/lokomotywyniepodleglosci\/index.php\/wp-json\/wp\/v2\/media\/441"}],"wp:attachment":[{"href":"https:\/\/www.mbp.chrzanow.pl\/lokomotywyniepodleglosci\/index.php\/wp-json\/wp\/v2\/media?parent=437"}],"wp:term":[{"taxonomy":"category","embeddable":true,"href":"https:\/\/www.mbp.chrzanow.pl\/lokomotywyniepodleglosci\/index.php\/wp-json\/wp\/v2\/categories?post=437"},{"taxonomy":"post_tag","embeddable":true,"href":"https:\/\/www.mbp.chrzanow.pl\/lokomotywyniepodleglosci\/index.php\/wp-json\/wp\/v2\/tags?post=437"}],"curies":[{"name":"wp","href":"https:\/\/api.w.org\/{rel}","templated":true}]}}