{"id":128,"date":"2020-06-04T11:14:14","date_gmt":"2020-06-04T09:14:14","guid":{"rendered":"https:\/\/www.mbp.chrzanow.pl\/solidarni\/?p=128"},"modified":"2020-06-04T13:04:57","modified_gmt":"2020-06-04T11:04:57","slug":"wspominalismy-1989-rok","status":"publish","type":"post","link":"https:\/\/www.mbp.chrzanow.pl\/solidarni\/?p=128","title":{"rendered":"Wspominali\u015bmy 1989 rok"},"content":{"rendered":"\t\t<div data-elementor-type=\"wp-post\" data-elementor-id=\"128\" class=\"elementor elementor-128\">\n\t\t\t\t\t\t<section class=\"elementor-section elementor-top-section elementor-element elementor-element-4eddc84 elementor-section-boxed elementor-section-height-default elementor-section-height-default\" data-id=\"4eddc84\" data-element_type=\"section\" data-e-type=\"section\">\n\t\t\t\t\t\t<div class=\"elementor-container elementor-column-gap-default\">\n\t\t\t\t\t<div class=\"elementor-column elementor-col-100 elementor-top-column elementor-element elementor-element-37418b9\" data-id=\"37418b9\" data-element_type=\"column\" data-e-type=\"column\">\n\t\t\t<div class=\"elementor-widget-wrap elementor-element-populated\">\n\t\t\t\t\t\t<div class=\"elementor-element elementor-element-2e41aea elementor-widget elementor-widget-text-editor\" data-id=\"2e41aea\" data-element_type=\"widget\" data-e-type=\"widget\" data-widget_type=\"text-editor.default\">\n\t\t\t\t<div class=\"elementor-widget-container\">\n\t\t\t\t\t\t\t\t\t<p>W 2019 roku Miejska Biblioteka Publiczna w Chrzanowie realizowa\u0142a projekt My&#8217;89. Zaproszeni do udzia\u0142u mieszka\u0144cy Gminy Chrzan\u00f3w wspominali ten rok. Ich opowie\u015b\u0107 zosta\u0142a udokumentowana i z materia\u0142\u00f3w powsta\u0142 film, kt\u00f3ry prezentujemy poni\u017cej.\u00a0<\/p>\t\t\t\t\t\t\t\t<\/div>\n\t\t\t\t<\/div>\n\t\t\t\t\t<\/div>\n\t\t<\/div>\n\t\t\t\t\t<\/div>\n\t\t<\/section>\n\t\t\t\t<section class=\"elementor-section elementor-top-section elementor-element elementor-element-20997dc elementor-section-boxed elementor-section-height-default elementor-section-height-default\" data-id=\"20997dc\" data-element_type=\"section\" data-e-type=\"section\">\n\t\t\t\t\t\t<div class=\"elementor-container elementor-column-gap-default\">\n\t\t\t\t\t<div class=\"elementor-column elementor-col-100 elementor-top-column elementor-element elementor-element-ef02d26\" data-id=\"ef02d26\" data-element_type=\"column\" data-e-type=\"column\">\n\t\t\t<div class=\"elementor-widget-wrap elementor-element-populated\">\n\t\t\t\t\t\t<div class=\"elementor-element elementor-element-3b50b3e elementor-widget elementor-widget-video\" data-id=\"3b50b3e\" data-element_type=\"widget\" data-e-type=\"widget\" data-settings=\"{&quot;youtube_url&quot;:&quot;https:\\\/\\\/youtu.be\\\/upbbGGMn4iw&quot;,&quot;video_type&quot;:&quot;youtube&quot;,&quot;controls&quot;:&quot;yes&quot;}\" data-widget_type=\"video.default\">\n\t\t\t\t<div class=\"elementor-widget-container\">\n\t\t\t\t\t\t\t<div class=\"elementor-wrapper elementor-open-inline\">\n\t\t\t<div class=\"elementor-video\"><\/div>\t\t<\/div>\n\t\t\t\t\t\t<\/div>\n\t\t\t\t<\/div>\n\t\t\t\t\t<\/div>\n\t\t<\/div>\n\t\t\t\t\t<\/div>\n\t\t<\/section>\n\t\t\t\t<section class=\"elementor-section elementor-top-section elementor-element elementor-element-9dddffe elementor-section-boxed elementor-section-height-default elementor-section-height-default\" data-id=\"9dddffe\" data-element_type=\"section\" data-e-type=\"section\">\n\t\t\t\t\t\t<div class=\"elementor-container elementor-column-gap-default\">\n\t\t\t\t\t<div class=\"elementor-column elementor-col-100 elementor-top-column elementor-element elementor-element-dbe6228\" data-id=\"dbe6228\" data-element_type=\"column\" data-e-type=\"column\">\n\t\t\t<div class=\"elementor-widget-wrap elementor-element-populated\">\n\t\t\t\t\t\t<div class=\"elementor-element elementor-element-8288fd8 elementor-widget elementor-widget-image\" data-id=\"8288fd8\" data-element_type=\"widget\" data-e-type=\"widget\" data-widget_type=\"image.default\">\n\t\t\t\t<div class=\"elementor-widget-container\">\n\t\t\t\t\t\t\t\t\t\t\t\t\t\t\t<img fetchpriority=\"high\" decoding=\"async\" width=\"960\" height=\"231\" src=\"https:\/\/www.mbp.chrzanow.pl\/solidarni\/wp-content\/uploads\/2020\/06\/kultura_interwencje-1024x246.jpg\" class=\"attachment-large size-large wp-image-139\" alt=\"Loga organizatora projektu i partner\u00f3w\" srcset=\"https:\/\/www.mbp.chrzanow.pl\/solidarni\/wp-content\/uploads\/2020\/06\/kultura_interwencje-1024x246.jpg 1024w, https:\/\/www.mbp.chrzanow.pl\/solidarni\/wp-content\/uploads\/2020\/06\/kultura_interwencje-300x72.jpg 300w, https:\/\/www.mbp.chrzanow.pl\/solidarni\/wp-content\/uploads\/2020\/06\/kultura_interwencje-768x185.jpg 768w, https:\/\/www.mbp.chrzanow.pl\/solidarni\/wp-content\/uploads\/2020\/06\/kultura_interwencje-1140x274.jpg 1140w, https:\/\/www.mbp.chrzanow.pl\/solidarni\/wp-content\/uploads\/2020\/06\/kultura_interwencje.jpg 1280w\" sizes=\"(max-width: 960px) 100vw, 960px\" \/>\t\t\t\t\t\t\t\t\t\t\t\t\t\t\t<\/div>\n\t\t\t\t<\/div>\n\t\t\t\t\t<\/div>\n\t\t<\/div>\n\t\t\t\t\t<\/div>\n\t\t<\/section>\n\t\t\t\t<\/div>\n\t\t","protected":false},"excerpt":{"rendered":"<p>W 2019 roku Miejska Biblioteka Publiczna w Chrzanowie realizowa\u0142a projekt My&#8217;89. Zaproszeni do udzia\u0142u mieszka\u0144cy Gminy Chrzan\u00f3w wspominali ten rok. Ich opowie\u015b\u0107 zosta\u0142a udokumentowana i z materia\u0142\u00f3w powsta\u0142 film, kt\u00f3ry prezentujemy poni\u017cej.\u00a0 https:\/\/youtu.be\/upbbGGMn4iw<\/p>\n","protected":false},"author":2,"featured_media":0,"comment_status":"closed","ping_status":"closed","sticky":false,"template":"","format":"standard","meta":{"footnotes":""},"categories":[7,5,4],"tags":[],"class_list":["post-128","post","type-post","status-publish","format-standard","hentry","category-film","category-historia","category-wspomnienia"],"_links":{"self":[{"href":"https:\/\/www.mbp.chrzanow.pl\/solidarni\/index.php?rest_route=\/wp\/v2\/posts\/128","targetHints":{"allow":["GET"]}}],"collection":[{"href":"https:\/\/www.mbp.chrzanow.pl\/solidarni\/index.php?rest_route=\/wp\/v2\/posts"}],"about":[{"href":"https:\/\/www.mbp.chrzanow.pl\/solidarni\/index.php?rest_route=\/wp\/v2\/types\/post"}],"author":[{"embeddable":true,"href":"https:\/\/www.mbp.chrzanow.pl\/solidarni\/index.php?rest_route=\/wp\/v2\/users\/2"}],"replies":[{"embeddable":true,"href":"https:\/\/www.mbp.chrzanow.pl\/solidarni\/index.php?rest_route=%2Fwp%2Fv2%2Fcomments&post=128"}],"version-history":[{"count":4,"href":"https:\/\/www.mbp.chrzanow.pl\/solidarni\/index.php?rest_route=\/wp\/v2\/posts\/128\/revisions"}],"predecessor-version":[{"id":144,"href":"https:\/\/www.mbp.chrzanow.pl\/solidarni\/index.php?rest_route=\/wp\/v2\/posts\/128\/revisions\/144"}],"wp:attachment":[{"href":"https:\/\/www.mbp.chrzanow.pl\/solidarni\/index.php?rest_route=%2Fwp%2Fv2%2Fmedia&parent=128"}],"wp:term":[{"taxonomy":"category","embeddable":true,"href":"https:\/\/www.mbp.chrzanow.pl\/solidarni\/index.php?rest_route=%2Fwp%2Fv2%2Fcategories&post=128"},{"taxonomy":"post_tag","embeddable":true,"href":"https:\/\/www.mbp.chrzanow.pl\/solidarni\/index.php?rest_route=%2Fwp%2Fv2%2Ftags&post=128"}],"curies":[{"name":"wp","href":"https:\/\/api.w.org\/{rel}","templated":true}]}}