{"id":179,"date":"2020-07-14T10:48:54","date_gmt":"2020-07-14T08:48:54","guid":{"rendered":"https:\/\/www.mbp.chrzanow.pl\/solidarni\/?p=179"},"modified":"2020-07-14T10:55:14","modified_gmt":"2020-07-14T08:55:14","slug":"nowe-zbiory-regionalne-w-bibliotece","status":"publish","type":"post","link":"https:\/\/www.mbp.chrzanow.pl\/solidarni\/?p=179","title":{"rendered":"Nowe zbiory regionalne w bibliotece"},"content":{"rendered":"\t\t<div data-elementor-type=\"wp-post\" data-elementor-id=\"179\" class=\"elementor elementor-179\">\n\t\t\t\t\t\t<section class=\"elementor-section elementor-top-section elementor-element elementor-element-1ffe7dd elementor-section-boxed elementor-section-height-default elementor-section-height-default\" data-id=\"1ffe7dd\" data-element_type=\"section\" data-e-type=\"section\">\n\t\t\t\t\t\t<div class=\"elementor-container elementor-column-gap-default\">\n\t\t\t\t\t<div class=\"elementor-column elementor-col-100 elementor-top-column elementor-element elementor-element-c20668d\" data-id=\"c20668d\" data-element_type=\"column\" data-e-type=\"column\">\n\t\t\t<div class=\"elementor-widget-wrap elementor-element-populated\">\n\t\t\t\t\t\t<div class=\"elementor-element elementor-element-bc49fac elementor-widget elementor-widget-text-editor\" data-id=\"bc49fac\" data-element_type=\"widget\" data-e-type=\"widget\" data-widget_type=\"text-editor.default\">\n\t\t\t\t<div class=\"elementor-widget-container\">\n\t\t\t\t\t\t\t\t\t<p>Otrzymali\u015bmy kolejne materia\u0142y do skanowania. Dzi\u0119kujemy za wsparcie naszej akcji pa\u0144stwu Eligii i J\u00f3zefowi G\u0105sior.<\/p><p>Do skanowania Biblioteka otrzyma\u0142a:<\/p><ul><li>pras\u0119 solidarno\u015bciow\u0105,<\/li><li>materia\u0142y pokonferencyjne,<\/li><li>pisma zwi\u0105zkowe (Dziennik Katowicki, Przegl\u0105d Katowicki, Dziennik Zwi\u0105zkowy, Biuletyn Dolno\u015bl\u0105ski),<\/li><li>referaty,<\/li><li>ksi\u0105\u017cki zwi\u0105zane z Solidarno\u015bci\u0105.<\/li><\/ul>\t\t\t\t\t\t\t\t<\/div>\n\t\t\t\t<\/div>\n\t\t\t\t\t<\/div>\n\t\t<\/div>\n\t\t\t\t\t<\/div>\n\t\t<\/section>\n\t\t\t\t<section class=\"elementor-section elementor-top-section elementor-element elementor-element-d57a0b5 elementor-section-boxed elementor-section-height-default elementor-section-height-default\" data-id=\"d57a0b5\" data-element_type=\"section\" data-e-type=\"section\">\n\t\t\t\t\t\t<div class=\"elementor-container elementor-column-gap-default\">\n\t\t\t\t\t<div class=\"elementor-column elementor-col-100 elementor-top-column elementor-element elementor-element-d38cad7\" data-id=\"d38cad7\" data-element_type=\"column\" data-e-type=\"column\">\n\t\t\t<div class=\"elementor-widget-wrap elementor-element-populated\">\n\t\t\t\t\t\t<div class=\"elementor-element elementor-element-f03365e elementor-widget elementor-widget-image\" data-id=\"f03365e\" data-element_type=\"widget\" data-e-type=\"widget\" data-widget_type=\"image.default\">\n\t\t\t\t<div class=\"elementor-widget-container\">\n\t\t\t\t\t\t\t\t\t\t\t\t\t\t\t<img fetchpriority=\"high\" decoding=\"async\" width=\"960\" height=\"673\" src=\"https:\/\/www.mbp.chrzanow.pl\/solidarni\/wp-content\/uploads\/2020\/07\/DIR_solidarni_archiwalia-5sm.jpg\" class=\"attachment-large size-large wp-image-182\" alt=\"Materia\u0142y archiwalne wypo\u017cyczone do skanowania\" srcset=\"https:\/\/www.mbp.chrzanow.pl\/solidarni\/wp-content\/uploads\/2020\/07\/DIR_solidarni_archiwalia-5sm.jpg 1024w, https:\/\/www.mbp.chrzanow.pl\/solidarni\/wp-content\/uploads\/2020\/07\/DIR_solidarni_archiwalia-5sm-300x210.jpg 300w, https:\/\/www.mbp.chrzanow.pl\/solidarni\/wp-content\/uploads\/2020\/07\/DIR_solidarni_archiwalia-5sm-768x539.jpg 768w\" sizes=\"(max-width: 960px) 100vw, 960px\" \/>\t\t\t\t\t\t\t\t\t\t\t\t\t\t\t<\/div>\n\t\t\t\t<\/div>\n\t\t\t\t\t<\/div>\n\t\t<\/div>\n\t\t\t\t\t<\/div>\n\t\t<\/section>\n\t\t\t\t<section class=\"elementor-section elementor-top-section elementor-element elementor-element-8ff904c elementor-section-boxed elementor-section-height-default elementor-section-height-default\" data-id=\"8ff904c\" data-element_type=\"section\" data-e-type=\"section\">\n\t\t\t\t\t\t<div class=\"elementor-container elementor-column-gap-default\">\n\t\t\t\t\t<div class=\"elementor-column elementor-col-100 elementor-top-column elementor-element elementor-element-792c41e\" data-id=\"792c41e\" data-element_type=\"column\" data-e-type=\"column\">\n\t\t\t<div class=\"elementor-widget-wrap elementor-element-populated\">\n\t\t\t\t\t\t<div class=\"elementor-element elementor-element-812bcce elementor-widget elementor-widget-image\" data-id=\"812bcce\" data-element_type=\"widget\" data-e-type=\"widget\" data-widget_type=\"image.default\">\n\t\t\t\t<div class=\"elementor-widget-container\">\n\t\t\t\t\t\t\t\t\t\t\t\t\t\t\t<img decoding=\"async\" width=\"691\" height=\"1024\" src=\"https:\/\/www.mbp.chrzanow.pl\/solidarni\/wp-content\/uploads\/2020\/07\/DIR_solidarni_archiwalia-4sm-691x1024.jpg\" class=\"attachment-large size-large wp-image-183\" alt=\"Gazeta Solidarno\u015b\u0107\" srcset=\"https:\/\/www.mbp.chrzanow.pl\/solidarni\/wp-content\/uploads\/2020\/07\/DIR_solidarni_archiwalia-4sm-691x1024.jpg 691w, https:\/\/www.mbp.chrzanow.pl\/solidarni\/wp-content\/uploads\/2020\/07\/DIR_solidarni_archiwalia-4sm-202x300.jpg 202w, https:\/\/www.mbp.chrzanow.pl\/solidarni\/wp-content\/uploads\/2020\/07\/DIR_solidarni_archiwalia-4sm-768x1139.jpg 768w, https:\/\/www.mbp.chrzanow.pl\/solidarni\/wp-content\/uploads\/2020\/07\/DIR_solidarni_archiwalia-4sm.jpg 1024w\" sizes=\"(max-width: 691px) 100vw, 691px\" \/>\t\t\t\t\t\t\t\t\t\t\t\t\t\t\t<\/div>\n\t\t\t\t<\/div>\n\t\t\t\t\t<\/div>\n\t\t<\/div>\n\t\t\t\t\t<\/div>\n\t\t<\/section>\n\t\t\t\t<section class=\"elementor-section elementor-top-section elementor-element elementor-element-5bb39e4 elementor-section-boxed elementor-section-height-default elementor-section-height-default\" data-id=\"5bb39e4\" data-element_type=\"section\" data-e-type=\"section\">\n\t\t\t\t\t\t<div class=\"elementor-container elementor-column-gap-default\">\n\t\t\t\t\t<div class=\"elementor-column elementor-col-100 elementor-top-column elementor-element elementor-element-51fea78\" data-id=\"51fea78\" data-element_type=\"column\" data-e-type=\"column\">\n\t\t\t<div class=\"elementor-widget-wrap elementor-element-populated\">\n\t\t\t\t\t\t<div class=\"elementor-element elementor-element-a6f8d75 elementor-widget elementor-widget-image\" data-id=\"a6f8d75\" data-element_type=\"widget\" data-e-type=\"widget\" data-widget_type=\"image.default\">\n\t\t\t\t<div class=\"elementor-widget-container\">\n\t\t\t\t\t\t\t\t\t\t\t\t\t\t\t<img decoding=\"async\" width=\"702\" height=\"1024\" src=\"https:\/\/www.mbp.chrzanow.pl\/solidarni\/wp-content\/uploads\/2020\/07\/DIR_solidarni_archiwalia-3sm-702x1024.jpg\" class=\"attachment-large size-large wp-image-184\" alt=\"Archiwalia\" srcset=\"https:\/\/www.mbp.chrzanow.pl\/solidarni\/wp-content\/uploads\/2020\/07\/DIR_solidarni_archiwalia-3sm-702x1024.jpg 702w, https:\/\/www.mbp.chrzanow.pl\/solidarni\/wp-content\/uploads\/2020\/07\/DIR_solidarni_archiwalia-3sm-206x300.jpg 206w, https:\/\/www.mbp.chrzanow.pl\/solidarni\/wp-content\/uploads\/2020\/07\/DIR_solidarni_archiwalia-3sm-768x1120.jpg 768w, https:\/\/www.mbp.chrzanow.pl\/solidarni\/wp-content\/uploads\/2020\/07\/DIR_solidarni_archiwalia-3sm.jpg 1024w\" sizes=\"(max-width: 702px) 100vw, 702px\" \/>\t\t\t\t\t\t\t\t\t\t\t\t\t\t\t<\/div>\n\t\t\t\t<\/div>\n\t\t\t\t\t<\/div>\n\t\t<\/div>\n\t\t\t\t\t<\/div>\n\t\t<\/section>\n\t\t\t\t<section class=\"elementor-section elementor-top-section elementor-element elementor-element-95ef687 elementor-section-boxed elementor-section-height-default elementor-section-height-default\" data-id=\"95ef687\" data-element_type=\"section\" data-e-type=\"section\">\n\t\t\t\t\t\t<div class=\"elementor-container elementor-column-gap-default\">\n\t\t\t\t\t<div class=\"elementor-column elementor-col-100 elementor-top-column elementor-element elementor-element-8479014\" data-id=\"8479014\" data-element_type=\"column\" data-e-type=\"column\">\n\t\t\t<div class=\"elementor-widget-wrap elementor-element-populated\">\n\t\t\t\t\t\t<div class=\"elementor-element elementor-element-da89359 elementor-widget elementor-widget-image\" data-id=\"da89359\" data-element_type=\"widget\" data-e-type=\"widget\" data-widget_type=\"image.default\">\n\t\t\t\t<div class=\"elementor-widget-container\">\n\t\t\t\t\t\t\t\t\t\t\t\t\t\t\t<img loading=\"lazy\" decoding=\"async\" width=\"576\" height=\"1024\" src=\"https:\/\/www.mbp.chrzanow.pl\/solidarni\/wp-content\/uploads\/2020\/07\/DIR_solidarni_archiwalia-1sm-576x1024.jpg\" class=\"attachment-large size-large wp-image-185\" alt=\"Archiwalia\" srcset=\"https:\/\/www.mbp.chrzanow.pl\/solidarni\/wp-content\/uploads\/2020\/07\/DIR_solidarni_archiwalia-1sm-576x1024.jpg 576w, https:\/\/www.mbp.chrzanow.pl\/solidarni\/wp-content\/uploads\/2020\/07\/DIR_solidarni_archiwalia-1sm-169x300.jpg 169w, https:\/\/www.mbp.chrzanow.pl\/solidarni\/wp-content\/uploads\/2020\/07\/DIR_solidarni_archiwalia-1sm-768x1365.jpg 768w, https:\/\/www.mbp.chrzanow.pl\/solidarni\/wp-content\/uploads\/2020\/07\/DIR_solidarni_archiwalia-1sm-864x1536.jpg 864w, https:\/\/www.mbp.chrzanow.pl\/solidarni\/wp-content\/uploads\/2020\/07\/DIR_solidarni_archiwalia-1sm.jpg 1024w\" sizes=\"(max-width: 576px) 100vw, 576px\" \/>\t\t\t\t\t\t\t\t\t\t\t\t\t\t\t<\/div>\n\t\t\t\t<\/div>\n\t\t\t\t\t<\/div>\n\t\t<\/div>\n\t\t\t\t\t<\/div>\n\t\t<\/section>\n\t\t\t\t<\/div>\n\t\t","protected":false},"excerpt":{"rendered":"<p>Otrzymali\u015bmy kolejne materia\u0142y do skanowania. Dzi\u0119kujemy za wsparcie naszej akcji pa\u0144stwu Eligii i J\u00f3zefowi G\u0105sior. Do skanowania Biblioteka otrzyma\u0142a: pras\u0119 solidarno\u015bciow\u0105, materia\u0142y pokonferencyjne, pisma zwi\u0105zkowe (Dziennik Katowicki, Przegl\u0105d Katowicki, Dziennik Zwi\u0105zkowy, Biuletyn Dolno\u015bl\u0105ski), referaty, ksi\u0105\u017cki zwi\u0105zane z Solidarno\u015bci\u0105.<\/p>\n","protected":false},"author":2,"featured_media":180,"comment_status":"closed","ping_status":"closed","sticky":false,"template":"","format":"standard","meta":{"footnotes":""},"categories":[6,5],"tags":[],"class_list":["post-179","post","type-post","status-publish","format-standard","has-post-thumbnail","hentry","category-archiwalia","category-historia"],"_links":{"self":[{"href":"https:\/\/www.mbp.chrzanow.pl\/solidarni\/index.php?rest_route=\/wp\/v2\/posts\/179","targetHints":{"allow":["GET"]}}],"collection":[{"href":"https:\/\/www.mbp.chrzanow.pl\/solidarni\/index.php?rest_route=\/wp\/v2\/posts"}],"about":[{"href":"https:\/\/www.mbp.chrzanow.pl\/solidarni\/index.php?rest_route=\/wp\/v2\/types\/post"}],"author":[{"embeddable":true,"href":"https:\/\/www.mbp.chrzanow.pl\/solidarni\/index.php?rest_route=\/wp\/v2\/users\/2"}],"replies":[{"embeddable":true,"href":"https:\/\/www.mbp.chrzanow.pl\/solidarni\/index.php?rest_route=%2Fwp%2Fv2%2Fcomments&post=179"}],"version-history":[{"count":2,"href":"https:\/\/www.mbp.chrzanow.pl\/solidarni\/index.php?rest_route=\/wp\/v2\/posts\/179\/revisions"}],"predecessor-version":[{"id":186,"href":"https:\/\/www.mbp.chrzanow.pl\/solidarni\/index.php?rest_route=\/wp\/v2\/posts\/179\/revisions\/186"}],"wp:featuredmedia":[{"embeddable":true,"href":"https:\/\/www.mbp.chrzanow.pl\/solidarni\/index.php?rest_route=\/wp\/v2\/media\/180"}],"wp:attachment":[{"href":"https:\/\/www.mbp.chrzanow.pl\/solidarni\/index.php?rest_route=%2Fwp%2Fv2%2Fmedia&parent=179"}],"wp:term":[{"taxonomy":"category","embeddable":true,"href":"https:\/\/www.mbp.chrzanow.pl\/solidarni\/index.php?rest_route=%2Fwp%2Fv2%2Fcategories&post=179"},{"taxonomy":"post_tag","embeddable":true,"href":"https:\/\/www.mbp.chrzanow.pl\/solidarni\/index.php?rest_route=%2Fwp%2Fv2%2Ftags&post=179"}],"curies":[{"name":"wp","href":"https:\/\/api.w.org\/{rel}","templated":true}]}}