{"id":203,"date":"2020-08-31T07:51:56","date_gmt":"2020-08-31T05:51:56","guid":{"rendered":"https:\/\/www.mbp.chrzanow.pl\/solidarni\/?p=203"},"modified":"2020-08-31T07:54:33","modified_gmt":"2020-08-31T05:54:33","slug":"31-sierpnia","status":"publish","type":"post","link":"https:\/\/www.mbp.chrzanow.pl\/solidarni\/?p=203","title":{"rendered":"31 sierpnia"},"content":{"rendered":"\t\t<div data-elementor-type=\"wp-post\" data-elementor-id=\"203\" class=\"elementor elementor-203\">\n\t\t\t\t\t\t<section class=\"elementor-section elementor-top-section elementor-element elementor-element-9af7a0d elementor-section-boxed elementor-section-height-default elementor-section-height-default\" data-id=\"9af7a0d\" data-element_type=\"section\" data-e-type=\"section\">\n\t\t\t\t\t\t<div class=\"elementor-container elementor-column-gap-default\">\n\t\t\t\t\t<div class=\"elementor-column elementor-col-100 elementor-top-column elementor-element elementor-element-75590ba\" data-id=\"75590ba\" data-element_type=\"column\" data-e-type=\"column\">\n\t\t\t<div class=\"elementor-widget-wrap elementor-element-populated\">\n\t\t\t\t\t\t<div class=\"elementor-element elementor-element-1b5bfbe elementor-widget elementor-widget-heading\" data-id=\"1b5bfbe\" data-element_type=\"widget\" data-e-type=\"widget\" data-widget_type=\"heading.default\">\n\t\t\t\t<div class=\"elementor-widget-container\">\n\t\t\t\t\t<h2 class=\"elementor-heading-title elementor-size-default\">Dzie\u0144 Solidarno\u015bci i Wolno\u015bci<\/h2>\t\t\t\t<\/div>\n\t\t\t\t<\/div>\n\t\t\t\t\t<\/div>\n\t\t<\/div>\n\t\t\t\t\t<\/div>\n\t\t<\/section>\n\t\t\t\t<section class=\"elementor-section elementor-top-section elementor-element elementor-element-8c729bc elementor-section-boxed elementor-section-height-default elementor-section-height-default\" data-id=\"8c729bc\" data-element_type=\"section\" data-e-type=\"section\">\n\t\t\t\t\t\t<div class=\"elementor-container elementor-column-gap-default\">\n\t\t\t\t\t<div class=\"elementor-column elementor-col-100 elementor-top-column elementor-element elementor-element-5ef3659\" data-id=\"5ef3659\" data-element_type=\"column\" data-e-type=\"column\">\n\t\t\t<div class=\"elementor-widget-wrap elementor-element-populated\">\n\t\t\t\t\t\t<div class=\"elementor-element elementor-element-4df0e93 elementor-widget elementor-widget-text-editor\" data-id=\"4df0e93\" data-element_type=\"widget\" data-e-type=\"widget\" data-widget_type=\"text-editor.default\">\n\t\t\t\t<div class=\"elementor-widget-container\">\n\t\t\t\t\t\t\t\t\t<p>31 sierpnia, w Dniu Solidarno\u015bci i Wolno\u015bci, wspominamy rocznic\u0119 porozumie\u0144 sierpniowych z 1980 roku. To ju\u017c 15 obchody \u2013 w 30 lat od tych historycznych wydarze\u0144. Zapraszamy do wsp\u00f3lnych wspomnie\u0144 dotycz\u0105cych zawierania kolejnych porozumie\u0144 w Szczecinie, Gda\u0144sku, Jastrz\u0119biu-Zdroju i D\u0105browie G\u00f3rniczej, czyli ustalania s\u0142awnych 21 postulat\u00f3w.<\/p><p>Te w\u0142a\u015bnie \u017c\u0105dania figuruj\u0105 na li\u015bcie UNESCO najwa\u017cniejszych dokument\u00f3w \u015bwiata, poniewa\u017c stanowi\u0105 dow\u00f3d tego, jak oddolny ruch spo\u0142eczny w spos\u00f3b pokojowy dokona\u0142 politycznego przewrotu w Polsce i Europie.<\/p><p>Komitety strajkowe wywalczy\u0142y w\u00f3wczas od rz\u0105du Polskiej Republiki Ludowej mi\u0119dzy innymi mo\u017cliwo\u015b\u0107 rejestracji nowych, niezale\u017cnych od pa\u0144stwa zwi\u0105zk\u00f3w zawodowych, co pozwoli\u0142o zalegalizowa\u0107 \u201eSolidarno\u015b\u0107\u201d. Upomnia\u0142y si\u0119 r\u00f3wnie\u017c o zapisan\u0105 w konstytucji wolno\u015b\u0107 s\u0142owa, druku i publikacji. Postulaty te trafi\u0142y do oficjalnych \u015brodk\u00f3w przekazu, a spo\u0142ecze\u0144stwa mia\u0142o by\u0107 informowane o bie\u017c\u0105cej sytuacji gospodarczej pa\u0144stwa i wprowadzanych \u015brodkach zaradczych.<\/p><p>Proponujemy, aby uczci\u0107 ten dzie\u0144 si\u0119gni\u0119ciem po ksi\u0105\u017ck\u0119 lub film na temat \u201eSolidarno\u015bci\u201d, przeprowadzeniem rozmowy z osob\u0105, kt\u00f3ra pami\u0119ta sierpie\u0144 1980 roku, namys\u0142em nad tym, w jakich warunkach \u017cyjemy teraz i jaki mamy na nie wp\u0142yw.<\/p><p>W naszych zbiorach znajd\u0105 Pa\u0144stwo takie pozycje, jak:<\/p><p>&#8211; \u201eKalendarium Solidarno\u015bci: 1980-1989 : gdy niemo\u017cliwe sta\u0142o si\u0119 mo\u017cliwe\u201d Jana Sk\u00f3rzy\u0144skiego i Marka Pernala;<\/p><p>&#8211; \u201eSolidarno\u015b\u0107 Ziemi Chrzanowskiej : katalog do wystawy &#8222;Od Solidarno\u015bci do wolno\u015bci&#8221;. W 25. rocznic\u0119 powstania &#8222;Solidarno\u015bci&#8221; Zbigniewa Mazura;<\/p><p>&#8211; \u201eSolidarno\u015b\u0107 : dekada nadziei 1980-1989\u201d Ryszarda Terleckiego;<\/p><p>&#8211; \u201eKobiety Solidarno\u015bci\u201d Marty Dzido;<\/p><p>&#8211; \u201eMarzenia i tajemnice\u201d Danuty Wa\u0142\u0119sy (tak\u017ce w wersji audiobooka),<\/p><p>i wiele innych.<\/p><p>Z kolei w Bibliografii Regionalnej mo\u017cna wyszuka\u0107 lokalizacj\u0119 wybranych artyku\u0142\u00f3w zwi\u0105zanych z lokalnymi wzmiankami dotycz\u0105cymi Solidarno\u015bci, wyszuka\u0107 je w fizycznym egzemplarzu i zapozna\u0107 si\u0119 z ich pe\u0142n\u0105 tre\u015bci\u0105. Zapraszamy!<\/p>\t\t\t\t\t\t\t\t<\/div>\n\t\t\t\t<\/div>\n\t\t\t\t\t<\/div>\n\t\t<\/div>\n\t\t\t\t\t<\/div>\n\t\t<\/section>\n\t\t\t\t<section class=\"elementor-section elementor-top-section elementor-element elementor-element-f9fa27d elementor-section-boxed elementor-section-height-default elementor-section-height-default\" data-id=\"f9fa27d\" data-element_type=\"section\" data-e-type=\"section\">\n\t\t\t\t\t\t<div class=\"elementor-container elementor-column-gap-default\">\n\t\t\t\t\t<div class=\"elementor-column elementor-col-100 elementor-top-column elementor-element elementor-element-cf8138f\" data-id=\"cf8138f\" data-element_type=\"column\" data-e-type=\"column\">\n\t\t\t<div class=\"elementor-widget-wrap elementor-element-populated\">\n\t\t\t\t\t\t<div class=\"elementor-element elementor-element-591526d elementor-widget elementor-widget-image\" data-id=\"591526d\" data-element_type=\"widget\" data-e-type=\"widget\" data-widget_type=\"image.default\">\n\t\t\t\t<div class=\"elementor-widget-container\">\n\t\t\t\t\t\t\t\t\t\t\t\t\t\t\t<img fetchpriority=\"high\" decoding=\"async\" width=\"960\" height=\"231\" src=\"https:\/\/www.mbp.chrzanow.pl\/solidarni\/wp-content\/uploads\/2020\/06\/kultura_interwencje-1024x246.jpg\" class=\"attachment-large size-large wp-image-139\" alt=\"Loga organizatora projektu i partner\u00f3w\" srcset=\"https:\/\/www.mbp.chrzanow.pl\/solidarni\/wp-content\/uploads\/2020\/06\/kultura_interwencje-1024x246.jpg 1024w, https:\/\/www.mbp.chrzanow.pl\/solidarni\/wp-content\/uploads\/2020\/06\/kultura_interwencje-300x72.jpg 300w, https:\/\/www.mbp.chrzanow.pl\/solidarni\/wp-content\/uploads\/2020\/06\/kultura_interwencje-768x185.jpg 768w, https:\/\/www.mbp.chrzanow.pl\/solidarni\/wp-content\/uploads\/2020\/06\/kultura_interwencje-1140x274.jpg 1140w, https:\/\/www.mbp.chrzanow.pl\/solidarni\/wp-content\/uploads\/2020\/06\/kultura_interwencje.jpg 1280w\" sizes=\"(max-width: 960px) 100vw, 960px\" \/>\t\t\t\t\t\t\t\t\t\t\t\t\t\t\t<\/div>\n\t\t\t\t<\/div>\n\t\t\t\t\t<\/div>\n\t\t<\/div>\n\t\t\t\t\t<\/div>\n\t\t<\/section>\n\t\t\t\t<\/div>\n\t\t","protected":false},"excerpt":{"rendered":"<p>Dzie\u0144 Solidarno\u015bci i Wolno\u015bci 31 sierpnia, w Dniu Solidarno\u015bci i Wolno\u015bci, wspominamy rocznic\u0119 porozumie\u0144 sierpniowych z 1980 roku. To ju\u017c 15 obchody \u2013 w 30 lat od tych historycznych wydarze\u0144. Zapraszamy do wsp\u00f3lnych wspomnie\u0144 dotycz\u0105cych zawierania kolejnych porozumie\u0144 w Szczecinie, Gda\u0144sku, Jastrz\u0119biu-Zdroju i D\u0105browie G\u00f3rniczej, czyli ustalania s\u0142awnych 21 postulat\u00f3w. Te w\u0142a\u015bnie \u017c\u0105dania figuruj\u0105 na li\u015bcie UNESCO najwa\u017cniejszych dokument\u00f3w \u015bwiata, poniewa\u017c stanowi\u0105 dow\u00f3d tego, jak oddolny ruch spo\u0142eczny w spos\u00f3b pokojowy dokona\u0142 politycznego przewrotu w Polsce i Europie. Komitety strajkowe wywalczy\u0142y w\u00f3wczas od rz\u0105du Polskiej Republiki Ludowej mi\u0119dzy innymi mo\u017cliwo\u015b\u0107 rejestracji nowych, niezale\u017cnych od pa\u0144stwa zwi\u0105zk\u00f3w zawodowych, co pozwoli\u0142o zalegalizowa\u0107 \u201eSolidarno\u015b\u0107\u201d. Upomnia\u0142y si\u0119 r\u00f3wnie\u017c o zapisan\u0105 w konstytucji wolno\u015b\u0107 s\u0142owa, druku i publikacji. Postulaty te trafi\u0142y do oficjalnych \u015brodk\u00f3w przekazu, a spo\u0142ecze\u0144stwa mia\u0142o by\u0107 informowane o bie\u017c\u0105cej sytuacji gospodarczej pa\u0144stwa i wprowadzanych \u015brodkach zaradczych. Proponujemy, aby uczci\u0107 ten dzie\u0144 si\u0119gni\u0119ciem po ksi\u0105\u017ck\u0119 lub film na temat \u201eSolidarno\u015bci\u201d, przeprowadzeniem rozmowy z osob\u0105, kt\u00f3ra pami\u0119ta sierpie\u0144 1980 roku, namys\u0142em nad tym, w jakich warunkach \u017cyjemy teraz i jaki mamy na nie wp\u0142yw. W naszych zbiorach znajd\u0105 Pa\u0144stwo takie pozycje, jak: &#8211; \u201eKalendarium Solidarno\u015bci: 1980-1989 : gdy niemo\u017cliwe sta\u0142o si\u0119 mo\u017cliwe\u201d Jana Sk\u00f3rzy\u0144skiego i Marka Pernala; &#8211; \u201eSolidarno\u015b\u0107 Ziemi Chrzanowskiej : katalog do wystawy &#8222;Od Solidarno\u015bci do wolno\u015bci&#8221;. W 25. rocznic\u0119 powstania &#8222;Solidarno\u015bci&#8221; Zbigniewa Mazura; &#8211; \u201eSolidarno\u015b\u0107 : dekada nadziei 1980-1989\u201d Ryszarda Terleckiego; &#8211; \u201eKobiety Solidarno\u015bci\u201d Marty Dzido; &#8211; \u201eMarzenia i tajemnice\u201d Danuty Wa\u0142\u0119sy (tak\u017ce w wersji audiobooka), i wiele innych. Z kolei w Bibliografii Regionalnej mo\u017cna wyszuka\u0107 lokalizacj\u0119 wybranych artyku\u0142\u00f3w zwi\u0105zanych z lokalnymi wzmiankami dotycz\u0105cymi Solidarno\u015bci, wyszuka\u0107 je w fizycznym egzemplarzu i zapozna\u0107 si\u0119 z ich pe\u0142n\u0105 tre\u015bci\u0105. Zapraszamy!<\/p>\n","protected":false},"author":2,"featured_media":204,"comment_status":"closed","ping_status":"closed","sticky":false,"template":"","format":"standard","meta":{"footnotes":""},"categories":[4],"tags":[],"class_list":["post-203","post","type-post","status-publish","format-standard","has-post-thumbnail","hentry","category-wspomnienia"],"_links":{"self":[{"href":"https:\/\/www.mbp.chrzanow.pl\/solidarni\/index.php?rest_route=\/wp\/v2\/posts\/203","targetHints":{"allow":["GET"]}}],"collection":[{"href":"https:\/\/www.mbp.chrzanow.pl\/solidarni\/index.php?rest_route=\/wp\/v2\/posts"}],"about":[{"href":"https:\/\/www.mbp.chrzanow.pl\/solidarni\/index.php?rest_route=\/wp\/v2\/types\/post"}],"author":[{"embeddable":true,"href":"https:\/\/www.mbp.chrzanow.pl\/solidarni\/index.php?rest_route=\/wp\/v2\/users\/2"}],"replies":[{"embeddable":true,"href":"https:\/\/www.mbp.chrzanow.pl\/solidarni\/index.php?rest_route=%2Fwp%2Fv2%2Fcomments&post=203"}],"version-history":[{"count":2,"href":"https:\/\/www.mbp.chrzanow.pl\/solidarni\/index.php?rest_route=\/wp\/v2\/posts\/203\/revisions"}],"predecessor-version":[{"id":206,"href":"https:\/\/www.mbp.chrzanow.pl\/solidarni\/index.php?rest_route=\/wp\/v2\/posts\/203\/revisions\/206"}],"wp:featuredmedia":[{"embeddable":true,"href":"https:\/\/www.mbp.chrzanow.pl\/solidarni\/index.php?rest_route=\/wp\/v2\/media\/204"}],"wp:attachment":[{"href":"https:\/\/www.mbp.chrzanow.pl\/solidarni\/index.php?rest_route=%2Fwp%2Fv2%2Fmedia&parent=203"}],"wp:term":[{"taxonomy":"category","embeddable":true,"href":"https:\/\/www.mbp.chrzanow.pl\/solidarni\/index.php?rest_route=%2Fwp%2Fv2%2Fcategories&post=203"},{"taxonomy":"post_tag","embeddable":true,"href":"https:\/\/www.mbp.chrzanow.pl\/solidarni\/index.php?rest_route=%2Fwp%2Fv2%2Ftags&post=203"}],"curies":[{"name":"wp","href":"https:\/\/api.w.org\/{rel}","templated":true}]}}